{"id":83495,"date":"2023-06-07T07:30:04","date_gmt":"2023-06-07T12:30:04","guid":{"rendered":"https:\/\/aeronoticias.com.pe\/noticiero\/?p=83495"},"modified":"2023-06-07T08:26:31","modified_gmt":"2023-06-07T13:26:31","slug":"exigencias-laborales-de-la-generacion-z-de-aqui-en-adelante","status":"publish","type":"post","link":"https:\/\/aeronoticias.com.pe\/noticiero\/mundo\/exigencias-laborales-de-la-generacion-z-de-aqui-en-adelante\/","title":{"rendered":"Exigencias laborales de la generaci\u00f3n z de aqu\u00ed en adelante"},"content":{"rendered":"\n<p>(Aeronoticias) Se estima que en el a\u00f1o 2030, supondr\u00e1 el tercio de la fuerza laboral en planillas, estar\u00e1 gobernado por el gen z. Ellos eval\u00faan m\u00e1s la imagen, reputaci\u00f3n, valores de empresa, cumplimiento de entregas, una orientaci\u00f3n a los trabajadores sobre todo los procesos que deber\u00edan conocer sobre la compa\u00f1\u00eda en la que operan y una buena relaci\u00f3n entre empresas, colaboradores y stakeholders.<br><br>Similarmente, las exigencias laborales contemplan m\u00e1s la \u00e9tica y la responsabilidad, que el trabajo duro como tal, anteponiendo la salud mental y el bienestar por encima de todo lo dem\u00e1s.<br><br>Asimismo, estas son los 8 tendencias a considerar para abrazar mejor el cambio que las nuevas empresas tendr\u00e1n:<br><br>1) Experiencia del empleado inmerso: Conocer la experiencia de trabajar en una organizaci\u00f3n sin necesidad de pertenecer a la compa\u00f1\u00eda.<br><br>2) IA: Con algoritmos podr\u00e1n monitorear el nivel de engagement, satisfacci\u00f3n, productividad, riesgo de estr\u00e9s laboral y todas las necesidades de los empleados.<br><br>3) Data-Office: Medir y supervisar los datos, actividades y resultados de los negocios para mejorar la toma de decisiones.<br>4) On-Boarding: Analizar la relaci\u00f3n empleado-empleador para aplicar t\u00e9cnicas de marketing que conecten con nuevos colaboradores.<br><br>5) C\u00f3digo abierto: Buscar el cambio cultural, pasando de ser piramidales a colaborativos uniendo distintas especializades para lograr proyectos de ensue\u00f1o.<br><br>6) Rotaci\u00f3n: Incorporar perfiles senior con experiencias que enriquezcan los proyectos y den otras miradas.<br><br>7) Transparencias: Empleados informados y responsabilidad con stakeholders, sin filtro.<br><br>8) Fulmillment: Autonom\u00eda, conocimiento, conexi\u00f3n, equilibrio, crecimiento, sentido de pertenencia y cumplimiento de objetivos para con el cliente y los empleados.<\/p>\n\n\n\n<p><em>Fuente: Mercado Negro<\/em><\/p>\n\n\n\n<p><strong><em>Por: Sebasti\u00e1n Palacin<\/em><\/strong><\/p>\n","protected":false},"excerpt":{"rendered":"<p>(Aeronoticias) Se estima que en el a\u00f1o 2030, supondr\u00e1 el tercio de la fuerza laboral en planillas, estar\u00e1 gobernado por el gen z. Ellos eval\u00faan m\u00e1s la imagen, reputaci\u00f3n, valores de empresa, cumplimiento de entregas, una orientaci\u00f3n a los trabajadores sobre todo los procesos que deber\u00edan conocer sobre la compa\u00f1\u00eda en la que operan y [&hellip;]<\/p>\n","protected":false},"author":3,"featured_media":83502,"comment_status":"open","ping_status":"open","sticky":false,"template":"","format":"standard","meta":{"tdm_status":"","tdm_grid_status":"","footnotes":""},"categories":[28,64],"tags":[],"class_list":{"0":"post-83495","1":"post","2":"type-post","3":"status-publish","4":"format-standard","5":"has-post-thumbnail","7":"category-mundo","8":"category-mundo-mundo"},"yoast_head":"<!-- This site is optimized with the Yoast SEO plugin v25.1 - https:\/\/yoast.com\/wordpress\/plugins\/seo\/ -->\n<title>Exigencias laborales de la generaci\u00f3n z de aqu\u00ed en adelante<\/title>\n<meta name=\"description\" content=\"Se estima que en el a\u00f1o 2030, supondr\u00e1 el tercio de la fuerza laboral en planillas, estar\u00e1 gobernado por el gen z.\" \/>\n<meta name=\"robots\" content=\"index, follow, max-snippet:-1, max-image-preview:large, max-video-preview:-1\" \/>\n<link rel=\"canonical\" href=\"https:\/\/aeronoticias.com.pe\/noticiero\/mundo\/exigencias-laborales-de-la-generacion-z-de-aqui-en-adelante\/\" \/>\n<meta property=\"og:locale\" content=\"es_ES\" \/>\n<meta property=\"og:type\" content=\"article\" \/>\n<meta property=\"og:title\" content=\"Exigencias laborales de la generaci\u00f3n z de aqu\u00ed en adelante\" \/>\n<meta property=\"og:description\" content=\"Se estima que en el a\u00f1o 2030, supondr\u00e1 el tercio de la fuerza laboral en planillas, estar\u00e1 gobernado por el gen z.\" \/>\n<meta property=\"og:url\" content=\"https:\/\/aeronoticias.com.pe\/noticiero\/mundo\/exigencias-laborales-de-la-generacion-z-de-aqui-en-adelante\/\" \/>\n<meta property=\"og:site_name\" content=\"Aeronoticias.com.pe\" \/>\n<meta property=\"article:publisher\" content=\"https:\/\/www.facebook.com\/Aeronoticias.com.pe\/\" \/>\n<meta property=\"article:published_time\" content=\"2023-06-07T12:30:04+00:00\" \/>\n<meta property=\"article:modified_time\" content=\"2023-06-07T13:26:31+00:00\" \/>\n<meta property=\"og:image\" content=\"https:\/\/aeronoticias.com.pe\/noticiero\/wp-content\/uploads\/2023\/06\/gz.png\" \/>\n\t<meta property=\"og:image:width\" content=\"856\" \/>\n\t<meta property=\"og:image:height\" content=\"507\" \/>\n\t<meta property=\"og:image:type\" content=\"image\/png\" \/>\n<meta name=\"author\" content=\"Redacci\u00f3n\" \/>\n<meta name=\"twitter:card\" content=\"summary_large_image\" \/>\n<meta name=\"twitter:creator\" content=\"@aeronoticias\" \/>\n<meta name=\"twitter:site\" content=\"@aeronoticias\" \/>\n<meta name=\"twitter:label1\" content=\"Escrito por\" \/>\n\t<meta name=\"twitter:data1\" content=\"Redacci\u00f3n\" \/>\n\t<meta name=\"twitter:label2\" content=\"Tiempo de lectura\" \/>\n\t<meta name=\"twitter:data2\" content=\"1 minuto\" \/>\n<script type=\"application\/ld+json\" class=\"yoast-schema-graph\">{\"@context\":\"https:\/\/schema.org\",\"@graph\":[{\"@type\":\"WebPage\",\"@id\":\"https:\/\/aeronoticias.com.pe\/noticiero\/mundo\/exigencias-laborales-de-la-generacion-z-de-aqui-en-adelante\/\",\"url\":\"https:\/\/aeronoticias.com.pe\/noticiero\/mundo\/exigencias-laborales-de-la-generacion-z-de-aqui-en-adelante\/\",\"name\":\"Exigencias laborales de la generaci\u00f3n z de aqu\u00ed en adelante\",\"isPartOf\":{\"@id\":\"https:\/\/aeronoticias.com.pe\/noticiero\/#website\"},\"primaryImageOfPage\":{\"@id\":\"https:\/\/aeronoticias.com.pe\/noticiero\/mundo\/exigencias-laborales-de-la-generacion-z-de-aqui-en-adelante\/#primaryimage\"},\"image\":{\"@id\":\"https:\/\/aeronoticias.com.pe\/noticiero\/mundo\/exigencias-laborales-de-la-generacion-z-de-aqui-en-adelante\/#primaryimage\"},\"thumbnailUrl\":\"https:\/\/aeronoticias.com.pe\/noticiero\/wp-content\/uploads\/2023\/06\/gz.png\",\"datePublished\":\"2023-06-07T12:30:04+00:00\",\"dateModified\":\"2023-06-07T13:26:31+00:00\",\"author\":{\"@id\":\"https:\/\/aeronoticias.com.pe\/noticiero\/#\/schema\/person\/16212a617c73f78916b13194154243bd\"},\"description\":\"Se estima que en el a\u00f1o 2030, supondr\u00e1 el tercio de la fuerza laboral en planillas, estar\u00e1 gobernado por el gen z.\",\"breadcrumb\":{\"@id\":\"https:\/\/aeronoticias.com.pe\/noticiero\/mundo\/exigencias-laborales-de-la-generacion-z-de-aqui-en-adelante\/#breadcrumb\"},\"inLanguage\":\"es\",\"potentialAction\":[{\"@type\":\"ReadAction\",\"target\":[\"https:\/\/aeronoticias.com.pe\/noticiero\/mundo\/exigencias-laborales-de-la-generacion-z-de-aqui-en-adelante\/\"]}]},{\"@type\":\"ImageObject\",\"inLanguage\":\"es\",\"@id\":\"https:\/\/aeronoticias.com.pe\/noticiero\/mundo\/exigencias-laborales-de-la-generacion-z-de-aqui-en-adelante\/#primaryimage\",\"url\":\"https:\/\/aeronoticias.com.pe\/noticiero\/wp-content\/uploads\/2023\/06\/gz.png\",\"contentUrl\":\"https:\/\/aeronoticias.com.pe\/noticiero\/wp-content\/uploads\/2023\/06\/gz.png\",\"width\":856,\"height\":507},{\"@type\":\"BreadcrumbList\",\"@id\":\"https:\/\/aeronoticias.com.pe\/noticiero\/mundo\/exigencias-laborales-de-la-generacion-z-de-aqui-en-adelante\/#breadcrumb\",\"itemListElement\":[{\"@type\":\"ListItem\",\"position\":1,\"name\":\"Portada\",\"item\":\"https:\/\/aeronoticias.com.pe\/noticiero\/\"},{\"@type\":\"ListItem\",\"position\":2,\"name\":\"Exigencias laborales de la generaci\u00f3n z de aqu\u00ed en adelante\"}]},{\"@type\":\"WebSite\",\"@id\":\"https:\/\/aeronoticias.com.pe\/noticiero\/#website\",\"url\":\"https:\/\/aeronoticias.com.pe\/noticiero\/\",\"name\":\"Aeronoticias.com.pe\",\"description\":\"Noticias de tranporte aereo, turismo, hoteles, gastronomia, actualidad, internacional\",\"potentialAction\":[{\"@type\":\"SearchAction\",\"target\":{\"@type\":\"EntryPoint\",\"urlTemplate\":\"https:\/\/aeronoticias.com.pe\/noticiero\/?s={search_term_string}\"},\"query-input\":{\"@type\":\"PropertyValueSpecification\",\"valueRequired\":true,\"valueName\":\"search_term_string\"}}],\"inLanguage\":\"es\"},{\"@type\":\"Person\",\"@id\":\"https:\/\/aeronoticias.com.pe\/noticiero\/#\/schema\/person\/16212a617c73f78916b13194154243bd\",\"name\":\"Redacci\u00f3n\",\"sameAs\":[\"http:\/\/Redacci\u00f3n\"],\"url\":\"https:\/\/aeronoticias.com.pe\/noticiero\/author\/celeste\/\"}]}<\/script>\n<!-- \/ Yoast SEO plugin. -->","yoast_head_json":{"title":"Exigencias laborales de la generaci\u00f3n z de aqu\u00ed en adelante","description":"Se estima que en el a\u00f1o 2030, supondr\u00e1 el tercio de la fuerza laboral en planillas, estar\u00e1 gobernado por el gen z.","robots":{"index":"index","follow":"follow","max-snippet":"max-snippet:-1","max-image-preview":"max-image-preview:large","max-video-preview":"max-video-preview:-1"},"canonical":"https:\/\/aeronoticias.com.pe\/noticiero\/mundo\/exigencias-laborales-de-la-generacion-z-de-aqui-en-adelante\/","og_locale":"es_ES","og_type":"article","og_title":"Exigencias laborales de la generaci\u00f3n z de aqu\u00ed en adelante","og_description":"Se estima que en el a\u00f1o 2030, supondr\u00e1 el tercio de la fuerza laboral en planillas, estar\u00e1 gobernado por el gen z.","og_url":"https:\/\/aeronoticias.com.pe\/noticiero\/mundo\/exigencias-laborales-de-la-generacion-z-de-aqui-en-adelante\/","og_site_name":"Aeronoticias.com.pe","article_publisher":"https:\/\/www.facebook.com\/Aeronoticias.com.pe\/","article_published_time":"2023-06-07T12:30:04+00:00","article_modified_time":"2023-06-07T13:26:31+00:00","og_image":[{"width":856,"height":507,"url":"https:\/\/aeronoticias.com.pe\/noticiero\/wp-content\/uploads\/2023\/06\/gz.png","type":"image\/png"}],"author":"Redacci\u00f3n","twitter_card":"summary_large_image","twitter_creator":"@aeronoticias","twitter_site":"@aeronoticias","twitter_misc":{"Escrito por":"Redacci\u00f3n","Tiempo de lectura":"1 minuto"},"schema":{"@context":"https:\/\/schema.org","@graph":[{"@type":"WebPage","@id":"https:\/\/aeronoticias.com.pe\/noticiero\/mundo\/exigencias-laborales-de-la-generacion-z-de-aqui-en-adelante\/","url":"https:\/\/aeronoticias.com.pe\/noticiero\/mundo\/exigencias-laborales-de-la-generacion-z-de-aqui-en-adelante\/","name":"Exigencias laborales de la generaci\u00f3n z de aqu\u00ed en adelante","isPartOf":{"@id":"https:\/\/aeronoticias.com.pe\/noticiero\/#website"},"primaryImageOfPage":{"@id":"https:\/\/aeronoticias.com.pe\/noticiero\/mundo\/exigencias-laborales-de-la-generacion-z-de-aqui-en-adelante\/#primaryimage"},"image":{"@id":"https:\/\/aeronoticias.com.pe\/noticiero\/mundo\/exigencias-laborales-de-la-generacion-z-de-aqui-en-adelante\/#primaryimage"},"thumbnailUrl":"https:\/\/aeronoticias.com.pe\/noticiero\/wp-content\/uploads\/2023\/06\/gz.png","datePublished":"2023-06-07T12:30:04+00:00","dateModified":"2023-06-07T13:26:31+00:00","author":{"@id":"https:\/\/aeronoticias.com.pe\/noticiero\/#\/schema\/person\/16212a617c73f78916b13194154243bd"},"description":"Se estima que en el a\u00f1o 2030, supondr\u00e1 el tercio de la fuerza laboral en planillas, estar\u00e1 gobernado por el gen z.","breadcrumb":{"@id":"https:\/\/aeronoticias.com.pe\/noticiero\/mundo\/exigencias-laborales-de-la-generacion-z-de-aqui-en-adelante\/#breadcrumb"},"inLanguage":"es","potentialAction":[{"@type":"ReadAction","target":["https:\/\/aeronoticias.com.pe\/noticiero\/mundo\/exigencias-laborales-de-la-generacion-z-de-aqui-en-adelante\/"]}]},{"@type":"ImageObject","inLanguage":"es","@id":"https:\/\/aeronoticias.com.pe\/noticiero\/mundo\/exigencias-laborales-de-la-generacion-z-de-aqui-en-adelante\/#primaryimage","url":"https:\/\/aeronoticias.com.pe\/noticiero\/wp-content\/uploads\/2023\/06\/gz.png","contentUrl":"https:\/\/aeronoticias.com.pe\/noticiero\/wp-content\/uploads\/2023\/06\/gz.png","width":856,"height":507},{"@type":"BreadcrumbList","@id":"https:\/\/aeronoticias.com.pe\/noticiero\/mundo\/exigencias-laborales-de-la-generacion-z-de-aqui-en-adelante\/#breadcrumb","itemListElement":[{"@type":"ListItem","position":1,"name":"Portada","item":"https:\/\/aeronoticias.com.pe\/noticiero\/"},{"@type":"ListItem","position":2,"name":"Exigencias laborales de la generaci\u00f3n z de aqu\u00ed en adelante"}]},{"@type":"WebSite","@id":"https:\/\/aeronoticias.com.pe\/noticiero\/#website","url":"https:\/\/aeronoticias.com.pe\/noticiero\/","name":"Aeronoticias.com.pe","description":"Noticias de tranporte aereo, turismo, hoteles, gastronomia, actualidad, internacional","potentialAction":[{"@type":"SearchAction","target":{"@type":"EntryPoint","urlTemplate":"https:\/\/aeronoticias.com.pe\/noticiero\/?s={search_term_string}"},"query-input":{"@type":"PropertyValueSpecification","valueRequired":true,"valueName":"search_term_string"}}],"inLanguage":"es"},{"@type":"Person","@id":"https:\/\/aeronoticias.com.pe\/noticiero\/#\/schema\/person\/16212a617c73f78916b13194154243bd","name":"Redacci\u00f3n","sameAs":["http:\/\/Redacci\u00f3n"],"url":"https:\/\/aeronoticias.com.pe\/noticiero\/author\/celeste\/"}]}},"_links":{"self":[{"href":"https:\/\/aeronoticias.com.pe\/noticiero\/wp-json\/wp\/v2\/posts\/83495","targetHints":{"allow":["GET"]}}],"collection":[{"href":"https:\/\/aeronoticias.com.pe\/noticiero\/wp-json\/wp\/v2\/posts"}],"about":[{"href":"https:\/\/aeronoticias.com.pe\/noticiero\/wp-json\/wp\/v2\/types\/post"}],"author":[{"embeddable":true,"href":"https:\/\/aeronoticias.com.pe\/noticiero\/wp-json\/wp\/v2\/users\/3"}],"replies":[{"embeddable":true,"href":"https:\/\/aeronoticias.com.pe\/noticiero\/wp-json\/wp\/v2\/comments?post=83495"}],"version-history":[{"count":0,"href":"https:\/\/aeronoticias.com.pe\/noticiero\/wp-json\/wp\/v2\/posts\/83495\/revisions"}],"wp:featuredmedia":[{"embeddable":true,"href":"https:\/\/aeronoticias.com.pe\/noticiero\/wp-json\/wp\/v2\/media\/83502"}],"wp:attachment":[{"href":"https:\/\/aeronoticias.com.pe\/noticiero\/wp-json\/wp\/v2\/media?parent=83495"}],"wp:term":[{"taxonomy":"category","embeddable":true,"href":"https:\/\/aeronoticias.com.pe\/noticiero\/wp-json\/wp\/v2\/categories?post=83495"},{"taxonomy":"post_tag","embeddable":true,"href":"https:\/\/aeronoticias.com.pe\/noticiero\/wp-json\/wp\/v2\/tags?post=83495"}],"curies":[{"name":"wp","href":"https:\/\/api.w.org\/{rel}","templated":true}]}}