{"id":83540,"date":"2023-06-08T10:25:20","date_gmt":"2023-06-08T15:25:20","guid":{"rendered":"https:\/\/aeronoticias.com.pe\/noticiero\/?p=83540"},"modified":"2023-06-08T10:25:25","modified_gmt":"2023-06-08T15:25:25","slug":"transportan-viva-y-volaris-23-millones-de-pasajeros-en-5-meses","status":"publish","type":"post","link":"https:\/\/aeronoticias.com.pe\/noticiero\/transporte-aereo\/internacional\/transportan-viva-y-volaris-23-millones-de-pasajeros-en-5-meses\/","title":{"rendered":"Transportan Viva y Volaris 23 millones de pasajeros en 5 meses"},"content":{"rendered":"\n<p><strong>(Aeronoticias)<\/strong>: En los primeros cinco meses del a\u00f1o, entre las dos aerol\u00edneas de bajo costo mexicanas,<strong>\u00a0Volaris y Viva Aerobus<\/strong>, transportaron poco m\u00e1s de<strong>\u00a023 millones de pasajeros<\/strong>, de acuerdo con sus reportes del tr\u00e1fico de pasajeros al mes de mayo.<\/p>\n\n\n\n<p>De acuerdo con su reporte, a la Bolsa Mexicana de Valores (BMV), de enero a mayo de este a\u00f1o, Volaris moviliz\u00f3 a 13 millones 882 mil pasajeros, lo que implic\u00f3 un crecimiento de 14.8% debido a que, en el mismo periodo, pero del a\u00f1o pasado, la cifra fue de 12 millones 097 mil.<\/p>\n\n\n\n<p>De este n\u00famero total, 10 millones 894 mil fueron pasajeros dom\u00e9sticos y dos millones 988 mil fueron internacionales.<\/p>\n\n\n\n<p>En dicho reporte, el presidente ejecutivo y director general de Volaris, Enrique Beltranena, dijo:\u00a0<\/p>\n\n\n\n<p>\u00abEstamos orgullosos de haber lanzado recientemente 40 nuevas rutas, que unen ciudades poco conectadas con destinos de ocio y que anteriormente solo participaba el mercado de autobuses\u201d.<\/p>\n\n\n\n<p>Con esta medida, dijo, se promueve la conversi\u00f3n al transporte a\u00e9reo y se fortalece a\u00fan m\u00e1s la posici\u00f3n de Volaris en el mercado nacional.<\/p>\n\n\n\n<p>El directivo destac\u00f3 que 33 de estas nuevas rutas no tienen competencia a\u00e9rea.<br>En su comunicado, Volaris inform\u00f3 que la demanda en el mercado dom\u00e9stico mexicano e internacional tuvo un incremento de 7.1% y 44.8%, respectivamente.<\/p>\n\n\n\n<p>Para mitigar los retrasos en la entrega de aeronaves y las visitas imprevistas a talleres de motores, Volaris extendi\u00f3 el arrendamiento de seis aviones y agreg\u00f3 tres aeronaves de repuesto a su flota.<\/p>\n\n\n\n<p>Con estos activos adicionales, precis\u00f3 el comunicado, \u201cVolaris ha podido mantener su crecimiento de capacidad\u201d.<\/p>\n\n\n\n<h3 class=\"wp-block-heading\">Viva Aerobus, mete acelerador<\/h3>\n\n\n\n<p>Durante los primeros cinco meses del a\u00f1o, la aerol\u00ednea de bajo costo,&nbsp;<strong>Viva Aerobus<\/strong>&nbsp;report\u00f3 un incremento de<strong>&nbsp;20.6%<\/strong>&nbsp;en el tr\u00e1fico de pasajeros, en comparaci\u00f3n con el mismo periodo del a\u00f1o pasado.<\/p>\n\n\n\n<p>Y es que, de enero a mayo de este a\u00f1o, Viva Aerobus moviliz\u00f3 a nueve millones 263 mil pasajeros, que comparados con los siete millones 681 mil del mismo periodo del a\u00f1o pasado, signific\u00f3 un aumento de 20.6%.<\/p>\n\n\n\n<p>De esta cifra, ocho millones 298 mil fueron pasajeros dom\u00e9sticos y 965 mil fueron internacionales.<\/p>\n\n\n\n<p>Tan s\u00f3lo en mayo, el tr\u00e1fico de pasajeros ascendi\u00f3 a dos millones 039 mil, lo que implic\u00f3 un aumento de 16.6% comparado con el quinto mes de 2022, cuando fueron un mill\u00f3n 749 mil.<\/p>\n\n\n\n<p>Juan Carlos Zuazua, director general de la aerol\u00ednea, dijo que el tr\u00e1fico en mayo permaneci\u00f3 s\u00f3lido, \u201calcanz\u00f3 nuestra marca mensual m\u00e1s alta y por segundo mes consecutivo Viva super\u00f3 los dos millones de pasajeros.<\/p>\n\n\n\n<p>\u201cConforme nos acercamos a la temporada alta de verano, las tendencias de reservaciones indican una continua fortaleza en la demanda y un entorno favorable en los yields -rendimientos-. A pesar de una fuerte demanda, estamos comprometidos en mantener un manejo disciplinado en la capacidad\u201d, mencion\u00f3.<\/p>\n\n\n\n<p>El factor de ocupaci\u00f3n, durante el mes de mayo, alcanz\u00f3 86.8% en comparaci\u00f3n con 89.3% en 2022, derivado de un factor de ocupaci\u00f3n de 88.9% y 76.8% en el mercado nacional e internacional, respectivamente.<\/p>\n\n\n\n<p>Viva aument\u00f3 su capacidad total en asientos por milla disponibles (ASMs) al quinto mes del a\u00f1o en 18.8% en comparaci\u00f3n con mayo de 2022. En cuanto al desglose por mercado, Viva creci\u00f3 su capacidad en un 22.8% en el mercado nacional y en un 2.9% en el internacional.<\/p>\n\n\n\n<p><strong>Fuente: A21mx<\/strong><\/p>\n","protected":false},"excerpt":{"rendered":"<p>(Aeronoticias): En los primeros cinco meses del a\u00f1o, entre las dos aerol\u00edneas de bajo costo mexicanas,\u00a0Volaris y Viva Aerobus, transportaron poco m\u00e1s de\u00a023 millones de pasajeros, de acuerdo con sus reportes del tr\u00e1fico de pasajeros al mes de mayo. De acuerdo con su reporte, a la Bolsa Mexicana de Valores (BMV), de enero a mayo [&hellip;]<\/p>\n","protected":false},"author":3,"featured_media":83541,"comment_status":"open","ping_status":"open","sticky":false,"template":"","format":"standard","meta":{"tdm_status":"","tdm_grid_status":"","footnotes":""},"categories":[32,34],"tags":[227,125],"class_list":{"0":"post-83540","1":"post","2":"type-post","3":"status-publish","4":"format-standard","5":"has-post-thumbnail","7":"category-internacional","8":"category-internacionales","9":"tag-viva-aerobus","10":"tag-volaris"},"yoast_head":"<!-- This site is optimized with the Yoast SEO plugin v25.1 - https:\/\/yoast.com\/wordpress\/plugins\/seo\/ -->\n<title>Transportan Viva y Volaris 23 millones de pasajeros en 5 meses<\/title>\n<meta name=\"description\" content=\"EN LOS PRIMEROS CINCO MESES, LAS DOS AEROL\u00cdNEAS CRECEN A DOBLE D\u00cdGITO\" \/>\n<meta name=\"robots\" content=\"index, follow, max-snippet:-1, max-image-preview:large, max-video-preview:-1\" \/>\n<link rel=\"canonical\" href=\"https:\/\/aeronoticias.com.pe\/noticiero\/transporte-aereo\/internacional\/transportan-viva-y-volaris-23-millones-de-pasajeros-en-5-meses\/\" \/>\n<meta property=\"og:locale\" content=\"es_ES\" \/>\n<meta property=\"og:type\" content=\"article\" \/>\n<meta property=\"og:title\" content=\"Transportan Viva y Volaris 23 millones de pasajeros en 5 meses\" \/>\n<meta property=\"og:description\" content=\"EN LOS PRIMEROS CINCO MESES, LAS DOS AEROL\u00cdNEAS CRECEN A DOBLE D\u00cdGITO\" \/>\n<meta property=\"og:url\" content=\"https:\/\/aeronoticias.com.pe\/noticiero\/transporte-aereo\/internacional\/transportan-viva-y-volaris-23-millones-de-pasajeros-en-5-meses\/\" \/>\n<meta property=\"og:site_name\" content=\"Aeronoticias.com.pe\" \/>\n<meta property=\"article:publisher\" content=\"https:\/\/www.facebook.com\/Aeronoticias.com.pe\/\" \/>\n<meta property=\"article:published_time\" content=\"2023-06-08T15:25:20+00:00\" \/>\n<meta property=\"article:modified_time\" content=\"2023-06-08T15:25:25+00:00\" \/>\n<meta property=\"og:image\" content=\"https:\/\/aeronoticias.com.pe\/noticiero\/wp-content\/uploads\/2023\/06\/viva-scaled.jpeg\" \/>\n\t<meta property=\"og:image:width\" content=\"2560\" \/>\n\t<meta property=\"og:image:height\" content=\"1707\" \/>\n\t<meta property=\"og:image:type\" content=\"image\/jpeg\" \/>\n<meta name=\"author\" content=\"Redacci\u00f3n\" \/>\n<meta name=\"twitter:card\" content=\"summary_large_image\" \/>\n<meta name=\"twitter:creator\" content=\"@aeronoticias\" \/>\n<meta name=\"twitter:site\" content=\"@aeronoticias\" \/>\n<meta name=\"twitter:label1\" content=\"Escrito por\" \/>\n\t<meta name=\"twitter:data1\" content=\"Redacci\u00f3n\" \/>\n\t<meta name=\"twitter:label2\" content=\"Tiempo de lectura\" \/>\n\t<meta name=\"twitter:data2\" content=\"3 minutos\" \/>\n<script type=\"application\/ld+json\" class=\"yoast-schema-graph\">{\"@context\":\"https:\/\/schema.org\",\"@graph\":[{\"@type\":\"WebPage\",\"@id\":\"https:\/\/aeronoticias.com.pe\/noticiero\/transporte-aereo\/internacional\/transportan-viva-y-volaris-23-millones-de-pasajeros-en-5-meses\/\",\"url\":\"https:\/\/aeronoticias.com.pe\/noticiero\/transporte-aereo\/internacional\/transportan-viva-y-volaris-23-millones-de-pasajeros-en-5-meses\/\",\"name\":\"Transportan Viva y Volaris 23 millones de pasajeros en 5 meses\",\"isPartOf\":{\"@id\":\"https:\/\/aeronoticias.com.pe\/noticiero\/#website\"},\"primaryImageOfPage\":{\"@id\":\"https:\/\/aeronoticias.com.pe\/noticiero\/transporte-aereo\/internacional\/transportan-viva-y-volaris-23-millones-de-pasajeros-en-5-meses\/#primaryimage\"},\"image\":{\"@id\":\"https:\/\/aeronoticias.com.pe\/noticiero\/transporte-aereo\/internacional\/transportan-viva-y-volaris-23-millones-de-pasajeros-en-5-meses\/#primaryimage\"},\"thumbnailUrl\":\"https:\/\/aeronoticias.com.pe\/noticiero\/wp-content\/uploads\/2023\/06\/viva-scaled.jpeg\",\"datePublished\":\"2023-06-08T15:25:20+00:00\",\"dateModified\":\"2023-06-08T15:25:25+00:00\",\"author\":{\"@id\":\"https:\/\/aeronoticias.com.pe\/noticiero\/#\/schema\/person\/16212a617c73f78916b13194154243bd\"},\"description\":\"EN LOS PRIMEROS CINCO MESES, LAS DOS AEROL\u00cdNEAS CRECEN A DOBLE D\u00cdGITO\",\"breadcrumb\":{\"@id\":\"https:\/\/aeronoticias.com.pe\/noticiero\/transporte-aereo\/internacional\/transportan-viva-y-volaris-23-millones-de-pasajeros-en-5-meses\/#breadcrumb\"},\"inLanguage\":\"es\",\"potentialAction\":[{\"@type\":\"ReadAction\",\"target\":[\"https:\/\/aeronoticias.com.pe\/noticiero\/transporte-aereo\/internacional\/transportan-viva-y-volaris-23-millones-de-pasajeros-en-5-meses\/\"]}]},{\"@type\":\"ImageObject\",\"inLanguage\":\"es\",\"@id\":\"https:\/\/aeronoticias.com.pe\/noticiero\/transporte-aereo\/internacional\/transportan-viva-y-volaris-23-millones-de-pasajeros-en-5-meses\/#primaryimage\",\"url\":\"https:\/\/aeronoticias.com.pe\/noticiero\/wp-content\/uploads\/2023\/06\/viva-scaled.jpeg\",\"contentUrl\":\"https:\/\/aeronoticias.com.pe\/noticiero\/wp-content\/uploads\/2023\/06\/viva-scaled.jpeg\",\"width\":2560,\"height\":1707},{\"@type\":\"BreadcrumbList\",\"@id\":\"https:\/\/aeronoticias.com.pe\/noticiero\/transporte-aereo\/internacional\/transportan-viva-y-volaris-23-millones-de-pasajeros-en-5-meses\/#breadcrumb\",\"itemListElement\":[{\"@type\":\"ListItem\",\"position\":1,\"name\":\"Portada\",\"item\":\"https:\/\/aeronoticias.com.pe\/noticiero\/\"},{\"@type\":\"ListItem\",\"position\":2,\"name\":\"Transportan Viva y Volaris 23 millones de pasajeros en 5 meses\"}]},{\"@type\":\"WebSite\",\"@id\":\"https:\/\/aeronoticias.com.pe\/noticiero\/#website\",\"url\":\"https:\/\/aeronoticias.com.pe\/noticiero\/\",\"name\":\"Aeronoticias.com.pe\",\"description\":\"Noticias de tranporte aereo, turismo, hoteles, gastronomia, actualidad, internacional\",\"potentialAction\":[{\"@type\":\"SearchAction\",\"target\":{\"@type\":\"EntryPoint\",\"urlTemplate\":\"https:\/\/aeronoticias.com.pe\/noticiero\/?s={search_term_string}\"},\"query-input\":{\"@type\":\"PropertyValueSpecification\",\"valueRequired\":true,\"valueName\":\"search_term_string\"}}],\"inLanguage\":\"es\"},{\"@type\":\"Person\",\"@id\":\"https:\/\/aeronoticias.com.pe\/noticiero\/#\/schema\/person\/16212a617c73f78916b13194154243bd\",\"name\":\"Redacci\u00f3n\",\"sameAs\":[\"http:\/\/Redacci\u00f3n\"],\"url\":\"https:\/\/aeronoticias.com.pe\/noticiero\/author\/celeste\/\"}]}<\/script>\n<!-- \/ Yoast SEO plugin. -->","yoast_head_json":{"title":"Transportan Viva y Volaris 23 millones de pasajeros en 5 meses","description":"EN LOS PRIMEROS CINCO MESES, LAS DOS AEROL\u00cdNEAS CRECEN A DOBLE D\u00cdGITO","robots":{"index":"index","follow":"follow","max-snippet":"max-snippet:-1","max-image-preview":"max-image-preview:large","max-video-preview":"max-video-preview:-1"},"canonical":"https:\/\/aeronoticias.com.pe\/noticiero\/transporte-aereo\/internacional\/transportan-viva-y-volaris-23-millones-de-pasajeros-en-5-meses\/","og_locale":"es_ES","og_type":"article","og_title":"Transportan Viva y Volaris 23 millones de pasajeros en 5 meses","og_description":"EN LOS PRIMEROS CINCO MESES, LAS DOS AEROL\u00cdNEAS CRECEN A DOBLE D\u00cdGITO","og_url":"https:\/\/aeronoticias.com.pe\/noticiero\/transporte-aereo\/internacional\/transportan-viva-y-volaris-23-millones-de-pasajeros-en-5-meses\/","og_site_name":"Aeronoticias.com.pe","article_publisher":"https:\/\/www.facebook.com\/Aeronoticias.com.pe\/","article_published_time":"2023-06-08T15:25:20+00:00","article_modified_time":"2023-06-08T15:25:25+00:00","og_image":[{"width":2560,"height":1707,"url":"https:\/\/aeronoticias.com.pe\/noticiero\/wp-content\/uploads\/2023\/06\/viva-scaled.jpeg","type":"image\/jpeg"}],"author":"Redacci\u00f3n","twitter_card":"summary_large_image","twitter_creator":"@aeronoticias","twitter_site":"@aeronoticias","twitter_misc":{"Escrito por":"Redacci\u00f3n","Tiempo de lectura":"3 minutos"},"schema":{"@context":"https:\/\/schema.org","@graph":[{"@type":"WebPage","@id":"https:\/\/aeronoticias.com.pe\/noticiero\/transporte-aereo\/internacional\/transportan-viva-y-volaris-23-millones-de-pasajeros-en-5-meses\/","url":"https:\/\/aeronoticias.com.pe\/noticiero\/transporte-aereo\/internacional\/transportan-viva-y-volaris-23-millones-de-pasajeros-en-5-meses\/","name":"Transportan Viva y Volaris 23 millones de pasajeros en 5 meses","isPartOf":{"@id":"https:\/\/aeronoticias.com.pe\/noticiero\/#website"},"primaryImageOfPage":{"@id":"https:\/\/aeronoticias.com.pe\/noticiero\/transporte-aereo\/internacional\/transportan-viva-y-volaris-23-millones-de-pasajeros-en-5-meses\/#primaryimage"},"image":{"@id":"https:\/\/aeronoticias.com.pe\/noticiero\/transporte-aereo\/internacional\/transportan-viva-y-volaris-23-millones-de-pasajeros-en-5-meses\/#primaryimage"},"thumbnailUrl":"https:\/\/aeronoticias.com.pe\/noticiero\/wp-content\/uploads\/2023\/06\/viva-scaled.jpeg","datePublished":"2023-06-08T15:25:20+00:00","dateModified":"2023-06-08T15:25:25+00:00","author":{"@id":"https:\/\/aeronoticias.com.pe\/noticiero\/#\/schema\/person\/16212a617c73f78916b13194154243bd"},"description":"EN LOS PRIMEROS CINCO MESES, LAS DOS AEROL\u00cdNEAS CRECEN A DOBLE D\u00cdGITO","breadcrumb":{"@id":"https:\/\/aeronoticias.com.pe\/noticiero\/transporte-aereo\/internacional\/transportan-viva-y-volaris-23-millones-de-pasajeros-en-5-meses\/#breadcrumb"},"inLanguage":"es","potentialAction":[{"@type":"ReadAction","target":["https:\/\/aeronoticias.com.pe\/noticiero\/transporte-aereo\/internacional\/transportan-viva-y-volaris-23-millones-de-pasajeros-en-5-meses\/"]}]},{"@type":"ImageObject","inLanguage":"es","@id":"https:\/\/aeronoticias.com.pe\/noticiero\/transporte-aereo\/internacional\/transportan-viva-y-volaris-23-millones-de-pasajeros-en-5-meses\/#primaryimage","url":"https:\/\/aeronoticias.com.pe\/noticiero\/wp-content\/uploads\/2023\/06\/viva-scaled.jpeg","contentUrl":"https:\/\/aeronoticias.com.pe\/noticiero\/wp-content\/uploads\/2023\/06\/viva-scaled.jpeg","width":2560,"height":1707},{"@type":"BreadcrumbList","@id":"https:\/\/aeronoticias.com.pe\/noticiero\/transporte-aereo\/internacional\/transportan-viva-y-volaris-23-millones-de-pasajeros-en-5-meses\/#breadcrumb","itemListElement":[{"@type":"ListItem","position":1,"name":"Portada","item":"https:\/\/aeronoticias.com.pe\/noticiero\/"},{"@type":"ListItem","position":2,"name":"Transportan Viva y Volaris 23 millones de pasajeros en 5 meses"}]},{"@type":"WebSite","@id":"https:\/\/aeronoticias.com.pe\/noticiero\/#website","url":"https:\/\/aeronoticias.com.pe\/noticiero\/","name":"Aeronoticias.com.pe","description":"Noticias de tranporte aereo, turismo, hoteles, gastronomia, actualidad, internacional","potentialAction":[{"@type":"SearchAction","target":{"@type":"EntryPoint","urlTemplate":"https:\/\/aeronoticias.com.pe\/noticiero\/?s={search_term_string}"},"query-input":{"@type":"PropertyValueSpecification","valueRequired":true,"valueName":"search_term_string"}}],"inLanguage":"es"},{"@type":"Person","@id":"https:\/\/aeronoticias.com.pe\/noticiero\/#\/schema\/person\/16212a617c73f78916b13194154243bd","name":"Redacci\u00f3n","sameAs":["http:\/\/Redacci\u00f3n"],"url":"https:\/\/aeronoticias.com.pe\/noticiero\/author\/celeste\/"}]}},"_links":{"self":[{"href":"https:\/\/aeronoticias.com.pe\/noticiero\/wp-json\/wp\/v2\/posts\/83540","targetHints":{"allow":["GET"]}}],"collection":[{"href":"https:\/\/aeronoticias.com.pe\/noticiero\/wp-json\/wp\/v2\/posts"}],"about":[{"href":"https:\/\/aeronoticias.com.pe\/noticiero\/wp-json\/wp\/v2\/types\/post"}],"author":[{"embeddable":true,"href":"https:\/\/aeronoticias.com.pe\/noticiero\/wp-json\/wp\/v2\/users\/3"}],"replies":[{"embeddable":true,"href":"https:\/\/aeronoticias.com.pe\/noticiero\/wp-json\/wp\/v2\/comments?post=83540"}],"version-history":[{"count":0,"href":"https:\/\/aeronoticias.com.pe\/noticiero\/wp-json\/wp\/v2\/posts\/83540\/revisions"}],"wp:featuredmedia":[{"embeddable":true,"href":"https:\/\/aeronoticias.com.pe\/noticiero\/wp-json\/wp\/v2\/media\/83541"}],"wp:attachment":[{"href":"https:\/\/aeronoticias.com.pe\/noticiero\/wp-json\/wp\/v2\/media?parent=83540"}],"wp:term":[{"taxonomy":"category","embeddable":true,"href":"https:\/\/aeronoticias.com.pe\/noticiero\/wp-json\/wp\/v2\/categories?post=83540"},{"taxonomy":"post_tag","embeddable":true,"href":"https:\/\/aeronoticias.com.pe\/noticiero\/wp-json\/wp\/v2\/tags?post=83540"}],"curies":[{"name":"wp","href":"https:\/\/api.w.org\/{rel}","templated":true}]}}