{"id":83549,"date":"2023-06-08T13:10:48","date_gmt":"2023-06-08T18:10:48","guid":{"rendered":"https:\/\/aeronoticias.com.pe\/noticiero\/?p=83549"},"modified":"2023-06-08T13:10:58","modified_gmt":"2023-06-08T18:10:58","slug":"nueva-york-se-vistio-de-rojo-y-blanco-durante-el-avant-premier-de-transformers-el-despertar-de-las-bestias-2","status":"publish","type":"post","link":"https:\/\/aeronoticias.com.pe\/noticiero\/turismo\/13\/nueva-york-se-vistio-de-rojo-y-blanco-durante-el-avant-premier-de-transformers-el-despertar-de-las-bestias-2\/","title":{"rendered":"Nueva York se visti\u00f3 de rojo y blanco durante el avant premier de &#8216;Transformers: El despertar de las bestias&#8217;"},"content":{"rendered":"\n<p><strong>(Aeronoticias)<\/strong>: El Per\u00fa est\u00e1 nuevamente en los ojos del mundo, y esta afirmaci\u00f3n no es apelar a un conocido clich\u00e9, sino decir la verdad tras el reciente avant premier en Nueva York de &#8216;Transformers: El despertar de las bestias&#8217;, megaproducci\u00f3n que fue rodada en nuestro pa\u00eds, casi en su totalidad, y que muestra los m\u00e1s hermosos y milenarios parajes de las regiones Cusco (Machu Picchu) y San Mart\u00edn (Tarapoto).<\/p>\n\n\n\n<p>La pel\u00edcula dirigida por el estadounidense Steven Caple Jr,, que estar\u00e1 en cines exclusivamente desde el mi\u00e9rcoles 7 de junio, pudo ser rodada en nuestro pa\u00eds gracias al apoyo y acompa\u00f1amiento continuo de Promper\u00fa, por medio de Film in Peru, que coordin\u00f3 y gestion\u00f3 con diferentes instituciones gubernamentales las autorizaciones de filmaci\u00f3n correspondientes, con el objetivo de garantizar una adecuada experiencia.<\/p>\n\n\n\n<div class=\"wp-block-image\"><figure class=\"aligncenter\"><img decoding=\"async\" src=\"https:\/\/www.elperuano.pe\/fotografia\/\/thumbnail\/2023\/06\/07\/000251627M.jpg\" alt=\"\"\/><\/figure><\/div>\n\n\n\n<p>Durante las entrevistas exclusivas, con un equipo de Promper\u00fa, los actores Anthony Ramos y Dominique Fishback, as\u00ed como el director Steven Caple Jr., recibieron una cadena de plata hecha por artesanos peruanos con el logo caracter\u00edstico de los Autobots, que contaban con incrustaciones de spondylus y piedra sodalita; adem\u00e1s de retablos con dise\u00f1os cusque\u00f1os.<br><\/p>\n\n\n\n<p><em><strong>Transformers: El despertar de las bestias<\/strong>,<\/em>\u00a0que tiene como importantes protagonistas a nuestro pa\u00eds y su gente, podr\u00e1 ser disfrutada en cines de todo el Per\u00fa en 2D, 3D y formatos especiales como 4DX, pantalla MacroX, XD, Atmos.<\/p>\n\n\n\n<div class=\"wp-block-image\"><figure class=\"aligncenter\"><img decoding=\"async\" src=\"https:\/\/www.elperuano.pe\/fotografia\/\/thumbnail\/2023\/06\/07\/000251626M.jpg\" alt=\"\"\/><\/figure><\/div>\n\n\n\n<p><strong>Per\u00fa: destino para rodajes<\/strong><\/p>\n\n\n\n<p>En los \u00faltimos dos a\u00f1os, grandes casas cinematogr\u00e1ficas internacionales han visto en Per\u00fa un destino atractivo para las locaciones f\u00edlmicas, y ello se ve reflejado en los largometrajes, cortometrajes, series y documentales que han sido rodados en el pa\u00eds, como por ejemplo\u00a0<em>La Reina del Sur, No mires arriba, Dora y la Ciudad Perdida,<\/em>\u00a0entre otras.<\/p>\n\n\n\n<div class=\"wp-block-image\"><figure class=\"aligncenter\"><img decoding=\"async\" src=\"https:\/\/www.elperuano.pe\/fotografia\/\/thumbnail\/2023\/06\/07\/000251629M.jpg\" alt=\"\"\/><\/figure><\/div>\n\n\n\n<p>Gracias a la promoci\u00f3n de las locaciones f\u00edlmicas peruanas, se permite contar todo tipo de historias que facilitan la creaci\u00f3n de nuevas atracciones y lugares, ciudades y regiones, que podr\u00edan ser visitadas por m\u00e1s turistas; y es que los fan\u00e1ticos de las pel\u00edculas son m\u00e1s activos en compartir en redes sociales sus experiencias de viaje (+27%) y tienen una mayor tasa de recomendaciones posteriores a su visita que los visitantes promedio (+6%).<\/p>\n\n\n\n<p><strong>Fuente: elperuano.pe<\/strong><\/p>\n","protected":false},"excerpt":{"rendered":"<p>(Aeronoticias): El Per\u00fa est\u00e1 nuevamente en los ojos del mundo, y esta afirmaci\u00f3n no es apelar a un conocido clich\u00e9, sino decir la verdad tras el reciente avant premier en Nueva York de &#8216;Transformers: El despertar de las bestias&#8217;, megaproducci\u00f3n que fue rodada en nuestro pa\u00eds, casi en su totalidad, y que muestra los m\u00e1s [&hellip;]<\/p>\n","protected":false},"author":3,"featured_media":83550,"comment_status":"open","ping_status":"open","sticky":false,"template":"","format":"standard","meta":{"tdm_status":"","tdm_grid_status":"","footnotes":""},"categories":[31,30],"tags":[3067,373,3066],"class_list":{"0":"post-83549","1":"post","2":"type-post","3":"status-publish","4":"format-standard","5":"has-post-thumbnail","7":"category-31","8":"category-30","9":"tag-avant-premier","10":"tag-cusco","11":"tag-nuevo-york"},"yoast_head":"<!-- This site is optimized with the Yoast SEO plugin v25.1 - https:\/\/yoast.com\/wordpress\/plugins\/seo\/ -->\n<title>Nueva York se visti\u00f3 de rojo y blanco durante el avant premier de &#039;Transformers: El despertar de las bestias&#039;<\/title>\n<meta name=\"description\" content=\"Actores y director de la popular saga de ciencia ficci\u00f3n tuvieron una amena conversaci\u00f3n con Promper\u00fa y mostraron su inter\u00e9s de volver para visitar m\u00e1s lugares tur\u00edsticos del pa\u00eds.\" \/>\n<meta name=\"robots\" content=\"index, follow, max-snippet:-1, max-image-preview:large, max-video-preview:-1\" \/>\n<link rel=\"canonical\" href=\"https:\/\/aeronoticias.com.pe\/noticiero\/turismo\/13\/nueva-york-se-vistio-de-rojo-y-blanco-durante-el-avant-premier-de-transformers-el-despertar-de-las-bestias-2\/\" \/>\n<meta property=\"og:locale\" content=\"es_ES\" \/>\n<meta property=\"og:type\" content=\"article\" \/>\n<meta property=\"og:title\" content=\"Nueva York se visti\u00f3 de rojo y blanco durante el avant premier de &#039;Transformers: El despertar de las bestias&#039;\" \/>\n<meta property=\"og:description\" content=\"Actores y director de la popular saga de ciencia ficci\u00f3n tuvieron una amena conversaci\u00f3n con Promper\u00fa y mostraron su inter\u00e9s de volver para visitar m\u00e1s lugares tur\u00edsticos del pa\u00eds.\" \/>\n<meta property=\"og:url\" content=\"https:\/\/aeronoticias.com.pe\/noticiero\/turismo\/13\/nueva-york-se-vistio-de-rojo-y-blanco-durante-el-avant-premier-de-transformers-el-despertar-de-las-bestias-2\/\" \/>\n<meta property=\"og:site_name\" content=\"Aeronoticias.com.pe\" \/>\n<meta property=\"article:publisher\" content=\"https:\/\/www.facebook.com\/Aeronoticias.com.pe\/\" \/>\n<meta property=\"article:published_time\" content=\"2023-06-08T18:10:48+00:00\" \/>\n<meta property=\"article:modified_time\" content=\"2023-06-08T18:10:58+00:00\" \/>\n<meta property=\"og:image\" content=\"https:\/\/aeronoticias.com.pe\/noticiero\/wp-content\/uploads\/2023\/06\/trans.jpg\" \/>\n\t<meta property=\"og:image:width\" content=\"760\" \/>\n\t<meta property=\"og:image:height\" content=\"507\" \/>\n\t<meta property=\"og:image:type\" content=\"image\/jpeg\" \/>\n<meta name=\"author\" content=\"Redacci\u00f3n\" \/>\n<meta name=\"twitter:card\" content=\"summary_large_image\" \/>\n<meta name=\"twitter:creator\" content=\"@aeronoticias\" \/>\n<meta name=\"twitter:site\" content=\"@aeronoticias\" \/>\n<meta name=\"twitter:label1\" content=\"Escrito por\" \/>\n\t<meta name=\"twitter:data1\" content=\"Redacci\u00f3n\" \/>\n\t<meta name=\"twitter:label2\" content=\"Tiempo de lectura\" \/>\n\t<meta name=\"twitter:data2\" content=\"2 minutos\" \/>\n<script type=\"application\/ld+json\" class=\"yoast-schema-graph\">{\"@context\":\"https:\/\/schema.org\",\"@graph\":[{\"@type\":\"WebPage\",\"@id\":\"https:\/\/aeronoticias.com.pe\/noticiero\/turismo\/13\/nueva-york-se-vistio-de-rojo-y-blanco-durante-el-avant-premier-de-transformers-el-despertar-de-las-bestias-2\/\",\"url\":\"https:\/\/aeronoticias.com.pe\/noticiero\/turismo\/13\/nueva-york-se-vistio-de-rojo-y-blanco-durante-el-avant-premier-de-transformers-el-despertar-de-las-bestias-2\/\",\"name\":\"Nueva York se visti\u00f3 de rojo y blanco durante el avant premier de 'Transformers: El despertar de las bestias'\",\"isPartOf\":{\"@id\":\"https:\/\/aeronoticias.com.pe\/noticiero\/#website\"},\"primaryImageOfPage\":{\"@id\":\"https:\/\/aeronoticias.com.pe\/noticiero\/turismo\/13\/nueva-york-se-vistio-de-rojo-y-blanco-durante-el-avant-premier-de-transformers-el-despertar-de-las-bestias-2\/#primaryimage\"},\"image\":{\"@id\":\"https:\/\/aeronoticias.com.pe\/noticiero\/turismo\/13\/nueva-york-se-vistio-de-rojo-y-blanco-durante-el-avant-premier-de-transformers-el-despertar-de-las-bestias-2\/#primaryimage\"},\"thumbnailUrl\":\"https:\/\/aeronoticias.com.pe\/noticiero\/wp-content\/uploads\/2023\/06\/trans.jpg\",\"datePublished\":\"2023-06-08T18:10:48+00:00\",\"dateModified\":\"2023-06-08T18:10:58+00:00\",\"author\":{\"@id\":\"https:\/\/aeronoticias.com.pe\/noticiero\/#\/schema\/person\/16212a617c73f78916b13194154243bd\"},\"description\":\"Actores y director de la popular saga de ciencia ficci\u00f3n tuvieron una amena conversaci\u00f3n con Promper\u00fa y mostraron su inter\u00e9s de volver para visitar m\u00e1s lugares tur\u00edsticos del pa\u00eds.\",\"breadcrumb\":{\"@id\":\"https:\/\/aeronoticias.com.pe\/noticiero\/turismo\/13\/nueva-york-se-vistio-de-rojo-y-blanco-durante-el-avant-premier-de-transformers-el-despertar-de-las-bestias-2\/#breadcrumb\"},\"inLanguage\":\"es\",\"potentialAction\":[{\"@type\":\"ReadAction\",\"target\":[\"https:\/\/aeronoticias.com.pe\/noticiero\/turismo\/13\/nueva-york-se-vistio-de-rojo-y-blanco-durante-el-avant-premier-de-transformers-el-despertar-de-las-bestias-2\/\"]}]},{\"@type\":\"ImageObject\",\"inLanguage\":\"es\",\"@id\":\"https:\/\/aeronoticias.com.pe\/noticiero\/turismo\/13\/nueva-york-se-vistio-de-rojo-y-blanco-durante-el-avant-premier-de-transformers-el-despertar-de-las-bestias-2\/#primaryimage\",\"url\":\"https:\/\/aeronoticias.com.pe\/noticiero\/wp-content\/uploads\/2023\/06\/trans.jpg\",\"contentUrl\":\"https:\/\/aeronoticias.com.pe\/noticiero\/wp-content\/uploads\/2023\/06\/trans.jpg\",\"width\":760,\"height\":507},{\"@type\":\"BreadcrumbList\",\"@id\":\"https:\/\/aeronoticias.com.pe\/noticiero\/turismo\/13\/nueva-york-se-vistio-de-rojo-y-blanco-durante-el-avant-premier-de-transformers-el-despertar-de-las-bestias-2\/#breadcrumb\",\"itemListElement\":[{\"@type\":\"ListItem\",\"position\":1,\"name\":\"Portada\",\"item\":\"https:\/\/aeronoticias.com.pe\/noticiero\/\"},{\"@type\":\"ListItem\",\"position\":2,\"name\":\"Nueva York se visti\u00f3 de rojo y blanco durante el avant premier de &#8216;Transformers: El despertar de las bestias&#8217;\"}]},{\"@type\":\"WebSite\",\"@id\":\"https:\/\/aeronoticias.com.pe\/noticiero\/#website\",\"url\":\"https:\/\/aeronoticias.com.pe\/noticiero\/\",\"name\":\"Aeronoticias.com.pe\",\"description\":\"Noticias de tranporte aereo, turismo, hoteles, gastronomia, actualidad, internacional\",\"potentialAction\":[{\"@type\":\"SearchAction\",\"target\":{\"@type\":\"EntryPoint\",\"urlTemplate\":\"https:\/\/aeronoticias.com.pe\/noticiero\/?s={search_term_string}\"},\"query-input\":{\"@type\":\"PropertyValueSpecification\",\"valueRequired\":true,\"valueName\":\"search_term_string\"}}],\"inLanguage\":\"es\"},{\"@type\":\"Person\",\"@id\":\"https:\/\/aeronoticias.com.pe\/noticiero\/#\/schema\/person\/16212a617c73f78916b13194154243bd\",\"name\":\"Redacci\u00f3n\",\"sameAs\":[\"http:\/\/Redacci\u00f3n\"],\"url\":\"https:\/\/aeronoticias.com.pe\/noticiero\/author\/celeste\/\"}]}<\/script>\n<!-- \/ Yoast SEO plugin. -->","yoast_head_json":{"title":"Nueva York se visti\u00f3 de rojo y blanco durante el avant premier de 'Transformers: El despertar de las bestias'","description":"Actores y director de la popular saga de ciencia ficci\u00f3n tuvieron una amena conversaci\u00f3n con Promper\u00fa y mostraron su inter\u00e9s de volver para visitar m\u00e1s lugares tur\u00edsticos del pa\u00eds.","robots":{"index":"index","follow":"follow","max-snippet":"max-snippet:-1","max-image-preview":"max-image-preview:large","max-video-preview":"max-video-preview:-1"},"canonical":"https:\/\/aeronoticias.com.pe\/noticiero\/turismo\/13\/nueva-york-se-vistio-de-rojo-y-blanco-durante-el-avant-premier-de-transformers-el-despertar-de-las-bestias-2\/","og_locale":"es_ES","og_type":"article","og_title":"Nueva York se visti\u00f3 de rojo y blanco durante el avant premier de 'Transformers: El despertar de las bestias'","og_description":"Actores y director de la popular saga de ciencia ficci\u00f3n tuvieron una amena conversaci\u00f3n con Promper\u00fa y mostraron su inter\u00e9s de volver para visitar m\u00e1s lugares tur\u00edsticos del pa\u00eds.","og_url":"https:\/\/aeronoticias.com.pe\/noticiero\/turismo\/13\/nueva-york-se-vistio-de-rojo-y-blanco-durante-el-avant-premier-de-transformers-el-despertar-de-las-bestias-2\/","og_site_name":"Aeronoticias.com.pe","article_publisher":"https:\/\/www.facebook.com\/Aeronoticias.com.pe\/","article_published_time":"2023-06-08T18:10:48+00:00","article_modified_time":"2023-06-08T18:10:58+00:00","og_image":[{"width":760,"height":507,"url":"https:\/\/aeronoticias.com.pe\/noticiero\/wp-content\/uploads\/2023\/06\/trans.jpg","type":"image\/jpeg"}],"author":"Redacci\u00f3n","twitter_card":"summary_large_image","twitter_creator":"@aeronoticias","twitter_site":"@aeronoticias","twitter_misc":{"Escrito por":"Redacci\u00f3n","Tiempo de lectura":"2 minutos"},"schema":{"@context":"https:\/\/schema.org","@graph":[{"@type":"WebPage","@id":"https:\/\/aeronoticias.com.pe\/noticiero\/turismo\/13\/nueva-york-se-vistio-de-rojo-y-blanco-durante-el-avant-premier-de-transformers-el-despertar-de-las-bestias-2\/","url":"https:\/\/aeronoticias.com.pe\/noticiero\/turismo\/13\/nueva-york-se-vistio-de-rojo-y-blanco-durante-el-avant-premier-de-transformers-el-despertar-de-las-bestias-2\/","name":"Nueva York se visti\u00f3 de rojo y blanco durante el avant premier de 'Transformers: El despertar de las bestias'","isPartOf":{"@id":"https:\/\/aeronoticias.com.pe\/noticiero\/#website"},"primaryImageOfPage":{"@id":"https:\/\/aeronoticias.com.pe\/noticiero\/turismo\/13\/nueva-york-se-vistio-de-rojo-y-blanco-durante-el-avant-premier-de-transformers-el-despertar-de-las-bestias-2\/#primaryimage"},"image":{"@id":"https:\/\/aeronoticias.com.pe\/noticiero\/turismo\/13\/nueva-york-se-vistio-de-rojo-y-blanco-durante-el-avant-premier-de-transformers-el-despertar-de-las-bestias-2\/#primaryimage"},"thumbnailUrl":"https:\/\/aeronoticias.com.pe\/noticiero\/wp-content\/uploads\/2023\/06\/trans.jpg","datePublished":"2023-06-08T18:10:48+00:00","dateModified":"2023-06-08T18:10:58+00:00","author":{"@id":"https:\/\/aeronoticias.com.pe\/noticiero\/#\/schema\/person\/16212a617c73f78916b13194154243bd"},"description":"Actores y director de la popular saga de ciencia ficci\u00f3n tuvieron una amena conversaci\u00f3n con Promper\u00fa y mostraron su inter\u00e9s de volver para visitar m\u00e1s lugares tur\u00edsticos del pa\u00eds.","breadcrumb":{"@id":"https:\/\/aeronoticias.com.pe\/noticiero\/turismo\/13\/nueva-york-se-vistio-de-rojo-y-blanco-durante-el-avant-premier-de-transformers-el-despertar-de-las-bestias-2\/#breadcrumb"},"inLanguage":"es","potentialAction":[{"@type":"ReadAction","target":["https:\/\/aeronoticias.com.pe\/noticiero\/turismo\/13\/nueva-york-se-vistio-de-rojo-y-blanco-durante-el-avant-premier-de-transformers-el-despertar-de-las-bestias-2\/"]}]},{"@type":"ImageObject","inLanguage":"es","@id":"https:\/\/aeronoticias.com.pe\/noticiero\/turismo\/13\/nueva-york-se-vistio-de-rojo-y-blanco-durante-el-avant-premier-de-transformers-el-despertar-de-las-bestias-2\/#primaryimage","url":"https:\/\/aeronoticias.com.pe\/noticiero\/wp-content\/uploads\/2023\/06\/trans.jpg","contentUrl":"https:\/\/aeronoticias.com.pe\/noticiero\/wp-content\/uploads\/2023\/06\/trans.jpg","width":760,"height":507},{"@type":"BreadcrumbList","@id":"https:\/\/aeronoticias.com.pe\/noticiero\/turismo\/13\/nueva-york-se-vistio-de-rojo-y-blanco-durante-el-avant-premier-de-transformers-el-despertar-de-las-bestias-2\/#breadcrumb","itemListElement":[{"@type":"ListItem","position":1,"name":"Portada","item":"https:\/\/aeronoticias.com.pe\/noticiero\/"},{"@type":"ListItem","position":2,"name":"Nueva York se visti\u00f3 de rojo y blanco durante el avant premier de &#8216;Transformers: El despertar de las bestias&#8217;"}]},{"@type":"WebSite","@id":"https:\/\/aeronoticias.com.pe\/noticiero\/#website","url":"https:\/\/aeronoticias.com.pe\/noticiero\/","name":"Aeronoticias.com.pe","description":"Noticias de tranporte aereo, turismo, hoteles, gastronomia, actualidad, internacional","potentialAction":[{"@type":"SearchAction","target":{"@type":"EntryPoint","urlTemplate":"https:\/\/aeronoticias.com.pe\/noticiero\/?s={search_term_string}"},"query-input":{"@type":"PropertyValueSpecification","valueRequired":true,"valueName":"search_term_string"}}],"inLanguage":"es"},{"@type":"Person","@id":"https:\/\/aeronoticias.com.pe\/noticiero\/#\/schema\/person\/16212a617c73f78916b13194154243bd","name":"Redacci\u00f3n","sameAs":["http:\/\/Redacci\u00f3n"],"url":"https:\/\/aeronoticias.com.pe\/noticiero\/author\/celeste\/"}]}},"_links":{"self":[{"href":"https:\/\/aeronoticias.com.pe\/noticiero\/wp-json\/wp\/v2\/posts\/83549","targetHints":{"allow":["GET"]}}],"collection":[{"href":"https:\/\/aeronoticias.com.pe\/noticiero\/wp-json\/wp\/v2\/posts"}],"about":[{"href":"https:\/\/aeronoticias.com.pe\/noticiero\/wp-json\/wp\/v2\/types\/post"}],"author":[{"embeddable":true,"href":"https:\/\/aeronoticias.com.pe\/noticiero\/wp-json\/wp\/v2\/users\/3"}],"replies":[{"embeddable":true,"href":"https:\/\/aeronoticias.com.pe\/noticiero\/wp-json\/wp\/v2\/comments?post=83549"}],"version-history":[{"count":0,"href":"https:\/\/aeronoticias.com.pe\/noticiero\/wp-json\/wp\/v2\/posts\/83549\/revisions"}],"wp:featuredmedia":[{"embeddable":true,"href":"https:\/\/aeronoticias.com.pe\/noticiero\/wp-json\/wp\/v2\/media\/83550"}],"wp:attachment":[{"href":"https:\/\/aeronoticias.com.pe\/noticiero\/wp-json\/wp\/v2\/media?parent=83549"}],"wp:term":[{"taxonomy":"category","embeddable":true,"href":"https:\/\/aeronoticias.com.pe\/noticiero\/wp-json\/wp\/v2\/categories?post=83549"},{"taxonomy":"post_tag","embeddable":true,"href":"https:\/\/aeronoticias.com.pe\/noticiero\/wp-json\/wp\/v2\/tags?post=83549"}],"curies":[{"name":"wp","href":"https:\/\/api.w.org\/{rel}","templated":true}]}}