{"id":83554,"date":"2023-06-09T07:00:46","date_gmt":"2023-06-09T12:00:46","guid":{"rendered":"https:\/\/aeronoticias.com.pe\/noticiero\/?p=83554"},"modified":"2023-06-09T08:51:58","modified_gmt":"2023-06-09T13:51:58","slug":"segun-algunos-cientificos-nos-encontramos-en-medio-de-la-llamada-sexta-extincion-masiva","status":"publish","type":"post","link":"https:\/\/aeronoticias.com.pe\/noticiero\/mundo\/segun-algunos-cientificos-nos-encontramos-en-medio-de-la-llamada-sexta-extincion-masiva\/","title":{"rendered":"Seg\u00fan algunos cient\u00edficos, nos encontramos en medio de la llamada \u00absexta extinci\u00f3n masiva\u00bb"},"content":{"rendered":"\n<p>(Aeronoticiasi) Un nuevo estudio examin\u00f3 m\u00e1s de 70.000 especies en todo el mundo para evaluar el estado de sus poblaciones a lo largo del tiempo. Los investigadores buscaban determinar si las poblaciones de estas especies hab\u00edan estado creciendo, disminuyendo o permaneciendo estables. Los resultados revelaron el alcance de la p\u00e9rdida de biodiversidad.<\/p>\n\n\n\n<p>La investigaci\u00f3n indica que muchas especies est\u00e1n experimentando un declive significativo en sus poblaciones. Esto sugiere que estamos enfrentando una importante crisis de biodiversidad. Los hallazgos respaldan la idea de que estamos en medio de una sexta extinci\u00f3n masiva impulsada por la actividad humana.<\/p>\n\n\n\n<p>El estudio proporciona una evidencia adicional sobre los impactos negativos de la deforestaci\u00f3n, la contaminaci\u00f3n, el cambio clim\u00e1tico y otros factores asociados con las actividades humanas. La disminuci\u00f3n de las poblaciones de especies en todo el mundo es motivo de preocupaci\u00f3n y destaca la necesidad de tomar medidas urgentes para preservar la diversidad biol\u00f3gica de nuestro planeta.<br>Es cierto que algunos cient\u00edficos sostienen que estamos en medio de la sexta extinci\u00f3n masiva en la Tierra. Esta idea se basa en la observaci\u00f3n de que hay una tasa acelerada de extinciones de especies en comparaci\u00f3n con per\u00edodos anteriores de la historia de nuestro planeta.<\/p>\n\n\n\n<p>La idea de las extinciones masivas se refiere a eventos en los cuales una gran cantidad de especies desaparecen en un per\u00edodo de tiempo geol\u00f3gicamente corto. Los ejemplos m\u00e1s conocidos son la extinci\u00f3n del Cret\u00e1cico-Pale\u00f3geno, que elimin\u00f3 a los dinosaurios hace unos 66 millones de a\u00f1os, y la extinci\u00f3n del P\u00e9rmico-Tri\u00e1sico, que ocurri\u00f3 hace unos 252 millones de a\u00f1os y fue la m\u00e1s devastadora, llev\u00e1ndose aproximadamente el 96% de todas las especies marinas y el 70% de las especies terrestres.<\/p>\n\n\n\n<p>La sexta extinci\u00f3n masiva se diferencia de las anteriores en que su causa principal no es un evento natural como un impacto de asteroide o una erupci\u00f3n volc\u00e1nica masiva, sino la actividad humana. Los cient\u00edficos argumentan que factores como la deforestaci\u00f3n, la contaminaci\u00f3n, el cambio clim\u00e1tico, la sobreexplotaci\u00f3n de recursos naturales y la introducci\u00f3n de especies invasoras est\u00e1n ejerciendo una presi\u00f3n significativa sobre la biodiversidad.<br><br>Las evidencias respaldan esta preocupaci\u00f3n. La Uni\u00f3n Internacional para la Conservaci\u00f3n de la Naturaleza (UICN) ha clasificado a muchas especies como en peligro de extinci\u00f3n o en peligro cr\u00edtico. Adem\u00e1s, se ha observado una disminuci\u00f3n dram\u00e1tica en la cantidad de individuos de muchas especies, as\u00ed como la desaparici\u00f3n de especies enteras.<br><br>Es importante destacar que no todos los cient\u00edficos est\u00e1n de acuerdo en que estamos experimentando una sexta extinci\u00f3n masiva. Algunos argumentan que la tasa actual de extinci\u00f3n no es lo suficientemente alta como para calificar como una extinci\u00f3n masiva en comparaci\u00f3n con los eventos del pasado. Sin embargo, la mayor\u00eda de los expertos est\u00e1n de acuerdo en que estamos enfrentando una crisis de biodiversidad y que debemos tomar medidas urgentes para preservar las especies y los ecosistemas de nuestro planeta.<\/p>\n\n\n\n<p><em>Fuente: CNN<\/em><\/p>\n\n\n\n<p><strong><em>Por: Sebasti\u00e1n Palacin<\/em><\/strong><\/p>\n","protected":false},"excerpt":{"rendered":"<p>(Aeronoticiasi) Un nuevo estudio examin\u00f3 m\u00e1s de 70.000 especies en todo el mundo para evaluar el estado de sus poblaciones a lo largo del tiempo. Los investigadores buscaban determinar si las poblaciones de estas especies hab\u00edan estado creciendo, disminuyendo o permaneciendo estables. Los resultados revelaron el alcance de la p\u00e9rdida de biodiversidad. La investigaci\u00f3n indica [&hellip;]<\/p>\n","protected":false},"author":3,"featured_media":83561,"comment_status":"open","ping_status":"open","sticky":false,"template":"","format":"standard","meta":{"tdm_status":"","tdm_grid_status":"","footnotes":""},"categories":[28,64],"tags":[],"class_list":{"0":"post-83554","1":"post","2":"type-post","3":"status-publish","4":"format-standard","5":"has-post-thumbnail","7":"category-mundo","8":"category-mundo-mundo"},"yoast_head":"<!-- This site is optimized with the Yoast SEO plugin v25.1 - https:\/\/yoast.com\/wordpress\/plugins\/seo\/ -->\n<title>Seg\u00fan algunos cient\u00edficos, nos encontramos en medio de la llamada &quot;sexta extinci\u00f3n masiva&quot;<\/title>\n<meta name=\"description\" content=\"Portal de noticias del Per\u00fa sobre el transporte a\u00e9reo, aviaci\u00f3n, turismo, hoteleria, actualidad.\" \/>\n<meta name=\"robots\" content=\"index, follow, max-snippet:-1, max-image-preview:large, max-video-preview:-1\" \/>\n<link rel=\"canonical\" href=\"https:\/\/aeronoticias.com.pe\/noticiero\/mundo\/segun-algunos-cientificos-nos-encontramos-en-medio-de-la-llamada-sexta-extincion-masiva\/\" \/>\n<meta property=\"og:locale\" content=\"es_ES\" \/>\n<meta property=\"og:type\" content=\"article\" \/>\n<meta property=\"og:title\" content=\"Seg\u00fan algunos cient\u00edficos, nos encontramos en medio de la llamada &quot;sexta extinci\u00f3n masiva&quot;\" \/>\n<meta property=\"og:description\" content=\"Portal de noticias del Per\u00fa sobre el transporte a\u00e9reo, aviaci\u00f3n, turismo, hoteleria, actualidad.\" \/>\n<meta property=\"og:url\" content=\"https:\/\/aeronoticias.com.pe\/noticiero\/mundo\/segun-algunos-cientificos-nos-encontramos-en-medio-de-la-llamada-sexta-extincion-masiva\/\" \/>\n<meta property=\"og:site_name\" content=\"Aeronoticias.com.pe\" \/>\n<meta property=\"article:publisher\" content=\"https:\/\/www.facebook.com\/Aeronoticias.com.pe\/\" \/>\n<meta property=\"article:published_time\" content=\"2023-06-09T12:00:46+00:00\" \/>\n<meta property=\"article:modified_time\" content=\"2023-06-09T13:51:58+00:00\" \/>\n<meta property=\"og:image\" content=\"https:\/\/aeronoticias.com.pe\/noticiero\/wp-content\/uploads\/2023\/06\/animales.png\" \/>\n\t<meta property=\"og:image:width\" content=\"589\" \/>\n\t<meta property=\"og:image:height\" content=\"332\" \/>\n\t<meta property=\"og:image:type\" content=\"image\/png\" \/>\n<meta name=\"author\" content=\"Redacci\u00f3n\" \/>\n<meta name=\"twitter:card\" content=\"summary_large_image\" \/>\n<meta name=\"twitter:creator\" content=\"@aeronoticias\" \/>\n<meta name=\"twitter:site\" content=\"@aeronoticias\" \/>\n<meta name=\"twitter:label1\" content=\"Escrito por\" \/>\n\t<meta name=\"twitter:data1\" content=\"Redacci\u00f3n\" \/>\n\t<meta name=\"twitter:label2\" content=\"Tiempo de lectura\" \/>\n\t<meta name=\"twitter:data2\" content=\"3 minutos\" \/>\n<script type=\"application\/ld+json\" class=\"yoast-schema-graph\">{\"@context\":\"https:\/\/schema.org\",\"@graph\":[{\"@type\":\"WebPage\",\"@id\":\"https:\/\/aeronoticias.com.pe\/noticiero\/mundo\/segun-algunos-cientificos-nos-encontramos-en-medio-de-la-llamada-sexta-extincion-masiva\/\",\"url\":\"https:\/\/aeronoticias.com.pe\/noticiero\/mundo\/segun-algunos-cientificos-nos-encontramos-en-medio-de-la-llamada-sexta-extincion-masiva\/\",\"name\":\"Seg\u00fan algunos cient\u00edficos, nos encontramos en medio de la llamada \\\"sexta extinci\u00f3n masiva\\\"\",\"isPartOf\":{\"@id\":\"https:\/\/aeronoticias.com.pe\/noticiero\/#website\"},\"primaryImageOfPage\":{\"@id\":\"https:\/\/aeronoticias.com.pe\/noticiero\/mundo\/segun-algunos-cientificos-nos-encontramos-en-medio-de-la-llamada-sexta-extincion-masiva\/#primaryimage\"},\"image\":{\"@id\":\"https:\/\/aeronoticias.com.pe\/noticiero\/mundo\/segun-algunos-cientificos-nos-encontramos-en-medio-de-la-llamada-sexta-extincion-masiva\/#primaryimage\"},\"thumbnailUrl\":\"https:\/\/aeronoticias.com.pe\/noticiero\/wp-content\/uploads\/2023\/06\/animales.png\",\"datePublished\":\"2023-06-09T12:00:46+00:00\",\"dateModified\":\"2023-06-09T13:51:58+00:00\",\"author\":{\"@id\":\"https:\/\/aeronoticias.com.pe\/noticiero\/#\/schema\/person\/16212a617c73f78916b13194154243bd\"},\"description\":\"Portal de noticias del Per\u00fa sobre el transporte a\u00e9reo, aviaci\u00f3n, turismo, hoteleria, actualidad.\",\"breadcrumb\":{\"@id\":\"https:\/\/aeronoticias.com.pe\/noticiero\/mundo\/segun-algunos-cientificos-nos-encontramos-en-medio-de-la-llamada-sexta-extincion-masiva\/#breadcrumb\"},\"inLanguage\":\"es\",\"potentialAction\":[{\"@type\":\"ReadAction\",\"target\":[\"https:\/\/aeronoticias.com.pe\/noticiero\/mundo\/segun-algunos-cientificos-nos-encontramos-en-medio-de-la-llamada-sexta-extincion-masiva\/\"]}]},{\"@type\":\"ImageObject\",\"inLanguage\":\"es\",\"@id\":\"https:\/\/aeronoticias.com.pe\/noticiero\/mundo\/segun-algunos-cientificos-nos-encontramos-en-medio-de-la-llamada-sexta-extincion-masiva\/#primaryimage\",\"url\":\"https:\/\/aeronoticias.com.pe\/noticiero\/wp-content\/uploads\/2023\/06\/animales.png\",\"contentUrl\":\"https:\/\/aeronoticias.com.pe\/noticiero\/wp-content\/uploads\/2023\/06\/animales.png\",\"width\":589,\"height\":332},{\"@type\":\"BreadcrumbList\",\"@id\":\"https:\/\/aeronoticias.com.pe\/noticiero\/mundo\/segun-algunos-cientificos-nos-encontramos-en-medio-de-la-llamada-sexta-extincion-masiva\/#breadcrumb\",\"itemListElement\":[{\"@type\":\"ListItem\",\"position\":1,\"name\":\"Portada\",\"item\":\"https:\/\/aeronoticias.com.pe\/noticiero\/\"},{\"@type\":\"ListItem\",\"position\":2,\"name\":\"Seg\u00fan algunos cient\u00edficos, nos encontramos en medio de la llamada \u00absexta extinci\u00f3n masiva\u00bb\"}]},{\"@type\":\"WebSite\",\"@id\":\"https:\/\/aeronoticias.com.pe\/noticiero\/#website\",\"url\":\"https:\/\/aeronoticias.com.pe\/noticiero\/\",\"name\":\"Aeronoticias.com.pe\",\"description\":\"Noticias de tranporte aereo, turismo, hoteles, gastronomia, actualidad, internacional\",\"potentialAction\":[{\"@type\":\"SearchAction\",\"target\":{\"@type\":\"EntryPoint\",\"urlTemplate\":\"https:\/\/aeronoticias.com.pe\/noticiero\/?s={search_term_string}\"},\"query-input\":{\"@type\":\"PropertyValueSpecification\",\"valueRequired\":true,\"valueName\":\"search_term_string\"}}],\"inLanguage\":\"es\"},{\"@type\":\"Person\",\"@id\":\"https:\/\/aeronoticias.com.pe\/noticiero\/#\/schema\/person\/16212a617c73f78916b13194154243bd\",\"name\":\"Redacci\u00f3n\",\"sameAs\":[\"http:\/\/Redacci\u00f3n\"],\"url\":\"https:\/\/aeronoticias.com.pe\/noticiero\/author\/celeste\/\"}]}<\/script>\n<!-- \/ Yoast SEO plugin. -->","yoast_head_json":{"title":"Seg\u00fan algunos cient\u00edficos, nos encontramos en medio de la llamada \"sexta extinci\u00f3n masiva\"","description":"Portal de noticias del Per\u00fa sobre el transporte a\u00e9reo, aviaci\u00f3n, turismo, hoteleria, actualidad.","robots":{"index":"index","follow":"follow","max-snippet":"max-snippet:-1","max-image-preview":"max-image-preview:large","max-video-preview":"max-video-preview:-1"},"canonical":"https:\/\/aeronoticias.com.pe\/noticiero\/mundo\/segun-algunos-cientificos-nos-encontramos-en-medio-de-la-llamada-sexta-extincion-masiva\/","og_locale":"es_ES","og_type":"article","og_title":"Seg\u00fan algunos cient\u00edficos, nos encontramos en medio de la llamada \"sexta extinci\u00f3n masiva\"","og_description":"Portal de noticias del Per\u00fa sobre el transporte a\u00e9reo, aviaci\u00f3n, turismo, hoteleria, actualidad.","og_url":"https:\/\/aeronoticias.com.pe\/noticiero\/mundo\/segun-algunos-cientificos-nos-encontramos-en-medio-de-la-llamada-sexta-extincion-masiva\/","og_site_name":"Aeronoticias.com.pe","article_publisher":"https:\/\/www.facebook.com\/Aeronoticias.com.pe\/","article_published_time":"2023-06-09T12:00:46+00:00","article_modified_time":"2023-06-09T13:51:58+00:00","og_image":[{"width":589,"height":332,"url":"https:\/\/aeronoticias.com.pe\/noticiero\/wp-content\/uploads\/2023\/06\/animales.png","type":"image\/png"}],"author":"Redacci\u00f3n","twitter_card":"summary_large_image","twitter_creator":"@aeronoticias","twitter_site":"@aeronoticias","twitter_misc":{"Escrito por":"Redacci\u00f3n","Tiempo de lectura":"3 minutos"},"schema":{"@context":"https:\/\/schema.org","@graph":[{"@type":"WebPage","@id":"https:\/\/aeronoticias.com.pe\/noticiero\/mundo\/segun-algunos-cientificos-nos-encontramos-en-medio-de-la-llamada-sexta-extincion-masiva\/","url":"https:\/\/aeronoticias.com.pe\/noticiero\/mundo\/segun-algunos-cientificos-nos-encontramos-en-medio-de-la-llamada-sexta-extincion-masiva\/","name":"Seg\u00fan algunos cient\u00edficos, nos encontramos en medio de la llamada \"sexta extinci\u00f3n masiva\"","isPartOf":{"@id":"https:\/\/aeronoticias.com.pe\/noticiero\/#website"},"primaryImageOfPage":{"@id":"https:\/\/aeronoticias.com.pe\/noticiero\/mundo\/segun-algunos-cientificos-nos-encontramos-en-medio-de-la-llamada-sexta-extincion-masiva\/#primaryimage"},"image":{"@id":"https:\/\/aeronoticias.com.pe\/noticiero\/mundo\/segun-algunos-cientificos-nos-encontramos-en-medio-de-la-llamada-sexta-extincion-masiva\/#primaryimage"},"thumbnailUrl":"https:\/\/aeronoticias.com.pe\/noticiero\/wp-content\/uploads\/2023\/06\/animales.png","datePublished":"2023-06-09T12:00:46+00:00","dateModified":"2023-06-09T13:51:58+00:00","author":{"@id":"https:\/\/aeronoticias.com.pe\/noticiero\/#\/schema\/person\/16212a617c73f78916b13194154243bd"},"description":"Portal de noticias del Per\u00fa sobre el transporte a\u00e9reo, aviaci\u00f3n, turismo, hoteleria, actualidad.","breadcrumb":{"@id":"https:\/\/aeronoticias.com.pe\/noticiero\/mundo\/segun-algunos-cientificos-nos-encontramos-en-medio-de-la-llamada-sexta-extincion-masiva\/#breadcrumb"},"inLanguage":"es","potentialAction":[{"@type":"ReadAction","target":["https:\/\/aeronoticias.com.pe\/noticiero\/mundo\/segun-algunos-cientificos-nos-encontramos-en-medio-de-la-llamada-sexta-extincion-masiva\/"]}]},{"@type":"ImageObject","inLanguage":"es","@id":"https:\/\/aeronoticias.com.pe\/noticiero\/mundo\/segun-algunos-cientificos-nos-encontramos-en-medio-de-la-llamada-sexta-extincion-masiva\/#primaryimage","url":"https:\/\/aeronoticias.com.pe\/noticiero\/wp-content\/uploads\/2023\/06\/animales.png","contentUrl":"https:\/\/aeronoticias.com.pe\/noticiero\/wp-content\/uploads\/2023\/06\/animales.png","width":589,"height":332},{"@type":"BreadcrumbList","@id":"https:\/\/aeronoticias.com.pe\/noticiero\/mundo\/segun-algunos-cientificos-nos-encontramos-en-medio-de-la-llamada-sexta-extincion-masiva\/#breadcrumb","itemListElement":[{"@type":"ListItem","position":1,"name":"Portada","item":"https:\/\/aeronoticias.com.pe\/noticiero\/"},{"@type":"ListItem","position":2,"name":"Seg\u00fan algunos cient\u00edficos, nos encontramos en medio de la llamada \u00absexta extinci\u00f3n masiva\u00bb"}]},{"@type":"WebSite","@id":"https:\/\/aeronoticias.com.pe\/noticiero\/#website","url":"https:\/\/aeronoticias.com.pe\/noticiero\/","name":"Aeronoticias.com.pe","description":"Noticias de tranporte aereo, turismo, hoteles, gastronomia, actualidad, internacional","potentialAction":[{"@type":"SearchAction","target":{"@type":"EntryPoint","urlTemplate":"https:\/\/aeronoticias.com.pe\/noticiero\/?s={search_term_string}"},"query-input":{"@type":"PropertyValueSpecification","valueRequired":true,"valueName":"search_term_string"}}],"inLanguage":"es"},{"@type":"Person","@id":"https:\/\/aeronoticias.com.pe\/noticiero\/#\/schema\/person\/16212a617c73f78916b13194154243bd","name":"Redacci\u00f3n","sameAs":["http:\/\/Redacci\u00f3n"],"url":"https:\/\/aeronoticias.com.pe\/noticiero\/author\/celeste\/"}]}},"_links":{"self":[{"href":"https:\/\/aeronoticias.com.pe\/noticiero\/wp-json\/wp\/v2\/posts\/83554","targetHints":{"allow":["GET"]}}],"collection":[{"href":"https:\/\/aeronoticias.com.pe\/noticiero\/wp-json\/wp\/v2\/posts"}],"about":[{"href":"https:\/\/aeronoticias.com.pe\/noticiero\/wp-json\/wp\/v2\/types\/post"}],"author":[{"embeddable":true,"href":"https:\/\/aeronoticias.com.pe\/noticiero\/wp-json\/wp\/v2\/users\/3"}],"replies":[{"embeddable":true,"href":"https:\/\/aeronoticias.com.pe\/noticiero\/wp-json\/wp\/v2\/comments?post=83554"}],"version-history":[{"count":0,"href":"https:\/\/aeronoticias.com.pe\/noticiero\/wp-json\/wp\/v2\/posts\/83554\/revisions"}],"wp:featuredmedia":[{"embeddable":true,"href":"https:\/\/aeronoticias.com.pe\/noticiero\/wp-json\/wp\/v2\/media\/83561"}],"wp:attachment":[{"href":"https:\/\/aeronoticias.com.pe\/noticiero\/wp-json\/wp\/v2\/media?parent=83554"}],"wp:term":[{"taxonomy":"category","embeddable":true,"href":"https:\/\/aeronoticias.com.pe\/noticiero\/wp-json\/wp\/v2\/categories?post=83554"},{"taxonomy":"post_tag","embeddable":true,"href":"https:\/\/aeronoticias.com.pe\/noticiero\/wp-json\/wp\/v2\/tags?post=83554"}],"curies":[{"name":"wp","href":"https:\/\/api.w.org\/{rel}","templated":true}]}}