{"id":83562,"date":"2023-06-09T07:30:10","date_gmt":"2023-06-09T12:30:10","guid":{"rendered":"https:\/\/aeronoticias.com.pe\/noticiero\/?p=83562"},"modified":"2023-06-09T08:52:31","modified_gmt":"2023-06-09T13:52:31","slug":"el-peru-ha-sido-elegido-para-asumir-la-presidencia-de-la-cumbre-apec-por-tercera-vez","status":"publish","type":"post","link":"https:\/\/aeronoticias.com.pe\/noticiero\/ultimas\/el-peru-ha-sido-elegido-para-asumir-la-presidencia-de-la-cumbre-apec-por-tercera-vez\/","title":{"rendered":"El Per\u00fa ha sido elegido para asumir la Presidencia de la Cumbre APEC por tercera vez"},"content":{"rendered":"\n<p>(Aeronoticias) El Per\u00fa asumir\u00e1 la Presidencia de la Cumbre de la Cooperaci\u00f3n Econ\u00f3mica Asia-Pac\u00edfico (APEC) por tercera vez. Esta decisi\u00f3n se basa en el reconocimiento de la experiencia y liderazgo del Per\u00fa en la regi\u00f3n, as\u00ed como en su compromiso con la promoci\u00f3n del comercio y la cooperaci\u00f3n econ\u00f3mica en el \u00e1rea del Asia-Pac\u00edfico.<\/p>\n\n\n\n<p>APEC (Foro de Cooperaci\u00f3n Econ\u00f3mica Asia-Pac\u00edfico) es un foro multilateral establecido en 1989 con el objetivo de promover el crecimiento y la prosperidad de los pa\u00edses de la regi\u00f3n del Asia-Pac\u00edfico. Sus miembros trabajan en temas relacionados con el intercambio comercial, la coordinaci\u00f3n econ\u00f3mica y la cooperaci\u00f3n mutua. APEC se dedica a fomentar el di\u00e1logo y la colaboraci\u00f3n entre sus integrantes para fortalecer la integraci\u00f3n econ\u00f3mica y promover el desarrollo sostenible en la regi\u00f3n.<\/p>\n\n\n\n<p>El Per\u00fa ya ha desempe\u00f1ado el papel de anfitri\u00f3n de la Cumbre APEC en dos ocasiones anteriores, en los a\u00f1os 2008 y 2016. Durante esos eventos, el pa\u00eds logr\u00f3 promover el di\u00e1logo y la cooperaci\u00f3n entre los pa\u00edses miembros, impulsando la integraci\u00f3n econ\u00f3mica y comercial en la regi\u00f3n.<\/p>\n\n\n\n<p>La designaci\u00f3n del Per\u00fa como pr\u00f3ximo pa\u00eds anfitri\u00f3n refleja el reconocimiento de su compromiso continuo con los principios y objetivos de APEC, que incluyen la promoci\u00f3n del libre comercio, la facilitaci\u00f3n de inversiones, la cooperaci\u00f3n en \u00e1reas como la innovaci\u00f3n, la conectividad y el desarrollo sostenible.<\/p>\n\n\n\n<p>Esta responsabilidad tambi\u00e9n brinda al Per\u00fa la oportunidad de promover su agenda nacional, fomentar el crecimiento econ\u00f3mico y fortalecer los lazos comerciales con los pa\u00edses miembros de APEC. Asimismo, permitir\u00e1 al pa\u00eds contribuir a la b\u00fasqueda de soluciones conjuntas para los desaf\u00edos regionales y globales en el \u00e1mbito econ\u00f3mico.<\/p>\n\n\n\n<p>En conclusi\u00f3n, la elecci\u00f3n del Per\u00fa como pr\u00f3ximo anfitri\u00f3n de la Cumbre APEC por tercera vez es un reconocimiento a su trayectoria en la promoci\u00f3n del comercio y la cooperaci\u00f3n econ\u00f3mica en la regi\u00f3n. Esta designaci\u00f3n permitir\u00e1 al pa\u00eds liderar los esfuerzos para fortalecer los lazos econ\u00f3micos y promover la integraci\u00f3n en el \u00e1rea del Asia-Pac\u00edfico.<\/p>\n\n\n\n<p><em>Fuente: Per\u00fa21<br><\/em><br><em><strong>Por: Sebasti\u00e1n Palacin<\/strong><\/em><\/p>\n","protected":false},"excerpt":{"rendered":"<p>(Aeronoticias) El Per\u00fa asumir\u00e1 la Presidencia de la Cumbre de la Cooperaci\u00f3n Econ\u00f3mica Asia-Pac\u00edfico (APEC) por tercera vez. Esta decisi\u00f3n se basa en el reconocimiento de la experiencia y liderazgo del Per\u00fa en la regi\u00f3n, as\u00ed como en su compromiso con la promoci\u00f3n del comercio y la cooperaci\u00f3n econ\u00f3mica en el \u00e1rea del Asia-Pac\u00edfico. APEC [&hellip;]<\/p>\n","protected":false},"author":3,"featured_media":83566,"comment_status":"open","ping_status":"open","sticky":false,"template":"","format":"standard","meta":{"tdm_status":"","tdm_grid_status":"","footnotes":""},"categories":[8,30],"tags":[],"class_list":{"0":"post-83562","1":"post","2":"type-post","3":"status-publish","4":"format-standard","5":"has-post-thumbnail","7":"category-ultimas","8":"category-30"},"yoast_head":"<!-- This site is optimized with the Yoast SEO plugin v25.1 - https:\/\/yoast.com\/wordpress\/plugins\/seo\/ -->\n<title>El Per\u00fa ha sido elegido para asumir la Presidencia de la Cumbre APEC por tercera vez<\/title>\n<meta name=\"description\" content=\"El Per\u00fa asumir\u00e1 la Presidencia de la Cumbre de la Cooperaci\u00f3n Econ\u00f3mica Asia-Pac\u00edfico (APEC) por tercera vez.\" \/>\n<meta name=\"robots\" content=\"index, follow, max-snippet:-1, max-image-preview:large, max-video-preview:-1\" \/>\n<link rel=\"canonical\" href=\"https:\/\/aeronoticias.com.pe\/noticiero\/ultimas\/el-peru-ha-sido-elegido-para-asumir-la-presidencia-de-la-cumbre-apec-por-tercera-vez\/\" \/>\n<meta property=\"og:locale\" content=\"es_ES\" \/>\n<meta property=\"og:type\" content=\"article\" \/>\n<meta property=\"og:title\" content=\"El Per\u00fa ha sido elegido para asumir la Presidencia de la Cumbre APEC por tercera vez\" \/>\n<meta property=\"og:description\" content=\"El Per\u00fa asumir\u00e1 la Presidencia de la Cumbre de la Cooperaci\u00f3n Econ\u00f3mica Asia-Pac\u00edfico (APEC) por tercera vez.\" \/>\n<meta property=\"og:url\" content=\"https:\/\/aeronoticias.com.pe\/noticiero\/ultimas\/el-peru-ha-sido-elegido-para-asumir-la-presidencia-de-la-cumbre-apec-por-tercera-vez\/\" \/>\n<meta property=\"og:site_name\" content=\"Aeronoticias.com.pe\" \/>\n<meta property=\"article:publisher\" content=\"https:\/\/www.facebook.com\/Aeronoticias.com.pe\/\" \/>\n<meta property=\"article:published_time\" content=\"2023-06-09T12:30:10+00:00\" \/>\n<meta property=\"article:modified_time\" content=\"2023-06-09T13:52:31+00:00\" \/>\n<meta property=\"og:image\" content=\"https:\/\/aeronoticias.com.pe\/noticiero\/wp-content\/uploads\/2023\/06\/apec.jpg\" \/>\n\t<meta property=\"og:image:width\" content=\"1024\" \/>\n\t<meta property=\"og:image:height\" content=\"576\" \/>\n\t<meta property=\"og:image:type\" content=\"image\/jpeg\" \/>\n<meta name=\"author\" content=\"Redacci\u00f3n\" \/>\n<meta name=\"twitter:card\" content=\"summary_large_image\" \/>\n<meta name=\"twitter:creator\" content=\"@aeronoticias\" \/>\n<meta name=\"twitter:site\" content=\"@aeronoticias\" \/>\n<meta name=\"twitter:label1\" content=\"Escrito por\" \/>\n\t<meta name=\"twitter:data1\" content=\"Redacci\u00f3n\" \/>\n\t<meta name=\"twitter:label2\" content=\"Tiempo de lectura\" \/>\n\t<meta name=\"twitter:data2\" content=\"2 minutos\" \/>\n<script type=\"application\/ld+json\" class=\"yoast-schema-graph\">{\"@context\":\"https:\/\/schema.org\",\"@graph\":[{\"@type\":\"WebPage\",\"@id\":\"https:\/\/aeronoticias.com.pe\/noticiero\/ultimas\/el-peru-ha-sido-elegido-para-asumir-la-presidencia-de-la-cumbre-apec-por-tercera-vez\/\",\"url\":\"https:\/\/aeronoticias.com.pe\/noticiero\/ultimas\/el-peru-ha-sido-elegido-para-asumir-la-presidencia-de-la-cumbre-apec-por-tercera-vez\/\",\"name\":\"El Per\u00fa ha sido elegido para asumir la Presidencia de la Cumbre APEC por tercera vez\",\"isPartOf\":{\"@id\":\"https:\/\/aeronoticias.com.pe\/noticiero\/#website\"},\"primaryImageOfPage\":{\"@id\":\"https:\/\/aeronoticias.com.pe\/noticiero\/ultimas\/el-peru-ha-sido-elegido-para-asumir-la-presidencia-de-la-cumbre-apec-por-tercera-vez\/#primaryimage\"},\"image\":{\"@id\":\"https:\/\/aeronoticias.com.pe\/noticiero\/ultimas\/el-peru-ha-sido-elegido-para-asumir-la-presidencia-de-la-cumbre-apec-por-tercera-vez\/#primaryimage\"},\"thumbnailUrl\":\"https:\/\/aeronoticias.com.pe\/noticiero\/wp-content\/uploads\/2023\/06\/apec.jpg\",\"datePublished\":\"2023-06-09T12:30:10+00:00\",\"dateModified\":\"2023-06-09T13:52:31+00:00\",\"author\":{\"@id\":\"https:\/\/aeronoticias.com.pe\/noticiero\/#\/schema\/person\/16212a617c73f78916b13194154243bd\"},\"description\":\"El Per\u00fa asumir\u00e1 la Presidencia de la Cumbre de la Cooperaci\u00f3n Econ\u00f3mica Asia-Pac\u00edfico (APEC) por tercera vez.\",\"breadcrumb\":{\"@id\":\"https:\/\/aeronoticias.com.pe\/noticiero\/ultimas\/el-peru-ha-sido-elegido-para-asumir-la-presidencia-de-la-cumbre-apec-por-tercera-vez\/#breadcrumb\"},\"inLanguage\":\"es\",\"potentialAction\":[{\"@type\":\"ReadAction\",\"target\":[\"https:\/\/aeronoticias.com.pe\/noticiero\/ultimas\/el-peru-ha-sido-elegido-para-asumir-la-presidencia-de-la-cumbre-apec-por-tercera-vez\/\"]}]},{\"@type\":\"ImageObject\",\"inLanguage\":\"es\",\"@id\":\"https:\/\/aeronoticias.com.pe\/noticiero\/ultimas\/el-peru-ha-sido-elegido-para-asumir-la-presidencia-de-la-cumbre-apec-por-tercera-vez\/#primaryimage\",\"url\":\"https:\/\/aeronoticias.com.pe\/noticiero\/wp-content\/uploads\/2023\/06\/apec.jpg\",\"contentUrl\":\"https:\/\/aeronoticias.com.pe\/noticiero\/wp-content\/uploads\/2023\/06\/apec.jpg\",\"width\":1024,\"height\":576},{\"@type\":\"BreadcrumbList\",\"@id\":\"https:\/\/aeronoticias.com.pe\/noticiero\/ultimas\/el-peru-ha-sido-elegido-para-asumir-la-presidencia-de-la-cumbre-apec-por-tercera-vez\/#breadcrumb\",\"itemListElement\":[{\"@type\":\"ListItem\",\"position\":1,\"name\":\"Portada\",\"item\":\"https:\/\/aeronoticias.com.pe\/noticiero\/\"},{\"@type\":\"ListItem\",\"position\":2,\"name\":\"El Per\u00fa ha sido elegido para asumir la Presidencia de la Cumbre APEC por tercera vez\"}]},{\"@type\":\"WebSite\",\"@id\":\"https:\/\/aeronoticias.com.pe\/noticiero\/#website\",\"url\":\"https:\/\/aeronoticias.com.pe\/noticiero\/\",\"name\":\"Aeronoticias.com.pe\",\"description\":\"Noticias de tranporte aereo, turismo, hoteles, gastronomia, actualidad, internacional\",\"potentialAction\":[{\"@type\":\"SearchAction\",\"target\":{\"@type\":\"EntryPoint\",\"urlTemplate\":\"https:\/\/aeronoticias.com.pe\/noticiero\/?s={search_term_string}\"},\"query-input\":{\"@type\":\"PropertyValueSpecification\",\"valueRequired\":true,\"valueName\":\"search_term_string\"}}],\"inLanguage\":\"es\"},{\"@type\":\"Person\",\"@id\":\"https:\/\/aeronoticias.com.pe\/noticiero\/#\/schema\/person\/16212a617c73f78916b13194154243bd\",\"name\":\"Redacci\u00f3n\",\"sameAs\":[\"http:\/\/Redacci\u00f3n\"],\"url\":\"https:\/\/aeronoticias.com.pe\/noticiero\/author\/celeste\/\"}]}<\/script>\n<!-- \/ Yoast SEO plugin. -->","yoast_head_json":{"title":"El Per\u00fa ha sido elegido para asumir la Presidencia de la Cumbre APEC por tercera vez","description":"El Per\u00fa asumir\u00e1 la Presidencia de la Cumbre de la Cooperaci\u00f3n Econ\u00f3mica Asia-Pac\u00edfico (APEC) por tercera vez.","robots":{"index":"index","follow":"follow","max-snippet":"max-snippet:-1","max-image-preview":"max-image-preview:large","max-video-preview":"max-video-preview:-1"},"canonical":"https:\/\/aeronoticias.com.pe\/noticiero\/ultimas\/el-peru-ha-sido-elegido-para-asumir-la-presidencia-de-la-cumbre-apec-por-tercera-vez\/","og_locale":"es_ES","og_type":"article","og_title":"El Per\u00fa ha sido elegido para asumir la Presidencia de la Cumbre APEC por tercera vez","og_description":"El Per\u00fa asumir\u00e1 la Presidencia de la Cumbre de la Cooperaci\u00f3n Econ\u00f3mica Asia-Pac\u00edfico (APEC) por tercera vez.","og_url":"https:\/\/aeronoticias.com.pe\/noticiero\/ultimas\/el-peru-ha-sido-elegido-para-asumir-la-presidencia-de-la-cumbre-apec-por-tercera-vez\/","og_site_name":"Aeronoticias.com.pe","article_publisher":"https:\/\/www.facebook.com\/Aeronoticias.com.pe\/","article_published_time":"2023-06-09T12:30:10+00:00","article_modified_time":"2023-06-09T13:52:31+00:00","og_image":[{"width":1024,"height":576,"url":"https:\/\/aeronoticias.com.pe\/noticiero\/wp-content\/uploads\/2023\/06\/apec.jpg","type":"image\/jpeg"}],"author":"Redacci\u00f3n","twitter_card":"summary_large_image","twitter_creator":"@aeronoticias","twitter_site":"@aeronoticias","twitter_misc":{"Escrito por":"Redacci\u00f3n","Tiempo de lectura":"2 minutos"},"schema":{"@context":"https:\/\/schema.org","@graph":[{"@type":"WebPage","@id":"https:\/\/aeronoticias.com.pe\/noticiero\/ultimas\/el-peru-ha-sido-elegido-para-asumir-la-presidencia-de-la-cumbre-apec-por-tercera-vez\/","url":"https:\/\/aeronoticias.com.pe\/noticiero\/ultimas\/el-peru-ha-sido-elegido-para-asumir-la-presidencia-de-la-cumbre-apec-por-tercera-vez\/","name":"El Per\u00fa ha sido elegido para asumir la Presidencia de la Cumbre APEC por tercera vez","isPartOf":{"@id":"https:\/\/aeronoticias.com.pe\/noticiero\/#website"},"primaryImageOfPage":{"@id":"https:\/\/aeronoticias.com.pe\/noticiero\/ultimas\/el-peru-ha-sido-elegido-para-asumir-la-presidencia-de-la-cumbre-apec-por-tercera-vez\/#primaryimage"},"image":{"@id":"https:\/\/aeronoticias.com.pe\/noticiero\/ultimas\/el-peru-ha-sido-elegido-para-asumir-la-presidencia-de-la-cumbre-apec-por-tercera-vez\/#primaryimage"},"thumbnailUrl":"https:\/\/aeronoticias.com.pe\/noticiero\/wp-content\/uploads\/2023\/06\/apec.jpg","datePublished":"2023-06-09T12:30:10+00:00","dateModified":"2023-06-09T13:52:31+00:00","author":{"@id":"https:\/\/aeronoticias.com.pe\/noticiero\/#\/schema\/person\/16212a617c73f78916b13194154243bd"},"description":"El Per\u00fa asumir\u00e1 la Presidencia de la Cumbre de la Cooperaci\u00f3n Econ\u00f3mica Asia-Pac\u00edfico (APEC) por tercera vez.","breadcrumb":{"@id":"https:\/\/aeronoticias.com.pe\/noticiero\/ultimas\/el-peru-ha-sido-elegido-para-asumir-la-presidencia-de-la-cumbre-apec-por-tercera-vez\/#breadcrumb"},"inLanguage":"es","potentialAction":[{"@type":"ReadAction","target":["https:\/\/aeronoticias.com.pe\/noticiero\/ultimas\/el-peru-ha-sido-elegido-para-asumir-la-presidencia-de-la-cumbre-apec-por-tercera-vez\/"]}]},{"@type":"ImageObject","inLanguage":"es","@id":"https:\/\/aeronoticias.com.pe\/noticiero\/ultimas\/el-peru-ha-sido-elegido-para-asumir-la-presidencia-de-la-cumbre-apec-por-tercera-vez\/#primaryimage","url":"https:\/\/aeronoticias.com.pe\/noticiero\/wp-content\/uploads\/2023\/06\/apec.jpg","contentUrl":"https:\/\/aeronoticias.com.pe\/noticiero\/wp-content\/uploads\/2023\/06\/apec.jpg","width":1024,"height":576},{"@type":"BreadcrumbList","@id":"https:\/\/aeronoticias.com.pe\/noticiero\/ultimas\/el-peru-ha-sido-elegido-para-asumir-la-presidencia-de-la-cumbre-apec-por-tercera-vez\/#breadcrumb","itemListElement":[{"@type":"ListItem","position":1,"name":"Portada","item":"https:\/\/aeronoticias.com.pe\/noticiero\/"},{"@type":"ListItem","position":2,"name":"El Per\u00fa ha sido elegido para asumir la Presidencia de la Cumbre APEC por tercera vez"}]},{"@type":"WebSite","@id":"https:\/\/aeronoticias.com.pe\/noticiero\/#website","url":"https:\/\/aeronoticias.com.pe\/noticiero\/","name":"Aeronoticias.com.pe","description":"Noticias de tranporte aereo, turismo, hoteles, gastronomia, actualidad, internacional","potentialAction":[{"@type":"SearchAction","target":{"@type":"EntryPoint","urlTemplate":"https:\/\/aeronoticias.com.pe\/noticiero\/?s={search_term_string}"},"query-input":{"@type":"PropertyValueSpecification","valueRequired":true,"valueName":"search_term_string"}}],"inLanguage":"es"},{"@type":"Person","@id":"https:\/\/aeronoticias.com.pe\/noticiero\/#\/schema\/person\/16212a617c73f78916b13194154243bd","name":"Redacci\u00f3n","sameAs":["http:\/\/Redacci\u00f3n"],"url":"https:\/\/aeronoticias.com.pe\/noticiero\/author\/celeste\/"}]}},"_links":{"self":[{"href":"https:\/\/aeronoticias.com.pe\/noticiero\/wp-json\/wp\/v2\/posts\/83562","targetHints":{"allow":["GET"]}}],"collection":[{"href":"https:\/\/aeronoticias.com.pe\/noticiero\/wp-json\/wp\/v2\/posts"}],"about":[{"href":"https:\/\/aeronoticias.com.pe\/noticiero\/wp-json\/wp\/v2\/types\/post"}],"author":[{"embeddable":true,"href":"https:\/\/aeronoticias.com.pe\/noticiero\/wp-json\/wp\/v2\/users\/3"}],"replies":[{"embeddable":true,"href":"https:\/\/aeronoticias.com.pe\/noticiero\/wp-json\/wp\/v2\/comments?post=83562"}],"version-history":[{"count":0,"href":"https:\/\/aeronoticias.com.pe\/noticiero\/wp-json\/wp\/v2\/posts\/83562\/revisions"}],"wp:featuredmedia":[{"embeddable":true,"href":"https:\/\/aeronoticias.com.pe\/noticiero\/wp-json\/wp\/v2\/media\/83566"}],"wp:attachment":[{"href":"https:\/\/aeronoticias.com.pe\/noticiero\/wp-json\/wp\/v2\/media?parent=83562"}],"wp:term":[{"taxonomy":"category","embeddable":true,"href":"https:\/\/aeronoticias.com.pe\/noticiero\/wp-json\/wp\/v2\/categories?post=83562"},{"taxonomy":"post_tag","embeddable":true,"href":"https:\/\/aeronoticias.com.pe\/noticiero\/wp-json\/wp\/v2\/tags?post=83562"}],"curies":[{"name":"wp","href":"https:\/\/api.w.org\/{rel}","templated":true}]}}