{"id":83567,"date":"2023-06-09T08:00:11","date_gmt":"2023-06-09T13:00:11","guid":{"rendered":"https:\/\/aeronoticias.com.pe\/noticiero\/?p=83567"},"modified":"2023-06-09T09:00:54","modified_gmt":"2023-06-09T14:00:54","slug":"guinea-ecuatorial-el-unico-pais-africano-con-espanol-como-idioma-oficial-y-un-vinculo-oculto-con-peru","status":"publish","type":"post","link":"https:\/\/aeronoticias.com.pe\/noticiero\/ultimas\/guinea-ecuatorial-el-unico-pais-africano-con-espanol-como-idioma-oficial-y-un-vinculo-oculto-con-peru\/","title":{"rendered":"\u00abGuinea Ecuatorial: El \u00fanico pa\u00eds africano con espa\u00f1ol como idioma oficial y un v\u00ednculo oculto con Per\u00fa\u00bb"},"content":{"rendered":"\n<p>(Aeronoticias) Llamamos a Guinea Ecuatorial \u00abel \u00fanico pa\u00eds africano con espa\u00f1ol como idioma oficial\u00bb debido a que es el \u00fanico pa\u00eds en \u00c1frica donde el espa\u00f1ol es reconocido oficialmente como lengua. Esto se debe a la historia colonial de Guinea Ecuatorial, que fue una colonia espa\u00f1ola hasta su independencia en 1968.<\/p>\n\n\n\n<p>En el continente africano, hay un pa\u00eds que se destaca por ser el \u00fanico con el espa\u00f1ol como idioma oficial, al igual que en Am\u00e9rica del Sur se encuentra la Rep\u00fablica Cooperativa de Guyana, que habla ingl\u00e9s en territorio hispanohablante. Aunque la distancia geogr\u00e1fica entre este pa\u00eds africano y Per\u00fa sea considerable, de m\u00e1s de 11.000 km, existe un v\u00ednculo que acerca a ambas naciones.<\/p>\n\n\n\n<p>En el Golfo de Guinea se encuentra Guinea Ecuatorial, el \u00fanico pa\u00eds africano que tiene al espa\u00f1ol como idioma oficial. Este pa\u00eds tiene una formaci\u00f3n tanto insular como continental, limitando al norte con Camer\u00fan y al sur con Gab\u00f3n y Santo Tom\u00e9 y Pr\u00edncipe.<\/p>\n\n\n\n<p>Adem\u00e1s del espa\u00f1ol, Guinea Ecuatorial tambi\u00e9n reconoce al franc\u00e9s y al portugu\u00e9s como idiomas oficiales, pero el espa\u00f1ol es considerado la lengua de uso institucional y vehicular. Seg\u00fan datos del Instituto Nacional de Estad\u00edstica de Guinea Ecuatorial (INEGE) de 2022, la poblaci\u00f3n de este territorio supera el mill\u00f3n de habitantes.<\/p>\n\n\n\n<p>Respecto al \u00abv\u00ednculo oculto con Per\u00fa\u00bb, podemos destacar que Guinea Ecuatorial y Per\u00fa han establecido relaciones diplom\u00e1ticas y cooperaci\u00f3n en varios \u00e1mbitos, aunque no son tan conocidas o ampliamente divulgadas como las relaciones de Guinea Ecuatorial con otros pa\u00edses de habla hispana.<\/p>\n\n\n\n<p>Estos v\u00ednculos incluyen intercambios culturales, cooperaci\u00f3n t\u00e9cnica y econ\u00f3mica, as\u00ed como la presencia de ciudadanos peruanos en Guinea Ecuatorial, tanto en el \u00e1mbito empresarial como en la cooperaci\u00f3n educativa y sanitaria.<br>Si bien estos v\u00ednculos no son ampliamente conocidos o discutidos en comparaci\u00f3n con otros pa\u00edses, como Espa\u00f1a o Francia, existe una relaci\u00f3n bilateral entre Guinea Ecuatorial y Per\u00fa que ha contribuido a fortalecer los lazos entre ambos pa\u00edses a lo largo de los a\u00f1os.<\/p>\n\n\n\n<p>Tanto Guinea Ecuatorial como Per\u00fa comparten un pasado hist\u00f3rico com\u00fan, ya que ambos pa\u00edses estuvieron bajo el dominio espa\u00f1ol. En el caso de Per\u00fa, se estableci\u00f3 un virreinato durante la \u00e9poca colonial, mientras que Guinea Ecuatorial fue una colonia espa\u00f1ola hasta que obtuvo su independencia y se convirti\u00f3 en miembro de las Naciones Unidas. Esta conexi\u00f3n hist\u00f3rica entre ambos pa\u00edses ha dejado una influencia cultural y ling\u00fc\u00edstica significativa en ambas naciones.<\/p>\n\n\n\n<p><strong><em>Fuente: La Rep\u00fablica<\/em><\/strong><\/p>\n\n\n\n<p><em>Por: Sebasti\u00e1n Palacin<\/em><\/p>\n","protected":false},"excerpt":{"rendered":"<p>(Aeronoticias) Llamamos a Guinea Ecuatorial \u00abel \u00fanico pa\u00eds africano con espa\u00f1ol como idioma oficial\u00bb debido a que es el \u00fanico pa\u00eds en \u00c1frica donde el espa\u00f1ol es reconocido oficialmente como lengua. Esto se debe a la historia colonial de Guinea Ecuatorial, que fue una colonia espa\u00f1ola hasta su independencia en 1968. En el continente africano, [&hellip;]<\/p>\n","protected":false},"author":3,"featured_media":83572,"comment_status":"open","ping_status":"open","sticky":false,"template":"","format":"standard","meta":{"tdm_status":"","tdm_grid_status":"","footnotes":""},"categories":[8,30],"tags":[],"class_list":{"0":"post-83567","1":"post","2":"type-post","3":"status-publish","4":"format-standard","5":"has-post-thumbnail","7":"category-ultimas","8":"category-30"},"yoast_head":"<!-- This site is optimized with the Yoast SEO plugin v25.1 - https:\/\/yoast.com\/wordpress\/plugins\/seo\/ -->\n<title>&quot;Guinea Ecuatorial: El \u00fanico pa\u00eds africano con espa\u00f1ol como idioma oficial y un v\u00ednculo oculto con Per\u00fa&quot;<\/title>\n<meta name=\"description\" content=\"Llamamos a Guinea Ecuatorial &quot;el \u00fanico pa\u00eds africano con espa\u00f1ol como idioma oficial&quot; debido a que es el \u00fanico pa\u00eds en \u00c1frica donde el espa\u00f1ol es reconocido oficialmente como lengua.\" \/>\n<meta name=\"robots\" content=\"index, follow, max-snippet:-1, max-image-preview:large, max-video-preview:-1\" \/>\n<link rel=\"canonical\" href=\"https:\/\/aeronoticias.com.pe\/noticiero\/ultimas\/guinea-ecuatorial-el-unico-pais-africano-con-espanol-como-idioma-oficial-y-un-vinculo-oculto-con-peru\/\" \/>\n<meta property=\"og:locale\" content=\"es_ES\" \/>\n<meta property=\"og:type\" content=\"article\" \/>\n<meta property=\"og:title\" content=\"&quot;Guinea Ecuatorial: El \u00fanico pa\u00eds africano con espa\u00f1ol como idioma oficial y un v\u00ednculo oculto con Per\u00fa&quot;\" \/>\n<meta property=\"og:description\" content=\"Llamamos a Guinea Ecuatorial &quot;el \u00fanico pa\u00eds africano con espa\u00f1ol como idioma oficial&quot; debido a que es el \u00fanico pa\u00eds en \u00c1frica donde el espa\u00f1ol es reconocido oficialmente como lengua.\" \/>\n<meta property=\"og:url\" content=\"https:\/\/aeronoticias.com.pe\/noticiero\/ultimas\/guinea-ecuatorial-el-unico-pais-africano-con-espanol-como-idioma-oficial-y-un-vinculo-oculto-con-peru\/\" \/>\n<meta property=\"og:site_name\" content=\"Aeronoticias.com.pe\" \/>\n<meta property=\"article:publisher\" content=\"https:\/\/www.facebook.com\/Aeronoticias.com.pe\/\" \/>\n<meta property=\"article:published_time\" content=\"2023-06-09T13:00:11+00:00\" \/>\n<meta property=\"article:modified_time\" content=\"2023-06-09T14:00:54+00:00\" \/>\n<meta property=\"og:image\" content=\"https:\/\/aeronoticias.com.pe\/noticiero\/wp-content\/uploads\/2023\/06\/ge.jpg\" \/>\n\t<meta property=\"og:image:width\" content=\"450\" \/>\n\t<meta property=\"og:image:height\" content=\"245\" \/>\n\t<meta property=\"og:image:type\" content=\"image\/jpeg\" \/>\n<meta name=\"author\" content=\"Redacci\u00f3n\" \/>\n<meta name=\"twitter:card\" content=\"summary_large_image\" \/>\n<meta name=\"twitter:creator\" content=\"@aeronoticias\" \/>\n<meta name=\"twitter:site\" content=\"@aeronoticias\" \/>\n<meta name=\"twitter:label1\" content=\"Escrito por\" \/>\n\t<meta name=\"twitter:data1\" content=\"Redacci\u00f3n\" \/>\n\t<meta name=\"twitter:label2\" content=\"Tiempo de lectura\" \/>\n\t<meta name=\"twitter:data2\" content=\"2 minutos\" \/>\n<script type=\"application\/ld+json\" class=\"yoast-schema-graph\">{\"@context\":\"https:\/\/schema.org\",\"@graph\":[{\"@type\":\"WebPage\",\"@id\":\"https:\/\/aeronoticias.com.pe\/noticiero\/ultimas\/guinea-ecuatorial-el-unico-pais-africano-con-espanol-como-idioma-oficial-y-un-vinculo-oculto-con-peru\/\",\"url\":\"https:\/\/aeronoticias.com.pe\/noticiero\/ultimas\/guinea-ecuatorial-el-unico-pais-africano-con-espanol-como-idioma-oficial-y-un-vinculo-oculto-con-peru\/\",\"name\":\"\\\"Guinea Ecuatorial: El \u00fanico pa\u00eds africano con espa\u00f1ol como idioma oficial y un v\u00ednculo oculto con Per\u00fa\\\"\",\"isPartOf\":{\"@id\":\"https:\/\/aeronoticias.com.pe\/noticiero\/#website\"},\"primaryImageOfPage\":{\"@id\":\"https:\/\/aeronoticias.com.pe\/noticiero\/ultimas\/guinea-ecuatorial-el-unico-pais-africano-con-espanol-como-idioma-oficial-y-un-vinculo-oculto-con-peru\/#primaryimage\"},\"image\":{\"@id\":\"https:\/\/aeronoticias.com.pe\/noticiero\/ultimas\/guinea-ecuatorial-el-unico-pais-africano-con-espanol-como-idioma-oficial-y-un-vinculo-oculto-con-peru\/#primaryimage\"},\"thumbnailUrl\":\"https:\/\/aeronoticias.com.pe\/noticiero\/wp-content\/uploads\/2023\/06\/ge.jpg\",\"datePublished\":\"2023-06-09T13:00:11+00:00\",\"dateModified\":\"2023-06-09T14:00:54+00:00\",\"author\":{\"@id\":\"https:\/\/aeronoticias.com.pe\/noticiero\/#\/schema\/person\/16212a617c73f78916b13194154243bd\"},\"description\":\"Llamamos a Guinea Ecuatorial \\\"el \u00fanico pa\u00eds africano con espa\u00f1ol como idioma oficial\\\" debido a que es el \u00fanico pa\u00eds en \u00c1frica donde el espa\u00f1ol es reconocido oficialmente como lengua.\",\"breadcrumb\":{\"@id\":\"https:\/\/aeronoticias.com.pe\/noticiero\/ultimas\/guinea-ecuatorial-el-unico-pais-africano-con-espanol-como-idioma-oficial-y-un-vinculo-oculto-con-peru\/#breadcrumb\"},\"inLanguage\":\"es\",\"potentialAction\":[{\"@type\":\"ReadAction\",\"target\":[\"https:\/\/aeronoticias.com.pe\/noticiero\/ultimas\/guinea-ecuatorial-el-unico-pais-africano-con-espanol-como-idioma-oficial-y-un-vinculo-oculto-con-peru\/\"]}]},{\"@type\":\"ImageObject\",\"inLanguage\":\"es\",\"@id\":\"https:\/\/aeronoticias.com.pe\/noticiero\/ultimas\/guinea-ecuatorial-el-unico-pais-africano-con-espanol-como-idioma-oficial-y-un-vinculo-oculto-con-peru\/#primaryimage\",\"url\":\"https:\/\/aeronoticias.com.pe\/noticiero\/wp-content\/uploads\/2023\/06\/ge.jpg\",\"contentUrl\":\"https:\/\/aeronoticias.com.pe\/noticiero\/wp-content\/uploads\/2023\/06\/ge.jpg\",\"width\":450,\"height\":245},{\"@type\":\"BreadcrumbList\",\"@id\":\"https:\/\/aeronoticias.com.pe\/noticiero\/ultimas\/guinea-ecuatorial-el-unico-pais-africano-con-espanol-como-idioma-oficial-y-un-vinculo-oculto-con-peru\/#breadcrumb\",\"itemListElement\":[{\"@type\":\"ListItem\",\"position\":1,\"name\":\"Portada\",\"item\":\"https:\/\/aeronoticias.com.pe\/noticiero\/\"},{\"@type\":\"ListItem\",\"position\":2,\"name\":\"\u00abGuinea Ecuatorial: El \u00fanico pa\u00eds africano con espa\u00f1ol como idioma oficial y un v\u00ednculo oculto con Per\u00fa\u00bb\"}]},{\"@type\":\"WebSite\",\"@id\":\"https:\/\/aeronoticias.com.pe\/noticiero\/#website\",\"url\":\"https:\/\/aeronoticias.com.pe\/noticiero\/\",\"name\":\"Aeronoticias.com.pe\",\"description\":\"Noticias de tranporte aereo, turismo, hoteles, gastronomia, actualidad, internacional\",\"potentialAction\":[{\"@type\":\"SearchAction\",\"target\":{\"@type\":\"EntryPoint\",\"urlTemplate\":\"https:\/\/aeronoticias.com.pe\/noticiero\/?s={search_term_string}\"},\"query-input\":{\"@type\":\"PropertyValueSpecification\",\"valueRequired\":true,\"valueName\":\"search_term_string\"}}],\"inLanguage\":\"es\"},{\"@type\":\"Person\",\"@id\":\"https:\/\/aeronoticias.com.pe\/noticiero\/#\/schema\/person\/16212a617c73f78916b13194154243bd\",\"name\":\"Redacci\u00f3n\",\"sameAs\":[\"http:\/\/Redacci\u00f3n\"],\"url\":\"https:\/\/aeronoticias.com.pe\/noticiero\/author\/celeste\/\"}]}<\/script>\n<!-- \/ Yoast SEO plugin. -->","yoast_head_json":{"title":"\"Guinea Ecuatorial: El \u00fanico pa\u00eds africano con espa\u00f1ol como idioma oficial y un v\u00ednculo oculto con Per\u00fa\"","description":"Llamamos a Guinea Ecuatorial \"el \u00fanico pa\u00eds africano con espa\u00f1ol como idioma oficial\" debido a que es el \u00fanico pa\u00eds en \u00c1frica donde el espa\u00f1ol es reconocido oficialmente como lengua.","robots":{"index":"index","follow":"follow","max-snippet":"max-snippet:-1","max-image-preview":"max-image-preview:large","max-video-preview":"max-video-preview:-1"},"canonical":"https:\/\/aeronoticias.com.pe\/noticiero\/ultimas\/guinea-ecuatorial-el-unico-pais-africano-con-espanol-como-idioma-oficial-y-un-vinculo-oculto-con-peru\/","og_locale":"es_ES","og_type":"article","og_title":"\"Guinea Ecuatorial: El \u00fanico pa\u00eds africano con espa\u00f1ol como idioma oficial y un v\u00ednculo oculto con Per\u00fa\"","og_description":"Llamamos a Guinea Ecuatorial \"el \u00fanico pa\u00eds africano con espa\u00f1ol como idioma oficial\" debido a que es el \u00fanico pa\u00eds en \u00c1frica donde el espa\u00f1ol es reconocido oficialmente como lengua.","og_url":"https:\/\/aeronoticias.com.pe\/noticiero\/ultimas\/guinea-ecuatorial-el-unico-pais-africano-con-espanol-como-idioma-oficial-y-un-vinculo-oculto-con-peru\/","og_site_name":"Aeronoticias.com.pe","article_publisher":"https:\/\/www.facebook.com\/Aeronoticias.com.pe\/","article_published_time":"2023-06-09T13:00:11+00:00","article_modified_time":"2023-06-09T14:00:54+00:00","og_image":[{"width":450,"height":245,"url":"https:\/\/aeronoticias.com.pe\/noticiero\/wp-content\/uploads\/2023\/06\/ge.jpg","type":"image\/jpeg"}],"author":"Redacci\u00f3n","twitter_card":"summary_large_image","twitter_creator":"@aeronoticias","twitter_site":"@aeronoticias","twitter_misc":{"Escrito por":"Redacci\u00f3n","Tiempo de lectura":"2 minutos"},"schema":{"@context":"https:\/\/schema.org","@graph":[{"@type":"WebPage","@id":"https:\/\/aeronoticias.com.pe\/noticiero\/ultimas\/guinea-ecuatorial-el-unico-pais-africano-con-espanol-como-idioma-oficial-y-un-vinculo-oculto-con-peru\/","url":"https:\/\/aeronoticias.com.pe\/noticiero\/ultimas\/guinea-ecuatorial-el-unico-pais-africano-con-espanol-como-idioma-oficial-y-un-vinculo-oculto-con-peru\/","name":"\"Guinea Ecuatorial: El \u00fanico pa\u00eds africano con espa\u00f1ol como idioma oficial y un v\u00ednculo oculto con Per\u00fa\"","isPartOf":{"@id":"https:\/\/aeronoticias.com.pe\/noticiero\/#website"},"primaryImageOfPage":{"@id":"https:\/\/aeronoticias.com.pe\/noticiero\/ultimas\/guinea-ecuatorial-el-unico-pais-africano-con-espanol-como-idioma-oficial-y-un-vinculo-oculto-con-peru\/#primaryimage"},"image":{"@id":"https:\/\/aeronoticias.com.pe\/noticiero\/ultimas\/guinea-ecuatorial-el-unico-pais-africano-con-espanol-como-idioma-oficial-y-un-vinculo-oculto-con-peru\/#primaryimage"},"thumbnailUrl":"https:\/\/aeronoticias.com.pe\/noticiero\/wp-content\/uploads\/2023\/06\/ge.jpg","datePublished":"2023-06-09T13:00:11+00:00","dateModified":"2023-06-09T14:00:54+00:00","author":{"@id":"https:\/\/aeronoticias.com.pe\/noticiero\/#\/schema\/person\/16212a617c73f78916b13194154243bd"},"description":"Llamamos a Guinea Ecuatorial \"el \u00fanico pa\u00eds africano con espa\u00f1ol como idioma oficial\" debido a que es el \u00fanico pa\u00eds en \u00c1frica donde el espa\u00f1ol es reconocido oficialmente como lengua.","breadcrumb":{"@id":"https:\/\/aeronoticias.com.pe\/noticiero\/ultimas\/guinea-ecuatorial-el-unico-pais-africano-con-espanol-como-idioma-oficial-y-un-vinculo-oculto-con-peru\/#breadcrumb"},"inLanguage":"es","potentialAction":[{"@type":"ReadAction","target":["https:\/\/aeronoticias.com.pe\/noticiero\/ultimas\/guinea-ecuatorial-el-unico-pais-africano-con-espanol-como-idioma-oficial-y-un-vinculo-oculto-con-peru\/"]}]},{"@type":"ImageObject","inLanguage":"es","@id":"https:\/\/aeronoticias.com.pe\/noticiero\/ultimas\/guinea-ecuatorial-el-unico-pais-africano-con-espanol-como-idioma-oficial-y-un-vinculo-oculto-con-peru\/#primaryimage","url":"https:\/\/aeronoticias.com.pe\/noticiero\/wp-content\/uploads\/2023\/06\/ge.jpg","contentUrl":"https:\/\/aeronoticias.com.pe\/noticiero\/wp-content\/uploads\/2023\/06\/ge.jpg","width":450,"height":245},{"@type":"BreadcrumbList","@id":"https:\/\/aeronoticias.com.pe\/noticiero\/ultimas\/guinea-ecuatorial-el-unico-pais-africano-con-espanol-como-idioma-oficial-y-un-vinculo-oculto-con-peru\/#breadcrumb","itemListElement":[{"@type":"ListItem","position":1,"name":"Portada","item":"https:\/\/aeronoticias.com.pe\/noticiero\/"},{"@type":"ListItem","position":2,"name":"\u00abGuinea Ecuatorial: El \u00fanico pa\u00eds africano con espa\u00f1ol como idioma oficial y un v\u00ednculo oculto con Per\u00fa\u00bb"}]},{"@type":"WebSite","@id":"https:\/\/aeronoticias.com.pe\/noticiero\/#website","url":"https:\/\/aeronoticias.com.pe\/noticiero\/","name":"Aeronoticias.com.pe","description":"Noticias de tranporte aereo, turismo, hoteles, gastronomia, actualidad, internacional","potentialAction":[{"@type":"SearchAction","target":{"@type":"EntryPoint","urlTemplate":"https:\/\/aeronoticias.com.pe\/noticiero\/?s={search_term_string}"},"query-input":{"@type":"PropertyValueSpecification","valueRequired":true,"valueName":"search_term_string"}}],"inLanguage":"es"},{"@type":"Person","@id":"https:\/\/aeronoticias.com.pe\/noticiero\/#\/schema\/person\/16212a617c73f78916b13194154243bd","name":"Redacci\u00f3n","sameAs":["http:\/\/Redacci\u00f3n"],"url":"https:\/\/aeronoticias.com.pe\/noticiero\/author\/celeste\/"}]}},"_links":{"self":[{"href":"https:\/\/aeronoticias.com.pe\/noticiero\/wp-json\/wp\/v2\/posts\/83567","targetHints":{"allow":["GET"]}}],"collection":[{"href":"https:\/\/aeronoticias.com.pe\/noticiero\/wp-json\/wp\/v2\/posts"}],"about":[{"href":"https:\/\/aeronoticias.com.pe\/noticiero\/wp-json\/wp\/v2\/types\/post"}],"author":[{"embeddable":true,"href":"https:\/\/aeronoticias.com.pe\/noticiero\/wp-json\/wp\/v2\/users\/3"}],"replies":[{"embeddable":true,"href":"https:\/\/aeronoticias.com.pe\/noticiero\/wp-json\/wp\/v2\/comments?post=83567"}],"version-history":[{"count":0,"href":"https:\/\/aeronoticias.com.pe\/noticiero\/wp-json\/wp\/v2\/posts\/83567\/revisions"}],"wp:featuredmedia":[{"embeddable":true,"href":"https:\/\/aeronoticias.com.pe\/noticiero\/wp-json\/wp\/v2\/media\/83572"}],"wp:attachment":[{"href":"https:\/\/aeronoticias.com.pe\/noticiero\/wp-json\/wp\/v2\/media?parent=83567"}],"wp:term":[{"taxonomy":"category","embeddable":true,"href":"https:\/\/aeronoticias.com.pe\/noticiero\/wp-json\/wp\/v2\/categories?post=83567"},{"taxonomy":"post_tag","embeddable":true,"href":"https:\/\/aeronoticias.com.pe\/noticiero\/wp-json\/wp\/v2\/tags?post=83567"}],"curies":[{"name":"wp","href":"https:\/\/api.w.org\/{rel}","templated":true}]}}