{"id":83573,"date":"2023-06-09T10:33:55","date_gmt":"2023-06-09T15:33:55","guid":{"rendered":"https:\/\/aeronoticias.com.pe\/noticiero\/?p=83573"},"modified":"2023-06-09T10:34:02","modified_gmt":"2023-06-09T15:34:02","slug":"se-convoca-a-la-comunidad-juridica-y-a-la-prensa-al-retiro-de-la-placa-de-la-ex-decana-maria-elena-portocarrero-y-junta-directiva-cal-periodo-2018-febrero-2022","status":"publish","type":"post","link":"https:\/\/aeronoticias.com.pe\/noticiero\/ultimas\/1\/se-convoca-a-la-comunidad-juridica-y-a-la-prensa-al-retiro-de-la-placa-de-la-ex-decana-maria-elena-portocarrero-y-junta-directiva-cal-periodo-2018-febrero-2022\/","title":{"rendered":"Se convoca a la comunidad jur\u00eddica y a la prensa al retiro de la placa de la Ex Decana Mar\u00eda Elena Portocarrero y Junta Directiva CAL periodo 2018 &#8211; febrero 2022"},"content":{"rendered":"\n<p><strong>(Aeronoticias)<\/strong>: Se invita a la Comunidad Jur\u00eddica y Medios de Prensa al retiro de la placa recordatoria de la Ex Decana Mar\u00eda Elena Portocarrero Zamora y Junta Directiva CAL periodo 2018 &#8211; Febrero 2022<\/p>\n\n\n\n<p><strong>Esta moci\u00f3n aprobada por 54 valientes Delegados<\/strong> <\/p>\n\n\n\n<p><strong>Con fecha 18\/11\/2022 <\/strong>en la Asamblea General Ordinaria (Continuaci\u00f3n de la Asamblea del 21\/10\/2022), la abogada y gremialista Mercedes Morocho Arias, present\u00f3 la Moci\u00f3n N\u00b0 09, la misma que solicitaba a la magna Asamblea el retiro de la placa de la gesti\u00f3n Portocarrero (2018-febrero 2022), por no haber ayudado, ni haber mostrado solidaridad con los abogados durante la pandemia, teniendo un policl\u00ednico cerrado), siendo la referida moci\u00f3n, aprobada de manera hist\u00f3rica por 54 valerosos Delegados, 3 en contra, 1 abstenci\u00f3n.<\/p>\n\n\n\n<div class=\"wp-block-image\"><figure class=\"aligncenter size-large is-resized\"><img loading=\"lazy\" decoding=\"async\" src=\"https:\/\/aeronoticias.com.pe\/noticiero\/wp-content\/uploads\/2023\/06\/nota1.jpg\" alt=\"\" class=\"wp-image-83576\" width=\"434\" height=\"586\" srcset=\"https:\/\/aeronoticias.com.pe\/noticiero\/wp-content\/uploads\/2023\/06\/nota1.jpg 314w, https:\/\/aeronoticias.com.pe\/noticiero\/wp-content\/uploads\/2023\/06\/nota1-222x300.jpg 222w, https:\/\/aeronoticias.com.pe\/noticiero\/wp-content\/uploads\/2023\/06\/nota1-150x203.jpg 150w, https:\/\/aeronoticias.com.pe\/noticiero\/wp-content\/uploads\/2023\/06\/nota1-300x405.jpg 300w\" sizes=\"auto, (max-width: 434px) 100vw, 434px\" \/><\/figure><\/div>\n\n\n\n<p><strong>Fecha del retiro de la Placa<\/strong><\/p>\n\n\n\n<p>Se llevar\u00e1 a cabo el d\u00eda Lunes 12 de junio 2023 hora 12:00 pm hora exacta. Mercedes Morocho Arias Abogada Comunicadora Social autora de la Moci\u00f3n. Se solicita Puntualidad.<\/p>\n\n\n\n<p>Mercedes Morocho Arias, Abogada y Comunicadora Social &#8211; Autora de la Moci\u00f3n.<\/p>\n\n\n\n<p>p\u00e1gina facebook: Mercedes Morocho Arias <\/p>\n\n\n\n<p><strong>Por: Abogada Mercedes Morocho Arias<\/strong><\/p>\n","protected":false},"excerpt":{"rendered":"<p>(Aeronoticias): Se invita a la Comunidad Jur\u00eddica y Medios de Prensa al retiro de la placa recordatoria de la Ex Decana Mar\u00eda Elena Portocarrero Zamora y Junta Directiva CAL periodo 2018 &#8211; Febrero 2022 Esta moci\u00f3n aprobada por 54 valientes Delegados Con fecha 18\/11\/2022 en la Asamblea General Ordinaria (Continuaci\u00f3n de la Asamblea del 21\/10\/2022), [&hellip;]<\/p>\n","protected":false},"author":3,"featured_media":83575,"comment_status":"open","ping_status":"open","sticky":false,"template":"","format":"standard","meta":{"tdm_status":"","tdm_grid_status":"","footnotes":""},"categories":[8,30],"tags":[419,3070,3071],"class_list":{"0":"post-83573","1":"post","2":"type-post","3":"status-publish","4":"format-standard","5":"has-post-thumbnail","7":"category-ultimas","8":"category-30","9":"tag-cal","10":"tag-junta-directiva-cal","11":"tag-maria-elena-portocarrero"},"yoast_head":"<!-- This site is optimized with the Yoast SEO plugin v25.1 - https:\/\/yoast.com\/wordpress\/plugins\/seo\/ -->\n<title>Se convoca a la comunidad jur\u00eddica y a la prensa al retiro de la placa de la Ex Decana Mar\u00eda Elena Portocarrero y Junta Directiva CAL periodo 2018 - febrero 2022<\/title>\n<meta name=\"description\" content=\"Esta moci\u00f3n aprobada por 54 valientes Delegados.\" \/>\n<meta name=\"robots\" content=\"index, follow, max-snippet:-1, max-image-preview:large, max-video-preview:-1\" \/>\n<link rel=\"canonical\" href=\"https:\/\/aeronoticias.com.pe\/noticiero\/ultimas\/1\/se-convoca-a-la-comunidad-juridica-y-a-la-prensa-al-retiro-de-la-placa-de-la-ex-decana-maria-elena-portocarrero-y-junta-directiva-cal-periodo-2018-febrero-2022\/\" \/>\n<meta property=\"og:locale\" content=\"es_ES\" \/>\n<meta property=\"og:type\" content=\"article\" \/>\n<meta property=\"og:title\" content=\"Se convoca a la comunidad jur\u00eddica y a la prensa al retiro de la placa de la Ex Decana Mar\u00eda Elena Portocarrero y Junta Directiva CAL periodo 2018 - febrero 2022\" \/>\n<meta property=\"og:description\" content=\"Esta moci\u00f3n aprobada por 54 valientes Delegados.\" \/>\n<meta property=\"og:url\" content=\"https:\/\/aeronoticias.com.pe\/noticiero\/ultimas\/1\/se-convoca-a-la-comunidad-juridica-y-a-la-prensa-al-retiro-de-la-placa-de-la-ex-decana-maria-elena-portocarrero-y-junta-directiva-cal-periodo-2018-febrero-2022\/\" \/>\n<meta property=\"og:site_name\" content=\"Aeronoticias.com.pe\" \/>\n<meta property=\"article:publisher\" content=\"https:\/\/www.facebook.com\/Aeronoticias.com.pe\/\" \/>\n<meta property=\"article:published_time\" content=\"2023-06-09T15:33:55+00:00\" \/>\n<meta property=\"article:modified_time\" content=\"2023-06-09T15:34:02+00:00\" \/>\n<meta property=\"og:image\" content=\"https:\/\/aeronoticias.com.pe\/noticiero\/wp-content\/uploads\/2023\/06\/moro2.jpg\" \/>\n\t<meta property=\"og:image:width\" content=\"964\" \/>\n\t<meta property=\"og:image:height\" content=\"860\" \/>\n\t<meta property=\"og:image:type\" content=\"image\/jpeg\" \/>\n<meta name=\"author\" content=\"Redacci\u00f3n\" \/>\n<meta name=\"twitter:card\" content=\"summary_large_image\" \/>\n<meta name=\"twitter:creator\" content=\"@aeronoticias\" \/>\n<meta name=\"twitter:site\" content=\"@aeronoticias\" \/>\n<meta name=\"twitter:label1\" content=\"Escrito por\" \/>\n\t<meta name=\"twitter:data1\" content=\"Redacci\u00f3n\" \/>\n\t<meta name=\"twitter:label2\" content=\"Tiempo de lectura\" \/>\n\t<meta name=\"twitter:data2\" content=\"1 minuto\" \/>\n<script type=\"application\/ld+json\" class=\"yoast-schema-graph\">{\"@context\":\"https:\/\/schema.org\",\"@graph\":[{\"@type\":\"WebPage\",\"@id\":\"https:\/\/aeronoticias.com.pe\/noticiero\/ultimas\/1\/se-convoca-a-la-comunidad-juridica-y-a-la-prensa-al-retiro-de-la-placa-de-la-ex-decana-maria-elena-portocarrero-y-junta-directiva-cal-periodo-2018-febrero-2022\/\",\"url\":\"https:\/\/aeronoticias.com.pe\/noticiero\/ultimas\/1\/se-convoca-a-la-comunidad-juridica-y-a-la-prensa-al-retiro-de-la-placa-de-la-ex-decana-maria-elena-portocarrero-y-junta-directiva-cal-periodo-2018-febrero-2022\/\",\"name\":\"Se convoca a la comunidad jur\u00eddica y a la prensa al retiro de la placa de la Ex Decana Mar\u00eda Elena Portocarrero y Junta Directiva CAL periodo 2018 - febrero 2022\",\"isPartOf\":{\"@id\":\"https:\/\/aeronoticias.com.pe\/noticiero\/#website\"},\"primaryImageOfPage\":{\"@id\":\"https:\/\/aeronoticias.com.pe\/noticiero\/ultimas\/1\/se-convoca-a-la-comunidad-juridica-y-a-la-prensa-al-retiro-de-la-placa-de-la-ex-decana-maria-elena-portocarrero-y-junta-directiva-cal-periodo-2018-febrero-2022\/#primaryimage\"},\"image\":{\"@id\":\"https:\/\/aeronoticias.com.pe\/noticiero\/ultimas\/1\/se-convoca-a-la-comunidad-juridica-y-a-la-prensa-al-retiro-de-la-placa-de-la-ex-decana-maria-elena-portocarrero-y-junta-directiva-cal-periodo-2018-febrero-2022\/#primaryimage\"},\"thumbnailUrl\":\"https:\/\/aeronoticias.com.pe\/noticiero\/wp-content\/uploads\/2023\/06\/moro2.jpg\",\"datePublished\":\"2023-06-09T15:33:55+00:00\",\"dateModified\":\"2023-06-09T15:34:02+00:00\",\"author\":{\"@id\":\"https:\/\/aeronoticias.com.pe\/noticiero\/#\/schema\/person\/16212a617c73f78916b13194154243bd\"},\"description\":\"Esta moci\u00f3n aprobada por 54 valientes Delegados.\",\"breadcrumb\":{\"@id\":\"https:\/\/aeronoticias.com.pe\/noticiero\/ultimas\/1\/se-convoca-a-la-comunidad-juridica-y-a-la-prensa-al-retiro-de-la-placa-de-la-ex-decana-maria-elena-portocarrero-y-junta-directiva-cal-periodo-2018-febrero-2022\/#breadcrumb\"},\"inLanguage\":\"es\",\"potentialAction\":[{\"@type\":\"ReadAction\",\"target\":[\"https:\/\/aeronoticias.com.pe\/noticiero\/ultimas\/1\/se-convoca-a-la-comunidad-juridica-y-a-la-prensa-al-retiro-de-la-placa-de-la-ex-decana-maria-elena-portocarrero-y-junta-directiva-cal-periodo-2018-febrero-2022\/\"]}]},{\"@type\":\"ImageObject\",\"inLanguage\":\"es\",\"@id\":\"https:\/\/aeronoticias.com.pe\/noticiero\/ultimas\/1\/se-convoca-a-la-comunidad-juridica-y-a-la-prensa-al-retiro-de-la-placa-de-la-ex-decana-maria-elena-portocarrero-y-junta-directiva-cal-periodo-2018-febrero-2022\/#primaryimage\",\"url\":\"https:\/\/aeronoticias.com.pe\/noticiero\/wp-content\/uploads\/2023\/06\/moro2.jpg\",\"contentUrl\":\"https:\/\/aeronoticias.com.pe\/noticiero\/wp-content\/uploads\/2023\/06\/moro2.jpg\",\"width\":964,\"height\":860},{\"@type\":\"BreadcrumbList\",\"@id\":\"https:\/\/aeronoticias.com.pe\/noticiero\/ultimas\/1\/se-convoca-a-la-comunidad-juridica-y-a-la-prensa-al-retiro-de-la-placa-de-la-ex-decana-maria-elena-portocarrero-y-junta-directiva-cal-periodo-2018-febrero-2022\/#breadcrumb\",\"itemListElement\":[{\"@type\":\"ListItem\",\"position\":1,\"name\":\"Portada\",\"item\":\"https:\/\/aeronoticias.com.pe\/noticiero\/\"},{\"@type\":\"ListItem\",\"position\":2,\"name\":\"Se convoca a la comunidad jur\u00eddica y a la prensa al retiro de la placa de la Ex Decana Mar\u00eda Elena Portocarrero y Junta Directiva CAL periodo 2018 &#8211; febrero 2022\"}]},{\"@type\":\"WebSite\",\"@id\":\"https:\/\/aeronoticias.com.pe\/noticiero\/#website\",\"url\":\"https:\/\/aeronoticias.com.pe\/noticiero\/\",\"name\":\"Aeronoticias.com.pe\",\"description\":\"Noticias de tranporte aereo, turismo, hoteles, gastronomia, actualidad, internacional\",\"potentialAction\":[{\"@type\":\"SearchAction\",\"target\":{\"@type\":\"EntryPoint\",\"urlTemplate\":\"https:\/\/aeronoticias.com.pe\/noticiero\/?s={search_term_string}\"},\"query-input\":{\"@type\":\"PropertyValueSpecification\",\"valueRequired\":true,\"valueName\":\"search_term_string\"}}],\"inLanguage\":\"es\"},{\"@type\":\"Person\",\"@id\":\"https:\/\/aeronoticias.com.pe\/noticiero\/#\/schema\/person\/16212a617c73f78916b13194154243bd\",\"name\":\"Redacci\u00f3n\",\"sameAs\":[\"http:\/\/Redacci\u00f3n\"],\"url\":\"https:\/\/aeronoticias.com.pe\/noticiero\/author\/celeste\/\"}]}<\/script>\n<!-- \/ Yoast SEO plugin. -->","yoast_head_json":{"title":"Se convoca a la comunidad jur\u00eddica y a la prensa al retiro de la placa de la Ex Decana Mar\u00eda Elena Portocarrero y Junta Directiva CAL periodo 2018 - febrero 2022","description":"Esta moci\u00f3n aprobada por 54 valientes Delegados.","robots":{"index":"index","follow":"follow","max-snippet":"max-snippet:-1","max-image-preview":"max-image-preview:large","max-video-preview":"max-video-preview:-1"},"canonical":"https:\/\/aeronoticias.com.pe\/noticiero\/ultimas\/1\/se-convoca-a-la-comunidad-juridica-y-a-la-prensa-al-retiro-de-la-placa-de-la-ex-decana-maria-elena-portocarrero-y-junta-directiva-cal-periodo-2018-febrero-2022\/","og_locale":"es_ES","og_type":"article","og_title":"Se convoca a la comunidad jur\u00eddica y a la prensa al retiro de la placa de la Ex Decana Mar\u00eda Elena Portocarrero y Junta Directiva CAL periodo 2018 - febrero 2022","og_description":"Esta moci\u00f3n aprobada por 54 valientes Delegados.","og_url":"https:\/\/aeronoticias.com.pe\/noticiero\/ultimas\/1\/se-convoca-a-la-comunidad-juridica-y-a-la-prensa-al-retiro-de-la-placa-de-la-ex-decana-maria-elena-portocarrero-y-junta-directiva-cal-periodo-2018-febrero-2022\/","og_site_name":"Aeronoticias.com.pe","article_publisher":"https:\/\/www.facebook.com\/Aeronoticias.com.pe\/","article_published_time":"2023-06-09T15:33:55+00:00","article_modified_time":"2023-06-09T15:34:02+00:00","og_image":[{"width":964,"height":860,"url":"https:\/\/aeronoticias.com.pe\/noticiero\/wp-content\/uploads\/2023\/06\/moro2.jpg","type":"image\/jpeg"}],"author":"Redacci\u00f3n","twitter_card":"summary_large_image","twitter_creator":"@aeronoticias","twitter_site":"@aeronoticias","twitter_misc":{"Escrito por":"Redacci\u00f3n","Tiempo de lectura":"1 minuto"},"schema":{"@context":"https:\/\/schema.org","@graph":[{"@type":"WebPage","@id":"https:\/\/aeronoticias.com.pe\/noticiero\/ultimas\/1\/se-convoca-a-la-comunidad-juridica-y-a-la-prensa-al-retiro-de-la-placa-de-la-ex-decana-maria-elena-portocarrero-y-junta-directiva-cal-periodo-2018-febrero-2022\/","url":"https:\/\/aeronoticias.com.pe\/noticiero\/ultimas\/1\/se-convoca-a-la-comunidad-juridica-y-a-la-prensa-al-retiro-de-la-placa-de-la-ex-decana-maria-elena-portocarrero-y-junta-directiva-cal-periodo-2018-febrero-2022\/","name":"Se convoca a la comunidad jur\u00eddica y a la prensa al retiro de la placa de la Ex Decana Mar\u00eda Elena Portocarrero y Junta Directiva CAL periodo 2018 - febrero 2022","isPartOf":{"@id":"https:\/\/aeronoticias.com.pe\/noticiero\/#website"},"primaryImageOfPage":{"@id":"https:\/\/aeronoticias.com.pe\/noticiero\/ultimas\/1\/se-convoca-a-la-comunidad-juridica-y-a-la-prensa-al-retiro-de-la-placa-de-la-ex-decana-maria-elena-portocarrero-y-junta-directiva-cal-periodo-2018-febrero-2022\/#primaryimage"},"image":{"@id":"https:\/\/aeronoticias.com.pe\/noticiero\/ultimas\/1\/se-convoca-a-la-comunidad-juridica-y-a-la-prensa-al-retiro-de-la-placa-de-la-ex-decana-maria-elena-portocarrero-y-junta-directiva-cal-periodo-2018-febrero-2022\/#primaryimage"},"thumbnailUrl":"https:\/\/aeronoticias.com.pe\/noticiero\/wp-content\/uploads\/2023\/06\/moro2.jpg","datePublished":"2023-06-09T15:33:55+00:00","dateModified":"2023-06-09T15:34:02+00:00","author":{"@id":"https:\/\/aeronoticias.com.pe\/noticiero\/#\/schema\/person\/16212a617c73f78916b13194154243bd"},"description":"Esta moci\u00f3n aprobada por 54 valientes Delegados.","breadcrumb":{"@id":"https:\/\/aeronoticias.com.pe\/noticiero\/ultimas\/1\/se-convoca-a-la-comunidad-juridica-y-a-la-prensa-al-retiro-de-la-placa-de-la-ex-decana-maria-elena-portocarrero-y-junta-directiva-cal-periodo-2018-febrero-2022\/#breadcrumb"},"inLanguage":"es","potentialAction":[{"@type":"ReadAction","target":["https:\/\/aeronoticias.com.pe\/noticiero\/ultimas\/1\/se-convoca-a-la-comunidad-juridica-y-a-la-prensa-al-retiro-de-la-placa-de-la-ex-decana-maria-elena-portocarrero-y-junta-directiva-cal-periodo-2018-febrero-2022\/"]}]},{"@type":"ImageObject","inLanguage":"es","@id":"https:\/\/aeronoticias.com.pe\/noticiero\/ultimas\/1\/se-convoca-a-la-comunidad-juridica-y-a-la-prensa-al-retiro-de-la-placa-de-la-ex-decana-maria-elena-portocarrero-y-junta-directiva-cal-periodo-2018-febrero-2022\/#primaryimage","url":"https:\/\/aeronoticias.com.pe\/noticiero\/wp-content\/uploads\/2023\/06\/moro2.jpg","contentUrl":"https:\/\/aeronoticias.com.pe\/noticiero\/wp-content\/uploads\/2023\/06\/moro2.jpg","width":964,"height":860},{"@type":"BreadcrumbList","@id":"https:\/\/aeronoticias.com.pe\/noticiero\/ultimas\/1\/se-convoca-a-la-comunidad-juridica-y-a-la-prensa-al-retiro-de-la-placa-de-la-ex-decana-maria-elena-portocarrero-y-junta-directiva-cal-periodo-2018-febrero-2022\/#breadcrumb","itemListElement":[{"@type":"ListItem","position":1,"name":"Portada","item":"https:\/\/aeronoticias.com.pe\/noticiero\/"},{"@type":"ListItem","position":2,"name":"Se convoca a la comunidad jur\u00eddica y a la prensa al retiro de la placa de la Ex Decana Mar\u00eda Elena Portocarrero y Junta Directiva CAL periodo 2018 &#8211; febrero 2022"}]},{"@type":"WebSite","@id":"https:\/\/aeronoticias.com.pe\/noticiero\/#website","url":"https:\/\/aeronoticias.com.pe\/noticiero\/","name":"Aeronoticias.com.pe","description":"Noticias de tranporte aereo, turismo, hoteles, gastronomia, actualidad, internacional","potentialAction":[{"@type":"SearchAction","target":{"@type":"EntryPoint","urlTemplate":"https:\/\/aeronoticias.com.pe\/noticiero\/?s={search_term_string}"},"query-input":{"@type":"PropertyValueSpecification","valueRequired":true,"valueName":"search_term_string"}}],"inLanguage":"es"},{"@type":"Person","@id":"https:\/\/aeronoticias.com.pe\/noticiero\/#\/schema\/person\/16212a617c73f78916b13194154243bd","name":"Redacci\u00f3n","sameAs":["http:\/\/Redacci\u00f3n"],"url":"https:\/\/aeronoticias.com.pe\/noticiero\/author\/celeste\/"}]}},"_links":{"self":[{"href":"https:\/\/aeronoticias.com.pe\/noticiero\/wp-json\/wp\/v2\/posts\/83573","targetHints":{"allow":["GET"]}}],"collection":[{"href":"https:\/\/aeronoticias.com.pe\/noticiero\/wp-json\/wp\/v2\/posts"}],"about":[{"href":"https:\/\/aeronoticias.com.pe\/noticiero\/wp-json\/wp\/v2\/types\/post"}],"author":[{"embeddable":true,"href":"https:\/\/aeronoticias.com.pe\/noticiero\/wp-json\/wp\/v2\/users\/3"}],"replies":[{"embeddable":true,"href":"https:\/\/aeronoticias.com.pe\/noticiero\/wp-json\/wp\/v2\/comments?post=83573"}],"version-history":[{"count":0,"href":"https:\/\/aeronoticias.com.pe\/noticiero\/wp-json\/wp\/v2\/posts\/83573\/revisions"}],"wp:featuredmedia":[{"embeddable":true,"href":"https:\/\/aeronoticias.com.pe\/noticiero\/wp-json\/wp\/v2\/media\/83575"}],"wp:attachment":[{"href":"https:\/\/aeronoticias.com.pe\/noticiero\/wp-json\/wp\/v2\/media?parent=83573"}],"wp:term":[{"taxonomy":"category","embeddable":true,"href":"https:\/\/aeronoticias.com.pe\/noticiero\/wp-json\/wp\/v2\/categories?post=83573"},{"taxonomy":"post_tag","embeddable":true,"href":"https:\/\/aeronoticias.com.pe\/noticiero\/wp-json\/wp\/v2\/tags?post=83573"}],"curies":[{"name":"wp","href":"https:\/\/api.w.org\/{rel}","templated":true}]}}