{"id":83578,"date":"2023-06-09T11:10:39","date_gmt":"2023-06-09T16:10:39","guid":{"rendered":"https:\/\/aeronoticias.com.pe\/noticiero\/?p=83578"},"modified":"2023-06-09T11:10:52","modified_gmt":"2023-06-09T16:10:52","slug":"delta-lanza-el-mayor-programa-transatlantico-de-su-historia","status":"publish","type":"post","link":"https:\/\/aeronoticias.com.pe\/noticiero\/internacionales\/delta-lanza-el-mayor-programa-transatlantico-de-su-historia\/","title":{"rendered":"Delta lanza el mayor programa transatl\u00e1ntico de su historia"},"content":{"rendered":"\n<p><strong>(Aeronoticias)<\/strong>: <strong>Delta Air Lines\u00a0<\/strong>lanz\u00f3 su mayor programa transatl\u00e1ntico de la historia, donde los clientes de la aerol\u00ednea podr\u00e1n disfrutar de m\u00e1s de 650 vuelos semanales, lo que supone un notable aumento del 30% en la capacidad de asientos de la compa\u00f1\u00eda en comparaci\u00f3n con 2022.<\/p>\n\n\n\n<p>La oferta incluye un total de 77 rutas a 32 destinos de Europa y m\u00e1s all\u00e1. En los \u00faltimos tres meses, la aerol\u00ednea ha puesto en marcha o reiniciado 31 de estas rutas, la mayor\u00eda con origen en los centros clave de Delta en Atlanta, Detroit, Los \u00c1ngeles y Nueva York-JFK.<\/p>\n\n\n\n<p><strong>DESDE ATLANTA<\/strong><\/p>\n\n\n\n<p>En marzo, Delta renov\u00f3 una conexi\u00f3n diaria entre Atlanta y Tel Aviv. En mayo, la aerol\u00ednea tambi\u00e9n introdujo nuevos vuelos diarios entre Atlanta y Niza, Francia, complementando el servicio existente desde Nueva York-JFK, que se ha convertido en una de las rutas estacionales m\u00e1s solicitadas de la compa\u00f1\u00eda.<\/p>\n\n\n\n<p><strong><em><a href=\"https:\/\/aviacionaldia.com\/2023\/05\/delta-anuncia-una-nueva-ruta-entre-boston-y-ciudad-de-mexico.html\">Delta anuncia una nueva ruta entre Boston y Ciudad de M\u00e9xico<\/a><\/em><\/strong><\/p>\n\n\n\n<p>Los clientes de Atlanta pueden volar ahora directamente a Edimburgo, Escocia, tras el lanzamiento en mayo de un nuevo servicio diario, que se suma al ya existente desde Nueva York-JFK y Boston.<\/p>\n\n\n\n<p><strong>DESDE LOS \u00c1NGELES<\/strong><\/p>\n\n\n\n<p>Como la mayor aerol\u00ednea global en LAX, Delta reforz\u00f3 su posici\u00f3n de liderazgo al volver a conectar con Par\u00eds durante todo el a\u00f1o y una ruta diaria que servir\u00e1 como punto de conexi\u00f3n crucial para los pr\u00f3ximos Juegos Ol\u00edmpicos y Paral\u00edmpicos de 2024 en Par\u00eds y LA28.<\/p>\n\n\n\n<p>Delta tambi\u00e9n ha respondido a la gran demanda de viajes de verano reanudando el servicio diario sin escalas de Los \u00c1ngeles a Londres-Heathrow.<\/p>\n\n\n\n<p><strong>DESDE NUEVA YORK-JFK<\/strong><\/p>\n\n\n\n<p>Delta ha establecido nuevos r\u00e9cords en el aeropuerto JFK de Nueva York con su mayor programaci\u00f3n transatl\u00e1ntica desde ese centro de conexiones. Con m\u00e1s de 230 salidas semanales a 26 destinos, esta programaci\u00f3n incluye nuevas incorporaciones como Ginebra y el regreso de vuelos de temporada a Reikiavik (Islandia), Venecia (Italia), Praga, Niza y Copenhague (Dinamarca).<\/p>\n\n\n\n<p>La aerol\u00ednea tambi\u00e9n regres\u00f3 a Londres-Gatwick tras 15 a\u00f1os de ausencia y restableci\u00f3 sus vuelos a Berl\u00edn, con lo que su capacidad de vuelo volvi\u00f3 a los niveles previos a la pandemia de 2019.<\/p>\n\n\n\n<p><strong>DESDE DETROIT<\/strong><\/p>\n\n\n\n<p>Esta misma semana, Delta lanz\u00f3 vuelos diarios desde Detroit a Roma. Adem\u00e1s, la reciente introducci\u00f3n por parte de la aerol\u00ednea de un nuevo servicio diario a Reikiavik abri\u00f3 todo un nuevo abanico de posibilidades para los clientes en busca de aventuras.<\/p>\n\n\n\n<p>En la mayor\u00eda de los vuelos transatl\u00e1nticos, los viajeros pueden elegir entre cuatro cabinas: Delta One o Delta One Suites, Delta Premium Select, Delta Comfort+ y Cabina Principal.<\/p>\n\n\n\n<p><strong>Fuente: Aviaci\u00f3naldia.com<\/strong><\/p>\n","protected":false},"excerpt":{"rendered":"<p>(Aeronoticias): Delta Air Lines\u00a0lanz\u00f3 su mayor programa transatl\u00e1ntico de la historia, donde los clientes de la aerol\u00ednea podr\u00e1n disfrutar de m\u00e1s de 650 vuelos semanales, lo que supone un notable aumento del 30% en la capacidad de asientos de la compa\u00f1\u00eda en comparaci\u00f3n con 2022. La oferta incluye un total de 77 rutas a 32 [&hellip;]<\/p>\n","protected":false},"author":3,"featured_media":83579,"comment_status":"open","ping_status":"open","sticky":false,"template":"","format":"standard","meta":{"tdm_status":"","tdm_grid_status":"","footnotes":""},"categories":[32,34],"tags":[329,3072],"class_list":{"0":"post-83578","1":"post","2":"type-post","3":"status-publish","4":"format-standard","5":"has-post-thumbnail","7":"category-internacional","8":"category-internacionales","9":"tag-delta-air-lines","10":"tag-lax"},"yoast_head":"<!-- This site is optimized with the Yoast SEO plugin v25.1 - https:\/\/yoast.com\/wordpress\/plugins\/seo\/ -->\n<title>Delta lanza el mayor programa transatl\u00e1ntico de su historia<\/title>\n<meta name=\"description\" content=\"Portal de noticias del Per\u00fa sobre el transporte a\u00e9reo, aviaci\u00f3n, turismo, hoteleria, actualidad.\" \/>\n<meta name=\"robots\" content=\"index, follow, max-snippet:-1, max-image-preview:large, max-video-preview:-1\" \/>\n<link rel=\"canonical\" href=\"https:\/\/aeronoticias.com.pe\/noticiero\/internacionales\/delta-lanza-el-mayor-programa-transatlantico-de-su-historia\/\" \/>\n<meta property=\"og:locale\" content=\"es_ES\" \/>\n<meta property=\"og:type\" content=\"article\" \/>\n<meta property=\"og:title\" content=\"Delta lanza el mayor programa transatl\u00e1ntico de su historia\" \/>\n<meta property=\"og:description\" content=\"Portal de noticias del Per\u00fa sobre el transporte a\u00e9reo, aviaci\u00f3n, turismo, hoteleria, actualidad.\" \/>\n<meta property=\"og:url\" content=\"https:\/\/aeronoticias.com.pe\/noticiero\/internacionales\/delta-lanza-el-mayor-programa-transatlantico-de-su-historia\/\" \/>\n<meta property=\"og:site_name\" content=\"Aeronoticias.com.pe\" \/>\n<meta property=\"article:publisher\" content=\"https:\/\/www.facebook.com\/Aeronoticias.com.pe\/\" \/>\n<meta property=\"article:published_time\" content=\"2023-06-09T16:10:39+00:00\" \/>\n<meta property=\"article:modified_time\" content=\"2023-06-09T16:10:52+00:00\" \/>\n<meta property=\"og:image\" content=\"https:\/\/aeronoticias.com.pe\/noticiero\/wp-content\/uploads\/2023\/06\/delga.jpg\" \/>\n\t<meta property=\"og:image:width\" content=\"800\" \/>\n\t<meta property=\"og:image:height\" content=\"400\" \/>\n\t<meta property=\"og:image:type\" content=\"image\/jpeg\" \/>\n<meta name=\"author\" content=\"Redacci\u00f3n\" \/>\n<meta name=\"twitter:card\" content=\"summary_large_image\" \/>\n<meta name=\"twitter:creator\" content=\"@aeronoticias\" \/>\n<meta name=\"twitter:site\" content=\"@aeronoticias\" \/>\n<meta name=\"twitter:label1\" content=\"Escrito por\" \/>\n\t<meta name=\"twitter:data1\" content=\"Redacci\u00f3n\" \/>\n\t<meta name=\"twitter:label2\" content=\"Tiempo de lectura\" \/>\n\t<meta name=\"twitter:data2\" content=\"2 minutos\" \/>\n<script type=\"application\/ld+json\" class=\"yoast-schema-graph\">{\"@context\":\"https:\/\/schema.org\",\"@graph\":[{\"@type\":\"WebPage\",\"@id\":\"https:\/\/aeronoticias.com.pe\/noticiero\/internacionales\/delta-lanza-el-mayor-programa-transatlantico-de-su-historia\/\",\"url\":\"https:\/\/aeronoticias.com.pe\/noticiero\/internacionales\/delta-lanza-el-mayor-programa-transatlantico-de-su-historia\/\",\"name\":\"Delta lanza el mayor programa transatl\u00e1ntico de su historia\",\"isPartOf\":{\"@id\":\"https:\/\/aeronoticias.com.pe\/noticiero\/#website\"},\"primaryImageOfPage\":{\"@id\":\"https:\/\/aeronoticias.com.pe\/noticiero\/internacionales\/delta-lanza-el-mayor-programa-transatlantico-de-su-historia\/#primaryimage\"},\"image\":{\"@id\":\"https:\/\/aeronoticias.com.pe\/noticiero\/internacionales\/delta-lanza-el-mayor-programa-transatlantico-de-su-historia\/#primaryimage\"},\"thumbnailUrl\":\"https:\/\/aeronoticias.com.pe\/noticiero\/wp-content\/uploads\/2023\/06\/delga.jpg\",\"datePublished\":\"2023-06-09T16:10:39+00:00\",\"dateModified\":\"2023-06-09T16:10:52+00:00\",\"author\":{\"@id\":\"https:\/\/aeronoticias.com.pe\/noticiero\/#\/schema\/person\/16212a617c73f78916b13194154243bd\"},\"description\":\"Portal de noticias del Per\u00fa sobre el transporte a\u00e9reo, aviaci\u00f3n, turismo, hoteleria, actualidad.\",\"breadcrumb\":{\"@id\":\"https:\/\/aeronoticias.com.pe\/noticiero\/internacionales\/delta-lanza-el-mayor-programa-transatlantico-de-su-historia\/#breadcrumb\"},\"inLanguage\":\"es\",\"potentialAction\":[{\"@type\":\"ReadAction\",\"target\":[\"https:\/\/aeronoticias.com.pe\/noticiero\/internacionales\/delta-lanza-el-mayor-programa-transatlantico-de-su-historia\/\"]}]},{\"@type\":\"ImageObject\",\"inLanguage\":\"es\",\"@id\":\"https:\/\/aeronoticias.com.pe\/noticiero\/internacionales\/delta-lanza-el-mayor-programa-transatlantico-de-su-historia\/#primaryimage\",\"url\":\"https:\/\/aeronoticias.com.pe\/noticiero\/wp-content\/uploads\/2023\/06\/delga.jpg\",\"contentUrl\":\"https:\/\/aeronoticias.com.pe\/noticiero\/wp-content\/uploads\/2023\/06\/delga.jpg\",\"width\":800,\"height\":400},{\"@type\":\"BreadcrumbList\",\"@id\":\"https:\/\/aeronoticias.com.pe\/noticiero\/internacionales\/delta-lanza-el-mayor-programa-transatlantico-de-su-historia\/#breadcrumb\",\"itemListElement\":[{\"@type\":\"ListItem\",\"position\":1,\"name\":\"Portada\",\"item\":\"https:\/\/aeronoticias.com.pe\/noticiero\/\"},{\"@type\":\"ListItem\",\"position\":2,\"name\":\"Delta lanza el mayor programa transatl\u00e1ntico de su historia\"}]},{\"@type\":\"WebSite\",\"@id\":\"https:\/\/aeronoticias.com.pe\/noticiero\/#website\",\"url\":\"https:\/\/aeronoticias.com.pe\/noticiero\/\",\"name\":\"Aeronoticias.com.pe\",\"description\":\"Noticias de tranporte aereo, turismo, hoteles, gastronomia, actualidad, internacional\",\"potentialAction\":[{\"@type\":\"SearchAction\",\"target\":{\"@type\":\"EntryPoint\",\"urlTemplate\":\"https:\/\/aeronoticias.com.pe\/noticiero\/?s={search_term_string}\"},\"query-input\":{\"@type\":\"PropertyValueSpecification\",\"valueRequired\":true,\"valueName\":\"search_term_string\"}}],\"inLanguage\":\"es\"},{\"@type\":\"Person\",\"@id\":\"https:\/\/aeronoticias.com.pe\/noticiero\/#\/schema\/person\/16212a617c73f78916b13194154243bd\",\"name\":\"Redacci\u00f3n\",\"sameAs\":[\"http:\/\/Redacci\u00f3n\"],\"url\":\"https:\/\/aeronoticias.com.pe\/noticiero\/author\/celeste\/\"}]}<\/script>\n<!-- \/ Yoast SEO plugin. -->","yoast_head_json":{"title":"Delta lanza el mayor programa transatl\u00e1ntico de su historia","description":"Portal de noticias del Per\u00fa sobre el transporte a\u00e9reo, aviaci\u00f3n, turismo, hoteleria, actualidad.","robots":{"index":"index","follow":"follow","max-snippet":"max-snippet:-1","max-image-preview":"max-image-preview:large","max-video-preview":"max-video-preview:-1"},"canonical":"https:\/\/aeronoticias.com.pe\/noticiero\/internacionales\/delta-lanza-el-mayor-programa-transatlantico-de-su-historia\/","og_locale":"es_ES","og_type":"article","og_title":"Delta lanza el mayor programa transatl\u00e1ntico de su historia","og_description":"Portal de noticias del Per\u00fa sobre el transporte a\u00e9reo, aviaci\u00f3n, turismo, hoteleria, actualidad.","og_url":"https:\/\/aeronoticias.com.pe\/noticiero\/internacionales\/delta-lanza-el-mayor-programa-transatlantico-de-su-historia\/","og_site_name":"Aeronoticias.com.pe","article_publisher":"https:\/\/www.facebook.com\/Aeronoticias.com.pe\/","article_published_time":"2023-06-09T16:10:39+00:00","article_modified_time":"2023-06-09T16:10:52+00:00","og_image":[{"width":800,"height":400,"url":"https:\/\/aeronoticias.com.pe\/noticiero\/wp-content\/uploads\/2023\/06\/delga.jpg","type":"image\/jpeg"}],"author":"Redacci\u00f3n","twitter_card":"summary_large_image","twitter_creator":"@aeronoticias","twitter_site":"@aeronoticias","twitter_misc":{"Escrito por":"Redacci\u00f3n","Tiempo de lectura":"2 minutos"},"schema":{"@context":"https:\/\/schema.org","@graph":[{"@type":"WebPage","@id":"https:\/\/aeronoticias.com.pe\/noticiero\/internacionales\/delta-lanza-el-mayor-programa-transatlantico-de-su-historia\/","url":"https:\/\/aeronoticias.com.pe\/noticiero\/internacionales\/delta-lanza-el-mayor-programa-transatlantico-de-su-historia\/","name":"Delta lanza el mayor programa transatl\u00e1ntico de su historia","isPartOf":{"@id":"https:\/\/aeronoticias.com.pe\/noticiero\/#website"},"primaryImageOfPage":{"@id":"https:\/\/aeronoticias.com.pe\/noticiero\/internacionales\/delta-lanza-el-mayor-programa-transatlantico-de-su-historia\/#primaryimage"},"image":{"@id":"https:\/\/aeronoticias.com.pe\/noticiero\/internacionales\/delta-lanza-el-mayor-programa-transatlantico-de-su-historia\/#primaryimage"},"thumbnailUrl":"https:\/\/aeronoticias.com.pe\/noticiero\/wp-content\/uploads\/2023\/06\/delga.jpg","datePublished":"2023-06-09T16:10:39+00:00","dateModified":"2023-06-09T16:10:52+00:00","author":{"@id":"https:\/\/aeronoticias.com.pe\/noticiero\/#\/schema\/person\/16212a617c73f78916b13194154243bd"},"description":"Portal de noticias del Per\u00fa sobre el transporte a\u00e9reo, aviaci\u00f3n, turismo, hoteleria, actualidad.","breadcrumb":{"@id":"https:\/\/aeronoticias.com.pe\/noticiero\/internacionales\/delta-lanza-el-mayor-programa-transatlantico-de-su-historia\/#breadcrumb"},"inLanguage":"es","potentialAction":[{"@type":"ReadAction","target":["https:\/\/aeronoticias.com.pe\/noticiero\/internacionales\/delta-lanza-el-mayor-programa-transatlantico-de-su-historia\/"]}]},{"@type":"ImageObject","inLanguage":"es","@id":"https:\/\/aeronoticias.com.pe\/noticiero\/internacionales\/delta-lanza-el-mayor-programa-transatlantico-de-su-historia\/#primaryimage","url":"https:\/\/aeronoticias.com.pe\/noticiero\/wp-content\/uploads\/2023\/06\/delga.jpg","contentUrl":"https:\/\/aeronoticias.com.pe\/noticiero\/wp-content\/uploads\/2023\/06\/delga.jpg","width":800,"height":400},{"@type":"BreadcrumbList","@id":"https:\/\/aeronoticias.com.pe\/noticiero\/internacionales\/delta-lanza-el-mayor-programa-transatlantico-de-su-historia\/#breadcrumb","itemListElement":[{"@type":"ListItem","position":1,"name":"Portada","item":"https:\/\/aeronoticias.com.pe\/noticiero\/"},{"@type":"ListItem","position":2,"name":"Delta lanza el mayor programa transatl\u00e1ntico de su historia"}]},{"@type":"WebSite","@id":"https:\/\/aeronoticias.com.pe\/noticiero\/#website","url":"https:\/\/aeronoticias.com.pe\/noticiero\/","name":"Aeronoticias.com.pe","description":"Noticias de tranporte aereo, turismo, hoteles, gastronomia, actualidad, internacional","potentialAction":[{"@type":"SearchAction","target":{"@type":"EntryPoint","urlTemplate":"https:\/\/aeronoticias.com.pe\/noticiero\/?s={search_term_string}"},"query-input":{"@type":"PropertyValueSpecification","valueRequired":true,"valueName":"search_term_string"}}],"inLanguage":"es"},{"@type":"Person","@id":"https:\/\/aeronoticias.com.pe\/noticiero\/#\/schema\/person\/16212a617c73f78916b13194154243bd","name":"Redacci\u00f3n","sameAs":["http:\/\/Redacci\u00f3n"],"url":"https:\/\/aeronoticias.com.pe\/noticiero\/author\/celeste\/"}]}},"_links":{"self":[{"href":"https:\/\/aeronoticias.com.pe\/noticiero\/wp-json\/wp\/v2\/posts\/83578","targetHints":{"allow":["GET"]}}],"collection":[{"href":"https:\/\/aeronoticias.com.pe\/noticiero\/wp-json\/wp\/v2\/posts"}],"about":[{"href":"https:\/\/aeronoticias.com.pe\/noticiero\/wp-json\/wp\/v2\/types\/post"}],"author":[{"embeddable":true,"href":"https:\/\/aeronoticias.com.pe\/noticiero\/wp-json\/wp\/v2\/users\/3"}],"replies":[{"embeddable":true,"href":"https:\/\/aeronoticias.com.pe\/noticiero\/wp-json\/wp\/v2\/comments?post=83578"}],"version-history":[{"count":0,"href":"https:\/\/aeronoticias.com.pe\/noticiero\/wp-json\/wp\/v2\/posts\/83578\/revisions"}],"wp:featuredmedia":[{"embeddable":true,"href":"https:\/\/aeronoticias.com.pe\/noticiero\/wp-json\/wp\/v2\/media\/83579"}],"wp:attachment":[{"href":"https:\/\/aeronoticias.com.pe\/noticiero\/wp-json\/wp\/v2\/media?parent=83578"}],"wp:term":[{"taxonomy":"category","embeddable":true,"href":"https:\/\/aeronoticias.com.pe\/noticiero\/wp-json\/wp\/v2\/categories?post=83578"},{"taxonomy":"post_tag","embeddable":true,"href":"https:\/\/aeronoticias.com.pe\/noticiero\/wp-json\/wp\/v2\/tags?post=83578"}],"curies":[{"name":"wp","href":"https:\/\/api.w.org\/{rel}","templated":true}]}}