{"id":83591,"date":"2023-06-09T09:00:33","date_gmt":"2023-06-09T14:00:33","guid":{"rendered":"https:\/\/aeronoticias.com.pe\/noticiero\/?p=83591"},"modified":"2023-06-09T16:52:38","modified_gmt":"2023-06-09T21:52:38","slug":"canada-elimina-el-requisito-de-visa-para-cuatro-paises-de-latinoamericanos","status":"publish","type":"post","link":"https:\/\/aeronoticias.com.pe\/noticiero\/mundo\/canada-elimina-el-requisito-de-visa-para-cuatro-paises-de-latinoamericanos\/","title":{"rendered":"Canad\u00e1 elimina el requisito de Visa para cuatro pa\u00edses de Latinoamericanos"},"content":{"rendered":"\n<p>(Aeronoticias) Canad\u00e1 ha anunciado que los ciudadanos de Argentina, Uruguay, Costa Rica y Panam\u00e1 podr\u00e1n ingresar a su territorio por v\u00eda a\u00e9rea sin necesidad de visa, gracias al Programa de Autorizaci\u00f3n Electr\u00f3nica de Viaje (eTA, por sus siglas en ingl\u00e9s). La medida entr\u00f3 en vigencia este martes, seg\u00fan lo informado por el Ministerio de Relaciones Exteriores de Canad\u00e1.<\/p>\n\n\n\n<p>El gobierno de Canad\u00e1 ha implementado una medida que permite a los ciudadanos que hayan obtenido una visa canadiense en los \u00faltimos 10 a\u00f1os o que tengan una visa vigente de no residente en Estados Unidos ingresar a Canad\u00e1 sin necesidad de una visa adicional. Esto acorta el tiempo necesario para obtener el permiso de entrada y estad\u00eda de hasta seis meses en Canad\u00e1.<br><br>Para solicitar la autorizaci\u00f3n de viaje electr\u00f3nica, solo se requiere un pasaporte v\u00e1lido, una tarjeta de cr\u00e9dito, una direcci\u00f3n de correo electr\u00f3nico y acceso a internet, seg\u00fan lo anunciado por las autoridades canadienses. Adem\u00e1s, se proporciona informaci\u00f3n sobre el precio, requisitos, duraci\u00f3n y proceso para obtener una visa de trabajo en Canad\u00e1.<\/p>\n\n\n\n<p>La decisi\u00f3n de Canad\u00e1 de eliminar las visas ha generado una respuesta positiva por parte de los gobiernos de Costa Rica, Panam\u00e1 y Argentina, destacando el impacto positivo que esta medida tendr\u00e1 en las relaciones bilaterales.<br>Los gobiernos de Costa Rica y Panam\u00e1 han aplaudido esta decisi\u00f3n, ya que consideran que facilitar\u00e1 los viajes y fortalecer\u00e1 los lazos entre los pa\u00edses. Al eliminar el requisito de visa, se espera un aumento en el turismo, los negocios y los intercambios culturales, lo que promover\u00e1 una mayor colaboraci\u00f3n y cooperaci\u00f3n entre las naciones.<\/p>\n\n\n\n<p>Por su parte, la Canciller\u00eda de Argentina ha expresado en un comunicado que esta iniciativa es una evidencia m\u00e1s del excelente estado de las relaciones entre ambos pa\u00edses. Destacan que esta medida contribuir\u00e1 a fortalecer los lazos econ\u00f3micos y comerciales, as\u00ed como los intercambios acad\u00e9micos y culturales entre Argentina y Canad\u00e1.<\/p>\n\n\n\n<p>Los gobiernos de Costa Rica, Panam\u00e1 y Argentina ven esta decisi\u00f3n de Canad\u00e1 como un paso importante para ampliar las relaciones bilaterales, fomentar el turismo y facilitar la cooperaci\u00f3n en diversos \u00e1mbitos. Consideran que esta medida refleja la solidez de los v\u00ednculos existentes y sentar\u00e1 las bases para un mayor acercamiento entre los pa\u00edses involucrados.<\/p>\n\n\n\n<p><em>Fuente: KTVZ<\/em><br><br><em><strong>Por: Sebasti\u00e1n Palacin<\/strong><\/em><\/p>\n","protected":false},"excerpt":{"rendered":"<p>(Aeronoticias) Canad\u00e1 ha anunciado que los ciudadanos de Argentina, Uruguay, Costa Rica y Panam\u00e1 podr\u00e1n ingresar a su territorio por v\u00eda a\u00e9rea sin necesidad de visa, gracias al Programa de Autorizaci\u00f3n Electr\u00f3nica de Viaje (eTA, por sus siglas en ingl\u00e9s). La medida entr\u00f3 en vigencia este martes, seg\u00fan lo informado por el Ministerio de Relaciones [&hellip;]<\/p>\n","protected":false},"author":3,"featured_media":83597,"comment_status":"open","ping_status":"open","sticky":false,"template":"","format":"standard","meta":{"tdm_status":"","tdm_grid_status":"","footnotes":""},"categories":[28,64],"tags":[],"class_list":{"0":"post-83591","1":"post","2":"type-post","3":"status-publish","4":"format-standard","5":"has-post-thumbnail","7":"category-mundo","8":"category-mundo-mundo"},"yoast_head":"<!-- This site is optimized with the Yoast SEO plugin v25.1 - https:\/\/yoast.com\/wordpress\/plugins\/seo\/ -->\n<title>Canad\u00e1 elimina el requisito de Visa para cuatro pa\u00edses de Latinoamericanos<\/title>\n<meta name=\"description\" content=\"Recientemente, el gobierno de Canad\u00e1 ha eliminado el requisito de visado para ciudadanos de cuatro pa\u00edses latinoamericanos.\" \/>\n<meta name=\"robots\" content=\"index, follow, max-snippet:-1, max-image-preview:large, max-video-preview:-1\" \/>\n<link rel=\"canonical\" href=\"https:\/\/aeronoticias.com.pe\/noticiero\/mundo\/canada-elimina-el-requisito-de-visa-para-cuatro-paises-de-latinoamericanos\/\" \/>\n<meta property=\"og:locale\" content=\"es_ES\" \/>\n<meta property=\"og:type\" content=\"article\" \/>\n<meta property=\"og:title\" content=\"Canad\u00e1 elimina el requisito de Visa para cuatro pa\u00edses de Latinoamericanos\" \/>\n<meta property=\"og:description\" content=\"Recientemente, el gobierno de Canad\u00e1 ha eliminado el requisito de visado para ciudadanos de cuatro pa\u00edses latinoamericanos.\" \/>\n<meta property=\"og:url\" content=\"https:\/\/aeronoticias.com.pe\/noticiero\/mundo\/canada-elimina-el-requisito-de-visa-para-cuatro-paises-de-latinoamericanos\/\" \/>\n<meta property=\"og:site_name\" content=\"Aeronoticias.com.pe\" \/>\n<meta property=\"article:publisher\" content=\"https:\/\/www.facebook.com\/Aeronoticias.com.pe\/\" \/>\n<meta property=\"article:published_time\" content=\"2023-06-09T14:00:33+00:00\" \/>\n<meta property=\"article:modified_time\" content=\"2023-06-09T21:52:38+00:00\" \/>\n<meta property=\"og:image\" content=\"https:\/\/aeronoticias.com.pe\/noticiero\/wp-content\/uploads\/2023\/06\/canada.jpg\" \/>\n\t<meta property=\"og:image:width\" content=\"1290\" \/>\n\t<meta property=\"og:image:height\" content=\"590\" \/>\n\t<meta property=\"og:image:type\" content=\"image\/jpeg\" \/>\n<meta name=\"author\" content=\"Redacci\u00f3n\" \/>\n<meta name=\"twitter:card\" content=\"summary_large_image\" \/>\n<meta name=\"twitter:creator\" content=\"@aeronoticias\" \/>\n<meta name=\"twitter:site\" content=\"@aeronoticias\" \/>\n<meta name=\"twitter:label1\" content=\"Escrito por\" \/>\n\t<meta name=\"twitter:data1\" content=\"Redacci\u00f3n\" \/>\n\t<meta name=\"twitter:label2\" content=\"Tiempo de lectura\" \/>\n\t<meta name=\"twitter:data2\" content=\"2 minutos\" \/>\n<script type=\"application\/ld+json\" class=\"yoast-schema-graph\">{\"@context\":\"https:\/\/schema.org\",\"@graph\":[{\"@type\":\"WebPage\",\"@id\":\"https:\/\/aeronoticias.com.pe\/noticiero\/mundo\/canada-elimina-el-requisito-de-visa-para-cuatro-paises-de-latinoamericanos\/\",\"url\":\"https:\/\/aeronoticias.com.pe\/noticiero\/mundo\/canada-elimina-el-requisito-de-visa-para-cuatro-paises-de-latinoamericanos\/\",\"name\":\"Canad\u00e1 elimina el requisito de Visa para cuatro pa\u00edses de Latinoamericanos\",\"isPartOf\":{\"@id\":\"https:\/\/aeronoticias.com.pe\/noticiero\/#website\"},\"primaryImageOfPage\":{\"@id\":\"https:\/\/aeronoticias.com.pe\/noticiero\/mundo\/canada-elimina-el-requisito-de-visa-para-cuatro-paises-de-latinoamericanos\/#primaryimage\"},\"image\":{\"@id\":\"https:\/\/aeronoticias.com.pe\/noticiero\/mundo\/canada-elimina-el-requisito-de-visa-para-cuatro-paises-de-latinoamericanos\/#primaryimage\"},\"thumbnailUrl\":\"https:\/\/aeronoticias.com.pe\/noticiero\/wp-content\/uploads\/2023\/06\/canada.jpg\",\"datePublished\":\"2023-06-09T14:00:33+00:00\",\"dateModified\":\"2023-06-09T21:52:38+00:00\",\"author\":{\"@id\":\"https:\/\/aeronoticias.com.pe\/noticiero\/#\/schema\/person\/16212a617c73f78916b13194154243bd\"},\"description\":\"Recientemente, el gobierno de Canad\u00e1 ha eliminado el requisito de visado para ciudadanos de cuatro pa\u00edses latinoamericanos.\",\"breadcrumb\":{\"@id\":\"https:\/\/aeronoticias.com.pe\/noticiero\/mundo\/canada-elimina-el-requisito-de-visa-para-cuatro-paises-de-latinoamericanos\/#breadcrumb\"},\"inLanguage\":\"es\",\"potentialAction\":[{\"@type\":\"ReadAction\",\"target\":[\"https:\/\/aeronoticias.com.pe\/noticiero\/mundo\/canada-elimina-el-requisito-de-visa-para-cuatro-paises-de-latinoamericanos\/\"]}]},{\"@type\":\"ImageObject\",\"inLanguage\":\"es\",\"@id\":\"https:\/\/aeronoticias.com.pe\/noticiero\/mundo\/canada-elimina-el-requisito-de-visa-para-cuatro-paises-de-latinoamericanos\/#primaryimage\",\"url\":\"https:\/\/aeronoticias.com.pe\/noticiero\/wp-content\/uploads\/2023\/06\/canada.jpg\",\"contentUrl\":\"https:\/\/aeronoticias.com.pe\/noticiero\/wp-content\/uploads\/2023\/06\/canada.jpg\",\"width\":1290,\"height\":590,\"caption\":\"Argentina, Uruguay, Costa Rica y Panam\u00e1 no necesitar\u00e1n Visa para Canad\u00e1\"},{\"@type\":\"BreadcrumbList\",\"@id\":\"https:\/\/aeronoticias.com.pe\/noticiero\/mundo\/canada-elimina-el-requisito-de-visa-para-cuatro-paises-de-latinoamericanos\/#breadcrumb\",\"itemListElement\":[{\"@type\":\"ListItem\",\"position\":1,\"name\":\"Portada\",\"item\":\"https:\/\/aeronoticias.com.pe\/noticiero\/\"},{\"@type\":\"ListItem\",\"position\":2,\"name\":\"Canad\u00e1 elimina el requisito de Visa para cuatro pa\u00edses de Latinoamericanos\"}]},{\"@type\":\"WebSite\",\"@id\":\"https:\/\/aeronoticias.com.pe\/noticiero\/#website\",\"url\":\"https:\/\/aeronoticias.com.pe\/noticiero\/\",\"name\":\"Aeronoticias.com.pe\",\"description\":\"Noticias de tranporte aereo, turismo, hoteles, gastronomia, actualidad, internacional\",\"potentialAction\":[{\"@type\":\"SearchAction\",\"target\":{\"@type\":\"EntryPoint\",\"urlTemplate\":\"https:\/\/aeronoticias.com.pe\/noticiero\/?s={search_term_string}\"},\"query-input\":{\"@type\":\"PropertyValueSpecification\",\"valueRequired\":true,\"valueName\":\"search_term_string\"}}],\"inLanguage\":\"es\"},{\"@type\":\"Person\",\"@id\":\"https:\/\/aeronoticias.com.pe\/noticiero\/#\/schema\/person\/16212a617c73f78916b13194154243bd\",\"name\":\"Redacci\u00f3n\",\"sameAs\":[\"http:\/\/Redacci\u00f3n\"],\"url\":\"https:\/\/aeronoticias.com.pe\/noticiero\/author\/celeste\/\"}]}<\/script>\n<!-- \/ Yoast SEO plugin. -->","yoast_head_json":{"title":"Canad\u00e1 elimina el requisito de Visa para cuatro pa\u00edses de Latinoamericanos","description":"Recientemente, el gobierno de Canad\u00e1 ha eliminado el requisito de visado para ciudadanos de cuatro pa\u00edses latinoamericanos.","robots":{"index":"index","follow":"follow","max-snippet":"max-snippet:-1","max-image-preview":"max-image-preview:large","max-video-preview":"max-video-preview:-1"},"canonical":"https:\/\/aeronoticias.com.pe\/noticiero\/mundo\/canada-elimina-el-requisito-de-visa-para-cuatro-paises-de-latinoamericanos\/","og_locale":"es_ES","og_type":"article","og_title":"Canad\u00e1 elimina el requisito de Visa para cuatro pa\u00edses de Latinoamericanos","og_description":"Recientemente, el gobierno de Canad\u00e1 ha eliminado el requisito de visado para ciudadanos de cuatro pa\u00edses latinoamericanos.","og_url":"https:\/\/aeronoticias.com.pe\/noticiero\/mundo\/canada-elimina-el-requisito-de-visa-para-cuatro-paises-de-latinoamericanos\/","og_site_name":"Aeronoticias.com.pe","article_publisher":"https:\/\/www.facebook.com\/Aeronoticias.com.pe\/","article_published_time":"2023-06-09T14:00:33+00:00","article_modified_time":"2023-06-09T21:52:38+00:00","og_image":[{"width":1290,"height":590,"url":"https:\/\/aeronoticias.com.pe\/noticiero\/wp-content\/uploads\/2023\/06\/canada.jpg","type":"image\/jpeg"}],"author":"Redacci\u00f3n","twitter_card":"summary_large_image","twitter_creator":"@aeronoticias","twitter_site":"@aeronoticias","twitter_misc":{"Escrito por":"Redacci\u00f3n","Tiempo de lectura":"2 minutos"},"schema":{"@context":"https:\/\/schema.org","@graph":[{"@type":"WebPage","@id":"https:\/\/aeronoticias.com.pe\/noticiero\/mundo\/canada-elimina-el-requisito-de-visa-para-cuatro-paises-de-latinoamericanos\/","url":"https:\/\/aeronoticias.com.pe\/noticiero\/mundo\/canada-elimina-el-requisito-de-visa-para-cuatro-paises-de-latinoamericanos\/","name":"Canad\u00e1 elimina el requisito de Visa para cuatro pa\u00edses de Latinoamericanos","isPartOf":{"@id":"https:\/\/aeronoticias.com.pe\/noticiero\/#website"},"primaryImageOfPage":{"@id":"https:\/\/aeronoticias.com.pe\/noticiero\/mundo\/canada-elimina-el-requisito-de-visa-para-cuatro-paises-de-latinoamericanos\/#primaryimage"},"image":{"@id":"https:\/\/aeronoticias.com.pe\/noticiero\/mundo\/canada-elimina-el-requisito-de-visa-para-cuatro-paises-de-latinoamericanos\/#primaryimage"},"thumbnailUrl":"https:\/\/aeronoticias.com.pe\/noticiero\/wp-content\/uploads\/2023\/06\/canada.jpg","datePublished":"2023-06-09T14:00:33+00:00","dateModified":"2023-06-09T21:52:38+00:00","author":{"@id":"https:\/\/aeronoticias.com.pe\/noticiero\/#\/schema\/person\/16212a617c73f78916b13194154243bd"},"description":"Recientemente, el gobierno de Canad\u00e1 ha eliminado el requisito de visado para ciudadanos de cuatro pa\u00edses latinoamericanos.","breadcrumb":{"@id":"https:\/\/aeronoticias.com.pe\/noticiero\/mundo\/canada-elimina-el-requisito-de-visa-para-cuatro-paises-de-latinoamericanos\/#breadcrumb"},"inLanguage":"es","potentialAction":[{"@type":"ReadAction","target":["https:\/\/aeronoticias.com.pe\/noticiero\/mundo\/canada-elimina-el-requisito-de-visa-para-cuatro-paises-de-latinoamericanos\/"]}]},{"@type":"ImageObject","inLanguage":"es","@id":"https:\/\/aeronoticias.com.pe\/noticiero\/mundo\/canada-elimina-el-requisito-de-visa-para-cuatro-paises-de-latinoamericanos\/#primaryimage","url":"https:\/\/aeronoticias.com.pe\/noticiero\/wp-content\/uploads\/2023\/06\/canada.jpg","contentUrl":"https:\/\/aeronoticias.com.pe\/noticiero\/wp-content\/uploads\/2023\/06\/canada.jpg","width":1290,"height":590,"caption":"Argentina, Uruguay, Costa Rica y Panam\u00e1 no necesitar\u00e1n Visa para Canad\u00e1"},{"@type":"BreadcrumbList","@id":"https:\/\/aeronoticias.com.pe\/noticiero\/mundo\/canada-elimina-el-requisito-de-visa-para-cuatro-paises-de-latinoamericanos\/#breadcrumb","itemListElement":[{"@type":"ListItem","position":1,"name":"Portada","item":"https:\/\/aeronoticias.com.pe\/noticiero\/"},{"@type":"ListItem","position":2,"name":"Canad\u00e1 elimina el requisito de Visa para cuatro pa\u00edses de Latinoamericanos"}]},{"@type":"WebSite","@id":"https:\/\/aeronoticias.com.pe\/noticiero\/#website","url":"https:\/\/aeronoticias.com.pe\/noticiero\/","name":"Aeronoticias.com.pe","description":"Noticias de tranporte aereo, turismo, hoteles, gastronomia, actualidad, internacional","potentialAction":[{"@type":"SearchAction","target":{"@type":"EntryPoint","urlTemplate":"https:\/\/aeronoticias.com.pe\/noticiero\/?s={search_term_string}"},"query-input":{"@type":"PropertyValueSpecification","valueRequired":true,"valueName":"search_term_string"}}],"inLanguage":"es"},{"@type":"Person","@id":"https:\/\/aeronoticias.com.pe\/noticiero\/#\/schema\/person\/16212a617c73f78916b13194154243bd","name":"Redacci\u00f3n","sameAs":["http:\/\/Redacci\u00f3n"],"url":"https:\/\/aeronoticias.com.pe\/noticiero\/author\/celeste\/"}]}},"_links":{"self":[{"href":"https:\/\/aeronoticias.com.pe\/noticiero\/wp-json\/wp\/v2\/posts\/83591","targetHints":{"allow":["GET"]}}],"collection":[{"href":"https:\/\/aeronoticias.com.pe\/noticiero\/wp-json\/wp\/v2\/posts"}],"about":[{"href":"https:\/\/aeronoticias.com.pe\/noticiero\/wp-json\/wp\/v2\/types\/post"}],"author":[{"embeddable":true,"href":"https:\/\/aeronoticias.com.pe\/noticiero\/wp-json\/wp\/v2\/users\/3"}],"replies":[{"embeddable":true,"href":"https:\/\/aeronoticias.com.pe\/noticiero\/wp-json\/wp\/v2\/comments?post=83591"}],"version-history":[{"count":0,"href":"https:\/\/aeronoticias.com.pe\/noticiero\/wp-json\/wp\/v2\/posts\/83591\/revisions"}],"wp:featuredmedia":[{"embeddable":true,"href":"https:\/\/aeronoticias.com.pe\/noticiero\/wp-json\/wp\/v2\/media\/83597"}],"wp:attachment":[{"href":"https:\/\/aeronoticias.com.pe\/noticiero\/wp-json\/wp\/v2\/media?parent=83591"}],"wp:term":[{"taxonomy":"category","embeddable":true,"href":"https:\/\/aeronoticias.com.pe\/noticiero\/wp-json\/wp\/v2\/categories?post=83591"},{"taxonomy":"post_tag","embeddable":true,"href":"https:\/\/aeronoticias.com.pe\/noticiero\/wp-json\/wp\/v2\/tags?post=83591"}],"curies":[{"name":"wp","href":"https:\/\/api.w.org\/{rel}","templated":true}]}}