{"id":83627,"date":"2023-06-12T12:23:45","date_gmt":"2023-06-12T17:23:45","guid":{"rendered":"https:\/\/aeronoticias.com.pe\/noticiero\/?p=83627"},"modified":"2023-06-12T12:23:56","modified_gmt":"2023-06-12T17:23:56","slug":"busca-latam-llevar-mas-mexicanos-a-sudamerica","status":"publish","type":"post","link":"https:\/\/aeronoticias.com.pe\/noticiero\/transporte-aereo\/busca-latam-llevar-mas-mexicanos-a-sudamerica\/","title":{"rendered":"Busca Latam llevar m\u00e1s mexicanos a Sudam\u00e9rica"},"content":{"rendered":"\n<p><strong>(Aeronoticias)<\/strong>: Para\u00a0<strong>Grupo Latam<\/strong>, M\u00e9xico es un mercado importante y por ello buscar\u00e1n la manera de incrementar el n\u00famero de mexicanos que viajan hacia Sudam\u00e9rica, asever\u00f3 Diana Olivares Abrego, directora general de Latam Airlines para M\u00e9xico,\u00a0<strong>Centroam\u00e9rica y el Caribe<\/strong>.<\/p>\n\n\n\n<p>La directiva coment\u00f3 que, de acuerdo con cifras de la&nbsp;<strong>Asociaci\u00f3n de Transporte A\u00e9reo Internacional<\/strong>&nbsp;(IATA), s\u00f3lo 5% de los&nbsp;<strong>mexicanos&nbsp;<\/strong>viajan hacia el cono sur del continente americano.<\/p>\n\n\n\n<p>\u201cQueremos hacer que vuelen m\u00e1s para\u00a0<strong>Sudam\u00e9rica<\/strong>, tenemos maravillas del mundo y, salvo\u00a0<strong>Brasil<\/strong>, est\u00e1 el idioma en com\u00fan, nuestra sangre\u201d, puntualiz\u00f3.<\/p>\n\n\n\n<p>Explic\u00f3 que para lograr esto, Grupo Latam debe hacer m\u00e1s&nbsp;<strong>consorcios comerciales<\/strong>, analizar c\u00f3mo implementar el&nbsp;<strong>tema de compensaciones<\/strong>; adem\u00e1s de que se trabaja en la inclusi\u00f3n, no s\u00f3lo de g\u00e9nero, si no al hablar de diversidad en general.<\/p>\n\n\n\n<p>Record\u00f3 que cuentan con un programa de \u201cpasajeritos con autismo\u201d: \u201cLo que queremos es justo eso: hacer una&nbsp;<strong>aerol\u00ednea incluyente<\/strong>, que trabaje con las sociedades, las econom\u00edas de los pa\u00edses;&nbsp;<strong>sostenible<\/strong>, incluyente, y en&nbsp;<strong>M\u00e9xico&nbsp;<\/strong>estamos trabajando muy fuerte en el corporativo y en el turismo hacia Sudam\u00e9rica\u201d, dijo.<\/p>\n\n\n\n<p>Por el momento y tras su salida, el a\u00f1o pasado del\u00a0<strong>cap\u00edtulo 11<\/strong>, no tienen considerado abrir\u00a0<strong>nuevas rutas<\/strong>\u00a0en M\u00e9xico hacia otros puntos en Sudam\u00e9rica, ya que se est\u00e1n reforzando las rutas que tienen desde 2019.<\/p>\n\n\n\n<p>Expres\u00f3 que desde la&nbsp;<strong>Ciudad de M\u00e9xico<\/strong>&nbsp;se operan los vuelos hacia Sao Paulo, Brasil, en un B767, todos los d\u00edas;&nbsp;<strong>Santiago de Chile<\/strong>, en un B787, tambi\u00e9n diario, y Lima, Per\u00fa, con un B767, igualmente a diario.<\/p>\n\n\n\n<p>Mientras que desde&nbsp;<strong>Canc\u00fan<\/strong>&nbsp;vuelan hacia Santiago y Lima, dependiendo la temporada, los vuelos son de 14 a 21 semanales. Precis\u00f3 que por el momento seguir\u00e1n operando desde Canc\u00fan, aunque no descartan en un futuro, analizar los<strong>&nbsp;aeropuertos de Tulum&nbsp;<\/strong>y Chetumal.<\/p>\n\n\n\n<p>Grupo Latam opera\u00a0<strong>143 destinos\u00a0<\/strong>con una flota de m\u00e1s de 300 aviones, expres\u00f3.<\/p>\n\n\n\n<p><strong>Fuente: A21mx<\/strong><\/p>\n","protected":false},"excerpt":{"rendered":"<p>(Aeronoticias): Para\u00a0Grupo Latam, M\u00e9xico es un mercado importante y por ello buscar\u00e1n la manera de incrementar el n\u00famero de mexicanos que viajan hacia Sudam\u00e9rica, asever\u00f3 Diana Olivares Abrego, directora general de Latam Airlines para M\u00e9xico,\u00a0Centroam\u00e9rica y el Caribe. La directiva coment\u00f3 que, de acuerdo con cifras de la&nbsp;Asociaci\u00f3n de Transporte A\u00e9reo Internacional&nbsp;(IATA), s\u00f3lo 5% de [&hellip;]<\/p>\n","protected":false},"author":3,"featured_media":83628,"comment_status":"open","ping_status":"open","sticky":false,"template":"","format":"standard","meta":{"tdm_status":"","tdm_grid_status":"","footnotes":""},"categories":[34,11],"tags":[3084,296,3083],"class_list":{"0":"post-83627","1":"post","2":"type-post","3":"status-publish","4":"format-standard","5":"has-post-thumbnail","7":"category-internacionales","8":"category-transporte-aereo","9":"tag-asociacion-de-transporte-aereo","10":"tag-iata","11":"tag-sudam"},"yoast_head":"<!-- This site is optimized with the Yoast SEO plugin v25.1 - https:\/\/yoast.com\/wordpress\/plugins\/seo\/ -->\n<title>Busca Latam llevar m\u00e1s mexicanos a Sudam\u00e9rica<\/title>\n<meta name=\"description\" content=\"OPERA VUELOS DIARIOS A SAO PAULO, SANTIAGO Y LIMA.\" \/>\n<meta name=\"robots\" content=\"index, follow, max-snippet:-1, max-image-preview:large, max-video-preview:-1\" \/>\n<link rel=\"canonical\" href=\"https:\/\/aeronoticias.com.pe\/noticiero\/transporte-aereo\/busca-latam-llevar-mas-mexicanos-a-sudamerica\/\" \/>\n<meta property=\"og:locale\" content=\"es_ES\" \/>\n<meta property=\"og:type\" content=\"article\" \/>\n<meta property=\"og:title\" content=\"Busca Latam llevar m\u00e1s mexicanos a Sudam\u00e9rica\" \/>\n<meta property=\"og:description\" content=\"OPERA VUELOS DIARIOS A SAO PAULO, SANTIAGO Y LIMA.\" \/>\n<meta property=\"og:url\" content=\"https:\/\/aeronoticias.com.pe\/noticiero\/transporte-aereo\/busca-latam-llevar-mas-mexicanos-a-sudamerica\/\" \/>\n<meta property=\"og:site_name\" content=\"Aeronoticias.com.pe\" \/>\n<meta property=\"article:publisher\" content=\"https:\/\/www.facebook.com\/Aeronoticias.com.pe\/\" \/>\n<meta property=\"article:published_time\" content=\"2023-06-12T17:23:45+00:00\" \/>\n<meta property=\"article:modified_time\" content=\"2023-06-12T17:23:56+00:00\" \/>\n<meta property=\"og:image\" content=\"https:\/\/aeronoticias.com.pe\/noticiero\/wp-content\/uploads\/2023\/06\/LATAM.jpg\" \/>\n\t<meta property=\"og:image:width\" content=\"2417\" \/>\n\t<meta property=\"og:image:height\" content=\"1104\" \/>\n\t<meta property=\"og:image:type\" content=\"image\/jpeg\" \/>\n<meta name=\"author\" content=\"Redacci\u00f3n\" \/>\n<meta name=\"twitter:card\" content=\"summary_large_image\" \/>\n<meta name=\"twitter:creator\" content=\"@aeronoticias\" \/>\n<meta name=\"twitter:site\" content=\"@aeronoticias\" \/>\n<meta name=\"twitter:label1\" content=\"Escrito por\" \/>\n\t<meta name=\"twitter:data1\" content=\"Redacci\u00f3n\" \/>\n\t<meta name=\"twitter:label2\" content=\"Tiempo de lectura\" \/>\n\t<meta name=\"twitter:data2\" content=\"2 minutos\" \/>\n<script type=\"application\/ld+json\" class=\"yoast-schema-graph\">{\"@context\":\"https:\/\/schema.org\",\"@graph\":[{\"@type\":\"WebPage\",\"@id\":\"https:\/\/aeronoticias.com.pe\/noticiero\/transporte-aereo\/busca-latam-llevar-mas-mexicanos-a-sudamerica\/\",\"url\":\"https:\/\/aeronoticias.com.pe\/noticiero\/transporte-aereo\/busca-latam-llevar-mas-mexicanos-a-sudamerica\/\",\"name\":\"Busca Latam llevar m\u00e1s mexicanos a Sudam\u00e9rica\",\"isPartOf\":{\"@id\":\"https:\/\/aeronoticias.com.pe\/noticiero\/#website\"},\"primaryImageOfPage\":{\"@id\":\"https:\/\/aeronoticias.com.pe\/noticiero\/transporte-aereo\/busca-latam-llevar-mas-mexicanos-a-sudamerica\/#primaryimage\"},\"image\":{\"@id\":\"https:\/\/aeronoticias.com.pe\/noticiero\/transporte-aereo\/busca-latam-llevar-mas-mexicanos-a-sudamerica\/#primaryimage\"},\"thumbnailUrl\":\"https:\/\/aeronoticias.com.pe\/noticiero\/wp-content\/uploads\/2023\/06\/LATAM.jpg\",\"datePublished\":\"2023-06-12T17:23:45+00:00\",\"dateModified\":\"2023-06-12T17:23:56+00:00\",\"author\":{\"@id\":\"https:\/\/aeronoticias.com.pe\/noticiero\/#\/schema\/person\/16212a617c73f78916b13194154243bd\"},\"description\":\"OPERA VUELOS DIARIOS A SAO PAULO, SANTIAGO Y LIMA.\",\"breadcrumb\":{\"@id\":\"https:\/\/aeronoticias.com.pe\/noticiero\/transporte-aereo\/busca-latam-llevar-mas-mexicanos-a-sudamerica\/#breadcrumb\"},\"inLanguage\":\"es\",\"potentialAction\":[{\"@type\":\"ReadAction\",\"target\":[\"https:\/\/aeronoticias.com.pe\/noticiero\/transporte-aereo\/busca-latam-llevar-mas-mexicanos-a-sudamerica\/\"]}]},{\"@type\":\"ImageObject\",\"inLanguage\":\"es\",\"@id\":\"https:\/\/aeronoticias.com.pe\/noticiero\/transporte-aereo\/busca-latam-llevar-mas-mexicanos-a-sudamerica\/#primaryimage\",\"url\":\"https:\/\/aeronoticias.com.pe\/noticiero\/wp-content\/uploads\/2023\/06\/LATAM.jpg\",\"contentUrl\":\"https:\/\/aeronoticias.com.pe\/noticiero\/wp-content\/uploads\/2023\/06\/LATAM.jpg\",\"width\":2417,\"height\":1104},{\"@type\":\"BreadcrumbList\",\"@id\":\"https:\/\/aeronoticias.com.pe\/noticiero\/transporte-aereo\/busca-latam-llevar-mas-mexicanos-a-sudamerica\/#breadcrumb\",\"itemListElement\":[{\"@type\":\"ListItem\",\"position\":1,\"name\":\"Portada\",\"item\":\"https:\/\/aeronoticias.com.pe\/noticiero\/\"},{\"@type\":\"ListItem\",\"position\":2,\"name\":\"Busca Latam llevar m\u00e1s mexicanos a Sudam\u00e9rica\"}]},{\"@type\":\"WebSite\",\"@id\":\"https:\/\/aeronoticias.com.pe\/noticiero\/#website\",\"url\":\"https:\/\/aeronoticias.com.pe\/noticiero\/\",\"name\":\"Aeronoticias.com.pe\",\"description\":\"Noticias de tranporte aereo, turismo, hoteles, gastronomia, actualidad, internacional\",\"potentialAction\":[{\"@type\":\"SearchAction\",\"target\":{\"@type\":\"EntryPoint\",\"urlTemplate\":\"https:\/\/aeronoticias.com.pe\/noticiero\/?s={search_term_string}\"},\"query-input\":{\"@type\":\"PropertyValueSpecification\",\"valueRequired\":true,\"valueName\":\"search_term_string\"}}],\"inLanguage\":\"es\"},{\"@type\":\"Person\",\"@id\":\"https:\/\/aeronoticias.com.pe\/noticiero\/#\/schema\/person\/16212a617c73f78916b13194154243bd\",\"name\":\"Redacci\u00f3n\",\"sameAs\":[\"http:\/\/Redacci\u00f3n\"],\"url\":\"https:\/\/aeronoticias.com.pe\/noticiero\/author\/celeste\/\"}]}<\/script>\n<!-- \/ Yoast SEO plugin. -->","yoast_head_json":{"title":"Busca Latam llevar m\u00e1s mexicanos a Sudam\u00e9rica","description":"OPERA VUELOS DIARIOS A SAO PAULO, SANTIAGO Y LIMA.","robots":{"index":"index","follow":"follow","max-snippet":"max-snippet:-1","max-image-preview":"max-image-preview:large","max-video-preview":"max-video-preview:-1"},"canonical":"https:\/\/aeronoticias.com.pe\/noticiero\/transporte-aereo\/busca-latam-llevar-mas-mexicanos-a-sudamerica\/","og_locale":"es_ES","og_type":"article","og_title":"Busca Latam llevar m\u00e1s mexicanos a Sudam\u00e9rica","og_description":"OPERA VUELOS DIARIOS A SAO PAULO, SANTIAGO Y LIMA.","og_url":"https:\/\/aeronoticias.com.pe\/noticiero\/transporte-aereo\/busca-latam-llevar-mas-mexicanos-a-sudamerica\/","og_site_name":"Aeronoticias.com.pe","article_publisher":"https:\/\/www.facebook.com\/Aeronoticias.com.pe\/","article_published_time":"2023-06-12T17:23:45+00:00","article_modified_time":"2023-06-12T17:23:56+00:00","og_image":[{"width":2417,"height":1104,"url":"https:\/\/aeronoticias.com.pe\/noticiero\/wp-content\/uploads\/2023\/06\/LATAM.jpg","type":"image\/jpeg"}],"author":"Redacci\u00f3n","twitter_card":"summary_large_image","twitter_creator":"@aeronoticias","twitter_site":"@aeronoticias","twitter_misc":{"Escrito por":"Redacci\u00f3n","Tiempo de lectura":"2 minutos"},"schema":{"@context":"https:\/\/schema.org","@graph":[{"@type":"WebPage","@id":"https:\/\/aeronoticias.com.pe\/noticiero\/transporte-aereo\/busca-latam-llevar-mas-mexicanos-a-sudamerica\/","url":"https:\/\/aeronoticias.com.pe\/noticiero\/transporte-aereo\/busca-latam-llevar-mas-mexicanos-a-sudamerica\/","name":"Busca Latam llevar m\u00e1s mexicanos a Sudam\u00e9rica","isPartOf":{"@id":"https:\/\/aeronoticias.com.pe\/noticiero\/#website"},"primaryImageOfPage":{"@id":"https:\/\/aeronoticias.com.pe\/noticiero\/transporte-aereo\/busca-latam-llevar-mas-mexicanos-a-sudamerica\/#primaryimage"},"image":{"@id":"https:\/\/aeronoticias.com.pe\/noticiero\/transporte-aereo\/busca-latam-llevar-mas-mexicanos-a-sudamerica\/#primaryimage"},"thumbnailUrl":"https:\/\/aeronoticias.com.pe\/noticiero\/wp-content\/uploads\/2023\/06\/LATAM.jpg","datePublished":"2023-06-12T17:23:45+00:00","dateModified":"2023-06-12T17:23:56+00:00","author":{"@id":"https:\/\/aeronoticias.com.pe\/noticiero\/#\/schema\/person\/16212a617c73f78916b13194154243bd"},"description":"OPERA VUELOS DIARIOS A SAO PAULO, SANTIAGO Y LIMA.","breadcrumb":{"@id":"https:\/\/aeronoticias.com.pe\/noticiero\/transporte-aereo\/busca-latam-llevar-mas-mexicanos-a-sudamerica\/#breadcrumb"},"inLanguage":"es","potentialAction":[{"@type":"ReadAction","target":["https:\/\/aeronoticias.com.pe\/noticiero\/transporte-aereo\/busca-latam-llevar-mas-mexicanos-a-sudamerica\/"]}]},{"@type":"ImageObject","inLanguage":"es","@id":"https:\/\/aeronoticias.com.pe\/noticiero\/transporte-aereo\/busca-latam-llevar-mas-mexicanos-a-sudamerica\/#primaryimage","url":"https:\/\/aeronoticias.com.pe\/noticiero\/wp-content\/uploads\/2023\/06\/LATAM.jpg","contentUrl":"https:\/\/aeronoticias.com.pe\/noticiero\/wp-content\/uploads\/2023\/06\/LATAM.jpg","width":2417,"height":1104},{"@type":"BreadcrumbList","@id":"https:\/\/aeronoticias.com.pe\/noticiero\/transporte-aereo\/busca-latam-llevar-mas-mexicanos-a-sudamerica\/#breadcrumb","itemListElement":[{"@type":"ListItem","position":1,"name":"Portada","item":"https:\/\/aeronoticias.com.pe\/noticiero\/"},{"@type":"ListItem","position":2,"name":"Busca Latam llevar m\u00e1s mexicanos a Sudam\u00e9rica"}]},{"@type":"WebSite","@id":"https:\/\/aeronoticias.com.pe\/noticiero\/#website","url":"https:\/\/aeronoticias.com.pe\/noticiero\/","name":"Aeronoticias.com.pe","description":"Noticias de tranporte aereo, turismo, hoteles, gastronomia, actualidad, internacional","potentialAction":[{"@type":"SearchAction","target":{"@type":"EntryPoint","urlTemplate":"https:\/\/aeronoticias.com.pe\/noticiero\/?s={search_term_string}"},"query-input":{"@type":"PropertyValueSpecification","valueRequired":true,"valueName":"search_term_string"}}],"inLanguage":"es"},{"@type":"Person","@id":"https:\/\/aeronoticias.com.pe\/noticiero\/#\/schema\/person\/16212a617c73f78916b13194154243bd","name":"Redacci\u00f3n","sameAs":["http:\/\/Redacci\u00f3n"],"url":"https:\/\/aeronoticias.com.pe\/noticiero\/author\/celeste\/"}]}},"_links":{"self":[{"href":"https:\/\/aeronoticias.com.pe\/noticiero\/wp-json\/wp\/v2\/posts\/83627","targetHints":{"allow":["GET"]}}],"collection":[{"href":"https:\/\/aeronoticias.com.pe\/noticiero\/wp-json\/wp\/v2\/posts"}],"about":[{"href":"https:\/\/aeronoticias.com.pe\/noticiero\/wp-json\/wp\/v2\/types\/post"}],"author":[{"embeddable":true,"href":"https:\/\/aeronoticias.com.pe\/noticiero\/wp-json\/wp\/v2\/users\/3"}],"replies":[{"embeddable":true,"href":"https:\/\/aeronoticias.com.pe\/noticiero\/wp-json\/wp\/v2\/comments?post=83627"}],"version-history":[{"count":0,"href":"https:\/\/aeronoticias.com.pe\/noticiero\/wp-json\/wp\/v2\/posts\/83627\/revisions"}],"wp:featuredmedia":[{"embeddable":true,"href":"https:\/\/aeronoticias.com.pe\/noticiero\/wp-json\/wp\/v2\/media\/83628"}],"wp:attachment":[{"href":"https:\/\/aeronoticias.com.pe\/noticiero\/wp-json\/wp\/v2\/media?parent=83627"}],"wp:term":[{"taxonomy":"category","embeddable":true,"href":"https:\/\/aeronoticias.com.pe\/noticiero\/wp-json\/wp\/v2\/categories?post=83627"},{"taxonomy":"post_tag","embeddable":true,"href":"https:\/\/aeronoticias.com.pe\/noticiero\/wp-json\/wp\/v2\/tags?post=83627"}],"curies":[{"name":"wp","href":"https:\/\/api.w.org\/{rel}","templated":true}]}}