{"id":83630,"date":"2023-06-12T15:08:39","date_gmt":"2023-06-12T20:08:39","guid":{"rendered":"https:\/\/aeronoticias.com.pe\/noticiero\/?p=83630"},"modified":"2023-06-12T15:08:55","modified_gmt":"2023-06-12T20:08:55","slug":"las-ventanas-de-los-aviones-son-circulares-por-un-motivo-dos-accidentes-aereos-fueron-necesarios-para-averiguarlo","status":"publish","type":"post","link":"https:\/\/aeronoticias.com.pe\/noticiero\/mundo\/mundo-mundo\/las-ventanas-de-los-aviones-son-circulares-por-un-motivo-dos-accidentes-aereos-fueron-necesarios-para-averiguarlo\/","title":{"rendered":"Las ventanas de los aviones son circulares por un motivo. Dos accidentes a\u00e9reos fueron necesarios para averiguarlo"},"content":{"rendered":"\n<p><strong>(Aeronoticias)<\/strong>: Al subirte a un avi\u00f3n alguna vez te habr\u00e1s preguntado por qu\u00e9 las\u00a0<a href=\"https:\/\/www.xataka.com\/vehiculos\/el-avion-comercial-del-futuro-podria-prescindir-de-las-ventanillas\">ventanas de este medio de transporte<\/a>\u00a0tienen una forma ovalada. Si te fijas bien, no s\u00f3lo son las ventanas: tambi\u00e9n los reposabrazos, las bandejas, las pantallas y cualquier mobiliario del interior\u00a0<strong>tiene forma circular<\/strong>. Aunque pueda parecer\u00a0<a href=\"https:\/\/www.xataka.com\/vehiculos\/por-fin-habra-ventanas-panoramicas-en-los-aviones-aunque-no-para-todos-los-publicos%C3%A7\">algo meramente est\u00e9tico<\/a>, en realidad hay un razonamiento cient\u00edfico detr\u00e1s de esta elecci\u00f3n. Pero antes de entrar en detalles t\u00e9cnicos, hay que hablar un poco de la historia de la aviaci\u00f3n y de c\u00f3mo dos accidentes mortales lo cambiaron todo.<\/p>\n\n\n\n<p>En sus primeros d\u00edas, los aviones ten\u00edan ventanas rectangulares como las que hay en cualquier casa. A medida que surcar los cielos se hizo m\u00e1s popular en la d\u00e9cada de los a\u00f1os 50,\u00a0<a href=\"https:\/\/simpleflying.com\/why-aircraft-have-small-round-windows\/\">las aerol\u00edneas comenzaron a volar a altitudes m\u00e1s altas<\/a>. Esto les garantizaba un considerable\u00a0<strong>ahorro econ\u00f3mico<\/strong>, ya que el aire delgado genera menos resistencia y, por lo tanto, se consume menos combustible, al igual que permite una conducci\u00f3n m\u00e1s c\u00f3moda y con menos turbulencias.<\/p>\n\n\n\n<p>Pero para que los aviones pudieran volar a esas alturas, los fabricantes tambi\u00e9n se vieron obligados a hacer cambios en el dise\u00f1o. La cabina&nbsp;<strong>tuvo que ser presurizada<\/strong>&nbsp;para que los pilotos pudieran respirar sin problemas. Y una cabina presurizada requiere una forma cil\u00edndrica para funcionar, lo que crea&nbsp;<a href=\"https:\/\/www.xataka.com\/otros\/que-ventanillas-aviones-tienen-pequeno-agujero-parte-inferior\">una diferencia de presi\u00f3n entre el aire interior y el aire exterior<\/a>&nbsp;que aumenta a medida que el avi\u00f3n se eleva. El cuerpo plano se expande muy levemente y, por lo tanto, se aplica tensi\u00f3n al material.<\/p>\n\n\n\n<p>Y aqu\u00ed es donde la forma de las ventanas entran en juego. En 1954\u00a0<a href=\"https:\/\/admiralcloudberg.medium.com\/neither-money-nor-manpower-the-story-of-the-de-havilland-comet-and-the-crash-of-boac-flight-781-36db2a3435ce\">hubo dos accidentes fatales<\/a>\u00a0que provocaron la muerte de 56 pasajeros y tripulantes. La raz\u00f3n de que el fuselaje se desintegrase tuvo que ver con un defecto de dise\u00f1o, y es que hab\u00edan mantenido las ventanas cuadradas. Debido a sus \u00e1ngulos rectos,\u00a0<a href=\"https:\/\/www.sciencealert.com\/watch-there-s-a-scientific-reason-for-why-aeroplane-windows-are-always-round\">la presi\u00f3n de la cabina se concentr\u00f3 en sus esquinas<\/a>\u00a0y se multiplic\u00f3 por tres, m\u00e1s que en el resto del fuselaje. Eso hizo que las ventanas acabaran explotando.<\/p>\n\n\n\n<div class=\"wp-block-image\"><figure class=\"aligncenter is-resized\"><img loading=\"lazy\" decoding=\"async\" src=\"https:\/\/i.blogs.es\/43ba4d\/marten-bjork-rrelzvpvnna-unsplash\/450_1000.jpeg\" alt=\"avion ventana\" width=\"702\" height=\"527\"\/><\/figure><\/div>\n\n\n\n<p>Hay que tener en cuenta que los aviones habitualmente vuelan a unos 10.000 metros de altura o m\u00e1s y ese nivel la&nbsp;<strong>presi\u00f3n atmosf\u00e9rica<\/strong>&nbsp;es aproximadamente un tercio de la normal.&nbsp;<a href=\"https:\/\/www.youtube.com\/watch?v=7rXGRPMD-GQ&amp;t=2s\">Como explica Real Engineering en este v\u00eddeo<\/a>, \u00abcuando un material cambia de forma como este, se crea estr\u00e9s en el material. Eventualmente, el estr\u00e9s puede aumentar tanto que el material se rompe\u00bb. Esto es exactamente lo que sucedi\u00f3 en los accidentes mencionados.<\/p>\n\n\n\n<p>Sin embargo, en un avi\u00f3n circular, la tensi\u00f3n fluye suavemente a trav\u00e9s del material, un flujo que se interrumpe con la introducci\u00f3n de una ventana. Pero si la ventana es ovalada,\u00a0<a href=\"https:\/\/science.howstuffworks.com\/transport\/flight\/modern\/airplane-windows-round.htm\">los niveles de estr\u00e9s se equilibran m\u00e1s uniformemente<\/a>. El mismo principio se aplica a las puertas de carga y cabina. Y por eso tambi\u00e9n lo vemos en las ventanas de los barcos y naves espaciales. Desafortunadamente, hicieron falta dos accidentes a\u00e9reos y varias d\u00e9cadas de investigaci\u00f3n para darse cuenta de los males que estaban causando las ventanas cuadradas.<\/p>\n\n\n\n<p><a href=\"https:\/\/s1.dmcdn.net\/v\/UBHN61Zl4dCXeSY0S\/x480\">https:\/\/s1.dmcdn.net\/v\/UBHN61Zl4dCXeSY0S\/x480<\/a><\/p>\n\n\n\n<p>Adem\u00e1s, tal y como comenta Anthony Harcup, director de la empresa de dise\u00f1o Teague, que ha trabajado con Boeing durante m\u00e1s de 75 a\u00f1os en\u00a0<a href=\"https:\/\/www.travelandleisure.com\/airlines-airports\/why-are-airplane-windows-round\">este art\u00edculo de Travel + Leisure<\/a>: \u00abLos bordes afilados lastiman los codos, las rodillas, las caderas&#8230; o cualquier parte del cuerpo con la que entren en contacto. El redondeo de todas las partes del avi\u00f3n tambi\u00e9n se realiza para la\u00a0<strong>\u00abdeletalizaci\u00f3n\u00bb<\/strong>, un principio de dise\u00f1o que garantiza que cuando se somete a la ley de Murphy, un pasajero no puede lastimarse en ninguna parte del asiento del avi\u00f3n\u00bb.<\/p>\n\n\n\n<h2 class=\"wp-block-heading\"><strong>\u00bfY qu\u00e9 es el agujero de la respiraci\u00f3n?<\/strong><\/h2>\n\n\n\n<p>No es solo la forma de las ventanas de los aviones ha cambiado con los a\u00f1os, tambi\u00e9n su material. Las ventanas que ves en los aviones en realidad\u00a0<a href=\"https:\/\/howthingsfly.si.edu\/ask-an-explainer\/what-kind-glass-used-airplane-windows#:~:text=A%3A,can%20see%20clearly%20though%20it.\">no son de vidrio, sino de acr\u00edlico<\/a>, que es m\u00e1s duradero que el primero. Tambi\u00e9n, como habr\u00e1s notado,<strong>\u00a0hay tres capas en cada ventana<\/strong>. De hecho, la ventana interior que da a los pasajeros ni siquiera forma parte de la estructura del avi\u00f3n (es solo una medida de seguridad para que la ventana exterior no se toque o se ara\u00f1e). Y la segunda capa existe como refuerzo para mantener la presi\u00f3n en el extremo supuesto que la ventana exterior se da\u00f1ara.<\/p>\n\n\n\n<p>Si te has fijado en la ventana, tambi\u00e9n habr\u00e1s visto un peque\u00f1o agujero en esta capa.\u00a0<a href=\"https:\/\/www.xataka.com\/otros\/que-ventanillas-aviones-tienen-pequeno-agujero-parte-inferior\">Su papel es esencial ya que sirve como v\u00e1lvula para igualar la presi\u00f3n<\/a>\u00a0entre esta ventana interior y la ventana exterior. Entre la ventana interior y la exterior hay una peque\u00f1a c\u00e1mara de aire y este agujero va regulando la presi\u00f3n entre las dos l\u00e1minas autom\u00e1ticamente. Adem\u00e1s, permite equilibrar el nivel de humedad, evitando que la ventana se empa\u00f1e o se congele. Todo en un avi\u00f3n es pura ciencia.<\/p>\n\n\n\n<p><strong>Fuente: xataka.com<\/strong><\/p>\n","protected":false},"excerpt":{"rendered":"<p>(Aeronoticias): Al subirte a un avi\u00f3n alguna vez te habr\u00e1s preguntado por qu\u00e9 las\u00a0ventanas de este medio de transporte\u00a0tienen una forma ovalada. Si te fijas bien, no s\u00f3lo son las ventanas: tambi\u00e9n los reposabrazos, las bandejas, las pantallas y cualquier mobiliario del interior\u00a0tiene forma circular. Aunque pueda parecer\u00a0algo meramente est\u00e9tico, en realidad hay un razonamiento [&hellip;]<\/p>\n","protected":false},"author":3,"featured_media":83631,"comment_status":"open","ping_status":"open","sticky":false,"template":"","format":"standard","meta":{"tdm_status":"","tdm_grid_status":"","footnotes":""},"categories":[64,65],"tags":[],"class_list":{"0":"post-83630","1":"post","2":"type-post","3":"status-publish","4":"format-standard","5":"has-post-thumbnail","7":"category-mundo-mundo","8":"category-mundo-mundo-2"},"yoast_head":"<!-- This site is optimized with the Yoast SEO plugin v25.1 - https:\/\/yoast.com\/wordpress\/plugins\/seo\/ -->\n<title>Las ventanas de los aviones son circulares por un motivo. Dos accidentes a\u00e9reos fueron necesarios para averiguarlo<\/title>\n<meta name=\"description\" content=\"Portal de noticias del Per\u00fa sobre el transporte a\u00e9reo, aviaci\u00f3n, turismo, hoteleria, actualidad.\" \/>\n<meta name=\"robots\" content=\"index, follow, max-snippet:-1, max-image-preview:large, max-video-preview:-1\" \/>\n<link rel=\"canonical\" href=\"https:\/\/aeronoticias.com.pe\/noticiero\/mundo\/mundo-mundo\/las-ventanas-de-los-aviones-son-circulares-por-un-motivo-dos-accidentes-aereos-fueron-necesarios-para-averiguarlo\/\" \/>\n<meta property=\"og:locale\" content=\"es_ES\" \/>\n<meta property=\"og:type\" content=\"article\" \/>\n<meta property=\"og:title\" content=\"Las ventanas de los aviones son circulares por un motivo. Dos accidentes a\u00e9reos fueron necesarios para averiguarlo\" \/>\n<meta property=\"og:description\" content=\"Portal de noticias del Per\u00fa sobre el transporte a\u00e9reo, aviaci\u00f3n, turismo, hoteleria, actualidad.\" \/>\n<meta property=\"og:url\" content=\"https:\/\/aeronoticias.com.pe\/noticiero\/mundo\/mundo-mundo\/las-ventanas-de-los-aviones-son-circulares-por-un-motivo-dos-accidentes-aereos-fueron-necesarios-para-averiguarlo\/\" \/>\n<meta property=\"og:site_name\" content=\"Aeronoticias.com.pe\" \/>\n<meta property=\"article:publisher\" content=\"https:\/\/www.facebook.com\/Aeronoticias.com.pe\/\" \/>\n<meta property=\"article:published_time\" content=\"2023-06-12T20:08:39+00:00\" \/>\n<meta property=\"article:modified_time\" content=\"2023-06-12T20:08:55+00:00\" \/>\n<meta property=\"og:image\" content=\"https:\/\/aeronoticias.com.pe\/noticiero\/wp-content\/uploads\/2023\/06\/VEMTAMA.jpeg\" \/>\n\t<meta property=\"og:image:width\" content=\"1366\" \/>\n\t<meta property=\"og:image:height\" content=\"911\" \/>\n\t<meta property=\"og:image:type\" content=\"image\/jpeg\" \/>\n<meta name=\"author\" content=\"Redacci\u00f3n\" \/>\n<meta name=\"twitter:card\" content=\"summary_large_image\" \/>\n<meta name=\"twitter:creator\" content=\"@aeronoticias\" \/>\n<meta name=\"twitter:site\" content=\"@aeronoticias\" \/>\n<meta name=\"twitter:label1\" content=\"Escrito por\" \/>\n\t<meta name=\"twitter:data1\" content=\"Redacci\u00f3n\" \/>\n\t<meta name=\"twitter:label2\" content=\"Tiempo de lectura\" \/>\n\t<meta name=\"twitter:data2\" content=\"4 minutos\" \/>\n<script type=\"application\/ld+json\" class=\"yoast-schema-graph\">{\"@context\":\"https:\/\/schema.org\",\"@graph\":[{\"@type\":\"WebPage\",\"@id\":\"https:\/\/aeronoticias.com.pe\/noticiero\/mundo\/mundo-mundo\/las-ventanas-de-los-aviones-son-circulares-por-un-motivo-dos-accidentes-aereos-fueron-necesarios-para-averiguarlo\/\",\"url\":\"https:\/\/aeronoticias.com.pe\/noticiero\/mundo\/mundo-mundo\/las-ventanas-de-los-aviones-son-circulares-por-un-motivo-dos-accidentes-aereos-fueron-necesarios-para-averiguarlo\/\",\"name\":\"Las ventanas de los aviones son circulares por un motivo. Dos accidentes a\u00e9reos fueron necesarios para averiguarlo\",\"isPartOf\":{\"@id\":\"https:\/\/aeronoticias.com.pe\/noticiero\/#website\"},\"primaryImageOfPage\":{\"@id\":\"https:\/\/aeronoticias.com.pe\/noticiero\/mundo\/mundo-mundo\/las-ventanas-de-los-aviones-son-circulares-por-un-motivo-dos-accidentes-aereos-fueron-necesarios-para-averiguarlo\/#primaryimage\"},\"image\":{\"@id\":\"https:\/\/aeronoticias.com.pe\/noticiero\/mundo\/mundo-mundo\/las-ventanas-de-los-aviones-son-circulares-por-un-motivo-dos-accidentes-aereos-fueron-necesarios-para-averiguarlo\/#primaryimage\"},\"thumbnailUrl\":\"https:\/\/aeronoticias.com.pe\/noticiero\/wp-content\/uploads\/2023\/06\/VEMTAMA.jpeg\",\"datePublished\":\"2023-06-12T20:08:39+00:00\",\"dateModified\":\"2023-06-12T20:08:55+00:00\",\"author\":{\"@id\":\"https:\/\/aeronoticias.com.pe\/noticiero\/#\/schema\/person\/16212a617c73f78916b13194154243bd\"},\"description\":\"Portal de noticias del Per\u00fa sobre el transporte a\u00e9reo, aviaci\u00f3n, turismo, hoteleria, actualidad.\",\"breadcrumb\":{\"@id\":\"https:\/\/aeronoticias.com.pe\/noticiero\/mundo\/mundo-mundo\/las-ventanas-de-los-aviones-son-circulares-por-un-motivo-dos-accidentes-aereos-fueron-necesarios-para-averiguarlo\/#breadcrumb\"},\"inLanguage\":\"es\",\"potentialAction\":[{\"@type\":\"ReadAction\",\"target\":[\"https:\/\/aeronoticias.com.pe\/noticiero\/mundo\/mundo-mundo\/las-ventanas-de-los-aviones-son-circulares-por-un-motivo-dos-accidentes-aereos-fueron-necesarios-para-averiguarlo\/\"]}]},{\"@type\":\"ImageObject\",\"inLanguage\":\"es\",\"@id\":\"https:\/\/aeronoticias.com.pe\/noticiero\/mundo\/mundo-mundo\/las-ventanas-de-los-aviones-son-circulares-por-un-motivo-dos-accidentes-aereos-fueron-necesarios-para-averiguarlo\/#primaryimage\",\"url\":\"https:\/\/aeronoticias.com.pe\/noticiero\/wp-content\/uploads\/2023\/06\/VEMTAMA.jpeg\",\"contentUrl\":\"https:\/\/aeronoticias.com.pe\/noticiero\/wp-content\/uploads\/2023\/06\/VEMTAMA.jpeg\",\"width\":1366,\"height\":911},{\"@type\":\"BreadcrumbList\",\"@id\":\"https:\/\/aeronoticias.com.pe\/noticiero\/mundo\/mundo-mundo\/las-ventanas-de-los-aviones-son-circulares-por-un-motivo-dos-accidentes-aereos-fueron-necesarios-para-averiguarlo\/#breadcrumb\",\"itemListElement\":[{\"@type\":\"ListItem\",\"position\":1,\"name\":\"Portada\",\"item\":\"https:\/\/aeronoticias.com.pe\/noticiero\/\"},{\"@type\":\"ListItem\",\"position\":2,\"name\":\"Las ventanas de los aviones son circulares por un motivo. Dos accidentes a\u00e9reos fueron necesarios para averiguarlo\"}]},{\"@type\":\"WebSite\",\"@id\":\"https:\/\/aeronoticias.com.pe\/noticiero\/#website\",\"url\":\"https:\/\/aeronoticias.com.pe\/noticiero\/\",\"name\":\"Aeronoticias.com.pe\",\"description\":\"Noticias de tranporte aereo, turismo, hoteles, gastronomia, actualidad, internacional\",\"potentialAction\":[{\"@type\":\"SearchAction\",\"target\":{\"@type\":\"EntryPoint\",\"urlTemplate\":\"https:\/\/aeronoticias.com.pe\/noticiero\/?s={search_term_string}\"},\"query-input\":{\"@type\":\"PropertyValueSpecification\",\"valueRequired\":true,\"valueName\":\"search_term_string\"}}],\"inLanguage\":\"es\"},{\"@type\":\"Person\",\"@id\":\"https:\/\/aeronoticias.com.pe\/noticiero\/#\/schema\/person\/16212a617c73f78916b13194154243bd\",\"name\":\"Redacci\u00f3n\",\"sameAs\":[\"http:\/\/Redacci\u00f3n\"],\"url\":\"https:\/\/aeronoticias.com.pe\/noticiero\/author\/celeste\/\"}]}<\/script>\n<!-- \/ Yoast SEO plugin. -->","yoast_head_json":{"title":"Las ventanas de los aviones son circulares por un motivo. Dos accidentes a\u00e9reos fueron necesarios para averiguarlo","description":"Portal de noticias del Per\u00fa sobre el transporte a\u00e9reo, aviaci\u00f3n, turismo, hoteleria, actualidad.","robots":{"index":"index","follow":"follow","max-snippet":"max-snippet:-1","max-image-preview":"max-image-preview:large","max-video-preview":"max-video-preview:-1"},"canonical":"https:\/\/aeronoticias.com.pe\/noticiero\/mundo\/mundo-mundo\/las-ventanas-de-los-aviones-son-circulares-por-un-motivo-dos-accidentes-aereos-fueron-necesarios-para-averiguarlo\/","og_locale":"es_ES","og_type":"article","og_title":"Las ventanas de los aviones son circulares por un motivo. Dos accidentes a\u00e9reos fueron necesarios para averiguarlo","og_description":"Portal de noticias del Per\u00fa sobre el transporte a\u00e9reo, aviaci\u00f3n, turismo, hoteleria, actualidad.","og_url":"https:\/\/aeronoticias.com.pe\/noticiero\/mundo\/mundo-mundo\/las-ventanas-de-los-aviones-son-circulares-por-un-motivo-dos-accidentes-aereos-fueron-necesarios-para-averiguarlo\/","og_site_name":"Aeronoticias.com.pe","article_publisher":"https:\/\/www.facebook.com\/Aeronoticias.com.pe\/","article_published_time":"2023-06-12T20:08:39+00:00","article_modified_time":"2023-06-12T20:08:55+00:00","og_image":[{"width":1366,"height":911,"url":"https:\/\/aeronoticias.com.pe\/noticiero\/wp-content\/uploads\/2023\/06\/VEMTAMA.jpeg","type":"image\/jpeg"}],"author":"Redacci\u00f3n","twitter_card":"summary_large_image","twitter_creator":"@aeronoticias","twitter_site":"@aeronoticias","twitter_misc":{"Escrito por":"Redacci\u00f3n","Tiempo de lectura":"4 minutos"},"schema":{"@context":"https:\/\/schema.org","@graph":[{"@type":"WebPage","@id":"https:\/\/aeronoticias.com.pe\/noticiero\/mundo\/mundo-mundo\/las-ventanas-de-los-aviones-son-circulares-por-un-motivo-dos-accidentes-aereos-fueron-necesarios-para-averiguarlo\/","url":"https:\/\/aeronoticias.com.pe\/noticiero\/mundo\/mundo-mundo\/las-ventanas-de-los-aviones-son-circulares-por-un-motivo-dos-accidentes-aereos-fueron-necesarios-para-averiguarlo\/","name":"Las ventanas de los aviones son circulares por un motivo. Dos accidentes a\u00e9reos fueron necesarios para averiguarlo","isPartOf":{"@id":"https:\/\/aeronoticias.com.pe\/noticiero\/#website"},"primaryImageOfPage":{"@id":"https:\/\/aeronoticias.com.pe\/noticiero\/mundo\/mundo-mundo\/las-ventanas-de-los-aviones-son-circulares-por-un-motivo-dos-accidentes-aereos-fueron-necesarios-para-averiguarlo\/#primaryimage"},"image":{"@id":"https:\/\/aeronoticias.com.pe\/noticiero\/mundo\/mundo-mundo\/las-ventanas-de-los-aviones-son-circulares-por-un-motivo-dos-accidentes-aereos-fueron-necesarios-para-averiguarlo\/#primaryimage"},"thumbnailUrl":"https:\/\/aeronoticias.com.pe\/noticiero\/wp-content\/uploads\/2023\/06\/VEMTAMA.jpeg","datePublished":"2023-06-12T20:08:39+00:00","dateModified":"2023-06-12T20:08:55+00:00","author":{"@id":"https:\/\/aeronoticias.com.pe\/noticiero\/#\/schema\/person\/16212a617c73f78916b13194154243bd"},"description":"Portal de noticias del Per\u00fa sobre el transporte a\u00e9reo, aviaci\u00f3n, turismo, hoteleria, actualidad.","breadcrumb":{"@id":"https:\/\/aeronoticias.com.pe\/noticiero\/mundo\/mundo-mundo\/las-ventanas-de-los-aviones-son-circulares-por-un-motivo-dos-accidentes-aereos-fueron-necesarios-para-averiguarlo\/#breadcrumb"},"inLanguage":"es","potentialAction":[{"@type":"ReadAction","target":["https:\/\/aeronoticias.com.pe\/noticiero\/mundo\/mundo-mundo\/las-ventanas-de-los-aviones-son-circulares-por-un-motivo-dos-accidentes-aereos-fueron-necesarios-para-averiguarlo\/"]}]},{"@type":"ImageObject","inLanguage":"es","@id":"https:\/\/aeronoticias.com.pe\/noticiero\/mundo\/mundo-mundo\/las-ventanas-de-los-aviones-son-circulares-por-un-motivo-dos-accidentes-aereos-fueron-necesarios-para-averiguarlo\/#primaryimage","url":"https:\/\/aeronoticias.com.pe\/noticiero\/wp-content\/uploads\/2023\/06\/VEMTAMA.jpeg","contentUrl":"https:\/\/aeronoticias.com.pe\/noticiero\/wp-content\/uploads\/2023\/06\/VEMTAMA.jpeg","width":1366,"height":911},{"@type":"BreadcrumbList","@id":"https:\/\/aeronoticias.com.pe\/noticiero\/mundo\/mundo-mundo\/las-ventanas-de-los-aviones-son-circulares-por-un-motivo-dos-accidentes-aereos-fueron-necesarios-para-averiguarlo\/#breadcrumb","itemListElement":[{"@type":"ListItem","position":1,"name":"Portada","item":"https:\/\/aeronoticias.com.pe\/noticiero\/"},{"@type":"ListItem","position":2,"name":"Las ventanas de los aviones son circulares por un motivo. Dos accidentes a\u00e9reos fueron necesarios para averiguarlo"}]},{"@type":"WebSite","@id":"https:\/\/aeronoticias.com.pe\/noticiero\/#website","url":"https:\/\/aeronoticias.com.pe\/noticiero\/","name":"Aeronoticias.com.pe","description":"Noticias de tranporte aereo, turismo, hoteles, gastronomia, actualidad, internacional","potentialAction":[{"@type":"SearchAction","target":{"@type":"EntryPoint","urlTemplate":"https:\/\/aeronoticias.com.pe\/noticiero\/?s={search_term_string}"},"query-input":{"@type":"PropertyValueSpecification","valueRequired":true,"valueName":"search_term_string"}}],"inLanguage":"es"},{"@type":"Person","@id":"https:\/\/aeronoticias.com.pe\/noticiero\/#\/schema\/person\/16212a617c73f78916b13194154243bd","name":"Redacci\u00f3n","sameAs":["http:\/\/Redacci\u00f3n"],"url":"https:\/\/aeronoticias.com.pe\/noticiero\/author\/celeste\/"}]}},"_links":{"self":[{"href":"https:\/\/aeronoticias.com.pe\/noticiero\/wp-json\/wp\/v2\/posts\/83630","targetHints":{"allow":["GET"]}}],"collection":[{"href":"https:\/\/aeronoticias.com.pe\/noticiero\/wp-json\/wp\/v2\/posts"}],"about":[{"href":"https:\/\/aeronoticias.com.pe\/noticiero\/wp-json\/wp\/v2\/types\/post"}],"author":[{"embeddable":true,"href":"https:\/\/aeronoticias.com.pe\/noticiero\/wp-json\/wp\/v2\/users\/3"}],"replies":[{"embeddable":true,"href":"https:\/\/aeronoticias.com.pe\/noticiero\/wp-json\/wp\/v2\/comments?post=83630"}],"version-history":[{"count":0,"href":"https:\/\/aeronoticias.com.pe\/noticiero\/wp-json\/wp\/v2\/posts\/83630\/revisions"}],"wp:featuredmedia":[{"embeddable":true,"href":"https:\/\/aeronoticias.com.pe\/noticiero\/wp-json\/wp\/v2\/media\/83631"}],"wp:attachment":[{"href":"https:\/\/aeronoticias.com.pe\/noticiero\/wp-json\/wp\/v2\/media?parent=83630"}],"wp:term":[{"taxonomy":"category","embeddable":true,"href":"https:\/\/aeronoticias.com.pe\/noticiero\/wp-json\/wp\/v2\/categories?post=83630"},{"taxonomy":"post_tag","embeddable":true,"href":"https:\/\/aeronoticias.com.pe\/noticiero\/wp-json\/wp\/v2\/tags?post=83630"}],"curies":[{"name":"wp","href":"https:\/\/api.w.org\/{rel}","templated":true}]}}