{"id":83641,"date":"2023-06-12T18:30:29","date_gmt":"2023-06-12T23:30:29","guid":{"rendered":"https:\/\/aeronoticias.com.pe\/noticiero\/?p=83641"},"modified":"2023-06-13T09:33:18","modified_gmt":"2023-06-13T14:33:18","slug":"salud-del-papa-francisco-va-mejorando-progresivamente","status":"publish","type":"post","link":"https:\/\/aeronoticias.com.pe\/noticiero\/mundo\/salud-del-papa-francisco-va-mejorando-progresivamente\/","title":{"rendered":"Salud del Papa Francisco va mejorando progresivamente"},"content":{"rendered":"\n<p>(Aeronoticias) El Papa Francisco ha estado trabajando, leyendo y descansando cuenta el Vaticano. Estuvo rezando en la capilla del departamento privado.<br><br>Desde el Hospital Gemelli, las noticias son buenas y anunciaron que la salud del Papa se encontraba bien.<br><br>Por su parte el personal m\u00e9dico inform\u00f3, que el proceso post &#8211; operatorio de Francisco continuaba su curso junto a las prescripciones m\u00e9dicas y una alimentaci\u00f3n balanceada.<\/p>\n\n\n\n<p><em>Fuente: El Cope<\/em><\/p>\n\n\n\n<p><strong><em>Por: Sebasti\u00e1n Palacin<\/em><\/strong><\/p>\n","protected":false},"excerpt":{"rendered":"<p>(Aeronoticias) El Papa Francisco ha estado trabajando, leyendo y descansando cuenta el Vaticano. Estuvo rezando en la capilla del departamento privado. Desde el Hospital Gemelli, las noticias son buenas y anunciaron que la salud del Papa se encontraba bien. Por su parte el personal m\u00e9dico inform\u00f3, que el proceso post &#8211; operatorio de Francisco continuaba [&hellip;]<\/p>\n","protected":false},"author":3,"featured_media":83645,"comment_status":"open","ping_status":"open","sticky":false,"template":"","format":"standard","meta":{"tdm_status":"","tdm_grid_status":"","footnotes":""},"categories":[28,64],"tags":[],"class_list":{"0":"post-83641","1":"post","2":"type-post","3":"status-publish","4":"format-standard","5":"has-post-thumbnail","7":"category-mundo","8":"category-mundo-mundo"},"yoast_head":"<!-- This site is optimized with the Yoast SEO plugin v25.1 - https:\/\/yoast.com\/wordpress\/plugins\/seo\/ -->\n<title>Salud del Papa Francisco va mejorando progresivamente<\/title>\n<meta name=\"description\" content=\"El Papa Francisco ha estado trabajando, leyendo y descansando cuenta el Vaticano. Estuvo rezando en la capilla del departamento privado.\" \/>\n<meta name=\"robots\" content=\"index, follow, max-snippet:-1, max-image-preview:large, max-video-preview:-1\" \/>\n<link rel=\"canonical\" href=\"https:\/\/aeronoticias.com.pe\/noticiero\/mundo\/salud-del-papa-francisco-va-mejorando-progresivamente\/\" \/>\n<meta property=\"og:locale\" content=\"es_ES\" \/>\n<meta property=\"og:type\" content=\"article\" \/>\n<meta property=\"og:title\" content=\"Salud del Papa Francisco va mejorando progresivamente\" \/>\n<meta property=\"og:description\" content=\"El Papa Francisco ha estado trabajando, leyendo y descansando cuenta el Vaticano. Estuvo rezando en la capilla del departamento privado.\" \/>\n<meta property=\"og:url\" content=\"https:\/\/aeronoticias.com.pe\/noticiero\/mundo\/salud-del-papa-francisco-va-mejorando-progresivamente\/\" \/>\n<meta property=\"og:site_name\" content=\"Aeronoticias.com.pe\" \/>\n<meta property=\"article:publisher\" content=\"https:\/\/www.facebook.com\/Aeronoticias.com.pe\/\" \/>\n<meta property=\"article:published_time\" content=\"2023-06-12T23:30:29+00:00\" \/>\n<meta property=\"article:modified_time\" content=\"2023-06-13T14:33:18+00:00\" \/>\n<meta property=\"og:image\" content=\"https:\/\/aeronoticias.com.pe\/noticiero\/wp-content\/uploads\/2023\/06\/papaf.png\" \/>\n\t<meta property=\"og:image:width\" content=\"466\" \/>\n\t<meta property=\"og:image:height\" content=\"260\" \/>\n\t<meta property=\"og:image:type\" content=\"image\/png\" \/>\n<meta name=\"author\" content=\"Redacci\u00f3n\" \/>\n<meta name=\"twitter:card\" content=\"summary_large_image\" \/>\n<meta name=\"twitter:creator\" content=\"@aeronoticias\" \/>\n<meta name=\"twitter:site\" content=\"@aeronoticias\" \/>\n<meta name=\"twitter:label1\" content=\"Escrito por\" \/>\n\t<meta name=\"twitter:data1\" content=\"Redacci\u00f3n\" \/>\n<script type=\"application\/ld+json\" class=\"yoast-schema-graph\">{\"@context\":\"https:\/\/schema.org\",\"@graph\":[{\"@type\":\"WebPage\",\"@id\":\"https:\/\/aeronoticias.com.pe\/noticiero\/mundo\/salud-del-papa-francisco-va-mejorando-progresivamente\/\",\"url\":\"https:\/\/aeronoticias.com.pe\/noticiero\/mundo\/salud-del-papa-francisco-va-mejorando-progresivamente\/\",\"name\":\"Salud del Papa Francisco va mejorando progresivamente\",\"isPartOf\":{\"@id\":\"https:\/\/aeronoticias.com.pe\/noticiero\/#website\"},\"primaryImageOfPage\":{\"@id\":\"https:\/\/aeronoticias.com.pe\/noticiero\/mundo\/salud-del-papa-francisco-va-mejorando-progresivamente\/#primaryimage\"},\"image\":{\"@id\":\"https:\/\/aeronoticias.com.pe\/noticiero\/mundo\/salud-del-papa-francisco-va-mejorando-progresivamente\/#primaryimage\"},\"thumbnailUrl\":\"https:\/\/aeronoticias.com.pe\/noticiero\/wp-content\/uploads\/2023\/06\/papaf.png\",\"datePublished\":\"2023-06-12T23:30:29+00:00\",\"dateModified\":\"2023-06-13T14:33:18+00:00\",\"author\":{\"@id\":\"https:\/\/aeronoticias.com.pe\/noticiero\/#\/schema\/person\/16212a617c73f78916b13194154243bd\"},\"description\":\"El Papa Francisco ha estado trabajando, leyendo y descansando cuenta el Vaticano. Estuvo rezando en la capilla del departamento privado.\",\"breadcrumb\":{\"@id\":\"https:\/\/aeronoticias.com.pe\/noticiero\/mundo\/salud-del-papa-francisco-va-mejorando-progresivamente\/#breadcrumb\"},\"inLanguage\":\"es\",\"potentialAction\":[{\"@type\":\"ReadAction\",\"target\":[\"https:\/\/aeronoticias.com.pe\/noticiero\/mundo\/salud-del-papa-francisco-va-mejorando-progresivamente\/\"]}]},{\"@type\":\"ImageObject\",\"inLanguage\":\"es\",\"@id\":\"https:\/\/aeronoticias.com.pe\/noticiero\/mundo\/salud-del-papa-francisco-va-mejorando-progresivamente\/#primaryimage\",\"url\":\"https:\/\/aeronoticias.com.pe\/noticiero\/wp-content\/uploads\/2023\/06\/papaf.png\",\"contentUrl\":\"https:\/\/aeronoticias.com.pe\/noticiero\/wp-content\/uploads\/2023\/06\/papaf.png\",\"width\":466,\"height\":260},{\"@type\":\"BreadcrumbList\",\"@id\":\"https:\/\/aeronoticias.com.pe\/noticiero\/mundo\/salud-del-papa-francisco-va-mejorando-progresivamente\/#breadcrumb\",\"itemListElement\":[{\"@type\":\"ListItem\",\"position\":1,\"name\":\"Portada\",\"item\":\"https:\/\/aeronoticias.com.pe\/noticiero\/\"},{\"@type\":\"ListItem\",\"position\":2,\"name\":\"Salud del Papa Francisco va mejorando progresivamente\"}]},{\"@type\":\"WebSite\",\"@id\":\"https:\/\/aeronoticias.com.pe\/noticiero\/#website\",\"url\":\"https:\/\/aeronoticias.com.pe\/noticiero\/\",\"name\":\"Aeronoticias.com.pe\",\"description\":\"Noticias de tranporte aereo, turismo, hoteles, gastronomia, actualidad, internacional\",\"potentialAction\":[{\"@type\":\"SearchAction\",\"target\":{\"@type\":\"EntryPoint\",\"urlTemplate\":\"https:\/\/aeronoticias.com.pe\/noticiero\/?s={search_term_string}\"},\"query-input\":{\"@type\":\"PropertyValueSpecification\",\"valueRequired\":true,\"valueName\":\"search_term_string\"}}],\"inLanguage\":\"es\"},{\"@type\":\"Person\",\"@id\":\"https:\/\/aeronoticias.com.pe\/noticiero\/#\/schema\/person\/16212a617c73f78916b13194154243bd\",\"name\":\"Redacci\u00f3n\",\"sameAs\":[\"http:\/\/Redacci\u00f3n\"],\"url\":\"https:\/\/aeronoticias.com.pe\/noticiero\/author\/celeste\/\"}]}<\/script>\n<!-- \/ Yoast SEO plugin. -->","yoast_head_json":{"title":"Salud del Papa Francisco va mejorando progresivamente","description":"El Papa Francisco ha estado trabajando, leyendo y descansando cuenta el Vaticano. Estuvo rezando en la capilla del departamento privado.","robots":{"index":"index","follow":"follow","max-snippet":"max-snippet:-1","max-image-preview":"max-image-preview:large","max-video-preview":"max-video-preview:-1"},"canonical":"https:\/\/aeronoticias.com.pe\/noticiero\/mundo\/salud-del-papa-francisco-va-mejorando-progresivamente\/","og_locale":"es_ES","og_type":"article","og_title":"Salud del Papa Francisco va mejorando progresivamente","og_description":"El Papa Francisco ha estado trabajando, leyendo y descansando cuenta el Vaticano. Estuvo rezando en la capilla del departamento privado.","og_url":"https:\/\/aeronoticias.com.pe\/noticiero\/mundo\/salud-del-papa-francisco-va-mejorando-progresivamente\/","og_site_name":"Aeronoticias.com.pe","article_publisher":"https:\/\/www.facebook.com\/Aeronoticias.com.pe\/","article_published_time":"2023-06-12T23:30:29+00:00","article_modified_time":"2023-06-13T14:33:18+00:00","og_image":[{"width":466,"height":260,"url":"https:\/\/aeronoticias.com.pe\/noticiero\/wp-content\/uploads\/2023\/06\/papaf.png","type":"image\/png"}],"author":"Redacci\u00f3n","twitter_card":"summary_large_image","twitter_creator":"@aeronoticias","twitter_site":"@aeronoticias","twitter_misc":{"Escrito por":"Redacci\u00f3n"},"schema":{"@context":"https:\/\/schema.org","@graph":[{"@type":"WebPage","@id":"https:\/\/aeronoticias.com.pe\/noticiero\/mundo\/salud-del-papa-francisco-va-mejorando-progresivamente\/","url":"https:\/\/aeronoticias.com.pe\/noticiero\/mundo\/salud-del-papa-francisco-va-mejorando-progresivamente\/","name":"Salud del Papa Francisco va mejorando progresivamente","isPartOf":{"@id":"https:\/\/aeronoticias.com.pe\/noticiero\/#website"},"primaryImageOfPage":{"@id":"https:\/\/aeronoticias.com.pe\/noticiero\/mundo\/salud-del-papa-francisco-va-mejorando-progresivamente\/#primaryimage"},"image":{"@id":"https:\/\/aeronoticias.com.pe\/noticiero\/mundo\/salud-del-papa-francisco-va-mejorando-progresivamente\/#primaryimage"},"thumbnailUrl":"https:\/\/aeronoticias.com.pe\/noticiero\/wp-content\/uploads\/2023\/06\/papaf.png","datePublished":"2023-06-12T23:30:29+00:00","dateModified":"2023-06-13T14:33:18+00:00","author":{"@id":"https:\/\/aeronoticias.com.pe\/noticiero\/#\/schema\/person\/16212a617c73f78916b13194154243bd"},"description":"El Papa Francisco ha estado trabajando, leyendo y descansando cuenta el Vaticano. Estuvo rezando en la capilla del departamento privado.","breadcrumb":{"@id":"https:\/\/aeronoticias.com.pe\/noticiero\/mundo\/salud-del-papa-francisco-va-mejorando-progresivamente\/#breadcrumb"},"inLanguage":"es","potentialAction":[{"@type":"ReadAction","target":["https:\/\/aeronoticias.com.pe\/noticiero\/mundo\/salud-del-papa-francisco-va-mejorando-progresivamente\/"]}]},{"@type":"ImageObject","inLanguage":"es","@id":"https:\/\/aeronoticias.com.pe\/noticiero\/mundo\/salud-del-papa-francisco-va-mejorando-progresivamente\/#primaryimage","url":"https:\/\/aeronoticias.com.pe\/noticiero\/wp-content\/uploads\/2023\/06\/papaf.png","contentUrl":"https:\/\/aeronoticias.com.pe\/noticiero\/wp-content\/uploads\/2023\/06\/papaf.png","width":466,"height":260},{"@type":"BreadcrumbList","@id":"https:\/\/aeronoticias.com.pe\/noticiero\/mundo\/salud-del-papa-francisco-va-mejorando-progresivamente\/#breadcrumb","itemListElement":[{"@type":"ListItem","position":1,"name":"Portada","item":"https:\/\/aeronoticias.com.pe\/noticiero\/"},{"@type":"ListItem","position":2,"name":"Salud del Papa Francisco va mejorando progresivamente"}]},{"@type":"WebSite","@id":"https:\/\/aeronoticias.com.pe\/noticiero\/#website","url":"https:\/\/aeronoticias.com.pe\/noticiero\/","name":"Aeronoticias.com.pe","description":"Noticias de tranporte aereo, turismo, hoteles, gastronomia, actualidad, internacional","potentialAction":[{"@type":"SearchAction","target":{"@type":"EntryPoint","urlTemplate":"https:\/\/aeronoticias.com.pe\/noticiero\/?s={search_term_string}"},"query-input":{"@type":"PropertyValueSpecification","valueRequired":true,"valueName":"search_term_string"}}],"inLanguage":"es"},{"@type":"Person","@id":"https:\/\/aeronoticias.com.pe\/noticiero\/#\/schema\/person\/16212a617c73f78916b13194154243bd","name":"Redacci\u00f3n","sameAs":["http:\/\/Redacci\u00f3n"],"url":"https:\/\/aeronoticias.com.pe\/noticiero\/author\/celeste\/"}]}},"_links":{"self":[{"href":"https:\/\/aeronoticias.com.pe\/noticiero\/wp-json\/wp\/v2\/posts\/83641","targetHints":{"allow":["GET"]}}],"collection":[{"href":"https:\/\/aeronoticias.com.pe\/noticiero\/wp-json\/wp\/v2\/posts"}],"about":[{"href":"https:\/\/aeronoticias.com.pe\/noticiero\/wp-json\/wp\/v2\/types\/post"}],"author":[{"embeddable":true,"href":"https:\/\/aeronoticias.com.pe\/noticiero\/wp-json\/wp\/v2\/users\/3"}],"replies":[{"embeddable":true,"href":"https:\/\/aeronoticias.com.pe\/noticiero\/wp-json\/wp\/v2\/comments?post=83641"}],"version-history":[{"count":0,"href":"https:\/\/aeronoticias.com.pe\/noticiero\/wp-json\/wp\/v2\/posts\/83641\/revisions"}],"wp:featuredmedia":[{"embeddable":true,"href":"https:\/\/aeronoticias.com.pe\/noticiero\/wp-json\/wp\/v2\/media\/83645"}],"wp:attachment":[{"href":"https:\/\/aeronoticias.com.pe\/noticiero\/wp-json\/wp\/v2\/media?parent=83641"}],"wp:term":[{"taxonomy":"category","embeddable":true,"href":"https:\/\/aeronoticias.com.pe\/noticiero\/wp-json\/wp\/v2\/categories?post=83641"},{"taxonomy":"post_tag","embeddable":true,"href":"https:\/\/aeronoticias.com.pe\/noticiero\/wp-json\/wp\/v2\/tags?post=83641"}],"curies":[{"name":"wp","href":"https:\/\/api.w.org\/{rel}","templated":true}]}}