{"id":83649,"date":"2023-06-12T19:00:39","date_gmt":"2023-06-13T00:00:39","guid":{"rendered":"https:\/\/aeronoticias.com.pe\/noticiero\/?p=83649"},"modified":"2023-06-13T09:46:44","modified_gmt":"2023-06-13T14:46:44","slug":"12-de-junio-dia-mundial-contra-el-trabajo-infantil","status":"publish","type":"post","link":"https:\/\/aeronoticias.com.pe\/noticiero\/mundo\/12-de-junio-dia-mundial-contra-el-trabajo-infantil\/","title":{"rendered":"12 de Junio: D\u00eda mundial contra el trabajo infantil"},"content":{"rendered":"\n<p>(Aeronoticias) Se dice que m\u00e1s de 160 millones de ni\u00f1os viven el infierno del trabajo infantil y bajo el lema de la OIT: \u201cJusticia social para todos. Poner fin al trabajo infantil\u201d; se lucha contra la agravante situaci\u00f3n que apeligra la integridad del menor.<br><br>El n\u00famero de ni\u00f1os y ni\u00f1as que trabajan no realizan tareas correspondientes a sus edades y aument\u00f3 a ra\u00edz de la pandemia, seg\u00fan el departamento de Manos Unidas.<br><br>Se estima que uno de cada diez ni\u00f1os en el mundo sufren de lo ocurrido y en \u00c1frica hay tan solo 72 millones de afectados.<br>Dentro de este marco lo grave tambi\u00e9n son la falta de acceso a una alimentaci\u00f3n, sanidad y educaci\u00f3n adecuada que conducen a enormes bajas para este segmento sumamente joven.<br><br>Dicho de otra forma se llama \u201cesclavitud infantil\u201d y el slogan de Manos Unidas es tan solo un eufenismo para ello. Es un horror la forma en como se atropella la dignidad de los menores con la condici\u00f3n de reducir costes de producci\u00f3n o maximizar aspectos empresariales.<br><br>Como conclusi\u00f3n, esta ONG (Manos Unidas) perteneciente a una iglesia cat\u00f3lica de Espa\u00f1a lucha todos los d\u00edas para darles a los ni\u00f1os un futuro con mas esperanza de vida, castigando a los agresores que explotan sus derechos y dignidades.<br><br>Finalmente, es una triste realidad e importante recordarla un d\u00eda como hoy con los siguientes datos lamentables: La industria manufacturera explota al 20% de la poblaci\u00f3n infantil; y la industria de los minerales a aproximadamente 16.5 millones de ni\u00f1os de todo el mundo.<\/p>\n\n\n\n<p><em>Fuente: Manos Unidas<\/em><\/p>\n\n\n\n<p><strong><em>Por: Sebasti\u00e1n Palacin<\/em><\/strong><\/p>\n","protected":false},"excerpt":{"rendered":"<p>(Aeronoticias) Se dice que m\u00e1s de 160 millones de ni\u00f1os viven el infierno del trabajo infantil y bajo el lema de la OIT: \u201cJusticia social para todos. Poner fin al trabajo infantil\u201d; se lucha contra la agravante situaci\u00f3n que apeligra la integridad del menor. El n\u00famero de ni\u00f1os y ni\u00f1as que trabajan no realizan tareas [&hellip;]<\/p>\n","protected":false},"author":3,"featured_media":83655,"comment_status":"open","ping_status":"open","sticky":false,"template":"","format":"standard","meta":{"tdm_status":"","tdm_grid_status":"","footnotes":""},"categories":[28,64],"tags":[],"class_list":{"0":"post-83649","1":"post","2":"type-post","3":"status-publish","4":"format-standard","5":"has-post-thumbnail","7":"category-mundo","8":"category-mundo-mundo"},"yoast_head":"<!-- This site is optimized with the Yoast SEO plugin v25.1 - https:\/\/yoast.com\/wordpress\/plugins\/seo\/ -->\n<title>12 de Junio: D\u00eda mundial contra el trabajo infantil<\/title>\n<meta name=\"description\" content=\"Se dice que m\u00e1s de 160 millones de ni\u00f1os viven el infierno del trabajo infantil y bajo el lema de la OIT: \u201cJusticia social para todos.\" \/>\n<meta name=\"robots\" content=\"index, follow, max-snippet:-1, max-image-preview:large, max-video-preview:-1\" \/>\n<link rel=\"canonical\" href=\"https:\/\/aeronoticias.com.pe\/noticiero\/mundo\/12-de-junio-dia-mundial-contra-el-trabajo-infantil\/\" \/>\n<meta property=\"og:locale\" content=\"es_ES\" \/>\n<meta property=\"og:type\" content=\"article\" \/>\n<meta property=\"og:title\" content=\"12 de Junio: D\u00eda mundial contra el trabajo infantil\" \/>\n<meta property=\"og:description\" content=\"Se dice que m\u00e1s de 160 millones de ni\u00f1os viven el infierno del trabajo infantil y bajo el lema de la OIT: \u201cJusticia social para todos.\" \/>\n<meta property=\"og:url\" content=\"https:\/\/aeronoticias.com.pe\/noticiero\/mundo\/12-de-junio-dia-mundial-contra-el-trabajo-infantil\/\" \/>\n<meta property=\"og:site_name\" content=\"Aeronoticias.com.pe\" \/>\n<meta property=\"article:publisher\" content=\"https:\/\/www.facebook.com\/Aeronoticias.com.pe\/\" \/>\n<meta property=\"article:published_time\" content=\"2023-06-13T00:00:39+00:00\" \/>\n<meta property=\"article:modified_time\" content=\"2023-06-13T14:46:44+00:00\" \/>\n<meta property=\"og:image\" content=\"https:\/\/aeronoticias.com.pe\/noticiero\/wp-content\/uploads\/2023\/06\/munidas.png\" \/>\n\t<meta property=\"og:image:width\" content=\"633\" \/>\n\t<meta property=\"og:image:height\" content=\"206\" \/>\n\t<meta property=\"og:image:type\" content=\"image\/png\" \/>\n<meta name=\"author\" content=\"Redacci\u00f3n\" \/>\n<meta name=\"twitter:card\" content=\"summary_large_image\" \/>\n<meta name=\"twitter:creator\" content=\"@aeronoticias\" \/>\n<meta name=\"twitter:site\" content=\"@aeronoticias\" \/>\n<meta name=\"twitter:label1\" content=\"Escrito por\" \/>\n\t<meta name=\"twitter:data1\" content=\"Redacci\u00f3n\" \/>\n\t<meta name=\"twitter:label2\" content=\"Tiempo de lectura\" \/>\n\t<meta name=\"twitter:data2\" content=\"1 minuto\" \/>\n<script type=\"application\/ld+json\" class=\"yoast-schema-graph\">{\"@context\":\"https:\/\/schema.org\",\"@graph\":[{\"@type\":\"WebPage\",\"@id\":\"https:\/\/aeronoticias.com.pe\/noticiero\/mundo\/12-de-junio-dia-mundial-contra-el-trabajo-infantil\/\",\"url\":\"https:\/\/aeronoticias.com.pe\/noticiero\/mundo\/12-de-junio-dia-mundial-contra-el-trabajo-infantil\/\",\"name\":\"12 de Junio: D\u00eda mundial contra el trabajo infantil\",\"isPartOf\":{\"@id\":\"https:\/\/aeronoticias.com.pe\/noticiero\/#website\"},\"primaryImageOfPage\":{\"@id\":\"https:\/\/aeronoticias.com.pe\/noticiero\/mundo\/12-de-junio-dia-mundial-contra-el-trabajo-infantil\/#primaryimage\"},\"image\":{\"@id\":\"https:\/\/aeronoticias.com.pe\/noticiero\/mundo\/12-de-junio-dia-mundial-contra-el-trabajo-infantil\/#primaryimage\"},\"thumbnailUrl\":\"https:\/\/aeronoticias.com.pe\/noticiero\/wp-content\/uploads\/2023\/06\/munidas.png\",\"datePublished\":\"2023-06-13T00:00:39+00:00\",\"dateModified\":\"2023-06-13T14:46:44+00:00\",\"author\":{\"@id\":\"https:\/\/aeronoticias.com.pe\/noticiero\/#\/schema\/person\/16212a617c73f78916b13194154243bd\"},\"description\":\"Se dice que m\u00e1s de 160 millones de ni\u00f1os viven el infierno del trabajo infantil y bajo el lema de la OIT: \u201cJusticia social para todos.\",\"breadcrumb\":{\"@id\":\"https:\/\/aeronoticias.com.pe\/noticiero\/mundo\/12-de-junio-dia-mundial-contra-el-trabajo-infantil\/#breadcrumb\"},\"inLanguage\":\"es\",\"potentialAction\":[{\"@type\":\"ReadAction\",\"target\":[\"https:\/\/aeronoticias.com.pe\/noticiero\/mundo\/12-de-junio-dia-mundial-contra-el-trabajo-infantil\/\"]}]},{\"@type\":\"ImageObject\",\"inLanguage\":\"es\",\"@id\":\"https:\/\/aeronoticias.com.pe\/noticiero\/mundo\/12-de-junio-dia-mundial-contra-el-trabajo-infantil\/#primaryimage\",\"url\":\"https:\/\/aeronoticias.com.pe\/noticiero\/wp-content\/uploads\/2023\/06\/munidas.png\",\"contentUrl\":\"https:\/\/aeronoticias.com.pe\/noticiero\/wp-content\/uploads\/2023\/06\/munidas.png\",\"width\":633,\"height\":206},{\"@type\":\"BreadcrumbList\",\"@id\":\"https:\/\/aeronoticias.com.pe\/noticiero\/mundo\/12-de-junio-dia-mundial-contra-el-trabajo-infantil\/#breadcrumb\",\"itemListElement\":[{\"@type\":\"ListItem\",\"position\":1,\"name\":\"Portada\",\"item\":\"https:\/\/aeronoticias.com.pe\/noticiero\/\"},{\"@type\":\"ListItem\",\"position\":2,\"name\":\"12 de Junio: D\u00eda mundial contra el trabajo infantil\"}]},{\"@type\":\"WebSite\",\"@id\":\"https:\/\/aeronoticias.com.pe\/noticiero\/#website\",\"url\":\"https:\/\/aeronoticias.com.pe\/noticiero\/\",\"name\":\"Aeronoticias.com.pe\",\"description\":\"Noticias de tranporte aereo, turismo, hoteles, gastronomia, actualidad, internacional\",\"potentialAction\":[{\"@type\":\"SearchAction\",\"target\":{\"@type\":\"EntryPoint\",\"urlTemplate\":\"https:\/\/aeronoticias.com.pe\/noticiero\/?s={search_term_string}\"},\"query-input\":{\"@type\":\"PropertyValueSpecification\",\"valueRequired\":true,\"valueName\":\"search_term_string\"}}],\"inLanguage\":\"es\"},{\"@type\":\"Person\",\"@id\":\"https:\/\/aeronoticias.com.pe\/noticiero\/#\/schema\/person\/16212a617c73f78916b13194154243bd\",\"name\":\"Redacci\u00f3n\",\"sameAs\":[\"http:\/\/Redacci\u00f3n\"],\"url\":\"https:\/\/aeronoticias.com.pe\/noticiero\/author\/celeste\/\"}]}<\/script>\n<!-- \/ Yoast SEO plugin. -->","yoast_head_json":{"title":"12 de Junio: D\u00eda mundial contra el trabajo infantil","description":"Se dice que m\u00e1s de 160 millones de ni\u00f1os viven el infierno del trabajo infantil y bajo el lema de la OIT: \u201cJusticia social para todos.","robots":{"index":"index","follow":"follow","max-snippet":"max-snippet:-1","max-image-preview":"max-image-preview:large","max-video-preview":"max-video-preview:-1"},"canonical":"https:\/\/aeronoticias.com.pe\/noticiero\/mundo\/12-de-junio-dia-mundial-contra-el-trabajo-infantil\/","og_locale":"es_ES","og_type":"article","og_title":"12 de Junio: D\u00eda mundial contra el trabajo infantil","og_description":"Se dice que m\u00e1s de 160 millones de ni\u00f1os viven el infierno del trabajo infantil y bajo el lema de la OIT: \u201cJusticia social para todos.","og_url":"https:\/\/aeronoticias.com.pe\/noticiero\/mundo\/12-de-junio-dia-mundial-contra-el-trabajo-infantil\/","og_site_name":"Aeronoticias.com.pe","article_publisher":"https:\/\/www.facebook.com\/Aeronoticias.com.pe\/","article_published_time":"2023-06-13T00:00:39+00:00","article_modified_time":"2023-06-13T14:46:44+00:00","og_image":[{"width":633,"height":206,"url":"https:\/\/aeronoticias.com.pe\/noticiero\/wp-content\/uploads\/2023\/06\/munidas.png","type":"image\/png"}],"author":"Redacci\u00f3n","twitter_card":"summary_large_image","twitter_creator":"@aeronoticias","twitter_site":"@aeronoticias","twitter_misc":{"Escrito por":"Redacci\u00f3n","Tiempo de lectura":"1 minuto"},"schema":{"@context":"https:\/\/schema.org","@graph":[{"@type":"WebPage","@id":"https:\/\/aeronoticias.com.pe\/noticiero\/mundo\/12-de-junio-dia-mundial-contra-el-trabajo-infantil\/","url":"https:\/\/aeronoticias.com.pe\/noticiero\/mundo\/12-de-junio-dia-mundial-contra-el-trabajo-infantil\/","name":"12 de Junio: D\u00eda mundial contra el trabajo infantil","isPartOf":{"@id":"https:\/\/aeronoticias.com.pe\/noticiero\/#website"},"primaryImageOfPage":{"@id":"https:\/\/aeronoticias.com.pe\/noticiero\/mundo\/12-de-junio-dia-mundial-contra-el-trabajo-infantil\/#primaryimage"},"image":{"@id":"https:\/\/aeronoticias.com.pe\/noticiero\/mundo\/12-de-junio-dia-mundial-contra-el-trabajo-infantil\/#primaryimage"},"thumbnailUrl":"https:\/\/aeronoticias.com.pe\/noticiero\/wp-content\/uploads\/2023\/06\/munidas.png","datePublished":"2023-06-13T00:00:39+00:00","dateModified":"2023-06-13T14:46:44+00:00","author":{"@id":"https:\/\/aeronoticias.com.pe\/noticiero\/#\/schema\/person\/16212a617c73f78916b13194154243bd"},"description":"Se dice que m\u00e1s de 160 millones de ni\u00f1os viven el infierno del trabajo infantil y bajo el lema de la OIT: \u201cJusticia social para todos.","breadcrumb":{"@id":"https:\/\/aeronoticias.com.pe\/noticiero\/mundo\/12-de-junio-dia-mundial-contra-el-trabajo-infantil\/#breadcrumb"},"inLanguage":"es","potentialAction":[{"@type":"ReadAction","target":["https:\/\/aeronoticias.com.pe\/noticiero\/mundo\/12-de-junio-dia-mundial-contra-el-trabajo-infantil\/"]}]},{"@type":"ImageObject","inLanguage":"es","@id":"https:\/\/aeronoticias.com.pe\/noticiero\/mundo\/12-de-junio-dia-mundial-contra-el-trabajo-infantil\/#primaryimage","url":"https:\/\/aeronoticias.com.pe\/noticiero\/wp-content\/uploads\/2023\/06\/munidas.png","contentUrl":"https:\/\/aeronoticias.com.pe\/noticiero\/wp-content\/uploads\/2023\/06\/munidas.png","width":633,"height":206},{"@type":"BreadcrumbList","@id":"https:\/\/aeronoticias.com.pe\/noticiero\/mundo\/12-de-junio-dia-mundial-contra-el-trabajo-infantil\/#breadcrumb","itemListElement":[{"@type":"ListItem","position":1,"name":"Portada","item":"https:\/\/aeronoticias.com.pe\/noticiero\/"},{"@type":"ListItem","position":2,"name":"12 de Junio: D\u00eda mundial contra el trabajo infantil"}]},{"@type":"WebSite","@id":"https:\/\/aeronoticias.com.pe\/noticiero\/#website","url":"https:\/\/aeronoticias.com.pe\/noticiero\/","name":"Aeronoticias.com.pe","description":"Noticias de tranporte aereo, turismo, hoteles, gastronomia, actualidad, internacional","potentialAction":[{"@type":"SearchAction","target":{"@type":"EntryPoint","urlTemplate":"https:\/\/aeronoticias.com.pe\/noticiero\/?s={search_term_string}"},"query-input":{"@type":"PropertyValueSpecification","valueRequired":true,"valueName":"search_term_string"}}],"inLanguage":"es"},{"@type":"Person","@id":"https:\/\/aeronoticias.com.pe\/noticiero\/#\/schema\/person\/16212a617c73f78916b13194154243bd","name":"Redacci\u00f3n","sameAs":["http:\/\/Redacci\u00f3n"],"url":"https:\/\/aeronoticias.com.pe\/noticiero\/author\/celeste\/"}]}},"_links":{"self":[{"href":"https:\/\/aeronoticias.com.pe\/noticiero\/wp-json\/wp\/v2\/posts\/83649","targetHints":{"allow":["GET"]}}],"collection":[{"href":"https:\/\/aeronoticias.com.pe\/noticiero\/wp-json\/wp\/v2\/posts"}],"about":[{"href":"https:\/\/aeronoticias.com.pe\/noticiero\/wp-json\/wp\/v2\/types\/post"}],"author":[{"embeddable":true,"href":"https:\/\/aeronoticias.com.pe\/noticiero\/wp-json\/wp\/v2\/users\/3"}],"replies":[{"embeddable":true,"href":"https:\/\/aeronoticias.com.pe\/noticiero\/wp-json\/wp\/v2\/comments?post=83649"}],"version-history":[{"count":0,"href":"https:\/\/aeronoticias.com.pe\/noticiero\/wp-json\/wp\/v2\/posts\/83649\/revisions"}],"wp:featuredmedia":[{"embeddable":true,"href":"https:\/\/aeronoticias.com.pe\/noticiero\/wp-json\/wp\/v2\/media\/83655"}],"wp:attachment":[{"href":"https:\/\/aeronoticias.com.pe\/noticiero\/wp-json\/wp\/v2\/media?parent=83649"}],"wp:term":[{"taxonomy":"category","embeddable":true,"href":"https:\/\/aeronoticias.com.pe\/noticiero\/wp-json\/wp\/v2\/categories?post=83649"},{"taxonomy":"post_tag","embeddable":true,"href":"https:\/\/aeronoticias.com.pe\/noticiero\/wp-json\/wp\/v2\/tags?post=83649"}],"curies":[{"name":"wp","href":"https:\/\/api.w.org\/{rel}","templated":true}]}}