{"id":83657,"date":"2023-06-13T09:00:18","date_gmt":"2023-06-13T14:00:18","guid":{"rendered":"https:\/\/aeronoticias.com.pe\/noticiero\/?p=83657"},"modified":"2023-06-13T09:56:16","modified_gmt":"2023-06-13T14:56:16","slug":"transformers-el-despertar-de-las-bestias-dejo-mas-de-us-5-millones-en-peru-segun-canatur","status":"publish","type":"post","link":"https:\/\/aeronoticias.com.pe\/noticiero\/ultimas\/transformers-el-despertar-de-las-bestias-dejo-mas-de-us-5-millones-en-peru-segun-canatur\/","title":{"rendered":"\u201cTransformers: el despertar de las bestias\u201d dej\u00f3 m\u00e1s de US$ 5 millones en Per\u00fa, seg\u00fan Canatur"},"content":{"rendered":"\n<p>(Aeronoticias) La pel\u00edcula \u201cTransformers: el despertar de las bestias\u201d ya se estren\u00f3 en cines peruano y se dan a conocer m\u00e1s detalles de la filmaci\u00f3n en Cusco y Tarapoto (San Mart\u00edn).<\/p>\n\n\n\n<p>De acuerdo a la C\u00e1mara Nacional de Turismo (Canatur), la grabaci\u00f3n, que se dio en agosto y setiembre del 2021, dej\u00f3 m\u00e1s de US$ 5 millones en ingresos para los peruanos que brindaron servicios como hospedaje, servicios y alquileres a la productora.<\/p>\n\n\n\n<p>\u201cUna filmaci\u00f3n de esa magnitud tiene que adecuar locaciones, pagar hoteles, contratar una productora local de apoyo, alquilar autos, alimentaci\u00f3n, pasajes, organizar una ambientaci\u00f3n art\u00edstica para una escena en la Plaza de Armas de Cusco y otros gastos en las ciudades que se filmaron involucran una inversi\u00f3n superior a los 5 millones de d\u00f3lares\u201d, sostuvo el director ejecutivo de Canatur, Tito Alegr\u00eda a Agencia Andina.<\/p>\n\n\n\n<p>Cabe se\u00f1alar que la cinta \u201cTransformers: el despertar de las bestias\u201d se grab\u00f3 en Alto Schilcayo, las cascadas La Uni\u00f3n, las cataratas de Ahuashiyacu y el distrito de Shapaja en la regi\u00f3n San Mart\u00edn. Mientas que en Cusco se ve Machu Picchu, Sacasayhuam\u00e1n, Plaza de Armas, Chinchero y el Abra M\u00e1laga.<\/p>\n\n\n\n<p>\u201cSe proyecta que la pel\u00edcula sea vista por m\u00e1s de 150 millones de personas en las salas de cine del mundo, pero luego ser\u00e1n 100 millones m\u00e1s de espectadores cuando se comience a colocar en las diferentes plataformas digitales, como Paramount Pictures, Netflix y otras\u201d, a\u00f1adi\u00f3.<\/p>\n\n\n\n<p><em>Fuente: Gesti\u00f3n<\/em><\/p>\n","protected":false},"excerpt":{"rendered":"<p>(Aeronoticias) La pel\u00edcula \u201cTransformers: el despertar de las bestias\u201d ya se estren\u00f3 en cines peruano y se dan a conocer m\u00e1s detalles de la filmaci\u00f3n en Cusco y Tarapoto (San Mart\u00edn). De acuerdo a la C\u00e1mara Nacional de Turismo (Canatur), la grabaci\u00f3n, que se dio en agosto y setiembre del 2021, dej\u00f3 m\u00e1s de US$ [&hellip;]<\/p>\n","protected":false},"author":3,"featured_media":83487,"comment_status":"open","ping_status":"open","sticky":false,"template":"","format":"standard","meta":{"tdm_status":"","tdm_grid_status":"","footnotes":""},"categories":[8,30],"tags":[],"class_list":{"0":"post-83657","1":"post","2":"type-post","3":"status-publish","4":"format-standard","5":"has-post-thumbnail","7":"category-ultimas","8":"category-30"},"yoast_head":"<!-- This site is optimized with the Yoast SEO plugin v25.1 - https:\/\/yoast.com\/wordpress\/plugins\/seo\/ -->\n<title>\u201cTransformers: el despertar de las bestias\u201d dej\u00f3 m\u00e1s de US$ 5 millones en Per\u00fa, seg\u00fan Canatur<\/title>\n<meta name=\"description\" content=\"Se proyecta que la pel\u00edcula sea vista por m\u00e1s de 150 millones de personas en las salas de cine del mundo.\" \/>\n<meta name=\"robots\" content=\"index, follow, max-snippet:-1, max-image-preview:large, max-video-preview:-1\" \/>\n<link rel=\"canonical\" href=\"https:\/\/aeronoticias.com.pe\/noticiero\/ultimas\/transformers-el-despertar-de-las-bestias-dejo-mas-de-us-5-millones-en-peru-segun-canatur\/\" \/>\n<meta property=\"og:locale\" content=\"es_ES\" \/>\n<meta property=\"og:type\" content=\"article\" \/>\n<meta property=\"og:title\" content=\"\u201cTransformers: el despertar de las bestias\u201d dej\u00f3 m\u00e1s de US$ 5 millones en Per\u00fa, seg\u00fan Canatur\" \/>\n<meta property=\"og:description\" content=\"Se proyecta que la pel\u00edcula sea vista por m\u00e1s de 150 millones de personas en las salas de cine del mundo.\" \/>\n<meta property=\"og:url\" content=\"https:\/\/aeronoticias.com.pe\/noticiero\/ultimas\/transformers-el-despertar-de-las-bestias-dejo-mas-de-us-5-millones-en-peru-segun-canatur\/\" \/>\n<meta property=\"og:site_name\" content=\"Aeronoticias.com.pe\" \/>\n<meta property=\"article:publisher\" content=\"https:\/\/www.facebook.com\/Aeronoticias.com.pe\/\" \/>\n<meta property=\"article:published_time\" content=\"2023-06-13T14:00:18+00:00\" \/>\n<meta property=\"article:modified_time\" content=\"2023-06-13T14:56:16+00:00\" \/>\n<meta property=\"og:image\" content=\"https:\/\/aeronoticias.com.pe\/noticiero\/wp-content\/uploads\/2023\/06\/transformers.jpg\" \/>\n\t<meta property=\"og:image:width\" content=\"1080\" \/>\n\t<meta property=\"og:image:height\" content=\"1008\" \/>\n\t<meta property=\"og:image:type\" content=\"image\/jpeg\" \/>\n<meta name=\"author\" content=\"Redacci\u00f3n\" \/>\n<meta name=\"twitter:card\" content=\"summary_large_image\" \/>\n<meta name=\"twitter:creator\" content=\"@aeronoticias\" \/>\n<meta name=\"twitter:site\" content=\"@aeronoticias\" \/>\n<meta name=\"twitter:label1\" content=\"Escrito por\" \/>\n\t<meta name=\"twitter:data1\" content=\"Redacci\u00f3n\" \/>\n\t<meta name=\"twitter:label2\" content=\"Tiempo de lectura\" \/>\n\t<meta name=\"twitter:data2\" content=\"1 minuto\" \/>\n<script type=\"application\/ld+json\" class=\"yoast-schema-graph\">{\"@context\":\"https:\/\/schema.org\",\"@graph\":[{\"@type\":\"WebPage\",\"@id\":\"https:\/\/aeronoticias.com.pe\/noticiero\/ultimas\/transformers-el-despertar-de-las-bestias-dejo-mas-de-us-5-millones-en-peru-segun-canatur\/\",\"url\":\"https:\/\/aeronoticias.com.pe\/noticiero\/ultimas\/transformers-el-despertar-de-las-bestias-dejo-mas-de-us-5-millones-en-peru-segun-canatur\/\",\"name\":\"\u201cTransformers: el despertar de las bestias\u201d dej\u00f3 m\u00e1s de US$ 5 millones en Per\u00fa, seg\u00fan Canatur\",\"isPartOf\":{\"@id\":\"https:\/\/aeronoticias.com.pe\/noticiero\/#website\"},\"primaryImageOfPage\":{\"@id\":\"https:\/\/aeronoticias.com.pe\/noticiero\/ultimas\/transformers-el-despertar-de-las-bestias-dejo-mas-de-us-5-millones-en-peru-segun-canatur\/#primaryimage\"},\"image\":{\"@id\":\"https:\/\/aeronoticias.com.pe\/noticiero\/ultimas\/transformers-el-despertar-de-las-bestias-dejo-mas-de-us-5-millones-en-peru-segun-canatur\/#primaryimage\"},\"thumbnailUrl\":\"https:\/\/aeronoticias.com.pe\/noticiero\/wp-content\/uploads\/2023\/06\/transformers.jpg\",\"datePublished\":\"2023-06-13T14:00:18+00:00\",\"dateModified\":\"2023-06-13T14:56:16+00:00\",\"author\":{\"@id\":\"https:\/\/aeronoticias.com.pe\/noticiero\/#\/schema\/person\/16212a617c73f78916b13194154243bd\"},\"description\":\"Se proyecta que la pel\u00edcula sea vista por m\u00e1s de 150 millones de personas en las salas de cine del mundo.\",\"breadcrumb\":{\"@id\":\"https:\/\/aeronoticias.com.pe\/noticiero\/ultimas\/transformers-el-despertar-de-las-bestias-dejo-mas-de-us-5-millones-en-peru-segun-canatur\/#breadcrumb\"},\"inLanguage\":\"es\",\"potentialAction\":[{\"@type\":\"ReadAction\",\"target\":[\"https:\/\/aeronoticias.com.pe\/noticiero\/ultimas\/transformers-el-despertar-de-las-bestias-dejo-mas-de-us-5-millones-en-peru-segun-canatur\/\"]}]},{\"@type\":\"ImageObject\",\"inLanguage\":\"es\",\"@id\":\"https:\/\/aeronoticias.com.pe\/noticiero\/ultimas\/transformers-el-despertar-de-las-bestias-dejo-mas-de-us-5-millones-en-peru-segun-canatur\/#primaryimage\",\"url\":\"https:\/\/aeronoticias.com.pe\/noticiero\/wp-content\/uploads\/2023\/06\/transformers.jpg\",\"contentUrl\":\"https:\/\/aeronoticias.com.pe\/noticiero\/wp-content\/uploads\/2023\/06\/transformers.jpg\",\"width\":1080,\"height\":1008},{\"@type\":\"BreadcrumbList\",\"@id\":\"https:\/\/aeronoticias.com.pe\/noticiero\/ultimas\/transformers-el-despertar-de-las-bestias-dejo-mas-de-us-5-millones-en-peru-segun-canatur\/#breadcrumb\",\"itemListElement\":[{\"@type\":\"ListItem\",\"position\":1,\"name\":\"Portada\",\"item\":\"https:\/\/aeronoticias.com.pe\/noticiero\/\"},{\"@type\":\"ListItem\",\"position\":2,\"name\":\"\u201cTransformers: el despertar de las bestias\u201d dej\u00f3 m\u00e1s de US$ 5 millones en Per\u00fa, seg\u00fan Canatur\"}]},{\"@type\":\"WebSite\",\"@id\":\"https:\/\/aeronoticias.com.pe\/noticiero\/#website\",\"url\":\"https:\/\/aeronoticias.com.pe\/noticiero\/\",\"name\":\"Aeronoticias.com.pe\",\"description\":\"Noticias de tranporte aereo, turismo, hoteles, gastronomia, actualidad, internacional\",\"potentialAction\":[{\"@type\":\"SearchAction\",\"target\":{\"@type\":\"EntryPoint\",\"urlTemplate\":\"https:\/\/aeronoticias.com.pe\/noticiero\/?s={search_term_string}\"},\"query-input\":{\"@type\":\"PropertyValueSpecification\",\"valueRequired\":true,\"valueName\":\"search_term_string\"}}],\"inLanguage\":\"es\"},{\"@type\":\"Person\",\"@id\":\"https:\/\/aeronoticias.com.pe\/noticiero\/#\/schema\/person\/16212a617c73f78916b13194154243bd\",\"name\":\"Redacci\u00f3n\",\"sameAs\":[\"http:\/\/Redacci\u00f3n\"],\"url\":\"https:\/\/aeronoticias.com.pe\/noticiero\/author\/celeste\/\"}]}<\/script>\n<!-- \/ Yoast SEO plugin. -->","yoast_head_json":{"title":"\u201cTransformers: el despertar de las bestias\u201d dej\u00f3 m\u00e1s de US$ 5 millones en Per\u00fa, seg\u00fan Canatur","description":"Se proyecta que la pel\u00edcula sea vista por m\u00e1s de 150 millones de personas en las salas de cine del mundo.","robots":{"index":"index","follow":"follow","max-snippet":"max-snippet:-1","max-image-preview":"max-image-preview:large","max-video-preview":"max-video-preview:-1"},"canonical":"https:\/\/aeronoticias.com.pe\/noticiero\/ultimas\/transformers-el-despertar-de-las-bestias-dejo-mas-de-us-5-millones-en-peru-segun-canatur\/","og_locale":"es_ES","og_type":"article","og_title":"\u201cTransformers: el despertar de las bestias\u201d dej\u00f3 m\u00e1s de US$ 5 millones en Per\u00fa, seg\u00fan Canatur","og_description":"Se proyecta que la pel\u00edcula sea vista por m\u00e1s de 150 millones de personas en las salas de cine del mundo.","og_url":"https:\/\/aeronoticias.com.pe\/noticiero\/ultimas\/transformers-el-despertar-de-las-bestias-dejo-mas-de-us-5-millones-en-peru-segun-canatur\/","og_site_name":"Aeronoticias.com.pe","article_publisher":"https:\/\/www.facebook.com\/Aeronoticias.com.pe\/","article_published_time":"2023-06-13T14:00:18+00:00","article_modified_time":"2023-06-13T14:56:16+00:00","og_image":[{"width":1080,"height":1008,"url":"https:\/\/aeronoticias.com.pe\/noticiero\/wp-content\/uploads\/2023\/06\/transformers.jpg","type":"image\/jpeg"}],"author":"Redacci\u00f3n","twitter_card":"summary_large_image","twitter_creator":"@aeronoticias","twitter_site":"@aeronoticias","twitter_misc":{"Escrito por":"Redacci\u00f3n","Tiempo de lectura":"1 minuto"},"schema":{"@context":"https:\/\/schema.org","@graph":[{"@type":"WebPage","@id":"https:\/\/aeronoticias.com.pe\/noticiero\/ultimas\/transformers-el-despertar-de-las-bestias-dejo-mas-de-us-5-millones-en-peru-segun-canatur\/","url":"https:\/\/aeronoticias.com.pe\/noticiero\/ultimas\/transformers-el-despertar-de-las-bestias-dejo-mas-de-us-5-millones-en-peru-segun-canatur\/","name":"\u201cTransformers: el despertar de las bestias\u201d dej\u00f3 m\u00e1s de US$ 5 millones en Per\u00fa, seg\u00fan Canatur","isPartOf":{"@id":"https:\/\/aeronoticias.com.pe\/noticiero\/#website"},"primaryImageOfPage":{"@id":"https:\/\/aeronoticias.com.pe\/noticiero\/ultimas\/transformers-el-despertar-de-las-bestias-dejo-mas-de-us-5-millones-en-peru-segun-canatur\/#primaryimage"},"image":{"@id":"https:\/\/aeronoticias.com.pe\/noticiero\/ultimas\/transformers-el-despertar-de-las-bestias-dejo-mas-de-us-5-millones-en-peru-segun-canatur\/#primaryimage"},"thumbnailUrl":"https:\/\/aeronoticias.com.pe\/noticiero\/wp-content\/uploads\/2023\/06\/transformers.jpg","datePublished":"2023-06-13T14:00:18+00:00","dateModified":"2023-06-13T14:56:16+00:00","author":{"@id":"https:\/\/aeronoticias.com.pe\/noticiero\/#\/schema\/person\/16212a617c73f78916b13194154243bd"},"description":"Se proyecta que la pel\u00edcula sea vista por m\u00e1s de 150 millones de personas en las salas de cine del mundo.","breadcrumb":{"@id":"https:\/\/aeronoticias.com.pe\/noticiero\/ultimas\/transformers-el-despertar-de-las-bestias-dejo-mas-de-us-5-millones-en-peru-segun-canatur\/#breadcrumb"},"inLanguage":"es","potentialAction":[{"@type":"ReadAction","target":["https:\/\/aeronoticias.com.pe\/noticiero\/ultimas\/transformers-el-despertar-de-las-bestias-dejo-mas-de-us-5-millones-en-peru-segun-canatur\/"]}]},{"@type":"ImageObject","inLanguage":"es","@id":"https:\/\/aeronoticias.com.pe\/noticiero\/ultimas\/transformers-el-despertar-de-las-bestias-dejo-mas-de-us-5-millones-en-peru-segun-canatur\/#primaryimage","url":"https:\/\/aeronoticias.com.pe\/noticiero\/wp-content\/uploads\/2023\/06\/transformers.jpg","contentUrl":"https:\/\/aeronoticias.com.pe\/noticiero\/wp-content\/uploads\/2023\/06\/transformers.jpg","width":1080,"height":1008},{"@type":"BreadcrumbList","@id":"https:\/\/aeronoticias.com.pe\/noticiero\/ultimas\/transformers-el-despertar-de-las-bestias-dejo-mas-de-us-5-millones-en-peru-segun-canatur\/#breadcrumb","itemListElement":[{"@type":"ListItem","position":1,"name":"Portada","item":"https:\/\/aeronoticias.com.pe\/noticiero\/"},{"@type":"ListItem","position":2,"name":"\u201cTransformers: el despertar de las bestias\u201d dej\u00f3 m\u00e1s de US$ 5 millones en Per\u00fa, seg\u00fan Canatur"}]},{"@type":"WebSite","@id":"https:\/\/aeronoticias.com.pe\/noticiero\/#website","url":"https:\/\/aeronoticias.com.pe\/noticiero\/","name":"Aeronoticias.com.pe","description":"Noticias de tranporte aereo, turismo, hoteles, gastronomia, actualidad, internacional","potentialAction":[{"@type":"SearchAction","target":{"@type":"EntryPoint","urlTemplate":"https:\/\/aeronoticias.com.pe\/noticiero\/?s={search_term_string}"},"query-input":{"@type":"PropertyValueSpecification","valueRequired":true,"valueName":"search_term_string"}}],"inLanguage":"es"},{"@type":"Person","@id":"https:\/\/aeronoticias.com.pe\/noticiero\/#\/schema\/person\/16212a617c73f78916b13194154243bd","name":"Redacci\u00f3n","sameAs":["http:\/\/Redacci\u00f3n"],"url":"https:\/\/aeronoticias.com.pe\/noticiero\/author\/celeste\/"}]}},"_links":{"self":[{"href":"https:\/\/aeronoticias.com.pe\/noticiero\/wp-json\/wp\/v2\/posts\/83657","targetHints":{"allow":["GET"]}}],"collection":[{"href":"https:\/\/aeronoticias.com.pe\/noticiero\/wp-json\/wp\/v2\/posts"}],"about":[{"href":"https:\/\/aeronoticias.com.pe\/noticiero\/wp-json\/wp\/v2\/types\/post"}],"author":[{"embeddable":true,"href":"https:\/\/aeronoticias.com.pe\/noticiero\/wp-json\/wp\/v2\/users\/3"}],"replies":[{"embeddable":true,"href":"https:\/\/aeronoticias.com.pe\/noticiero\/wp-json\/wp\/v2\/comments?post=83657"}],"version-history":[{"count":0,"href":"https:\/\/aeronoticias.com.pe\/noticiero\/wp-json\/wp\/v2\/posts\/83657\/revisions"}],"wp:featuredmedia":[{"embeddable":true,"href":"https:\/\/aeronoticias.com.pe\/noticiero\/wp-json\/wp\/v2\/media\/83487"}],"wp:attachment":[{"href":"https:\/\/aeronoticias.com.pe\/noticiero\/wp-json\/wp\/v2\/media?parent=83657"}],"wp:term":[{"taxonomy":"category","embeddable":true,"href":"https:\/\/aeronoticias.com.pe\/noticiero\/wp-json\/wp\/v2\/categories?post=83657"},{"taxonomy":"post_tag","embeddable":true,"href":"https:\/\/aeronoticias.com.pe\/noticiero\/wp-json\/wp\/v2\/tags?post=83657"}],"curies":[{"name":"wp","href":"https:\/\/api.w.org\/{rel}","templated":true}]}}