{"id":83743,"date":"2023-06-15T12:08:08","date_gmt":"2023-06-15T17:08:08","guid":{"rendered":"https:\/\/aeronoticias.com.pe\/noticiero\/?p=83743"},"modified":"2023-06-15T12:08:11","modified_gmt":"2023-06-15T17:08:11","slug":"la-marca-peru-acompanara-al-b-a-p-union-en-su-recorrido-por-el-mundo","status":"publish","type":"post","link":"https:\/\/aeronoticias.com.pe\/noticiero\/cultural\/la-marca-peru-acompanara-al-b-a-p-union-en-su-recorrido-por-el-mundo\/","title":{"rendered":"La Marca Per\u00fa acompa\u00f1ar\u00e1 al B.A.P. Uni\u00f3n en su recorrido por el mundo"},"content":{"rendered":"\n<p><strong>(Aeronoticias)<\/strong>: La Comisi\u00f3n de Promoci\u00f3n del Per\u00fa para la Exportaci\u00f3n y el Turismo (PROMPER\u00da) inform\u00f3 que la Marca Per\u00fa acompa\u00f1ar\u00e1 al B.A.P. Uni\u00f3n, el buque a vela m\u00e1s grande de Latinoam\u00e9rica, que zarpar\u00e1 el 17 de junio para recorrer, por primera vez, cinco continentes durante 309 d\u00edas.<\/p>\n\n\n\n<div class=\"wp-block-image\"><figure class=\"aligncenter\"><img decoding=\"async\" src=\"https:\/\/cdn.www.gob.pe\/uploads\/document\/file\/4684696\/standard__P029172_preview%20%281%29%20%281%29.jpg\" alt=\"foto 2\"\/><\/figure><\/div>\n\n\n\n<p>\u201cEl B.A.P. Uni\u00f3n, buque escuela de la Marina de Guerra del Per\u00fa, portar\u00e1 en su vela la emblem\u00e1tica Marca Per\u00fa que, desde su lanzamiento en el 2011, representa nuestra identidad y orgullo, y nos ha permitido difundir la imagen pa\u00eds en espacios internacionales\u201d, se\u00f1al\u00f3 Ricardo Limo, presidente ejecutivo (e) de PROMPER\u00da.<\/p>\n\n\n\n<p>Hay que se\u00f1alar que el buque visitar\u00e1 20 puertos de 15 pa\u00edses, con una permanencia de 2 a 4 d\u00edas en cada uno. \u201cPor ello, se ha instalado en el buque la plataforma de exhibici\u00f3n y experiencia Casa Per\u00fa, un espacio que permitir\u00e1 mostrar la oferta peruana en productos y servicios de exportaci\u00f3n, as\u00ed como nuestros destinos tur\u00edsticos. La Casa Per\u00fa brindar\u00e1 una experiencia \u00fanica a los visitantes en cada puerto\u201d, agreg\u00f3 el funcionario de alto nivel.<\/p>\n\n\n\n<p>\u00a0\u201cA trav\u00e9s de la Casa Per\u00fa, mostraremos lo mejor del pa\u00eds al mundo. Cada destino ser\u00e1 testigo de nuestra gran biodiversidad, de nuestra rica historia y geograf\u00eda, de nuestra gastronom\u00eda y los Super Foods Peru, de la calidad del caf\u00e9 peruano y de las fibras inigualables de alpaca\u201d, destac\u00f3.<\/p>\n\n\n\n<div class=\"wp-block-image\"><figure class=\"aligncenter\"><img decoding=\"async\" src=\"https:\/\/cdn.www.gob.pe\/uploads\/document\/file\/4684697\/standard__P028444_preview%20%281%29.jpg\" alt=\"foto 3\"\/><\/figure><\/div>\n\n\n\n<p>Es importante mencionar que Ricardo Limo, presidente ejecutivo (e) de PROMPER\u00da, realiz\u00f3 la entrega de la Casa Per\u00fa al B.A.P. Uni\u00f3n en ceremonia protocolar a bordo del buque.<\/p>\n\n\n\n<p>El B.A.P. Uni\u00f3n pasar\u00e1 por pa\u00edses como Estados Unidos, Jap\u00f3n, Corea del Sur, China, Singapur, India, Egipto, Francia, Italia, Grecia, Espa\u00f1a, Marruecos, Jamaica, Pa\u00edses Bajos y Panam\u00e1.<\/p>\n\n\n\n<h2 class=\"wp-block-heading\"><strong>Sobre el B.A.P. Uni\u00f3n<\/strong><\/h2>\n\n\n\n<p>La funci\u00f3n principal del B.A.P. Uni\u00f3n es la formaci\u00f3n de los nuevos cadetes de la Marina de Guerra del Per\u00fa y las actividades que se desarrollar\u00e1n en esta traves\u00eda ser\u00e1n para formar el car\u00e1cter de los futuros oficiales. La embarcaci\u00f3n est\u00e1 equipada con un moderno sistema de navegaci\u00f3n mar\u00edtima, sensores y radares de \u00faltima generaci\u00f3n.<\/p>\n\n\n\n<p>Es importante mencionar que el buque conserva una parte del m\u00e1stil de la corbeta Uni\u00f3n cuyo primer comandante fue Miguel Grau.<\/p>\n\n\n\n<p>Son 169 a\u00f1os desde que el \u00faltimo nav\u00edo peruano recorri\u00f3 los mares alrededor del mundo por eso este viaje del B.A.P. Uni\u00f3n marca un hito hist\u00f3rico para el Per\u00fa.<\/p>\n\n\n\n<p><strong>Fuente: Promper\u00fa.pe<\/strong><\/p>\n","protected":false},"excerpt":{"rendered":"<p>(Aeronoticias): La Comisi\u00f3n de Promoci\u00f3n del Per\u00fa para la Exportaci\u00f3n y el Turismo (PROMPER\u00da) inform\u00f3 que la Marca Per\u00fa acompa\u00f1ar\u00e1 al B.A.P. Uni\u00f3n, el buque a vela m\u00e1s grande de Latinoam\u00e9rica, que zarpar\u00e1 el 17 de junio para recorrer, por primera vez, cinco continentes durante 309 d\u00edas. \u201cEl B.A.P. Uni\u00f3n, buque escuela de la Marina [&hellip;]<\/p>\n","protected":false},"author":3,"featured_media":83744,"comment_status":"open","ping_status":"open","sticky":false,"template":"","format":"standard","meta":{"tdm_status":"","tdm_grid_status":"","footnotes":""},"categories":[26,64],"tags":[2726,3112,1963],"class_list":{"0":"post-83743","1":"post","2":"type-post","3":"status-publish","4":"format-standard","5":"has-post-thumbnail","7":"category-cultural","8":"category-mundo-mundo","9":"tag-marca-peru","10":"tag-marina-de-guerra-del-peru","11":"tag-promperu"},"yoast_head":"<!-- This site is optimized with the Yoast SEO plugin v25.1 - https:\/\/yoast.com\/wordpress\/plugins\/seo\/ -->\n<title>La Marca Per\u00fa acompa\u00f1ar\u00e1 al B.A.P. Uni\u00f3n en su recorrido por el mundo<\/title>\n<meta name=\"description\" content=\"El buque navegar\u00e1 durante 309 d\u00edas y portar\u00e1 en su vela la querida Marca Per\u00fa.\" \/>\n<meta name=\"robots\" content=\"index, follow, max-snippet:-1, max-image-preview:large, max-video-preview:-1\" \/>\n<link rel=\"canonical\" href=\"https:\/\/aeronoticias.com.pe\/noticiero\/cultural\/la-marca-peru-acompanara-al-b-a-p-union-en-su-recorrido-por-el-mundo\/\" \/>\n<meta property=\"og:locale\" content=\"es_ES\" \/>\n<meta property=\"og:type\" content=\"article\" \/>\n<meta property=\"og:title\" content=\"La Marca Per\u00fa acompa\u00f1ar\u00e1 al B.A.P. Uni\u00f3n en su recorrido por el mundo\" \/>\n<meta property=\"og:description\" content=\"El buque navegar\u00e1 durante 309 d\u00edas y portar\u00e1 en su vela la querida Marca Per\u00fa.\" \/>\n<meta property=\"og:url\" content=\"https:\/\/aeronoticias.com.pe\/noticiero\/cultural\/la-marca-peru-acompanara-al-b-a-p-union-en-su-recorrido-por-el-mundo\/\" \/>\n<meta property=\"og:site_name\" content=\"Aeronoticias.com.pe\" \/>\n<meta property=\"article:publisher\" content=\"https:\/\/www.facebook.com\/Aeronoticias.com.pe\/\" \/>\n<meta property=\"article:published_time\" content=\"2023-06-15T17:08:08+00:00\" \/>\n<meta property=\"article:modified_time\" content=\"2023-06-15T17:08:11+00:00\" \/>\n<meta property=\"og:image\" content=\"https:\/\/aeronoticias.com.pe\/noticiero\/wp-content\/uploads\/2023\/06\/prom.jpg\" \/>\n\t<meta property=\"og:image:width\" content=\"645\" \/>\n\t<meta property=\"og:image:height\" content=\"363\" \/>\n\t<meta property=\"og:image:type\" content=\"image\/jpeg\" \/>\n<meta name=\"author\" content=\"Redacci\u00f3n\" \/>\n<meta name=\"twitter:card\" content=\"summary_large_image\" \/>\n<meta name=\"twitter:creator\" content=\"@aeronoticias\" \/>\n<meta name=\"twitter:site\" content=\"@aeronoticias\" \/>\n<meta name=\"twitter:label1\" content=\"Escrito por\" \/>\n\t<meta name=\"twitter:data1\" content=\"Redacci\u00f3n\" \/>\n\t<meta name=\"twitter:label2\" content=\"Tiempo de lectura\" \/>\n\t<meta name=\"twitter:data2\" content=\"2 minutos\" \/>\n<script type=\"application\/ld+json\" class=\"yoast-schema-graph\">{\"@context\":\"https:\/\/schema.org\",\"@graph\":[{\"@type\":\"WebPage\",\"@id\":\"https:\/\/aeronoticias.com.pe\/noticiero\/cultural\/la-marca-peru-acompanara-al-b-a-p-union-en-su-recorrido-por-el-mundo\/\",\"url\":\"https:\/\/aeronoticias.com.pe\/noticiero\/cultural\/la-marca-peru-acompanara-al-b-a-p-union-en-su-recorrido-por-el-mundo\/\",\"name\":\"La Marca Per\u00fa acompa\u00f1ar\u00e1 al B.A.P. Uni\u00f3n en su recorrido por el mundo\",\"isPartOf\":{\"@id\":\"https:\/\/aeronoticias.com.pe\/noticiero\/#website\"},\"primaryImageOfPage\":{\"@id\":\"https:\/\/aeronoticias.com.pe\/noticiero\/cultural\/la-marca-peru-acompanara-al-b-a-p-union-en-su-recorrido-por-el-mundo\/#primaryimage\"},\"image\":{\"@id\":\"https:\/\/aeronoticias.com.pe\/noticiero\/cultural\/la-marca-peru-acompanara-al-b-a-p-union-en-su-recorrido-por-el-mundo\/#primaryimage\"},\"thumbnailUrl\":\"https:\/\/aeronoticias.com.pe\/noticiero\/wp-content\/uploads\/2023\/06\/prom.jpg\",\"datePublished\":\"2023-06-15T17:08:08+00:00\",\"dateModified\":\"2023-06-15T17:08:11+00:00\",\"author\":{\"@id\":\"https:\/\/aeronoticias.com.pe\/noticiero\/#\/schema\/person\/16212a617c73f78916b13194154243bd\"},\"description\":\"El buque navegar\u00e1 durante 309 d\u00edas y portar\u00e1 en su vela la querida Marca Per\u00fa.\",\"breadcrumb\":{\"@id\":\"https:\/\/aeronoticias.com.pe\/noticiero\/cultural\/la-marca-peru-acompanara-al-b-a-p-union-en-su-recorrido-por-el-mundo\/#breadcrumb\"},\"inLanguage\":\"es\",\"potentialAction\":[{\"@type\":\"ReadAction\",\"target\":[\"https:\/\/aeronoticias.com.pe\/noticiero\/cultural\/la-marca-peru-acompanara-al-b-a-p-union-en-su-recorrido-por-el-mundo\/\"]}]},{\"@type\":\"ImageObject\",\"inLanguage\":\"es\",\"@id\":\"https:\/\/aeronoticias.com.pe\/noticiero\/cultural\/la-marca-peru-acompanara-al-b-a-p-union-en-su-recorrido-por-el-mundo\/#primaryimage\",\"url\":\"https:\/\/aeronoticias.com.pe\/noticiero\/wp-content\/uploads\/2023\/06\/prom.jpg\",\"contentUrl\":\"https:\/\/aeronoticias.com.pe\/noticiero\/wp-content\/uploads\/2023\/06\/prom.jpg\",\"width\":645,\"height\":363},{\"@type\":\"BreadcrumbList\",\"@id\":\"https:\/\/aeronoticias.com.pe\/noticiero\/cultural\/la-marca-peru-acompanara-al-b-a-p-union-en-su-recorrido-por-el-mundo\/#breadcrumb\",\"itemListElement\":[{\"@type\":\"ListItem\",\"position\":1,\"name\":\"Portada\",\"item\":\"https:\/\/aeronoticias.com.pe\/noticiero\/\"},{\"@type\":\"ListItem\",\"position\":2,\"name\":\"La Marca Per\u00fa acompa\u00f1ar\u00e1 al B.A.P. Uni\u00f3n en su recorrido por el mundo\"}]},{\"@type\":\"WebSite\",\"@id\":\"https:\/\/aeronoticias.com.pe\/noticiero\/#website\",\"url\":\"https:\/\/aeronoticias.com.pe\/noticiero\/\",\"name\":\"Aeronoticias.com.pe\",\"description\":\"Noticias de tranporte aereo, turismo, hoteles, gastronomia, actualidad, internacional\",\"potentialAction\":[{\"@type\":\"SearchAction\",\"target\":{\"@type\":\"EntryPoint\",\"urlTemplate\":\"https:\/\/aeronoticias.com.pe\/noticiero\/?s={search_term_string}\"},\"query-input\":{\"@type\":\"PropertyValueSpecification\",\"valueRequired\":true,\"valueName\":\"search_term_string\"}}],\"inLanguage\":\"es\"},{\"@type\":\"Person\",\"@id\":\"https:\/\/aeronoticias.com.pe\/noticiero\/#\/schema\/person\/16212a617c73f78916b13194154243bd\",\"name\":\"Redacci\u00f3n\",\"sameAs\":[\"http:\/\/Redacci\u00f3n\"],\"url\":\"https:\/\/aeronoticias.com.pe\/noticiero\/author\/celeste\/\"}]}<\/script>\n<!-- \/ Yoast SEO plugin. -->","yoast_head_json":{"title":"La Marca Per\u00fa acompa\u00f1ar\u00e1 al B.A.P. Uni\u00f3n en su recorrido por el mundo","description":"El buque navegar\u00e1 durante 309 d\u00edas y portar\u00e1 en su vela la querida Marca Per\u00fa.","robots":{"index":"index","follow":"follow","max-snippet":"max-snippet:-1","max-image-preview":"max-image-preview:large","max-video-preview":"max-video-preview:-1"},"canonical":"https:\/\/aeronoticias.com.pe\/noticiero\/cultural\/la-marca-peru-acompanara-al-b-a-p-union-en-su-recorrido-por-el-mundo\/","og_locale":"es_ES","og_type":"article","og_title":"La Marca Per\u00fa acompa\u00f1ar\u00e1 al B.A.P. Uni\u00f3n en su recorrido por el mundo","og_description":"El buque navegar\u00e1 durante 309 d\u00edas y portar\u00e1 en su vela la querida Marca Per\u00fa.","og_url":"https:\/\/aeronoticias.com.pe\/noticiero\/cultural\/la-marca-peru-acompanara-al-b-a-p-union-en-su-recorrido-por-el-mundo\/","og_site_name":"Aeronoticias.com.pe","article_publisher":"https:\/\/www.facebook.com\/Aeronoticias.com.pe\/","article_published_time":"2023-06-15T17:08:08+00:00","article_modified_time":"2023-06-15T17:08:11+00:00","og_image":[{"width":645,"height":363,"url":"https:\/\/aeronoticias.com.pe\/noticiero\/wp-content\/uploads\/2023\/06\/prom.jpg","type":"image\/jpeg"}],"author":"Redacci\u00f3n","twitter_card":"summary_large_image","twitter_creator":"@aeronoticias","twitter_site":"@aeronoticias","twitter_misc":{"Escrito por":"Redacci\u00f3n","Tiempo de lectura":"2 minutos"},"schema":{"@context":"https:\/\/schema.org","@graph":[{"@type":"WebPage","@id":"https:\/\/aeronoticias.com.pe\/noticiero\/cultural\/la-marca-peru-acompanara-al-b-a-p-union-en-su-recorrido-por-el-mundo\/","url":"https:\/\/aeronoticias.com.pe\/noticiero\/cultural\/la-marca-peru-acompanara-al-b-a-p-union-en-su-recorrido-por-el-mundo\/","name":"La Marca Per\u00fa acompa\u00f1ar\u00e1 al B.A.P. Uni\u00f3n en su recorrido por el mundo","isPartOf":{"@id":"https:\/\/aeronoticias.com.pe\/noticiero\/#website"},"primaryImageOfPage":{"@id":"https:\/\/aeronoticias.com.pe\/noticiero\/cultural\/la-marca-peru-acompanara-al-b-a-p-union-en-su-recorrido-por-el-mundo\/#primaryimage"},"image":{"@id":"https:\/\/aeronoticias.com.pe\/noticiero\/cultural\/la-marca-peru-acompanara-al-b-a-p-union-en-su-recorrido-por-el-mundo\/#primaryimage"},"thumbnailUrl":"https:\/\/aeronoticias.com.pe\/noticiero\/wp-content\/uploads\/2023\/06\/prom.jpg","datePublished":"2023-06-15T17:08:08+00:00","dateModified":"2023-06-15T17:08:11+00:00","author":{"@id":"https:\/\/aeronoticias.com.pe\/noticiero\/#\/schema\/person\/16212a617c73f78916b13194154243bd"},"description":"El buque navegar\u00e1 durante 309 d\u00edas y portar\u00e1 en su vela la querida Marca Per\u00fa.","breadcrumb":{"@id":"https:\/\/aeronoticias.com.pe\/noticiero\/cultural\/la-marca-peru-acompanara-al-b-a-p-union-en-su-recorrido-por-el-mundo\/#breadcrumb"},"inLanguage":"es","potentialAction":[{"@type":"ReadAction","target":["https:\/\/aeronoticias.com.pe\/noticiero\/cultural\/la-marca-peru-acompanara-al-b-a-p-union-en-su-recorrido-por-el-mundo\/"]}]},{"@type":"ImageObject","inLanguage":"es","@id":"https:\/\/aeronoticias.com.pe\/noticiero\/cultural\/la-marca-peru-acompanara-al-b-a-p-union-en-su-recorrido-por-el-mundo\/#primaryimage","url":"https:\/\/aeronoticias.com.pe\/noticiero\/wp-content\/uploads\/2023\/06\/prom.jpg","contentUrl":"https:\/\/aeronoticias.com.pe\/noticiero\/wp-content\/uploads\/2023\/06\/prom.jpg","width":645,"height":363},{"@type":"BreadcrumbList","@id":"https:\/\/aeronoticias.com.pe\/noticiero\/cultural\/la-marca-peru-acompanara-al-b-a-p-union-en-su-recorrido-por-el-mundo\/#breadcrumb","itemListElement":[{"@type":"ListItem","position":1,"name":"Portada","item":"https:\/\/aeronoticias.com.pe\/noticiero\/"},{"@type":"ListItem","position":2,"name":"La Marca Per\u00fa acompa\u00f1ar\u00e1 al B.A.P. Uni\u00f3n en su recorrido por el mundo"}]},{"@type":"WebSite","@id":"https:\/\/aeronoticias.com.pe\/noticiero\/#website","url":"https:\/\/aeronoticias.com.pe\/noticiero\/","name":"Aeronoticias.com.pe","description":"Noticias de tranporte aereo, turismo, hoteles, gastronomia, actualidad, internacional","potentialAction":[{"@type":"SearchAction","target":{"@type":"EntryPoint","urlTemplate":"https:\/\/aeronoticias.com.pe\/noticiero\/?s={search_term_string}"},"query-input":{"@type":"PropertyValueSpecification","valueRequired":true,"valueName":"search_term_string"}}],"inLanguage":"es"},{"@type":"Person","@id":"https:\/\/aeronoticias.com.pe\/noticiero\/#\/schema\/person\/16212a617c73f78916b13194154243bd","name":"Redacci\u00f3n","sameAs":["http:\/\/Redacci\u00f3n"],"url":"https:\/\/aeronoticias.com.pe\/noticiero\/author\/celeste\/"}]}},"_links":{"self":[{"href":"https:\/\/aeronoticias.com.pe\/noticiero\/wp-json\/wp\/v2\/posts\/83743","targetHints":{"allow":["GET"]}}],"collection":[{"href":"https:\/\/aeronoticias.com.pe\/noticiero\/wp-json\/wp\/v2\/posts"}],"about":[{"href":"https:\/\/aeronoticias.com.pe\/noticiero\/wp-json\/wp\/v2\/types\/post"}],"author":[{"embeddable":true,"href":"https:\/\/aeronoticias.com.pe\/noticiero\/wp-json\/wp\/v2\/users\/3"}],"replies":[{"embeddable":true,"href":"https:\/\/aeronoticias.com.pe\/noticiero\/wp-json\/wp\/v2\/comments?post=83743"}],"version-history":[{"count":0,"href":"https:\/\/aeronoticias.com.pe\/noticiero\/wp-json\/wp\/v2\/posts\/83743\/revisions"}],"wp:featuredmedia":[{"embeddable":true,"href":"https:\/\/aeronoticias.com.pe\/noticiero\/wp-json\/wp\/v2\/media\/83744"}],"wp:attachment":[{"href":"https:\/\/aeronoticias.com.pe\/noticiero\/wp-json\/wp\/v2\/media?parent=83743"}],"wp:term":[{"taxonomy":"category","embeddable":true,"href":"https:\/\/aeronoticias.com.pe\/noticiero\/wp-json\/wp\/v2\/categories?post=83743"},{"taxonomy":"post_tag","embeddable":true,"href":"https:\/\/aeronoticias.com.pe\/noticiero\/wp-json\/wp\/v2\/tags?post=83743"}],"curies":[{"name":"wp","href":"https:\/\/api.w.org\/{rel}","templated":true}]}}