{"id":83746,"date":"2023-06-16T09:59:58","date_gmt":"2023-06-16T14:59:58","guid":{"rendered":"https:\/\/aeronoticias.com.pe\/noticiero\/?p=83746"},"modified":"2023-06-16T10:00:10","modified_gmt":"2023-06-16T15:00:10","slug":"latam-y-delta-anuncian-nuevas-rutas-en-conjunto-entre-ee-uu-y-sudamerica","status":"publish","type":"post","link":"https:\/\/aeronoticias.com.pe\/noticiero\/internacionales\/latam-y-delta-anuncian-nuevas-rutas-en-conjunto-entre-ee-uu-y-sudamerica\/","title":{"rendered":"LATAM y Delta anuncian nuevas rutas en conjunto entre EE.UU. y Sudam\u00e9rica"},"content":{"rendered":"\n<p><strong>(Aeronoticias)<\/strong>: El grupo\u00a0<strong>LATAM Airlines y Delta Air Lines<\/strong>\u00a0incorporar\u00e1n cuatro rutas a sus redes de conectividad global, en el marco del acuerdo JV estrat\u00e9gico entre las principales aerol\u00edneas de las Am\u00e9ricas.<\/p>\n\n\n\n<p>LATAM Colombia lanzar\u00e1 un nuevo servicio diario entre Miami y Medell\u00edn a partir del 29 de octubre. Ese mismo d\u00eda, LATAM Per\u00fa introducir\u00e1 vuelos tres veces por semana, entre su centro de conexiones en Lima y el hub de Delta en Atlanta. La primera ruta de LATAM a la capital del Estado de Georgia ser\u00e1 complementario al actual servicio diario de Delta, y operar\u00e1 con aviones Boeing 767.<\/p>\n\n\n\n<p>Por otra parte, Delta relanzar\u00e1 el servicio entre Atlanta y Cartagena, Colombia. La ruta comenzar\u00e1 el 22 de diciembre y ofrecer\u00e1 tres vuelos semanales en aviones Boeing 737. La aerol\u00ednea estadounidense tambi\u00e9n a\u00f1adir\u00e1 un segundo vuelo diario entre Atlanta y Bogot\u00e1 (Colombia), a partir del 28 de octubre.<\/p>\n\n\n\n<p><strong><em><a href=\"https:\/\/aviacionaldia.com\/2023\/05\/latam-airlines-volara-entre-lima-y-caracas-a-partir-de-agosto.html\">LATAM Airlines volar\u00e1 entre Lima y Caracas a partir de agosto<\/a><\/em><\/strong><\/p>\n\n\n\n<p>Las rutas estar\u00e1n disponibles para reservar a partir del 17 de junio en las p\u00e1ginas web de ambas aerol\u00edneas.<\/p>\n\n\n\n<p>\u00abLa misi\u00f3n del acuerdo comercial entre Delta y el grupo LATAM es hacer que los viajes entre ciertos pa\u00edses de Am\u00e9rica del Norte y del Sur sean m\u00e1s f\u00e1ciles y agradables, acercando los continentes m\u00e1s que nunca\u00bb, dijo Alex Antilla, vicepresidente de Delta para Am\u00e9rica Latina. \u00abEstamos agradecidos por la respuesta de los clientes que est\u00e1n eligiendo a Delta y al grupo LATAM.<\/p>\n\n\n\n<p>\u201cEstamos muy contentos de la nueva ruta entre Miami y Medell\u00edn anunciada por LATAM Airlines Colombia, uno de los principales centros financieros, industriales y comerciales de Colombia. Al mismo tiempo, el servicio de LATAM Airlines Per\u00fa entre Lima y el principal centro de conexiones de Delta en Atlanta, que adem\u00e1s refuerza el compromiso conjunto de entregar m\u00e1s y mejores opciones de conectividad para los clientes\u201d, comenta Martin St. George, Vicepresidente Comercial de LATAM Airlines Group.<\/p>\n\n\n\n<p>El acuerdo JV estrat\u00e9gico entre el grupo LATAM y Delta se ha traducido en las redes con mejor conectividad en la industria, uniendo los m\u00e1s de 120 destinos sudamericanos atendidos por el grupo LATAM con los m\u00e1s de 200 destinos norteamericanos atendidos por Delta.<\/p>\n\n\n\n<p><strong>Fuente: aviacionaldia.com<\/strong><\/p>\n","protected":false},"excerpt":{"rendered":"<p>(Aeronoticias): El grupo\u00a0LATAM Airlines y Delta Air Lines\u00a0incorporar\u00e1n cuatro rutas a sus redes de conectividad global, en el marco del acuerdo JV estrat\u00e9gico entre las principales aerol\u00edneas de las Am\u00e9ricas. LATAM Colombia lanzar\u00e1 un nuevo servicio diario entre Miami y Medell\u00edn a partir del 29 de octubre. Ese mismo d\u00eda, LATAM Per\u00fa introducir\u00e1 vuelos tres [&hellip;]<\/p>\n","protected":false},"author":3,"featured_media":83747,"comment_status":"open","ping_status":"open","sticky":false,"template":"","format":"standard","meta":{"tdm_status":"","tdm_grid_status":"","footnotes":""},"categories":[32,34],"tags":[325,102,312],"class_list":{"0":"post-83746","1":"post","2":"type-post","3":"status-publish","4":"format-standard","5":"has-post-thumbnail","7":"category-internacional","8":"category-internacionales","9":"tag-eeuu","10":"tag-latam","11":"tag-sudamerica"},"yoast_head":"<!-- This site is optimized with the Yoast SEO plugin v25.1 - https:\/\/yoast.com\/wordpress\/plugins\/seo\/ -->\n<title>LATAM y Delta anuncian nuevas rutas en conjunto entre EE.UU. y Sudam\u00e9rica<\/title>\n<meta name=\"description\" content=\"Portal de noticias del Per\u00fa sobre el transporte a\u00e9reo, aviaci\u00f3n, turismo, hoteleria, actualidad.\" \/>\n<meta name=\"robots\" content=\"index, follow, max-snippet:-1, max-image-preview:large, max-video-preview:-1\" \/>\n<link rel=\"canonical\" href=\"https:\/\/aeronoticias.com.pe\/noticiero\/internacionales\/latam-y-delta-anuncian-nuevas-rutas-en-conjunto-entre-ee-uu-y-sudamerica\/\" \/>\n<meta property=\"og:locale\" content=\"es_ES\" \/>\n<meta property=\"og:type\" content=\"article\" \/>\n<meta property=\"og:title\" content=\"LATAM y Delta anuncian nuevas rutas en conjunto entre EE.UU. y Sudam\u00e9rica\" \/>\n<meta property=\"og:description\" content=\"Portal de noticias del Per\u00fa sobre el transporte a\u00e9reo, aviaci\u00f3n, turismo, hoteleria, actualidad.\" \/>\n<meta property=\"og:url\" content=\"https:\/\/aeronoticias.com.pe\/noticiero\/internacionales\/latam-y-delta-anuncian-nuevas-rutas-en-conjunto-entre-ee-uu-y-sudamerica\/\" \/>\n<meta property=\"og:site_name\" content=\"Aeronoticias.com.pe\" \/>\n<meta property=\"article:publisher\" content=\"https:\/\/www.facebook.com\/Aeronoticias.com.pe\/\" \/>\n<meta property=\"article:published_time\" content=\"2023-06-16T14:59:58+00:00\" \/>\n<meta property=\"article:modified_time\" content=\"2023-06-16T15:00:10+00:00\" \/>\n<meta property=\"og:image\" content=\"https:\/\/aeronoticias.com.pe\/noticiero\/wp-content\/uploads\/2023\/06\/alas-1.jpg\" \/>\n\t<meta property=\"og:image:width\" content=\"800\" \/>\n\t<meta property=\"og:image:height\" content=\"400\" \/>\n\t<meta property=\"og:image:type\" content=\"image\/jpeg\" \/>\n<meta name=\"author\" content=\"Redacci\u00f3n\" \/>\n<meta name=\"twitter:card\" content=\"summary_large_image\" \/>\n<meta name=\"twitter:creator\" content=\"@aeronoticias\" \/>\n<meta name=\"twitter:site\" content=\"@aeronoticias\" \/>\n<meta name=\"twitter:label1\" content=\"Escrito por\" \/>\n\t<meta name=\"twitter:data1\" content=\"Redacci\u00f3n\" \/>\n\t<meta name=\"twitter:label2\" content=\"Tiempo de lectura\" \/>\n\t<meta name=\"twitter:data2\" content=\"2 minutos\" \/>\n<script type=\"application\/ld+json\" class=\"yoast-schema-graph\">{\"@context\":\"https:\/\/schema.org\",\"@graph\":[{\"@type\":\"WebPage\",\"@id\":\"https:\/\/aeronoticias.com.pe\/noticiero\/internacionales\/latam-y-delta-anuncian-nuevas-rutas-en-conjunto-entre-ee-uu-y-sudamerica\/\",\"url\":\"https:\/\/aeronoticias.com.pe\/noticiero\/internacionales\/latam-y-delta-anuncian-nuevas-rutas-en-conjunto-entre-ee-uu-y-sudamerica\/\",\"name\":\"LATAM y Delta anuncian nuevas rutas en conjunto entre EE.UU. y Sudam\u00e9rica\",\"isPartOf\":{\"@id\":\"https:\/\/aeronoticias.com.pe\/noticiero\/#website\"},\"primaryImageOfPage\":{\"@id\":\"https:\/\/aeronoticias.com.pe\/noticiero\/internacionales\/latam-y-delta-anuncian-nuevas-rutas-en-conjunto-entre-ee-uu-y-sudamerica\/#primaryimage\"},\"image\":{\"@id\":\"https:\/\/aeronoticias.com.pe\/noticiero\/internacionales\/latam-y-delta-anuncian-nuevas-rutas-en-conjunto-entre-ee-uu-y-sudamerica\/#primaryimage\"},\"thumbnailUrl\":\"https:\/\/aeronoticias.com.pe\/noticiero\/wp-content\/uploads\/2023\/06\/alas-1.jpg\",\"datePublished\":\"2023-06-16T14:59:58+00:00\",\"dateModified\":\"2023-06-16T15:00:10+00:00\",\"author\":{\"@id\":\"https:\/\/aeronoticias.com.pe\/noticiero\/#\/schema\/person\/16212a617c73f78916b13194154243bd\"},\"description\":\"Portal de noticias del Per\u00fa sobre el transporte a\u00e9reo, aviaci\u00f3n, turismo, hoteleria, actualidad.\",\"breadcrumb\":{\"@id\":\"https:\/\/aeronoticias.com.pe\/noticiero\/internacionales\/latam-y-delta-anuncian-nuevas-rutas-en-conjunto-entre-ee-uu-y-sudamerica\/#breadcrumb\"},\"inLanguage\":\"es\",\"potentialAction\":[{\"@type\":\"ReadAction\",\"target\":[\"https:\/\/aeronoticias.com.pe\/noticiero\/internacionales\/latam-y-delta-anuncian-nuevas-rutas-en-conjunto-entre-ee-uu-y-sudamerica\/\"]}]},{\"@type\":\"ImageObject\",\"inLanguage\":\"es\",\"@id\":\"https:\/\/aeronoticias.com.pe\/noticiero\/internacionales\/latam-y-delta-anuncian-nuevas-rutas-en-conjunto-entre-ee-uu-y-sudamerica\/#primaryimage\",\"url\":\"https:\/\/aeronoticias.com.pe\/noticiero\/wp-content\/uploads\/2023\/06\/alas-1.jpg\",\"contentUrl\":\"https:\/\/aeronoticias.com.pe\/noticiero\/wp-content\/uploads\/2023\/06\/alas-1.jpg\",\"width\":800,\"height\":400},{\"@type\":\"BreadcrumbList\",\"@id\":\"https:\/\/aeronoticias.com.pe\/noticiero\/internacionales\/latam-y-delta-anuncian-nuevas-rutas-en-conjunto-entre-ee-uu-y-sudamerica\/#breadcrumb\",\"itemListElement\":[{\"@type\":\"ListItem\",\"position\":1,\"name\":\"Portada\",\"item\":\"https:\/\/aeronoticias.com.pe\/noticiero\/\"},{\"@type\":\"ListItem\",\"position\":2,\"name\":\"LATAM y Delta anuncian nuevas rutas en conjunto entre EE.UU. y Sudam\u00e9rica\"}]},{\"@type\":\"WebSite\",\"@id\":\"https:\/\/aeronoticias.com.pe\/noticiero\/#website\",\"url\":\"https:\/\/aeronoticias.com.pe\/noticiero\/\",\"name\":\"Aeronoticias.com.pe\",\"description\":\"Noticias de tranporte aereo, turismo, hoteles, gastronomia, actualidad, internacional\",\"potentialAction\":[{\"@type\":\"SearchAction\",\"target\":{\"@type\":\"EntryPoint\",\"urlTemplate\":\"https:\/\/aeronoticias.com.pe\/noticiero\/?s={search_term_string}\"},\"query-input\":{\"@type\":\"PropertyValueSpecification\",\"valueRequired\":true,\"valueName\":\"search_term_string\"}}],\"inLanguage\":\"es\"},{\"@type\":\"Person\",\"@id\":\"https:\/\/aeronoticias.com.pe\/noticiero\/#\/schema\/person\/16212a617c73f78916b13194154243bd\",\"name\":\"Redacci\u00f3n\",\"sameAs\":[\"http:\/\/Redacci\u00f3n\"],\"url\":\"https:\/\/aeronoticias.com.pe\/noticiero\/author\/celeste\/\"}]}<\/script>\n<!-- \/ Yoast SEO plugin. -->","yoast_head_json":{"title":"LATAM y Delta anuncian nuevas rutas en conjunto entre EE.UU. y Sudam\u00e9rica","description":"Portal de noticias del Per\u00fa sobre el transporte a\u00e9reo, aviaci\u00f3n, turismo, hoteleria, actualidad.","robots":{"index":"index","follow":"follow","max-snippet":"max-snippet:-1","max-image-preview":"max-image-preview:large","max-video-preview":"max-video-preview:-1"},"canonical":"https:\/\/aeronoticias.com.pe\/noticiero\/internacionales\/latam-y-delta-anuncian-nuevas-rutas-en-conjunto-entre-ee-uu-y-sudamerica\/","og_locale":"es_ES","og_type":"article","og_title":"LATAM y Delta anuncian nuevas rutas en conjunto entre EE.UU. y Sudam\u00e9rica","og_description":"Portal de noticias del Per\u00fa sobre el transporte a\u00e9reo, aviaci\u00f3n, turismo, hoteleria, actualidad.","og_url":"https:\/\/aeronoticias.com.pe\/noticiero\/internacionales\/latam-y-delta-anuncian-nuevas-rutas-en-conjunto-entre-ee-uu-y-sudamerica\/","og_site_name":"Aeronoticias.com.pe","article_publisher":"https:\/\/www.facebook.com\/Aeronoticias.com.pe\/","article_published_time":"2023-06-16T14:59:58+00:00","article_modified_time":"2023-06-16T15:00:10+00:00","og_image":[{"width":800,"height":400,"url":"https:\/\/aeronoticias.com.pe\/noticiero\/wp-content\/uploads\/2023\/06\/alas-1.jpg","type":"image\/jpeg"}],"author":"Redacci\u00f3n","twitter_card":"summary_large_image","twitter_creator":"@aeronoticias","twitter_site":"@aeronoticias","twitter_misc":{"Escrito por":"Redacci\u00f3n","Tiempo de lectura":"2 minutos"},"schema":{"@context":"https:\/\/schema.org","@graph":[{"@type":"WebPage","@id":"https:\/\/aeronoticias.com.pe\/noticiero\/internacionales\/latam-y-delta-anuncian-nuevas-rutas-en-conjunto-entre-ee-uu-y-sudamerica\/","url":"https:\/\/aeronoticias.com.pe\/noticiero\/internacionales\/latam-y-delta-anuncian-nuevas-rutas-en-conjunto-entre-ee-uu-y-sudamerica\/","name":"LATAM y Delta anuncian nuevas rutas en conjunto entre EE.UU. y Sudam\u00e9rica","isPartOf":{"@id":"https:\/\/aeronoticias.com.pe\/noticiero\/#website"},"primaryImageOfPage":{"@id":"https:\/\/aeronoticias.com.pe\/noticiero\/internacionales\/latam-y-delta-anuncian-nuevas-rutas-en-conjunto-entre-ee-uu-y-sudamerica\/#primaryimage"},"image":{"@id":"https:\/\/aeronoticias.com.pe\/noticiero\/internacionales\/latam-y-delta-anuncian-nuevas-rutas-en-conjunto-entre-ee-uu-y-sudamerica\/#primaryimage"},"thumbnailUrl":"https:\/\/aeronoticias.com.pe\/noticiero\/wp-content\/uploads\/2023\/06\/alas-1.jpg","datePublished":"2023-06-16T14:59:58+00:00","dateModified":"2023-06-16T15:00:10+00:00","author":{"@id":"https:\/\/aeronoticias.com.pe\/noticiero\/#\/schema\/person\/16212a617c73f78916b13194154243bd"},"description":"Portal de noticias del Per\u00fa sobre el transporte a\u00e9reo, aviaci\u00f3n, turismo, hoteleria, actualidad.","breadcrumb":{"@id":"https:\/\/aeronoticias.com.pe\/noticiero\/internacionales\/latam-y-delta-anuncian-nuevas-rutas-en-conjunto-entre-ee-uu-y-sudamerica\/#breadcrumb"},"inLanguage":"es","potentialAction":[{"@type":"ReadAction","target":["https:\/\/aeronoticias.com.pe\/noticiero\/internacionales\/latam-y-delta-anuncian-nuevas-rutas-en-conjunto-entre-ee-uu-y-sudamerica\/"]}]},{"@type":"ImageObject","inLanguage":"es","@id":"https:\/\/aeronoticias.com.pe\/noticiero\/internacionales\/latam-y-delta-anuncian-nuevas-rutas-en-conjunto-entre-ee-uu-y-sudamerica\/#primaryimage","url":"https:\/\/aeronoticias.com.pe\/noticiero\/wp-content\/uploads\/2023\/06\/alas-1.jpg","contentUrl":"https:\/\/aeronoticias.com.pe\/noticiero\/wp-content\/uploads\/2023\/06\/alas-1.jpg","width":800,"height":400},{"@type":"BreadcrumbList","@id":"https:\/\/aeronoticias.com.pe\/noticiero\/internacionales\/latam-y-delta-anuncian-nuevas-rutas-en-conjunto-entre-ee-uu-y-sudamerica\/#breadcrumb","itemListElement":[{"@type":"ListItem","position":1,"name":"Portada","item":"https:\/\/aeronoticias.com.pe\/noticiero\/"},{"@type":"ListItem","position":2,"name":"LATAM y Delta anuncian nuevas rutas en conjunto entre EE.UU. y Sudam\u00e9rica"}]},{"@type":"WebSite","@id":"https:\/\/aeronoticias.com.pe\/noticiero\/#website","url":"https:\/\/aeronoticias.com.pe\/noticiero\/","name":"Aeronoticias.com.pe","description":"Noticias de tranporte aereo, turismo, hoteles, gastronomia, actualidad, internacional","potentialAction":[{"@type":"SearchAction","target":{"@type":"EntryPoint","urlTemplate":"https:\/\/aeronoticias.com.pe\/noticiero\/?s={search_term_string}"},"query-input":{"@type":"PropertyValueSpecification","valueRequired":true,"valueName":"search_term_string"}}],"inLanguage":"es"},{"@type":"Person","@id":"https:\/\/aeronoticias.com.pe\/noticiero\/#\/schema\/person\/16212a617c73f78916b13194154243bd","name":"Redacci\u00f3n","sameAs":["http:\/\/Redacci\u00f3n"],"url":"https:\/\/aeronoticias.com.pe\/noticiero\/author\/celeste\/"}]}},"_links":{"self":[{"href":"https:\/\/aeronoticias.com.pe\/noticiero\/wp-json\/wp\/v2\/posts\/83746","targetHints":{"allow":["GET"]}}],"collection":[{"href":"https:\/\/aeronoticias.com.pe\/noticiero\/wp-json\/wp\/v2\/posts"}],"about":[{"href":"https:\/\/aeronoticias.com.pe\/noticiero\/wp-json\/wp\/v2\/types\/post"}],"author":[{"embeddable":true,"href":"https:\/\/aeronoticias.com.pe\/noticiero\/wp-json\/wp\/v2\/users\/3"}],"replies":[{"embeddable":true,"href":"https:\/\/aeronoticias.com.pe\/noticiero\/wp-json\/wp\/v2\/comments?post=83746"}],"version-history":[{"count":0,"href":"https:\/\/aeronoticias.com.pe\/noticiero\/wp-json\/wp\/v2\/posts\/83746\/revisions"}],"wp:featuredmedia":[{"embeddable":true,"href":"https:\/\/aeronoticias.com.pe\/noticiero\/wp-json\/wp\/v2\/media\/83747"}],"wp:attachment":[{"href":"https:\/\/aeronoticias.com.pe\/noticiero\/wp-json\/wp\/v2\/media?parent=83746"}],"wp:term":[{"taxonomy":"category","embeddable":true,"href":"https:\/\/aeronoticias.com.pe\/noticiero\/wp-json\/wp\/v2\/categories?post=83746"},{"taxonomy":"post_tag","embeddable":true,"href":"https:\/\/aeronoticias.com.pe\/noticiero\/wp-json\/wp\/v2\/tags?post=83746"}],"curies":[{"name":"wp","href":"https:\/\/api.w.org\/{rel}","templated":true}]}}