{"id":83752,"date":"2023-06-16T15:25:06","date_gmt":"2023-06-16T20:25:06","guid":{"rendered":"https:\/\/aeronoticias.com.pe\/noticiero\/?p=83752"},"modified":"2023-06-16T15:25:18","modified_gmt":"2023-06-16T20:25:18","slug":"la-justicia-italiana-aprueba-que-lufthansa-adquiera-el-41-de-ita-airways","status":"publish","type":"post","link":"https:\/\/aeronoticias.com.pe\/noticiero\/internacionales\/la-justicia-italiana-aprueba-que-lufthansa-adquiera-el-41-de-ita-airways\/","title":{"rendered":"La Justicia italiana aprueba que Lufthansa adquiera el 41% de ITA Airways"},"content":{"rendered":"\n<p><strong>(Aeronoticias):<\/strong> El Tribunal de Cuentas italiano aprob\u00f3 este viernes que la compa\u00f1\u00eda a\u00e9rea alemana\u00a0<strong>Lufthansa\u00a0<\/strong>pueda hacerse con una cuota del 41% la aerol\u00ednea\u00a0<strong>ITA Airways<\/strong>, nacida de la liquidaci\u00f3n de la vieja Alitalia y para la que el Estado buscaba un socio desde hace a\u00f1os.<\/p>\n\n\n\n<p>El Ministerio de Econom\u00eda italiano ya hab\u00eda confirmado la operaci\u00f3n en mayo pero a\u00fan faltaba el visto bueno del \u00f3rgano fiscalizador del pa\u00eds que, en un comunicado, ha detallado que la aerol\u00ednea alemana adquirir\u00e1 una participaci\u00f3n del 41% en el capital social de ITA Airways con una inversi\u00f3n de 325 millones de euros.<\/p>\n\n\n\n<p><strong><em>\u00a0<a href=\"https:\/\/aviacionaldia.com\/2023\/05\/ita-airways-recibe-su-primer-airbus-a330neo.html\">ITA Airways recibe su primer Airbus A330neo<\/a><\/em><\/strong><\/p>\n\n\n\n<p>Seg\u00fan el Tribunal de Cuentas, el plan de negocio compartido entre el Estado italiano y Lufthansa prev\u00e9 un crecimiento de los ingresos de ITA desde los 2.500 millones de euros previstos para este a\u00f1o hasta los 4.100 millones en 2027.<\/p>\n\n\n\n<p>En mayo el Ministerio de Econom\u00eda italiano, hasta ahora el \u00fanico propietario de ITA Airways, confirm\u00f3 la operaci\u00f3n tras reunirse en Roma con el consejero delegado de Lufthansa, Carsten Sphor, y con el presidente de la compa\u00f1\u00eda italiana, Antonino Turicchi.<\/p>\n\n\n\n<p>\u00abHoy se cierra un camino que ha marcado la historia de la compa\u00f1\u00eda a\u00e9rea nacional con una perspectiva de integraci\u00f3n en una importante aerol\u00ednea europea\u00bb, celebr\u00f3 el titular de Econom\u00eda, Giancarlo Giorgetti.<\/p>\n\n\n\n<p>El acuerdo a\u00fan precisa la aprobaci\u00f3n de la direcci\u00f3n general para la competencia de la Comisi\u00f3n Europea, inform\u00f3 EFE.<\/p>\n\n\n\n<p><strong>Fuente: aviacionaldia.com<\/strong><\/p>\n","protected":false},"excerpt":{"rendered":"<p>(Aeronoticias): El Tribunal de Cuentas italiano aprob\u00f3 este viernes que la compa\u00f1\u00eda a\u00e9rea alemana\u00a0Lufthansa\u00a0pueda hacerse con una cuota del 41% la aerol\u00ednea\u00a0ITA Airways, nacida de la liquidaci\u00f3n de la vieja Alitalia y para la que el Estado buscaba un socio desde hace a\u00f1os. El Ministerio de Econom\u00eda italiano ya hab\u00eda confirmado la operaci\u00f3n en mayo [&hellip;]<\/p>\n","protected":false},"author":3,"featured_media":83778,"comment_status":"open","ping_status":"open","sticky":false,"template":"","format":"standard","meta":{"tdm_status":"","tdm_grid_status":"","footnotes":""},"categories":[32,34],"tags":[342],"class_list":{"0":"post-83752","1":"post","2":"type-post","3":"status-publish","4":"format-standard","5":"has-post-thumbnail","7":"category-internacional","8":"category-internacionales","9":"tag-lufthansa"},"yoast_head":"<!-- This site is optimized with the Yoast SEO plugin v25.1 - https:\/\/yoast.com\/wordpress\/plugins\/seo\/ -->\n<title>La Justicia italiana aprueba que Lufthansa adquiera el 41% de ITA Airways<\/title>\n<meta name=\"description\" content=\"Portal de noticias del Per\u00fa sobre el transporte a\u00e9reo, aviaci\u00f3n, turismo, hoteleria, actualidad.\" \/>\n<meta name=\"robots\" content=\"index, follow, max-snippet:-1, max-image-preview:large, max-video-preview:-1\" \/>\n<link rel=\"canonical\" href=\"https:\/\/aeronoticias.com.pe\/noticiero\/internacionales\/la-justicia-italiana-aprueba-que-lufthansa-adquiera-el-41-de-ita-airways\/\" \/>\n<meta property=\"og:locale\" content=\"es_ES\" \/>\n<meta property=\"og:type\" content=\"article\" \/>\n<meta property=\"og:title\" content=\"La Justicia italiana aprueba que Lufthansa adquiera el 41% de ITA Airways\" \/>\n<meta property=\"og:description\" content=\"Portal de noticias del Per\u00fa sobre el transporte a\u00e9reo, aviaci\u00f3n, turismo, hoteleria, actualidad.\" \/>\n<meta property=\"og:url\" content=\"https:\/\/aeronoticias.com.pe\/noticiero\/internacionales\/la-justicia-italiana-aprueba-que-lufthansa-adquiera-el-41-de-ita-airways\/\" \/>\n<meta property=\"og:site_name\" content=\"Aeronoticias.com.pe\" \/>\n<meta property=\"article:publisher\" content=\"https:\/\/www.facebook.com\/Aeronoticias.com.pe\/\" \/>\n<meta property=\"article:published_time\" content=\"2023-06-16T20:25:06+00:00\" \/>\n<meta property=\"article:modified_time\" content=\"2023-06-16T20:25:18+00:00\" \/>\n<meta property=\"og:image\" content=\"https:\/\/aeronoticias.com.pe\/noticiero\/wp-content\/uploads\/2023\/06\/iata.jpg\" \/>\n\t<meta property=\"og:image:width\" content=\"800\" \/>\n\t<meta property=\"og:image:height\" content=\"400\" \/>\n\t<meta property=\"og:image:type\" content=\"image\/jpeg\" \/>\n<meta name=\"author\" content=\"Redacci\u00f3n\" \/>\n<meta name=\"twitter:card\" content=\"summary_large_image\" \/>\n<meta name=\"twitter:creator\" content=\"@aeronoticias\" \/>\n<meta name=\"twitter:site\" content=\"@aeronoticias\" \/>\n<meta name=\"twitter:label1\" content=\"Escrito por\" \/>\n\t<meta name=\"twitter:data1\" content=\"Redacci\u00f3n\" \/>\n\t<meta name=\"twitter:label2\" content=\"Tiempo de lectura\" \/>\n\t<meta name=\"twitter:data2\" content=\"1 minuto\" \/>\n<script type=\"application\/ld+json\" class=\"yoast-schema-graph\">{\"@context\":\"https:\/\/schema.org\",\"@graph\":[{\"@type\":\"WebPage\",\"@id\":\"https:\/\/aeronoticias.com.pe\/noticiero\/internacionales\/la-justicia-italiana-aprueba-que-lufthansa-adquiera-el-41-de-ita-airways\/\",\"url\":\"https:\/\/aeronoticias.com.pe\/noticiero\/internacionales\/la-justicia-italiana-aprueba-que-lufthansa-adquiera-el-41-de-ita-airways\/\",\"name\":\"La Justicia italiana aprueba que Lufthansa adquiera el 41% de ITA Airways\",\"isPartOf\":{\"@id\":\"https:\/\/aeronoticias.com.pe\/noticiero\/#website\"},\"primaryImageOfPage\":{\"@id\":\"https:\/\/aeronoticias.com.pe\/noticiero\/internacionales\/la-justicia-italiana-aprueba-que-lufthansa-adquiera-el-41-de-ita-airways\/#primaryimage\"},\"image\":{\"@id\":\"https:\/\/aeronoticias.com.pe\/noticiero\/internacionales\/la-justicia-italiana-aprueba-que-lufthansa-adquiera-el-41-de-ita-airways\/#primaryimage\"},\"thumbnailUrl\":\"https:\/\/aeronoticias.com.pe\/noticiero\/wp-content\/uploads\/2023\/06\/iata.jpg\",\"datePublished\":\"2023-06-16T20:25:06+00:00\",\"dateModified\":\"2023-06-16T20:25:18+00:00\",\"author\":{\"@id\":\"https:\/\/aeronoticias.com.pe\/noticiero\/#\/schema\/person\/16212a617c73f78916b13194154243bd\"},\"description\":\"Portal de noticias del Per\u00fa sobre el transporte a\u00e9reo, aviaci\u00f3n, turismo, hoteleria, actualidad.\",\"breadcrumb\":{\"@id\":\"https:\/\/aeronoticias.com.pe\/noticiero\/internacionales\/la-justicia-italiana-aprueba-que-lufthansa-adquiera-el-41-de-ita-airways\/#breadcrumb\"},\"inLanguage\":\"es\",\"potentialAction\":[{\"@type\":\"ReadAction\",\"target\":[\"https:\/\/aeronoticias.com.pe\/noticiero\/internacionales\/la-justicia-italiana-aprueba-que-lufthansa-adquiera-el-41-de-ita-airways\/\"]}]},{\"@type\":\"ImageObject\",\"inLanguage\":\"es\",\"@id\":\"https:\/\/aeronoticias.com.pe\/noticiero\/internacionales\/la-justicia-italiana-aprueba-que-lufthansa-adquiera-el-41-de-ita-airways\/#primaryimage\",\"url\":\"https:\/\/aeronoticias.com.pe\/noticiero\/wp-content\/uploads\/2023\/06\/iata.jpg\",\"contentUrl\":\"https:\/\/aeronoticias.com.pe\/noticiero\/wp-content\/uploads\/2023\/06\/iata.jpg\",\"width\":800,\"height\":400},{\"@type\":\"BreadcrumbList\",\"@id\":\"https:\/\/aeronoticias.com.pe\/noticiero\/internacionales\/la-justicia-italiana-aprueba-que-lufthansa-adquiera-el-41-de-ita-airways\/#breadcrumb\",\"itemListElement\":[{\"@type\":\"ListItem\",\"position\":1,\"name\":\"Portada\",\"item\":\"https:\/\/aeronoticias.com.pe\/noticiero\/\"},{\"@type\":\"ListItem\",\"position\":2,\"name\":\"La Justicia italiana aprueba que Lufthansa adquiera el 41% de ITA Airways\"}]},{\"@type\":\"WebSite\",\"@id\":\"https:\/\/aeronoticias.com.pe\/noticiero\/#website\",\"url\":\"https:\/\/aeronoticias.com.pe\/noticiero\/\",\"name\":\"Aeronoticias.com.pe\",\"description\":\"Noticias de tranporte aereo, turismo, hoteles, gastronomia, actualidad, internacional\",\"potentialAction\":[{\"@type\":\"SearchAction\",\"target\":{\"@type\":\"EntryPoint\",\"urlTemplate\":\"https:\/\/aeronoticias.com.pe\/noticiero\/?s={search_term_string}\"},\"query-input\":{\"@type\":\"PropertyValueSpecification\",\"valueRequired\":true,\"valueName\":\"search_term_string\"}}],\"inLanguage\":\"es\"},{\"@type\":\"Person\",\"@id\":\"https:\/\/aeronoticias.com.pe\/noticiero\/#\/schema\/person\/16212a617c73f78916b13194154243bd\",\"name\":\"Redacci\u00f3n\",\"sameAs\":[\"http:\/\/Redacci\u00f3n\"],\"url\":\"https:\/\/aeronoticias.com.pe\/noticiero\/author\/celeste\/\"}]}<\/script>\n<!-- \/ Yoast SEO plugin. -->","yoast_head_json":{"title":"La Justicia italiana aprueba que Lufthansa adquiera el 41% de ITA Airways","description":"Portal de noticias del Per\u00fa sobre el transporte a\u00e9reo, aviaci\u00f3n, turismo, hoteleria, actualidad.","robots":{"index":"index","follow":"follow","max-snippet":"max-snippet:-1","max-image-preview":"max-image-preview:large","max-video-preview":"max-video-preview:-1"},"canonical":"https:\/\/aeronoticias.com.pe\/noticiero\/internacionales\/la-justicia-italiana-aprueba-que-lufthansa-adquiera-el-41-de-ita-airways\/","og_locale":"es_ES","og_type":"article","og_title":"La Justicia italiana aprueba que Lufthansa adquiera el 41% de ITA Airways","og_description":"Portal de noticias del Per\u00fa sobre el transporte a\u00e9reo, aviaci\u00f3n, turismo, hoteleria, actualidad.","og_url":"https:\/\/aeronoticias.com.pe\/noticiero\/internacionales\/la-justicia-italiana-aprueba-que-lufthansa-adquiera-el-41-de-ita-airways\/","og_site_name":"Aeronoticias.com.pe","article_publisher":"https:\/\/www.facebook.com\/Aeronoticias.com.pe\/","article_published_time":"2023-06-16T20:25:06+00:00","article_modified_time":"2023-06-16T20:25:18+00:00","og_image":[{"width":800,"height":400,"url":"https:\/\/aeronoticias.com.pe\/noticiero\/wp-content\/uploads\/2023\/06\/iata.jpg","type":"image\/jpeg"}],"author":"Redacci\u00f3n","twitter_card":"summary_large_image","twitter_creator":"@aeronoticias","twitter_site":"@aeronoticias","twitter_misc":{"Escrito por":"Redacci\u00f3n","Tiempo de lectura":"1 minuto"},"schema":{"@context":"https:\/\/schema.org","@graph":[{"@type":"WebPage","@id":"https:\/\/aeronoticias.com.pe\/noticiero\/internacionales\/la-justicia-italiana-aprueba-que-lufthansa-adquiera-el-41-de-ita-airways\/","url":"https:\/\/aeronoticias.com.pe\/noticiero\/internacionales\/la-justicia-italiana-aprueba-que-lufthansa-adquiera-el-41-de-ita-airways\/","name":"La Justicia italiana aprueba que Lufthansa adquiera el 41% de ITA Airways","isPartOf":{"@id":"https:\/\/aeronoticias.com.pe\/noticiero\/#website"},"primaryImageOfPage":{"@id":"https:\/\/aeronoticias.com.pe\/noticiero\/internacionales\/la-justicia-italiana-aprueba-que-lufthansa-adquiera-el-41-de-ita-airways\/#primaryimage"},"image":{"@id":"https:\/\/aeronoticias.com.pe\/noticiero\/internacionales\/la-justicia-italiana-aprueba-que-lufthansa-adquiera-el-41-de-ita-airways\/#primaryimage"},"thumbnailUrl":"https:\/\/aeronoticias.com.pe\/noticiero\/wp-content\/uploads\/2023\/06\/iata.jpg","datePublished":"2023-06-16T20:25:06+00:00","dateModified":"2023-06-16T20:25:18+00:00","author":{"@id":"https:\/\/aeronoticias.com.pe\/noticiero\/#\/schema\/person\/16212a617c73f78916b13194154243bd"},"description":"Portal de noticias del Per\u00fa sobre el transporte a\u00e9reo, aviaci\u00f3n, turismo, hoteleria, actualidad.","breadcrumb":{"@id":"https:\/\/aeronoticias.com.pe\/noticiero\/internacionales\/la-justicia-italiana-aprueba-que-lufthansa-adquiera-el-41-de-ita-airways\/#breadcrumb"},"inLanguage":"es","potentialAction":[{"@type":"ReadAction","target":["https:\/\/aeronoticias.com.pe\/noticiero\/internacionales\/la-justicia-italiana-aprueba-que-lufthansa-adquiera-el-41-de-ita-airways\/"]}]},{"@type":"ImageObject","inLanguage":"es","@id":"https:\/\/aeronoticias.com.pe\/noticiero\/internacionales\/la-justicia-italiana-aprueba-que-lufthansa-adquiera-el-41-de-ita-airways\/#primaryimage","url":"https:\/\/aeronoticias.com.pe\/noticiero\/wp-content\/uploads\/2023\/06\/iata.jpg","contentUrl":"https:\/\/aeronoticias.com.pe\/noticiero\/wp-content\/uploads\/2023\/06\/iata.jpg","width":800,"height":400},{"@type":"BreadcrumbList","@id":"https:\/\/aeronoticias.com.pe\/noticiero\/internacionales\/la-justicia-italiana-aprueba-que-lufthansa-adquiera-el-41-de-ita-airways\/#breadcrumb","itemListElement":[{"@type":"ListItem","position":1,"name":"Portada","item":"https:\/\/aeronoticias.com.pe\/noticiero\/"},{"@type":"ListItem","position":2,"name":"La Justicia italiana aprueba que Lufthansa adquiera el 41% de ITA Airways"}]},{"@type":"WebSite","@id":"https:\/\/aeronoticias.com.pe\/noticiero\/#website","url":"https:\/\/aeronoticias.com.pe\/noticiero\/","name":"Aeronoticias.com.pe","description":"Noticias de tranporte aereo, turismo, hoteles, gastronomia, actualidad, internacional","potentialAction":[{"@type":"SearchAction","target":{"@type":"EntryPoint","urlTemplate":"https:\/\/aeronoticias.com.pe\/noticiero\/?s={search_term_string}"},"query-input":{"@type":"PropertyValueSpecification","valueRequired":true,"valueName":"search_term_string"}}],"inLanguage":"es"},{"@type":"Person","@id":"https:\/\/aeronoticias.com.pe\/noticiero\/#\/schema\/person\/16212a617c73f78916b13194154243bd","name":"Redacci\u00f3n","sameAs":["http:\/\/Redacci\u00f3n"],"url":"https:\/\/aeronoticias.com.pe\/noticiero\/author\/celeste\/"}]}},"_links":{"self":[{"href":"https:\/\/aeronoticias.com.pe\/noticiero\/wp-json\/wp\/v2\/posts\/83752","targetHints":{"allow":["GET"]}}],"collection":[{"href":"https:\/\/aeronoticias.com.pe\/noticiero\/wp-json\/wp\/v2\/posts"}],"about":[{"href":"https:\/\/aeronoticias.com.pe\/noticiero\/wp-json\/wp\/v2\/types\/post"}],"author":[{"embeddable":true,"href":"https:\/\/aeronoticias.com.pe\/noticiero\/wp-json\/wp\/v2\/users\/3"}],"replies":[{"embeddable":true,"href":"https:\/\/aeronoticias.com.pe\/noticiero\/wp-json\/wp\/v2\/comments?post=83752"}],"version-history":[{"count":0,"href":"https:\/\/aeronoticias.com.pe\/noticiero\/wp-json\/wp\/v2\/posts\/83752\/revisions"}],"wp:featuredmedia":[{"embeddable":true,"href":"https:\/\/aeronoticias.com.pe\/noticiero\/wp-json\/wp\/v2\/media\/83778"}],"wp:attachment":[{"href":"https:\/\/aeronoticias.com.pe\/noticiero\/wp-json\/wp\/v2\/media?parent=83752"}],"wp:term":[{"taxonomy":"category","embeddable":true,"href":"https:\/\/aeronoticias.com.pe\/noticiero\/wp-json\/wp\/v2\/categories?post=83752"},{"taxonomy":"post_tag","embeddable":true,"href":"https:\/\/aeronoticias.com.pe\/noticiero\/wp-json\/wp\/v2\/tags?post=83752"}],"curies":[{"name":"wp","href":"https:\/\/api.w.org\/{rel}","templated":true}]}}