{"id":83764,"date":"2023-06-15T22:00:25","date_gmt":"2023-06-16T03:00:25","guid":{"rendered":"https:\/\/aeronoticias.com.pe\/noticiero\/?p=83764"},"modified":"2023-06-16T12:16:08","modified_gmt":"2023-06-16T17:16:08","slug":"naufragio-en-grecia-segun-la-bbc-el-barco-transportaba-a-cien-ninos","status":"publish","type":"post","link":"https:\/\/aeronoticias.com.pe\/noticiero\/mundo\/mundo-mundo\/naufragio-en-grecia-segun-la-bbc-el-barco-transportaba-a-cien-ninos\/","title":{"rendered":"Naufragio en Grecia: Seg\u00fan la BBC, el barco transportaba a cien ni\u00f1os"},"content":{"rendered":"\n<p>(Aeronoticias) Grecia busca sobrevivientes tras el naufragio de un barco con migrantes en el mar J\u00f3nico, donde al menos 79 personas han perdido la vida. Seg\u00fan informes de la BBC, hab\u00eda cien ni\u00f1os a bordo de la embarcaci\u00f3n.<\/p>\n\n\n\n<p>Los equipos de rescate, incluyendo dos barcos patrulleros, un helic\u00f3ptero y otros seis buques, contin\u00faan patrullando las aguas al oeste de la pen\u00ednsula de Peloponeso. Hasta el momento, se han recuperado 79 cuerpos y el gobierno griego ha declarado tres d\u00edas de luto.<\/p>\n\n\n\n<p>El m\u00e9dico jefe del Hospital General de Kalamata, que atendi\u00f3 a los sobrevivientes, confirm\u00f3 que seg\u00fan los testimonios de los rescatados, hab\u00eda alrededor de 100 ni\u00f1os en el barco.<br>Una fragata de la marina griega llegar\u00e1 el jueves con los cuerpos recuperados, mientras se teme que haya cientos de desaparecidos, considerando que no se encontraron mujeres ni ni\u00f1os entre los rescatados con vida.<\/p>\n\n\n\n<p>Se estima que hab\u00eda hasta 750 personas a bordo del barco pesquero, seg\u00fan informes no confirmados. Se cree que muchos traficantes encerraron a las personas en la bodega para mantener el control.<\/p>\n\n\n\n<p>Los sobrevivientes, en su mayor\u00eda provenientes de Siria, Egipto y Pakist\u00e1n, est\u00e1n siendo mantenidos en una bodega portuaria para su identificaci\u00f3n y entrevistas con las autoridades griegas, quienes est\u00e1n investigando la posible presencia de traficantes de personas.<\/p>\n\n\n\n<p>El organismo de refugiados de la ONU, representado por Erasmia Roumana, describi\u00f3 la situaci\u00f3n como \u00abrealmente espantosa\u00bb y mencion\u00f3 que los sobrevivientes se encuentran en una situaci\u00f3n psicol\u00f3gica muy dif\u00edcil. Esta tragedia migratoria en Grecia se considera la peor desde 2016, cuando al menos 320 personas fueron declaradas muertas o desaparecidas, seg\u00fan registros de AFP que abarcan desde 1993.<\/p>\n\n\n\n<p><em>Fuente: El Mundo<\/em><\/p>\n\n\n\n<p><strong><em>Por: Sebasti\u00e1n Palacin<\/em><\/strong><\/p>\n","protected":false},"excerpt":{"rendered":"<p>(Aeronoticias) Grecia busca sobrevivientes tras el naufragio de un barco con migrantes en el mar J\u00f3nico, donde al menos 79 personas han perdido la vida. Seg\u00fan informes de la BBC, hab\u00eda cien ni\u00f1os a bordo de la embarcaci\u00f3n. Los equipos de rescate, incluyendo dos barcos patrulleros, un helic\u00f3ptero y otros seis buques, contin\u00faan patrullando las [&hellip;]<\/p>\n","protected":false},"author":3,"featured_media":83769,"comment_status":"open","ping_status":"open","sticky":false,"template":"","format":"standard","meta":{"tdm_status":"","tdm_grid_status":"","footnotes":""},"categories":[28,64],"tags":[],"class_list":{"0":"post-83764","1":"post","2":"type-post","3":"status-publish","4":"format-standard","5":"has-post-thumbnail","7":"category-mundo","8":"category-mundo-mundo"},"yoast_head":"<!-- This site is optimized with the Yoast SEO plugin v25.1 - https:\/\/yoast.com\/wordpress\/plugins\/seo\/ -->\n<title>Naufragio en Grecia: Seg\u00fan la BBC, el barco transportaba a cien ni\u00f1os<\/title>\n<meta name=\"description\" content=\"Seg\u00fan informes de la prensa griega, se estima que m\u00e1s de 700 personas se encontraban a bordo del barco en cuesti\u00f3n.\" \/>\n<meta name=\"robots\" content=\"index, follow, max-snippet:-1, max-image-preview:large, max-video-preview:-1\" \/>\n<link rel=\"canonical\" href=\"https:\/\/aeronoticias.com.pe\/noticiero\/mundo\/mundo-mundo\/naufragio-en-grecia-segun-la-bbc-el-barco-transportaba-a-cien-ninos\/\" \/>\n<meta property=\"og:locale\" content=\"es_ES\" \/>\n<meta property=\"og:type\" content=\"article\" \/>\n<meta property=\"og:title\" content=\"Naufragio en Grecia: Seg\u00fan la BBC, el barco transportaba a cien ni\u00f1os\" \/>\n<meta property=\"og:description\" content=\"Seg\u00fan informes de la prensa griega, se estima que m\u00e1s de 700 personas se encontraban a bordo del barco en cuesti\u00f3n.\" \/>\n<meta property=\"og:url\" content=\"https:\/\/aeronoticias.com.pe\/noticiero\/mundo\/mundo-mundo\/naufragio-en-grecia-segun-la-bbc-el-barco-transportaba-a-cien-ninos\/\" \/>\n<meta property=\"og:site_name\" content=\"Aeronoticias.com.pe\" \/>\n<meta property=\"article:publisher\" content=\"https:\/\/www.facebook.com\/Aeronoticias.com.pe\/\" \/>\n<meta property=\"article:published_time\" content=\"2023-06-16T03:00:25+00:00\" \/>\n<meta property=\"article:modified_time\" content=\"2023-06-16T17:16:08+00:00\" \/>\n<meta property=\"og:image\" content=\"https:\/\/aeronoticias.com.pe\/noticiero\/wp-content\/uploads\/2023\/06\/grecia.png\" \/>\n\t<meta property=\"og:image:width\" content=\"1280\" \/>\n\t<meta property=\"og:image:height\" content=\"1072\" \/>\n\t<meta property=\"og:image:type\" content=\"image\/png\" \/>\n<meta name=\"author\" content=\"Redacci\u00f3n\" \/>\n<meta name=\"twitter:card\" content=\"summary_large_image\" \/>\n<meta name=\"twitter:creator\" content=\"@aeronoticias\" \/>\n<meta name=\"twitter:site\" content=\"@aeronoticias\" \/>\n<meta name=\"twitter:label1\" content=\"Escrito por\" \/>\n\t<meta name=\"twitter:data1\" content=\"Redacci\u00f3n\" \/>\n\t<meta name=\"twitter:label2\" content=\"Tiempo de lectura\" \/>\n\t<meta name=\"twitter:data2\" content=\"1 minuto\" \/>\n<script type=\"application\/ld+json\" class=\"yoast-schema-graph\">{\"@context\":\"https:\/\/schema.org\",\"@graph\":[{\"@type\":\"WebPage\",\"@id\":\"https:\/\/aeronoticias.com.pe\/noticiero\/mundo\/mundo-mundo\/naufragio-en-grecia-segun-la-bbc-el-barco-transportaba-a-cien-ninos\/\",\"url\":\"https:\/\/aeronoticias.com.pe\/noticiero\/mundo\/mundo-mundo\/naufragio-en-grecia-segun-la-bbc-el-barco-transportaba-a-cien-ninos\/\",\"name\":\"Naufragio en Grecia: Seg\u00fan la BBC, el barco transportaba a cien ni\u00f1os\",\"isPartOf\":{\"@id\":\"https:\/\/aeronoticias.com.pe\/noticiero\/#website\"},\"primaryImageOfPage\":{\"@id\":\"https:\/\/aeronoticias.com.pe\/noticiero\/mundo\/mundo-mundo\/naufragio-en-grecia-segun-la-bbc-el-barco-transportaba-a-cien-ninos\/#primaryimage\"},\"image\":{\"@id\":\"https:\/\/aeronoticias.com.pe\/noticiero\/mundo\/mundo-mundo\/naufragio-en-grecia-segun-la-bbc-el-barco-transportaba-a-cien-ninos\/#primaryimage\"},\"thumbnailUrl\":\"https:\/\/aeronoticias.com.pe\/noticiero\/wp-content\/uploads\/2023\/06\/grecia.png\",\"datePublished\":\"2023-06-16T03:00:25+00:00\",\"dateModified\":\"2023-06-16T17:16:08+00:00\",\"author\":{\"@id\":\"https:\/\/aeronoticias.com.pe\/noticiero\/#\/schema\/person\/16212a617c73f78916b13194154243bd\"},\"description\":\"Seg\u00fan informes de la prensa griega, se estima que m\u00e1s de 700 personas se encontraban a bordo del barco en cuesti\u00f3n.\",\"breadcrumb\":{\"@id\":\"https:\/\/aeronoticias.com.pe\/noticiero\/mundo\/mundo-mundo\/naufragio-en-grecia-segun-la-bbc-el-barco-transportaba-a-cien-ninos\/#breadcrumb\"},\"inLanguage\":\"es\",\"potentialAction\":[{\"@type\":\"ReadAction\",\"target\":[\"https:\/\/aeronoticias.com.pe\/noticiero\/mundo\/mundo-mundo\/naufragio-en-grecia-segun-la-bbc-el-barco-transportaba-a-cien-ninos\/\"]}]},{\"@type\":\"ImageObject\",\"inLanguage\":\"es\",\"@id\":\"https:\/\/aeronoticias.com.pe\/noticiero\/mundo\/mundo-mundo\/naufragio-en-grecia-segun-la-bbc-el-barco-transportaba-a-cien-ninos\/#primaryimage\",\"url\":\"https:\/\/aeronoticias.com.pe\/noticiero\/wp-content\/uploads\/2023\/06\/grecia.png\",\"contentUrl\":\"https:\/\/aeronoticias.com.pe\/noticiero\/wp-content\/uploads\/2023\/06\/grecia.png\",\"width\":1280,\"height\":1072},{\"@type\":\"BreadcrumbList\",\"@id\":\"https:\/\/aeronoticias.com.pe\/noticiero\/mundo\/mundo-mundo\/naufragio-en-grecia-segun-la-bbc-el-barco-transportaba-a-cien-ninos\/#breadcrumb\",\"itemListElement\":[{\"@type\":\"ListItem\",\"position\":1,\"name\":\"Portada\",\"item\":\"https:\/\/aeronoticias.com.pe\/noticiero\/\"},{\"@type\":\"ListItem\",\"position\":2,\"name\":\"Naufragio en Grecia: Seg\u00fan la BBC, el barco transportaba a cien ni\u00f1os\"}]},{\"@type\":\"WebSite\",\"@id\":\"https:\/\/aeronoticias.com.pe\/noticiero\/#website\",\"url\":\"https:\/\/aeronoticias.com.pe\/noticiero\/\",\"name\":\"Aeronoticias.com.pe\",\"description\":\"Noticias de tranporte aereo, turismo, hoteles, gastronomia, actualidad, internacional\",\"potentialAction\":[{\"@type\":\"SearchAction\",\"target\":{\"@type\":\"EntryPoint\",\"urlTemplate\":\"https:\/\/aeronoticias.com.pe\/noticiero\/?s={search_term_string}\"},\"query-input\":{\"@type\":\"PropertyValueSpecification\",\"valueRequired\":true,\"valueName\":\"search_term_string\"}}],\"inLanguage\":\"es\"},{\"@type\":\"Person\",\"@id\":\"https:\/\/aeronoticias.com.pe\/noticiero\/#\/schema\/person\/16212a617c73f78916b13194154243bd\",\"name\":\"Redacci\u00f3n\",\"sameAs\":[\"http:\/\/Redacci\u00f3n\"],\"url\":\"https:\/\/aeronoticias.com.pe\/noticiero\/author\/celeste\/\"}]}<\/script>\n<!-- \/ Yoast SEO plugin. -->","yoast_head_json":{"title":"Naufragio en Grecia: Seg\u00fan la BBC, el barco transportaba a cien ni\u00f1os","description":"Seg\u00fan informes de la prensa griega, se estima que m\u00e1s de 700 personas se encontraban a bordo del barco en cuesti\u00f3n.","robots":{"index":"index","follow":"follow","max-snippet":"max-snippet:-1","max-image-preview":"max-image-preview:large","max-video-preview":"max-video-preview:-1"},"canonical":"https:\/\/aeronoticias.com.pe\/noticiero\/mundo\/mundo-mundo\/naufragio-en-grecia-segun-la-bbc-el-barco-transportaba-a-cien-ninos\/","og_locale":"es_ES","og_type":"article","og_title":"Naufragio en Grecia: Seg\u00fan la BBC, el barco transportaba a cien ni\u00f1os","og_description":"Seg\u00fan informes de la prensa griega, se estima que m\u00e1s de 700 personas se encontraban a bordo del barco en cuesti\u00f3n.","og_url":"https:\/\/aeronoticias.com.pe\/noticiero\/mundo\/mundo-mundo\/naufragio-en-grecia-segun-la-bbc-el-barco-transportaba-a-cien-ninos\/","og_site_name":"Aeronoticias.com.pe","article_publisher":"https:\/\/www.facebook.com\/Aeronoticias.com.pe\/","article_published_time":"2023-06-16T03:00:25+00:00","article_modified_time":"2023-06-16T17:16:08+00:00","og_image":[{"width":1280,"height":1072,"url":"https:\/\/aeronoticias.com.pe\/noticiero\/wp-content\/uploads\/2023\/06\/grecia.png","type":"image\/png"}],"author":"Redacci\u00f3n","twitter_card":"summary_large_image","twitter_creator":"@aeronoticias","twitter_site":"@aeronoticias","twitter_misc":{"Escrito por":"Redacci\u00f3n","Tiempo de lectura":"1 minuto"},"schema":{"@context":"https:\/\/schema.org","@graph":[{"@type":"WebPage","@id":"https:\/\/aeronoticias.com.pe\/noticiero\/mundo\/mundo-mundo\/naufragio-en-grecia-segun-la-bbc-el-barco-transportaba-a-cien-ninos\/","url":"https:\/\/aeronoticias.com.pe\/noticiero\/mundo\/mundo-mundo\/naufragio-en-grecia-segun-la-bbc-el-barco-transportaba-a-cien-ninos\/","name":"Naufragio en Grecia: Seg\u00fan la BBC, el barco transportaba a cien ni\u00f1os","isPartOf":{"@id":"https:\/\/aeronoticias.com.pe\/noticiero\/#website"},"primaryImageOfPage":{"@id":"https:\/\/aeronoticias.com.pe\/noticiero\/mundo\/mundo-mundo\/naufragio-en-grecia-segun-la-bbc-el-barco-transportaba-a-cien-ninos\/#primaryimage"},"image":{"@id":"https:\/\/aeronoticias.com.pe\/noticiero\/mundo\/mundo-mundo\/naufragio-en-grecia-segun-la-bbc-el-barco-transportaba-a-cien-ninos\/#primaryimage"},"thumbnailUrl":"https:\/\/aeronoticias.com.pe\/noticiero\/wp-content\/uploads\/2023\/06\/grecia.png","datePublished":"2023-06-16T03:00:25+00:00","dateModified":"2023-06-16T17:16:08+00:00","author":{"@id":"https:\/\/aeronoticias.com.pe\/noticiero\/#\/schema\/person\/16212a617c73f78916b13194154243bd"},"description":"Seg\u00fan informes de la prensa griega, se estima que m\u00e1s de 700 personas se encontraban a bordo del barco en cuesti\u00f3n.","breadcrumb":{"@id":"https:\/\/aeronoticias.com.pe\/noticiero\/mundo\/mundo-mundo\/naufragio-en-grecia-segun-la-bbc-el-barco-transportaba-a-cien-ninos\/#breadcrumb"},"inLanguage":"es","potentialAction":[{"@type":"ReadAction","target":["https:\/\/aeronoticias.com.pe\/noticiero\/mundo\/mundo-mundo\/naufragio-en-grecia-segun-la-bbc-el-barco-transportaba-a-cien-ninos\/"]}]},{"@type":"ImageObject","inLanguage":"es","@id":"https:\/\/aeronoticias.com.pe\/noticiero\/mundo\/mundo-mundo\/naufragio-en-grecia-segun-la-bbc-el-barco-transportaba-a-cien-ninos\/#primaryimage","url":"https:\/\/aeronoticias.com.pe\/noticiero\/wp-content\/uploads\/2023\/06\/grecia.png","contentUrl":"https:\/\/aeronoticias.com.pe\/noticiero\/wp-content\/uploads\/2023\/06\/grecia.png","width":1280,"height":1072},{"@type":"BreadcrumbList","@id":"https:\/\/aeronoticias.com.pe\/noticiero\/mundo\/mundo-mundo\/naufragio-en-grecia-segun-la-bbc-el-barco-transportaba-a-cien-ninos\/#breadcrumb","itemListElement":[{"@type":"ListItem","position":1,"name":"Portada","item":"https:\/\/aeronoticias.com.pe\/noticiero\/"},{"@type":"ListItem","position":2,"name":"Naufragio en Grecia: Seg\u00fan la BBC, el barco transportaba a cien ni\u00f1os"}]},{"@type":"WebSite","@id":"https:\/\/aeronoticias.com.pe\/noticiero\/#website","url":"https:\/\/aeronoticias.com.pe\/noticiero\/","name":"Aeronoticias.com.pe","description":"Noticias de tranporte aereo, turismo, hoteles, gastronomia, actualidad, internacional","potentialAction":[{"@type":"SearchAction","target":{"@type":"EntryPoint","urlTemplate":"https:\/\/aeronoticias.com.pe\/noticiero\/?s={search_term_string}"},"query-input":{"@type":"PropertyValueSpecification","valueRequired":true,"valueName":"search_term_string"}}],"inLanguage":"es"},{"@type":"Person","@id":"https:\/\/aeronoticias.com.pe\/noticiero\/#\/schema\/person\/16212a617c73f78916b13194154243bd","name":"Redacci\u00f3n","sameAs":["http:\/\/Redacci\u00f3n"],"url":"https:\/\/aeronoticias.com.pe\/noticiero\/author\/celeste\/"}]}},"_links":{"self":[{"href":"https:\/\/aeronoticias.com.pe\/noticiero\/wp-json\/wp\/v2\/posts\/83764","targetHints":{"allow":["GET"]}}],"collection":[{"href":"https:\/\/aeronoticias.com.pe\/noticiero\/wp-json\/wp\/v2\/posts"}],"about":[{"href":"https:\/\/aeronoticias.com.pe\/noticiero\/wp-json\/wp\/v2\/types\/post"}],"author":[{"embeddable":true,"href":"https:\/\/aeronoticias.com.pe\/noticiero\/wp-json\/wp\/v2\/users\/3"}],"replies":[{"embeddable":true,"href":"https:\/\/aeronoticias.com.pe\/noticiero\/wp-json\/wp\/v2\/comments?post=83764"}],"version-history":[{"count":0,"href":"https:\/\/aeronoticias.com.pe\/noticiero\/wp-json\/wp\/v2\/posts\/83764\/revisions"}],"wp:featuredmedia":[{"embeddable":true,"href":"https:\/\/aeronoticias.com.pe\/noticiero\/wp-json\/wp\/v2\/media\/83769"}],"wp:attachment":[{"href":"https:\/\/aeronoticias.com.pe\/noticiero\/wp-json\/wp\/v2\/media?parent=83764"}],"wp:term":[{"taxonomy":"category","embeddable":true,"href":"https:\/\/aeronoticias.com.pe\/noticiero\/wp-json\/wp\/v2\/categories?post=83764"},{"taxonomy":"post_tag","embeddable":true,"href":"https:\/\/aeronoticias.com.pe\/noticiero\/wp-json\/wp\/v2\/tags?post=83764"}],"curies":[{"name":"wp","href":"https:\/\/api.w.org\/{rel}","templated":true}]}}