{"id":83771,"date":"2023-06-15T22:30:51","date_gmt":"2023-06-16T03:30:51","guid":{"rendered":"https:\/\/aeronoticias.com.pe\/noticiero\/?p=83771"},"modified":"2023-06-16T12:22:19","modified_gmt":"2023-06-16T17:22:19","slug":"papa-francisco-instruye-a-georg-ganswein-secretario-de-benedicto-xvi-a-abandonar-el-vaticano","status":"publish","type":"post","link":"https:\/\/aeronoticias.com.pe\/noticiero\/mundo\/papa-francisco-instruye-a-georg-ganswein-secretario-de-benedicto-xvi-a-abandonar-el-vaticano\/","title":{"rendered":"Papa Francisco instruye a Georg G\u00e4nswein, secretario de Benedicto XVI, a abandonar el Vaticano"},"content":{"rendered":"\n<p>(Aeronoticias) El Papa Francisco ha ordenado que el arzobispo Georg G\u00e4nswein, hist\u00f3rico secretario de Benedicto XVI, regrese a su di\u00f3cesis de origen en Friburgo sin ning\u00fan cargo espec\u00edfico a partir del 1 de julio, seg\u00fan inform\u00f3 el Vaticano.<\/p>\n\n\n\n<p>G\u00e4nswein hab\u00eda sido apartado por Francisco en 2020 de su cargo como prefecto de la Casa Pontificia para cuidar directamente de la salud de Benedicto XVI, aunque manten\u00eda el t\u00edtulo.<\/p>\n\n\n\n<p>Tras la muerte del papa em\u00e9rito, surgieron especulaciones sobre su futuro destino.<br>Si se le asignara una di\u00f3cesis en Alemania, su presencia podr\u00eda afectar negativamente las reformas en curso, ya que G\u00e4nswein es cr\u00edtico del camino sinodal alem\u00e1n.<br><br>Aunque la mayor\u00eda de los secretarios pontificios en el pasado han sido asignados a cargos importantes, G\u00e4nswein todav\u00eda tiene nueve a\u00f1os antes de alcanzar la edad de jubilaci\u00f3n habitual para los obispos, que es de 75 a\u00f1os.<\/p>\n\n\n\n<p>En una decisi\u00f3n significativa, el papa Francisco ha tomado medidas para eliminar la influencia medi\u00e1tica e institucional del arzobispo Georg G\u00e4nswein, quien era secretario de Benedicto XVI y a\u00fan ocupaba el cargo oficial de prefecto de la Casa Pontificia.<\/p>\n\n\n\n<p>Esta medida era necesaria ya que G\u00e4nswein se hab\u00eda convertido en una figura destacada de oposici\u00f3n a Francisco, representando la voz del difunto Benedicto XVI. Esto qued\u00f3 demostrado con la publicaci\u00f3n de unas controvertidas memorias poco despu\u00e9s de la muerte de Benedicto, en las cuales denunciaba un conflicto latente entre el modelo de Iglesia de Francisco y el defendido por el<\/p>\n\n\n\n<p>Papa em\u00e9rito. G\u00e4nswein afirmaba que Benedicto le hab\u00eda expresado su sensaci\u00f3n de que Francisco ya no confiaba en \u00e9l. Con esta acci\u00f3n, el Papa busca neutralizar cualquier posible interferencia y preservar la autoridad de su pontificado en un momento cr\u00edtico.<\/p>\n\n\n\n<p>La Nunciatura Apost\u00f3lica en Costa Rica se considera un destino tranquilo en t\u00e9rminos pol\u00edticos y es conocida en c\u00edrculos diplom\u00e1ticos como un lugar de descanso para los nuncios. Costa Rica tiene a la Iglesia cat\u00f3lica como religi\u00f3n oficial del Estado, y su iglesia est\u00e1 estrechamente vinculada a Espa\u00f1a. Sin embargo, la Iglesia costarricense ha enfrentado esc\u00e1ndalos sexuales, como el caso del sacerdote Mauricio V\u00edquez, cuyos abusos fueron encubiertos por la jerarqu\u00eda eclesi\u00e1stica.<\/p>\n\n\n\n<p>Mientras tanto, el arzobispo Georg G\u00e4nswein, exsecretario de Benedicto XVI, se ha trasladado del monasterio Mater Eclesiae a un apartamento cercano a Casa Santa Marta en Roma. Aunque a\u00fan no se ha confirmado su nuevo destino, G\u00e4nswein ha dejado de residir con el Papa em\u00e9rito. Por otro lado, se ha revelado que Benedicto XVI tiene primos a quienes se les ofrecer\u00e1 la posibilidad de heredar los fondos que puedan existir en su cuenta bancaria del Banco Vaticano.<\/p>\n\n\n\n<p>Adem\u00e1s, se ha archivado la causa por encubrimiento de abusos abierta p\u00f3stumamente contra Benedicto XVI en M\u00fanich, ya que las investigaciones no revelaron suficientes sospechas de actividad delictiva por parte del Papa em\u00e9rito o de otros responsables eclesi\u00e1sticos. Esto implica que los sucesores de Benedicto XVI no tendr\u00e1n que enfrentar un juicio por encubrimiento en este caso. La Justicia alemana tampoco aclarar\u00e1 la actuaci\u00f3n del Papa em\u00e9rito en relaci\u00f3n con el sacerdote Peter H., acusado de abusos sexuales y aceptado en el clero durante los a\u00f1os en que Ratzinger fue arzobispo de M\u00fanich y Freising.<\/p>\n\n\n\n<p><em>Fuente: Rtve<br><\/em><br><strong><em>Por: Sebasti\u00e1n Palacin<\/em><\/strong><\/p>\n","protected":false},"excerpt":{"rendered":"<p>(Aeronoticias) El Papa Francisco ha ordenado que el arzobispo Georg G\u00e4nswein, hist\u00f3rico secretario de Benedicto XVI, regrese a su di\u00f3cesis de origen en Friburgo sin ning\u00fan cargo espec\u00edfico a partir del 1 de julio, seg\u00fan inform\u00f3 el Vaticano. G\u00e4nswein hab\u00eda sido apartado por Francisco en 2020 de su cargo como prefecto de la Casa Pontificia [&hellip;]<\/p>\n","protected":false},"author":3,"featured_media":83775,"comment_status":"open","ping_status":"open","sticky":false,"template":"","format":"standard","meta":{"tdm_status":"","tdm_grid_status":"","footnotes":""},"categories":[28,64],"tags":[],"class_list":{"0":"post-83771","1":"post","2":"type-post","3":"status-publish","4":"format-standard","5":"has-post-thumbnail","7":"category-mundo","8":"category-mundo-mundo"},"yoast_head":"<!-- This site is optimized with the Yoast SEO plugin v25.1 - https:\/\/yoast.com\/wordpress\/plugins\/seo\/ -->\n<title>Papa Francisco instruye a Georg G\u00e4nswein, secretario de Benedicto XVI, a abandonar el Vaticano<\/title>\n<meta name=\"description\" content=\"El Papa Francisco ha ordenado que el arzobispo Georg G\u00e4nswein, hist\u00f3rico secretario de Benedicto XVI, regrese a su di\u00f3cesis de origen en Friburgo sin ning\u00fan cargo espec\u00edfico a partir del 1 de julio, seg\u00fan inform\u00f3 el Vaticano\" \/>\n<meta name=\"robots\" content=\"index, follow, max-snippet:-1, max-image-preview:large, max-video-preview:-1\" \/>\n<link rel=\"canonical\" href=\"https:\/\/aeronoticias.com.pe\/noticiero\/mundo\/papa-francisco-instruye-a-georg-ganswein-secretario-de-benedicto-xvi-a-abandonar-el-vaticano\/\" \/>\n<meta property=\"og:locale\" content=\"es_ES\" \/>\n<meta property=\"og:type\" content=\"article\" \/>\n<meta property=\"og:title\" content=\"Papa Francisco instruye a Georg G\u00e4nswein, secretario de Benedicto XVI, a abandonar el Vaticano\" \/>\n<meta property=\"og:description\" content=\"El Papa Francisco ha ordenado que el arzobispo Georg G\u00e4nswein, hist\u00f3rico secretario de Benedicto XVI, regrese a su di\u00f3cesis de origen en Friburgo sin ning\u00fan cargo espec\u00edfico a partir del 1 de julio, seg\u00fan inform\u00f3 el Vaticano\" \/>\n<meta property=\"og:url\" content=\"https:\/\/aeronoticias.com.pe\/noticiero\/mundo\/papa-francisco-instruye-a-georg-ganswein-secretario-de-benedicto-xvi-a-abandonar-el-vaticano\/\" \/>\n<meta property=\"og:site_name\" content=\"Aeronoticias.com.pe\" \/>\n<meta property=\"article:publisher\" content=\"https:\/\/www.facebook.com\/Aeronoticias.com.pe\/\" \/>\n<meta property=\"article:published_time\" content=\"2023-06-16T03:30:51+00:00\" \/>\n<meta property=\"article:modified_time\" content=\"2023-06-16T17:22:19+00:00\" \/>\n<meta property=\"og:image\" content=\"https:\/\/aeronoticias.com.pe\/noticiero\/wp-content\/uploads\/2023\/06\/pf2.jpg\" \/>\n\t<meta property=\"og:image:width\" content=\"1226\" \/>\n\t<meta property=\"og:image:height\" content=\"714\" \/>\n\t<meta property=\"og:image:type\" content=\"image\/jpeg\" \/>\n<meta name=\"author\" content=\"Redacci\u00f3n\" \/>\n<meta name=\"twitter:card\" content=\"summary_large_image\" \/>\n<meta name=\"twitter:creator\" content=\"@aeronoticias\" \/>\n<meta name=\"twitter:site\" content=\"@aeronoticias\" \/>\n<meta name=\"twitter:label1\" content=\"Escrito por\" \/>\n\t<meta name=\"twitter:data1\" content=\"Redacci\u00f3n\" \/>\n\t<meta name=\"twitter:label2\" content=\"Tiempo de lectura\" \/>\n\t<meta name=\"twitter:data2\" content=\"3 minutos\" \/>\n<script type=\"application\/ld+json\" class=\"yoast-schema-graph\">{\"@context\":\"https:\/\/schema.org\",\"@graph\":[{\"@type\":\"WebPage\",\"@id\":\"https:\/\/aeronoticias.com.pe\/noticiero\/mundo\/papa-francisco-instruye-a-georg-ganswein-secretario-de-benedicto-xvi-a-abandonar-el-vaticano\/\",\"url\":\"https:\/\/aeronoticias.com.pe\/noticiero\/mundo\/papa-francisco-instruye-a-georg-ganswein-secretario-de-benedicto-xvi-a-abandonar-el-vaticano\/\",\"name\":\"Papa Francisco instruye a Georg G\u00e4nswein, secretario de Benedicto XVI, a abandonar el Vaticano\",\"isPartOf\":{\"@id\":\"https:\/\/aeronoticias.com.pe\/noticiero\/#website\"},\"primaryImageOfPage\":{\"@id\":\"https:\/\/aeronoticias.com.pe\/noticiero\/mundo\/papa-francisco-instruye-a-georg-ganswein-secretario-de-benedicto-xvi-a-abandonar-el-vaticano\/#primaryimage\"},\"image\":{\"@id\":\"https:\/\/aeronoticias.com.pe\/noticiero\/mundo\/papa-francisco-instruye-a-georg-ganswein-secretario-de-benedicto-xvi-a-abandonar-el-vaticano\/#primaryimage\"},\"thumbnailUrl\":\"https:\/\/aeronoticias.com.pe\/noticiero\/wp-content\/uploads\/2023\/06\/pf2.jpg\",\"datePublished\":\"2023-06-16T03:30:51+00:00\",\"dateModified\":\"2023-06-16T17:22:19+00:00\",\"author\":{\"@id\":\"https:\/\/aeronoticias.com.pe\/noticiero\/#\/schema\/person\/16212a617c73f78916b13194154243bd\"},\"description\":\"El Papa Francisco ha ordenado que el arzobispo Georg G\u00e4nswein, hist\u00f3rico secretario de Benedicto XVI, regrese a su di\u00f3cesis de origen en Friburgo sin ning\u00fan cargo espec\u00edfico a partir del 1 de julio, seg\u00fan inform\u00f3 el Vaticano\",\"breadcrumb\":{\"@id\":\"https:\/\/aeronoticias.com.pe\/noticiero\/mundo\/papa-francisco-instruye-a-georg-ganswein-secretario-de-benedicto-xvi-a-abandonar-el-vaticano\/#breadcrumb\"},\"inLanguage\":\"es\",\"potentialAction\":[{\"@type\":\"ReadAction\",\"target\":[\"https:\/\/aeronoticias.com.pe\/noticiero\/mundo\/papa-francisco-instruye-a-georg-ganswein-secretario-de-benedicto-xvi-a-abandonar-el-vaticano\/\"]}]},{\"@type\":\"ImageObject\",\"inLanguage\":\"es\",\"@id\":\"https:\/\/aeronoticias.com.pe\/noticiero\/mundo\/papa-francisco-instruye-a-georg-ganswein-secretario-de-benedicto-xvi-a-abandonar-el-vaticano\/#primaryimage\",\"url\":\"https:\/\/aeronoticias.com.pe\/noticiero\/wp-content\/uploads\/2023\/06\/pf2.jpg\",\"contentUrl\":\"https:\/\/aeronoticias.com.pe\/noticiero\/wp-content\/uploads\/2023\/06\/pf2.jpg\",\"width\":1226,\"height\":714},{\"@type\":\"BreadcrumbList\",\"@id\":\"https:\/\/aeronoticias.com.pe\/noticiero\/mundo\/papa-francisco-instruye-a-georg-ganswein-secretario-de-benedicto-xvi-a-abandonar-el-vaticano\/#breadcrumb\",\"itemListElement\":[{\"@type\":\"ListItem\",\"position\":1,\"name\":\"Portada\",\"item\":\"https:\/\/aeronoticias.com.pe\/noticiero\/\"},{\"@type\":\"ListItem\",\"position\":2,\"name\":\"Papa Francisco instruye a Georg G\u00e4nswein, secretario de Benedicto XVI, a abandonar el Vaticano\"}]},{\"@type\":\"WebSite\",\"@id\":\"https:\/\/aeronoticias.com.pe\/noticiero\/#website\",\"url\":\"https:\/\/aeronoticias.com.pe\/noticiero\/\",\"name\":\"Aeronoticias.com.pe\",\"description\":\"Noticias de tranporte aereo, turismo, hoteles, gastronomia, actualidad, internacional\",\"potentialAction\":[{\"@type\":\"SearchAction\",\"target\":{\"@type\":\"EntryPoint\",\"urlTemplate\":\"https:\/\/aeronoticias.com.pe\/noticiero\/?s={search_term_string}\"},\"query-input\":{\"@type\":\"PropertyValueSpecification\",\"valueRequired\":true,\"valueName\":\"search_term_string\"}}],\"inLanguage\":\"es\"},{\"@type\":\"Person\",\"@id\":\"https:\/\/aeronoticias.com.pe\/noticiero\/#\/schema\/person\/16212a617c73f78916b13194154243bd\",\"name\":\"Redacci\u00f3n\",\"sameAs\":[\"http:\/\/Redacci\u00f3n\"],\"url\":\"https:\/\/aeronoticias.com.pe\/noticiero\/author\/celeste\/\"}]}<\/script>\n<!-- \/ Yoast SEO plugin. -->","yoast_head_json":{"title":"Papa Francisco instruye a Georg G\u00e4nswein, secretario de Benedicto XVI, a abandonar el Vaticano","description":"El Papa Francisco ha ordenado que el arzobispo Georg G\u00e4nswein, hist\u00f3rico secretario de Benedicto XVI, regrese a su di\u00f3cesis de origen en Friburgo sin ning\u00fan cargo espec\u00edfico a partir del 1 de julio, seg\u00fan inform\u00f3 el Vaticano","robots":{"index":"index","follow":"follow","max-snippet":"max-snippet:-1","max-image-preview":"max-image-preview:large","max-video-preview":"max-video-preview:-1"},"canonical":"https:\/\/aeronoticias.com.pe\/noticiero\/mundo\/papa-francisco-instruye-a-georg-ganswein-secretario-de-benedicto-xvi-a-abandonar-el-vaticano\/","og_locale":"es_ES","og_type":"article","og_title":"Papa Francisco instruye a Georg G\u00e4nswein, secretario de Benedicto XVI, a abandonar el Vaticano","og_description":"El Papa Francisco ha ordenado que el arzobispo Georg G\u00e4nswein, hist\u00f3rico secretario de Benedicto XVI, regrese a su di\u00f3cesis de origen en Friburgo sin ning\u00fan cargo espec\u00edfico a partir del 1 de julio, seg\u00fan inform\u00f3 el Vaticano","og_url":"https:\/\/aeronoticias.com.pe\/noticiero\/mundo\/papa-francisco-instruye-a-georg-ganswein-secretario-de-benedicto-xvi-a-abandonar-el-vaticano\/","og_site_name":"Aeronoticias.com.pe","article_publisher":"https:\/\/www.facebook.com\/Aeronoticias.com.pe\/","article_published_time":"2023-06-16T03:30:51+00:00","article_modified_time":"2023-06-16T17:22:19+00:00","og_image":[{"width":1226,"height":714,"url":"https:\/\/aeronoticias.com.pe\/noticiero\/wp-content\/uploads\/2023\/06\/pf2.jpg","type":"image\/jpeg"}],"author":"Redacci\u00f3n","twitter_card":"summary_large_image","twitter_creator":"@aeronoticias","twitter_site":"@aeronoticias","twitter_misc":{"Escrito por":"Redacci\u00f3n","Tiempo de lectura":"3 minutos"},"schema":{"@context":"https:\/\/schema.org","@graph":[{"@type":"WebPage","@id":"https:\/\/aeronoticias.com.pe\/noticiero\/mundo\/papa-francisco-instruye-a-georg-ganswein-secretario-de-benedicto-xvi-a-abandonar-el-vaticano\/","url":"https:\/\/aeronoticias.com.pe\/noticiero\/mundo\/papa-francisco-instruye-a-georg-ganswein-secretario-de-benedicto-xvi-a-abandonar-el-vaticano\/","name":"Papa Francisco instruye a Georg G\u00e4nswein, secretario de Benedicto XVI, a abandonar el Vaticano","isPartOf":{"@id":"https:\/\/aeronoticias.com.pe\/noticiero\/#website"},"primaryImageOfPage":{"@id":"https:\/\/aeronoticias.com.pe\/noticiero\/mundo\/papa-francisco-instruye-a-georg-ganswein-secretario-de-benedicto-xvi-a-abandonar-el-vaticano\/#primaryimage"},"image":{"@id":"https:\/\/aeronoticias.com.pe\/noticiero\/mundo\/papa-francisco-instruye-a-georg-ganswein-secretario-de-benedicto-xvi-a-abandonar-el-vaticano\/#primaryimage"},"thumbnailUrl":"https:\/\/aeronoticias.com.pe\/noticiero\/wp-content\/uploads\/2023\/06\/pf2.jpg","datePublished":"2023-06-16T03:30:51+00:00","dateModified":"2023-06-16T17:22:19+00:00","author":{"@id":"https:\/\/aeronoticias.com.pe\/noticiero\/#\/schema\/person\/16212a617c73f78916b13194154243bd"},"description":"El Papa Francisco ha ordenado que el arzobispo Georg G\u00e4nswein, hist\u00f3rico secretario de Benedicto XVI, regrese a su di\u00f3cesis de origen en Friburgo sin ning\u00fan cargo espec\u00edfico a partir del 1 de julio, seg\u00fan inform\u00f3 el Vaticano","breadcrumb":{"@id":"https:\/\/aeronoticias.com.pe\/noticiero\/mundo\/papa-francisco-instruye-a-georg-ganswein-secretario-de-benedicto-xvi-a-abandonar-el-vaticano\/#breadcrumb"},"inLanguage":"es","potentialAction":[{"@type":"ReadAction","target":["https:\/\/aeronoticias.com.pe\/noticiero\/mundo\/papa-francisco-instruye-a-georg-ganswein-secretario-de-benedicto-xvi-a-abandonar-el-vaticano\/"]}]},{"@type":"ImageObject","inLanguage":"es","@id":"https:\/\/aeronoticias.com.pe\/noticiero\/mundo\/papa-francisco-instruye-a-georg-ganswein-secretario-de-benedicto-xvi-a-abandonar-el-vaticano\/#primaryimage","url":"https:\/\/aeronoticias.com.pe\/noticiero\/wp-content\/uploads\/2023\/06\/pf2.jpg","contentUrl":"https:\/\/aeronoticias.com.pe\/noticiero\/wp-content\/uploads\/2023\/06\/pf2.jpg","width":1226,"height":714},{"@type":"BreadcrumbList","@id":"https:\/\/aeronoticias.com.pe\/noticiero\/mundo\/papa-francisco-instruye-a-georg-ganswein-secretario-de-benedicto-xvi-a-abandonar-el-vaticano\/#breadcrumb","itemListElement":[{"@type":"ListItem","position":1,"name":"Portada","item":"https:\/\/aeronoticias.com.pe\/noticiero\/"},{"@type":"ListItem","position":2,"name":"Papa Francisco instruye a Georg G\u00e4nswein, secretario de Benedicto XVI, a abandonar el Vaticano"}]},{"@type":"WebSite","@id":"https:\/\/aeronoticias.com.pe\/noticiero\/#website","url":"https:\/\/aeronoticias.com.pe\/noticiero\/","name":"Aeronoticias.com.pe","description":"Noticias de tranporte aereo, turismo, hoteles, gastronomia, actualidad, internacional","potentialAction":[{"@type":"SearchAction","target":{"@type":"EntryPoint","urlTemplate":"https:\/\/aeronoticias.com.pe\/noticiero\/?s={search_term_string}"},"query-input":{"@type":"PropertyValueSpecification","valueRequired":true,"valueName":"search_term_string"}}],"inLanguage":"es"},{"@type":"Person","@id":"https:\/\/aeronoticias.com.pe\/noticiero\/#\/schema\/person\/16212a617c73f78916b13194154243bd","name":"Redacci\u00f3n","sameAs":["http:\/\/Redacci\u00f3n"],"url":"https:\/\/aeronoticias.com.pe\/noticiero\/author\/celeste\/"}]}},"_links":{"self":[{"href":"https:\/\/aeronoticias.com.pe\/noticiero\/wp-json\/wp\/v2\/posts\/83771","targetHints":{"allow":["GET"]}}],"collection":[{"href":"https:\/\/aeronoticias.com.pe\/noticiero\/wp-json\/wp\/v2\/posts"}],"about":[{"href":"https:\/\/aeronoticias.com.pe\/noticiero\/wp-json\/wp\/v2\/types\/post"}],"author":[{"embeddable":true,"href":"https:\/\/aeronoticias.com.pe\/noticiero\/wp-json\/wp\/v2\/users\/3"}],"replies":[{"embeddable":true,"href":"https:\/\/aeronoticias.com.pe\/noticiero\/wp-json\/wp\/v2\/comments?post=83771"}],"version-history":[{"count":0,"href":"https:\/\/aeronoticias.com.pe\/noticiero\/wp-json\/wp\/v2\/posts\/83771\/revisions"}],"wp:featuredmedia":[{"embeddable":true,"href":"https:\/\/aeronoticias.com.pe\/noticiero\/wp-json\/wp\/v2\/media\/83775"}],"wp:attachment":[{"href":"https:\/\/aeronoticias.com.pe\/noticiero\/wp-json\/wp\/v2\/media?parent=83771"}],"wp:term":[{"taxonomy":"category","embeddable":true,"href":"https:\/\/aeronoticias.com.pe\/noticiero\/wp-json\/wp\/v2\/categories?post=83771"},{"taxonomy":"post_tag","embeddable":true,"href":"https:\/\/aeronoticias.com.pe\/noticiero\/wp-json\/wp\/v2\/tags?post=83771"}],"curies":[{"name":"wp","href":"https:\/\/api.w.org\/{rel}","templated":true}]}}