{"id":83791,"date":"2023-06-16T17:45:29","date_gmt":"2023-06-16T22:45:29","guid":{"rendered":"https:\/\/aeronoticias.com.pe\/noticiero\/?p=83791"},"modified":"2023-06-17T09:38:41","modified_gmt":"2023-06-17T14:38:41","slug":"aumento-de-inflacion-en-suecia-no-seria-originado-por-conciertos-de-beyonce-en-estocolmo","status":"publish","type":"post","link":"https:\/\/aeronoticias.com.pe\/noticiero\/mundo\/aumento-de-inflacion-en-suecia-no-seria-originado-por-conciertos-de-beyonce-en-estocolmo\/","title":{"rendered":"Aumento de inflaci\u00f3n en Suecia, no ser\u00eda originado por conciertos de Beyonc\u00e9 en Estocolmo"},"content":{"rendered":"\n<p>(Aeronoticias) La persistente inflaci\u00f3n en Suecia ha sido atribuida a diversos factores como la guerra en Ucrania y los problemas en las cadenas de suministro a nivel global. Sin embargo, un acontecimiento inusual llam\u00f3 la atenci\u00f3n en mayo pasado: los conciertos de Beyonc\u00e9 en Estocolmo, que aparentemente generaron una gran demanda en hoteles y restaurantes, reflej\u00e1ndose en las estad\u00edsticas econ\u00f3micas del pa\u00eds.<\/p>\n\n\n\n<p>En dicho mes, Suecia inform\u00f3 una inflaci\u00f3n del 9,7%, superando las proyecciones de los economistas. Aunque algunos han especulado que la afluencia de visitantes para los conciertos de Beyonc\u00e9 pudo haber contribuido a este aumento, es importante tener en cuenta que existen m\u00faltiples factores econ\u00f3micos y globales que influyen en la inflaci\u00f3n de un pa\u00eds.<\/p>\n\n\n\n<p>La guerra en Ucrania y los problemas en las cadenas de suministro son factores que han afectado la econom\u00eda en Europa y en otras partes del mundo, y es m\u00e1s probable que tengan un impacto significativo en la inflaci\u00f3n de Suecia. Atribuir la inflaci\u00f3n \u00fanicamente a los conciertos de Beyonc\u00e9 ser\u00eda simplificar en exceso una situaci\u00f3n compleja.<\/p>\n\n\n\n<p>Es necesario considerar el contexto econ\u00f3mico global y los m\u00faltiples factores que contribuyen a la inflaci\u00f3n para comprender completamente la situaci\u00f3n en Suecia y en otros pa\u00edses.<\/p>\n\n\n\n<p>El economista Michael Grahn, del Danske Bank, plante\u00f3 la posibilidad de que los conciertos de Beyonc\u00e9 hayan contribuido al aumento de las tarifas hoteleras y al incremento de precios en la recreaci\u00f3n y la cultura en Suecia. Aunque Grahn no atribuy\u00f3 directamente a Beyonc\u00e9 la alta inflaci\u00f3n, sugiri\u00f3 que su actuaci\u00f3n y la demanda global para verla podr\u00edan haber tenido cierta influencia.<\/p>\n\n\n\n<p>En un mensaje en Twitter, el economista mencion\u00f3 que no se sabe con certeza cu\u00e1nto impacto tuvo la gira de Beyonc\u00e9 en las cifras de inflaci\u00f3n, pero especul\u00f3 que podr\u00eda haber contribuido en gran medida al incremento de 0,3 puntos porcentuales en los precios de hoteles y restaurantes durante ese mes. Tambi\u00e9n se observaron aumentos en los gastos de recreaci\u00f3n.<\/p>\n\n\n\n<p>Es importante destacar que esta opini\u00f3n representa una perspectiva individual y no existe consenso generalizado sobre el impacto espec\u00edfico de los conciertos de Beyonc\u00e9 en la inflaci\u00f3n en Suecia. La inflaci\u00f3n es un fen\u00f3meno complejo que se ve afectado por m\u00faltiples factores econ\u00f3micos y globales, y es probable que los conciertos sean solo uno de los muchos elementos que contribuyen al panorama general de la inflaci\u00f3n en el pa\u00eds.<\/p>\n\n\n\n<p>El \u00abefecto Beyonc\u00e9\u00bb: los conciertos de la cantante pueden haber influido en la inflaci\u00f3n en Suecia<br>Los conciertos de Beyonc\u00e9 en diferentes ciudades del mundo generaron un impacto significativo en la demanda de alojamiento y en los precios de las entradas. Seg\u00fan Airbnb, las b\u00fasquedas de alojamiento en las ciudades de la gira se dispararon despu\u00e9s de que se anunciara, y las entradas se agotaron r\u00e1pidamente, provocando un aumento en los precios en el mercado de reventa.<\/p>\n\n\n\n<p>En el Reino Unido, 60.000 personas acudieron a Cardiff para ver a Beyonc\u00e9, incluyendo fans de diferentes pa\u00edses. La demanda de habitaciones de hotel relacionadas con su concierto en Londres fue tan alta que algunas familias sin hogar alojadas en un hotel por el consejo local tuvieron que ser desalojadas para dar lugar a los fan\u00e1ticos de la cantante.<\/p>\n\n\n\n<p>En Estocolmo, los conciertos de Beyonc\u00e9 atrajeron a fans de todo el mundo, especialmente de Estados Unidos, donde el tipo de cambio favorable del d\u00f3lar contribuy\u00f3 a que las entradas en Suecia parecieran relativamente econ\u00f3micas.<br>El fen\u00f3meno generado por Beyonc\u00e9 se ha denominado el \u00abefecto Beyonc\u00e9\u00bb y ha sido considerado como un factor influyente en la inflaci\u00f3n en Suecia. En diciembre, la inflaci\u00f3n alcanz\u00f3 un m\u00e1ximo del 12,3%, mientras que en mayo se registr\u00f3 una tasa del 9,7%. Aunque es inusual que un artista tenga un impacto tan pronunciado en la inflaci\u00f3n, el economista Michael Grahn se\u00f1al\u00f3 que grandes eventos deportivos tambi\u00e9n pueden tener un efecto similar.<br><br>No obstante, se espera que la situaci\u00f3n vuelva a la normalidad en junio, seg\u00fan indic\u00f3 Grahn en redes sociales.<\/p>\n\n\n\n<p><em>Fuente: BBC<\/em><\/p>\n\n\n\n<p><strong><em>Por: Sebasti\u00e1n Palacin<\/em><\/strong><\/p>\n","protected":false},"excerpt":{"rendered":"<p>(Aeronoticias) La persistente inflaci\u00f3n en Suecia ha sido atribuida a diversos factores como la guerra en Ucrania y los problemas en las cadenas de suministro a nivel global. Sin embargo, un acontecimiento inusual llam\u00f3 la atenci\u00f3n en mayo pasado: los conciertos de Beyonc\u00e9 en Estocolmo, que aparentemente generaron una gran demanda en hoteles y restaurantes, [&hellip;]<\/p>\n","protected":false},"author":3,"featured_media":83797,"comment_status":"open","ping_status":"open","sticky":false,"template":"","format":"standard","meta":{"tdm_status":"","tdm_grid_status":"","footnotes":""},"categories":[28,64],"tags":[],"class_list":{"0":"post-83791","1":"post","2":"type-post","3":"status-publish","4":"format-standard","5":"has-post-thumbnail","7":"category-mundo","8":"category-mundo-mundo"},"yoast_head":"<!-- This site is optimized with the Yoast SEO plugin v25.1 - https:\/\/yoast.com\/wordpress\/plugins\/seo\/ -->\n<title>Aumento de inflaci\u00f3n en Suecia, no ser\u00eda originado por conciertos de Beyonc\u00e9 en Estocolmo<\/title>\n<meta name=\"description\" content=\"La persistente inflaci\u00f3n en Suecia ha sido atribuida a diversos factores como la guerra en Ucrania y los problemas en las cadenas de suministro a nivel global.\" \/>\n<meta name=\"robots\" content=\"index, follow, max-snippet:-1, max-image-preview:large, max-video-preview:-1\" \/>\n<link rel=\"canonical\" href=\"https:\/\/aeronoticias.com.pe\/noticiero\/mundo\/aumento-de-inflacion-en-suecia-no-seria-originado-por-conciertos-de-beyonce-en-estocolmo\/\" \/>\n<meta property=\"og:locale\" content=\"es_ES\" \/>\n<meta property=\"og:type\" content=\"article\" \/>\n<meta property=\"og:title\" content=\"Aumento de inflaci\u00f3n en Suecia, no ser\u00eda originado por conciertos de Beyonc\u00e9 en Estocolmo\" \/>\n<meta property=\"og:description\" content=\"La persistente inflaci\u00f3n en Suecia ha sido atribuida a diversos factores como la guerra en Ucrania y los problemas en las cadenas de suministro a nivel global.\" \/>\n<meta property=\"og:url\" content=\"https:\/\/aeronoticias.com.pe\/noticiero\/mundo\/aumento-de-inflacion-en-suecia-no-seria-originado-por-conciertos-de-beyonce-en-estocolmo\/\" \/>\n<meta property=\"og:site_name\" content=\"Aeronoticias.com.pe\" \/>\n<meta property=\"article:publisher\" content=\"https:\/\/www.facebook.com\/Aeronoticias.com.pe\/\" \/>\n<meta property=\"article:published_time\" content=\"2023-06-16T22:45:29+00:00\" \/>\n<meta property=\"article:modified_time\" content=\"2023-06-17T14:38:41+00:00\" \/>\n<meta property=\"og:image\" content=\"https:\/\/aeronoticias.com.pe\/noticiero\/wp-content\/uploads\/2023\/06\/beyonce.jpg\" \/>\n\t<meta property=\"og:image:width\" content=\"1024\" \/>\n\t<meta property=\"og:image:height\" content=\"576\" \/>\n\t<meta property=\"og:image:type\" content=\"image\/jpeg\" \/>\n<meta name=\"author\" content=\"Redacci\u00f3n\" \/>\n<meta name=\"twitter:card\" content=\"summary_large_image\" \/>\n<meta name=\"twitter:creator\" content=\"@aeronoticias\" \/>\n<meta name=\"twitter:site\" content=\"@aeronoticias\" \/>\n<meta name=\"twitter:label1\" content=\"Escrito por\" \/>\n\t<meta name=\"twitter:data1\" content=\"Redacci\u00f3n\" \/>\n\t<meta name=\"twitter:label2\" content=\"Tiempo de lectura\" \/>\n\t<meta name=\"twitter:data2\" content=\"4 minutos\" \/>\n<script type=\"application\/ld+json\" class=\"yoast-schema-graph\">{\"@context\":\"https:\/\/schema.org\",\"@graph\":[{\"@type\":\"WebPage\",\"@id\":\"https:\/\/aeronoticias.com.pe\/noticiero\/mundo\/aumento-de-inflacion-en-suecia-no-seria-originado-por-conciertos-de-beyonce-en-estocolmo\/\",\"url\":\"https:\/\/aeronoticias.com.pe\/noticiero\/mundo\/aumento-de-inflacion-en-suecia-no-seria-originado-por-conciertos-de-beyonce-en-estocolmo\/\",\"name\":\"Aumento de inflaci\u00f3n en Suecia, no ser\u00eda originado por conciertos de Beyonc\u00e9 en Estocolmo\",\"isPartOf\":{\"@id\":\"https:\/\/aeronoticias.com.pe\/noticiero\/#website\"},\"primaryImageOfPage\":{\"@id\":\"https:\/\/aeronoticias.com.pe\/noticiero\/mundo\/aumento-de-inflacion-en-suecia-no-seria-originado-por-conciertos-de-beyonce-en-estocolmo\/#primaryimage\"},\"image\":{\"@id\":\"https:\/\/aeronoticias.com.pe\/noticiero\/mundo\/aumento-de-inflacion-en-suecia-no-seria-originado-por-conciertos-de-beyonce-en-estocolmo\/#primaryimage\"},\"thumbnailUrl\":\"https:\/\/aeronoticias.com.pe\/noticiero\/wp-content\/uploads\/2023\/06\/beyonce.jpg\",\"datePublished\":\"2023-06-16T22:45:29+00:00\",\"dateModified\":\"2023-06-17T14:38:41+00:00\",\"author\":{\"@id\":\"https:\/\/aeronoticias.com.pe\/noticiero\/#\/schema\/person\/16212a617c73f78916b13194154243bd\"},\"description\":\"La persistente inflaci\u00f3n en Suecia ha sido atribuida a diversos factores como la guerra en Ucrania y los problemas en las cadenas de suministro a nivel global.\",\"breadcrumb\":{\"@id\":\"https:\/\/aeronoticias.com.pe\/noticiero\/mundo\/aumento-de-inflacion-en-suecia-no-seria-originado-por-conciertos-de-beyonce-en-estocolmo\/#breadcrumb\"},\"inLanguage\":\"es\",\"potentialAction\":[{\"@type\":\"ReadAction\",\"target\":[\"https:\/\/aeronoticias.com.pe\/noticiero\/mundo\/aumento-de-inflacion-en-suecia-no-seria-originado-por-conciertos-de-beyonce-en-estocolmo\/\"]}]},{\"@type\":\"ImageObject\",\"inLanguage\":\"es\",\"@id\":\"https:\/\/aeronoticias.com.pe\/noticiero\/mundo\/aumento-de-inflacion-en-suecia-no-seria-originado-por-conciertos-de-beyonce-en-estocolmo\/#primaryimage\",\"url\":\"https:\/\/aeronoticias.com.pe\/noticiero\/wp-content\/uploads\/2023\/06\/beyonce.jpg\",\"contentUrl\":\"https:\/\/aeronoticias.com.pe\/noticiero\/wp-content\/uploads\/2023\/06\/beyonce.jpg\",\"width\":1024,\"height\":576},{\"@type\":\"BreadcrumbList\",\"@id\":\"https:\/\/aeronoticias.com.pe\/noticiero\/mundo\/aumento-de-inflacion-en-suecia-no-seria-originado-por-conciertos-de-beyonce-en-estocolmo\/#breadcrumb\",\"itemListElement\":[{\"@type\":\"ListItem\",\"position\":1,\"name\":\"Portada\",\"item\":\"https:\/\/aeronoticias.com.pe\/noticiero\/\"},{\"@type\":\"ListItem\",\"position\":2,\"name\":\"Aumento de inflaci\u00f3n en Suecia, no ser\u00eda originado por conciertos de Beyonc\u00e9 en Estocolmo\"}]},{\"@type\":\"WebSite\",\"@id\":\"https:\/\/aeronoticias.com.pe\/noticiero\/#website\",\"url\":\"https:\/\/aeronoticias.com.pe\/noticiero\/\",\"name\":\"Aeronoticias.com.pe\",\"description\":\"Noticias de tranporte aereo, turismo, hoteles, gastronomia, actualidad, internacional\",\"potentialAction\":[{\"@type\":\"SearchAction\",\"target\":{\"@type\":\"EntryPoint\",\"urlTemplate\":\"https:\/\/aeronoticias.com.pe\/noticiero\/?s={search_term_string}\"},\"query-input\":{\"@type\":\"PropertyValueSpecification\",\"valueRequired\":true,\"valueName\":\"search_term_string\"}}],\"inLanguage\":\"es\"},{\"@type\":\"Person\",\"@id\":\"https:\/\/aeronoticias.com.pe\/noticiero\/#\/schema\/person\/16212a617c73f78916b13194154243bd\",\"name\":\"Redacci\u00f3n\",\"sameAs\":[\"http:\/\/Redacci\u00f3n\"],\"url\":\"https:\/\/aeronoticias.com.pe\/noticiero\/author\/celeste\/\"}]}<\/script>\n<!-- \/ Yoast SEO plugin. -->","yoast_head_json":{"title":"Aumento de inflaci\u00f3n en Suecia, no ser\u00eda originado por conciertos de Beyonc\u00e9 en Estocolmo","description":"La persistente inflaci\u00f3n en Suecia ha sido atribuida a diversos factores como la guerra en Ucrania y los problemas en las cadenas de suministro a nivel global.","robots":{"index":"index","follow":"follow","max-snippet":"max-snippet:-1","max-image-preview":"max-image-preview:large","max-video-preview":"max-video-preview:-1"},"canonical":"https:\/\/aeronoticias.com.pe\/noticiero\/mundo\/aumento-de-inflacion-en-suecia-no-seria-originado-por-conciertos-de-beyonce-en-estocolmo\/","og_locale":"es_ES","og_type":"article","og_title":"Aumento de inflaci\u00f3n en Suecia, no ser\u00eda originado por conciertos de Beyonc\u00e9 en Estocolmo","og_description":"La persistente inflaci\u00f3n en Suecia ha sido atribuida a diversos factores como la guerra en Ucrania y los problemas en las cadenas de suministro a nivel global.","og_url":"https:\/\/aeronoticias.com.pe\/noticiero\/mundo\/aumento-de-inflacion-en-suecia-no-seria-originado-por-conciertos-de-beyonce-en-estocolmo\/","og_site_name":"Aeronoticias.com.pe","article_publisher":"https:\/\/www.facebook.com\/Aeronoticias.com.pe\/","article_published_time":"2023-06-16T22:45:29+00:00","article_modified_time":"2023-06-17T14:38:41+00:00","og_image":[{"width":1024,"height":576,"url":"https:\/\/aeronoticias.com.pe\/noticiero\/wp-content\/uploads\/2023\/06\/beyonce.jpg","type":"image\/jpeg"}],"author":"Redacci\u00f3n","twitter_card":"summary_large_image","twitter_creator":"@aeronoticias","twitter_site":"@aeronoticias","twitter_misc":{"Escrito por":"Redacci\u00f3n","Tiempo de lectura":"4 minutos"},"schema":{"@context":"https:\/\/schema.org","@graph":[{"@type":"WebPage","@id":"https:\/\/aeronoticias.com.pe\/noticiero\/mundo\/aumento-de-inflacion-en-suecia-no-seria-originado-por-conciertos-de-beyonce-en-estocolmo\/","url":"https:\/\/aeronoticias.com.pe\/noticiero\/mundo\/aumento-de-inflacion-en-suecia-no-seria-originado-por-conciertos-de-beyonce-en-estocolmo\/","name":"Aumento de inflaci\u00f3n en Suecia, no ser\u00eda originado por conciertos de Beyonc\u00e9 en Estocolmo","isPartOf":{"@id":"https:\/\/aeronoticias.com.pe\/noticiero\/#website"},"primaryImageOfPage":{"@id":"https:\/\/aeronoticias.com.pe\/noticiero\/mundo\/aumento-de-inflacion-en-suecia-no-seria-originado-por-conciertos-de-beyonce-en-estocolmo\/#primaryimage"},"image":{"@id":"https:\/\/aeronoticias.com.pe\/noticiero\/mundo\/aumento-de-inflacion-en-suecia-no-seria-originado-por-conciertos-de-beyonce-en-estocolmo\/#primaryimage"},"thumbnailUrl":"https:\/\/aeronoticias.com.pe\/noticiero\/wp-content\/uploads\/2023\/06\/beyonce.jpg","datePublished":"2023-06-16T22:45:29+00:00","dateModified":"2023-06-17T14:38:41+00:00","author":{"@id":"https:\/\/aeronoticias.com.pe\/noticiero\/#\/schema\/person\/16212a617c73f78916b13194154243bd"},"description":"La persistente inflaci\u00f3n en Suecia ha sido atribuida a diversos factores como la guerra en Ucrania y los problemas en las cadenas de suministro a nivel global.","breadcrumb":{"@id":"https:\/\/aeronoticias.com.pe\/noticiero\/mundo\/aumento-de-inflacion-en-suecia-no-seria-originado-por-conciertos-de-beyonce-en-estocolmo\/#breadcrumb"},"inLanguage":"es","potentialAction":[{"@type":"ReadAction","target":["https:\/\/aeronoticias.com.pe\/noticiero\/mundo\/aumento-de-inflacion-en-suecia-no-seria-originado-por-conciertos-de-beyonce-en-estocolmo\/"]}]},{"@type":"ImageObject","inLanguage":"es","@id":"https:\/\/aeronoticias.com.pe\/noticiero\/mundo\/aumento-de-inflacion-en-suecia-no-seria-originado-por-conciertos-de-beyonce-en-estocolmo\/#primaryimage","url":"https:\/\/aeronoticias.com.pe\/noticiero\/wp-content\/uploads\/2023\/06\/beyonce.jpg","contentUrl":"https:\/\/aeronoticias.com.pe\/noticiero\/wp-content\/uploads\/2023\/06\/beyonce.jpg","width":1024,"height":576},{"@type":"BreadcrumbList","@id":"https:\/\/aeronoticias.com.pe\/noticiero\/mundo\/aumento-de-inflacion-en-suecia-no-seria-originado-por-conciertos-de-beyonce-en-estocolmo\/#breadcrumb","itemListElement":[{"@type":"ListItem","position":1,"name":"Portada","item":"https:\/\/aeronoticias.com.pe\/noticiero\/"},{"@type":"ListItem","position":2,"name":"Aumento de inflaci\u00f3n en Suecia, no ser\u00eda originado por conciertos de Beyonc\u00e9 en Estocolmo"}]},{"@type":"WebSite","@id":"https:\/\/aeronoticias.com.pe\/noticiero\/#website","url":"https:\/\/aeronoticias.com.pe\/noticiero\/","name":"Aeronoticias.com.pe","description":"Noticias de tranporte aereo, turismo, hoteles, gastronomia, actualidad, internacional","potentialAction":[{"@type":"SearchAction","target":{"@type":"EntryPoint","urlTemplate":"https:\/\/aeronoticias.com.pe\/noticiero\/?s={search_term_string}"},"query-input":{"@type":"PropertyValueSpecification","valueRequired":true,"valueName":"search_term_string"}}],"inLanguage":"es"},{"@type":"Person","@id":"https:\/\/aeronoticias.com.pe\/noticiero\/#\/schema\/person\/16212a617c73f78916b13194154243bd","name":"Redacci\u00f3n","sameAs":["http:\/\/Redacci\u00f3n"],"url":"https:\/\/aeronoticias.com.pe\/noticiero\/author\/celeste\/"}]}},"_links":{"self":[{"href":"https:\/\/aeronoticias.com.pe\/noticiero\/wp-json\/wp\/v2\/posts\/83791","targetHints":{"allow":["GET"]}}],"collection":[{"href":"https:\/\/aeronoticias.com.pe\/noticiero\/wp-json\/wp\/v2\/posts"}],"about":[{"href":"https:\/\/aeronoticias.com.pe\/noticiero\/wp-json\/wp\/v2\/types\/post"}],"author":[{"embeddable":true,"href":"https:\/\/aeronoticias.com.pe\/noticiero\/wp-json\/wp\/v2\/users\/3"}],"replies":[{"embeddable":true,"href":"https:\/\/aeronoticias.com.pe\/noticiero\/wp-json\/wp\/v2\/comments?post=83791"}],"version-history":[{"count":0,"href":"https:\/\/aeronoticias.com.pe\/noticiero\/wp-json\/wp\/v2\/posts\/83791\/revisions"}],"wp:featuredmedia":[{"embeddable":true,"href":"https:\/\/aeronoticias.com.pe\/noticiero\/wp-json\/wp\/v2\/media\/83797"}],"wp:attachment":[{"href":"https:\/\/aeronoticias.com.pe\/noticiero\/wp-json\/wp\/v2\/media?parent=83791"}],"wp:term":[{"taxonomy":"category","embeddable":true,"href":"https:\/\/aeronoticias.com.pe\/noticiero\/wp-json\/wp\/v2\/categories?post=83791"},{"taxonomy":"post_tag","embeddable":true,"href":"https:\/\/aeronoticias.com.pe\/noticiero\/wp-json\/wp\/v2\/tags?post=83791"}],"curies":[{"name":"wp","href":"https:\/\/api.w.org\/{rel}","templated":true}]}}