{"id":83798,"date":"2023-06-16T17:20:06","date_gmt":"2023-06-16T22:20:06","guid":{"rendered":"https:\/\/aeronoticias.com.pe\/noticiero\/?p=83798"},"modified":"2023-06-17T09:44:58","modified_gmt":"2023-06-17T14:44:58","slug":"papa-francisco-es-dado-de-alta-despues-de-una-exitosa-cirugia-de-hernia-abdominal","status":"publish","type":"post","link":"https:\/\/aeronoticias.com.pe\/noticiero\/ultimas\/papa-francisco-es-dado-de-alta-despues-de-una-exitosa-cirugia-de-hernia-abdominal\/","title":{"rendered":"Papa Francisco es dado de alta despu\u00e9s de una exitosa cirug\u00eda de hernia abdominal"},"content":{"rendered":"\n<p>(Aeronoticias) Tras someterse a una cirug\u00eda de hernia abdominal, el papa Francisco ha abandonado el hospital y se encuentra en proceso de recuperaci\u00f3n. El sumo pont\u00edfice fue operado en el Hospital Policl\u00ednico Gemelli de Roma, donde recibi\u00f3 atenci\u00f3n m\u00e9dica de alta calidad.<\/p>\n\n\n\n<p>El papa Francisco, de 84 a\u00f1os, fue sometido a una cirug\u00eda programada el pasado domingo para tratar una hernia abdominal. La intervenci\u00f3n quir\u00fargica, que dur\u00f3 alrededor de tres horas, fue realizada por un equipo de m\u00e9dicos experimentados y se llev\u00f3 a cabo sin complicaciones.<\/p>\n\n\n\n<p>Despu\u00e9s de pasar varios d\u00edas en el hospital, el papa Francisco ha sido dado de alta y regres\u00f3 al Vaticano en helic\u00f3ptero. Durante su estancia en el hospital, el sumo pont\u00edfice recibi\u00f3 visitas y muestras de apoyo de fieles y l\u00edderes religiosos de todo el mundo.<br>El portavoz del Vaticano, Matteo Bruni, inform\u00f3 que el papa Francisco se encuentra en buen estado de salud y continuar\u00e1 su proceso de recuperaci\u00f3n en el Vaticano. Se espera que siga las indicaciones m\u00e9dicas y realice las terapias necesarias para una recuperaci\u00f3n completa.<\/p>\n\n\n\n<p>La cirug\u00eda de hernia abdominal es un procedimiento com\u00fan que implica la reparaci\u00f3n de una debilidad en la pared abdominal. Aunque es una intervenci\u00f3n relativamente sencilla, requiere un per\u00edodo de recuperaci\u00f3n para permitir que el cuerpo se cure adecuadamente.<\/p>\n\n\n\n<p>El papa Francisco ha sido conocido por su cercan\u00eda con las personas y su labor pastoral incansable. A pesar de la cirug\u00eda, se espera que contin\u00fae desempe\u00f1ando sus funciones como l\u00edder espiritual de la Iglesia Cat\u00f3lica y que pronto recupere su vitalidad habitual.<\/p>\n\n\n\n<p>Los fieles de todo el mundo han expresado sus deseos de pronta recuperaci\u00f3n para el papa Francisco, y han enviado mensajes de apoyo y oraciones a trav\u00e9s de las redes sociales y otros medios de comunicaci\u00f3n.<\/p>\n\n\n\n<p>Con el papa Francisco de regreso en el Vaticano, la comunidad cat\u00f3lica espera que siga guiando y compartiendo su mensaje de amor, compasi\u00f3n y justicia para todos. Su regreso al servicio despu\u00e9s de la cirug\u00eda es motivo de alegr\u00eda y esperanza para millones de personas en todo el mundo.<\/p>\n\n\n\n<p><em>Fuente: Eitb.eus<\/em><br><br><strong><em>Por: Sebasti\u00e1n Palacin<\/em><\/strong><\/p>\n","protected":false},"excerpt":{"rendered":"<p>(Aeronoticias) Tras someterse a una cirug\u00eda de hernia abdominal, el papa Francisco ha abandonado el hospital y se encuentra en proceso de recuperaci\u00f3n. El sumo pont\u00edfice fue operado en el Hospital Policl\u00ednico Gemelli de Roma, donde recibi\u00f3 atenci\u00f3n m\u00e9dica de alta calidad. El papa Francisco, de 84 a\u00f1os, fue sometido a una cirug\u00eda programada el [&hellip;]<\/p>\n","protected":false},"author":3,"featured_media":83802,"comment_status":"open","ping_status":"open","sticky":false,"template":"","format":"standard","meta":{"tdm_status":"","tdm_grid_status":"","footnotes":""},"categories":[8,30],"tags":[],"class_list":{"0":"post-83798","1":"post","2":"type-post","3":"status-publish","4":"format-standard","5":"has-post-thumbnail","7":"category-ultimas","8":"category-30"},"yoast_head":"<!-- This site is optimized with the Yoast SEO plugin v25.1 - https:\/\/yoast.com\/wordpress\/plugins\/seo\/ -->\n<title>Papa Francisco es dado de alta despu\u00e9s de una exitosa cirug\u00eda de hernia abdominal<\/title>\n<meta name=\"description\" content=\"Portal de noticias del Per\u00fa sobre el transporte a\u00e9reo, aviaci\u00f3n, turismo, hoteleria, actualidad.\" \/>\n<meta name=\"robots\" content=\"index, follow, max-snippet:-1, max-image-preview:large, max-video-preview:-1\" \/>\n<link rel=\"canonical\" href=\"https:\/\/aeronoticias.com.pe\/noticiero\/ultimas\/papa-francisco-es-dado-de-alta-despues-de-una-exitosa-cirugia-de-hernia-abdominal\/\" \/>\n<meta property=\"og:locale\" content=\"es_ES\" \/>\n<meta property=\"og:type\" content=\"article\" \/>\n<meta property=\"og:title\" content=\"Papa Francisco es dado de alta despu\u00e9s de una exitosa cirug\u00eda de hernia abdominal\" \/>\n<meta property=\"og:description\" content=\"Portal de noticias del Per\u00fa sobre el transporte a\u00e9reo, aviaci\u00f3n, turismo, hoteleria, actualidad.\" \/>\n<meta property=\"og:url\" content=\"https:\/\/aeronoticias.com.pe\/noticiero\/ultimas\/papa-francisco-es-dado-de-alta-despues-de-una-exitosa-cirugia-de-hernia-abdominal\/\" \/>\n<meta property=\"og:site_name\" content=\"Aeronoticias.com.pe\" \/>\n<meta property=\"article:publisher\" content=\"https:\/\/www.facebook.com\/Aeronoticias.com.pe\/\" \/>\n<meta property=\"article:published_time\" content=\"2023-06-16T22:20:06+00:00\" \/>\n<meta property=\"article:modified_time\" content=\"2023-06-17T14:44:58+00:00\" \/>\n<meta property=\"og:image\" content=\"https:\/\/aeronoticias.com.pe\/noticiero\/wp-content\/uploads\/2023\/06\/papafrancisco.jpg\" \/>\n\t<meta property=\"og:image:width\" content=\"1600\" \/>\n\t<meta property=\"og:image:height\" content=\"900\" \/>\n\t<meta property=\"og:image:type\" content=\"image\/jpeg\" \/>\n<meta name=\"author\" content=\"Redacci\u00f3n\" \/>\n<meta name=\"twitter:card\" content=\"summary_large_image\" \/>\n<meta name=\"twitter:creator\" content=\"@aeronoticias\" \/>\n<meta name=\"twitter:site\" content=\"@aeronoticias\" \/>\n<meta name=\"twitter:label1\" content=\"Escrito por\" \/>\n\t<meta name=\"twitter:data1\" content=\"Redacci\u00f3n\" \/>\n\t<meta name=\"twitter:label2\" content=\"Tiempo de lectura\" \/>\n\t<meta name=\"twitter:data2\" content=\"2 minutos\" \/>\n<script type=\"application\/ld+json\" class=\"yoast-schema-graph\">{\"@context\":\"https:\/\/schema.org\",\"@graph\":[{\"@type\":\"WebPage\",\"@id\":\"https:\/\/aeronoticias.com.pe\/noticiero\/ultimas\/papa-francisco-es-dado-de-alta-despues-de-una-exitosa-cirugia-de-hernia-abdominal\/\",\"url\":\"https:\/\/aeronoticias.com.pe\/noticiero\/ultimas\/papa-francisco-es-dado-de-alta-despues-de-una-exitosa-cirugia-de-hernia-abdominal\/\",\"name\":\"Papa Francisco es dado de alta despu\u00e9s de una exitosa cirug\u00eda de hernia abdominal\",\"isPartOf\":{\"@id\":\"https:\/\/aeronoticias.com.pe\/noticiero\/#website\"},\"primaryImageOfPage\":{\"@id\":\"https:\/\/aeronoticias.com.pe\/noticiero\/ultimas\/papa-francisco-es-dado-de-alta-despues-de-una-exitosa-cirugia-de-hernia-abdominal\/#primaryimage\"},\"image\":{\"@id\":\"https:\/\/aeronoticias.com.pe\/noticiero\/ultimas\/papa-francisco-es-dado-de-alta-despues-de-una-exitosa-cirugia-de-hernia-abdominal\/#primaryimage\"},\"thumbnailUrl\":\"https:\/\/aeronoticias.com.pe\/noticiero\/wp-content\/uploads\/2023\/06\/papafrancisco.jpg\",\"datePublished\":\"2023-06-16T22:20:06+00:00\",\"dateModified\":\"2023-06-17T14:44:58+00:00\",\"author\":{\"@id\":\"https:\/\/aeronoticias.com.pe\/noticiero\/#\/schema\/person\/16212a617c73f78916b13194154243bd\"},\"description\":\"Portal de noticias del Per\u00fa sobre el transporte a\u00e9reo, aviaci\u00f3n, turismo, hoteleria, actualidad.\",\"breadcrumb\":{\"@id\":\"https:\/\/aeronoticias.com.pe\/noticiero\/ultimas\/papa-francisco-es-dado-de-alta-despues-de-una-exitosa-cirugia-de-hernia-abdominal\/#breadcrumb\"},\"inLanguage\":\"es\",\"potentialAction\":[{\"@type\":\"ReadAction\",\"target\":[\"https:\/\/aeronoticias.com.pe\/noticiero\/ultimas\/papa-francisco-es-dado-de-alta-despues-de-una-exitosa-cirugia-de-hernia-abdominal\/\"]}]},{\"@type\":\"ImageObject\",\"inLanguage\":\"es\",\"@id\":\"https:\/\/aeronoticias.com.pe\/noticiero\/ultimas\/papa-francisco-es-dado-de-alta-despues-de-una-exitosa-cirugia-de-hernia-abdominal\/#primaryimage\",\"url\":\"https:\/\/aeronoticias.com.pe\/noticiero\/wp-content\/uploads\/2023\/06\/papafrancisco.jpg\",\"contentUrl\":\"https:\/\/aeronoticias.com.pe\/noticiero\/wp-content\/uploads\/2023\/06\/papafrancisco.jpg\",\"width\":1600,\"height\":900},{\"@type\":\"BreadcrumbList\",\"@id\":\"https:\/\/aeronoticias.com.pe\/noticiero\/ultimas\/papa-francisco-es-dado-de-alta-despues-de-una-exitosa-cirugia-de-hernia-abdominal\/#breadcrumb\",\"itemListElement\":[{\"@type\":\"ListItem\",\"position\":1,\"name\":\"Portada\",\"item\":\"https:\/\/aeronoticias.com.pe\/noticiero\/\"},{\"@type\":\"ListItem\",\"position\":2,\"name\":\"Papa Francisco es dado de alta despu\u00e9s de una exitosa cirug\u00eda de hernia abdominal\"}]},{\"@type\":\"WebSite\",\"@id\":\"https:\/\/aeronoticias.com.pe\/noticiero\/#website\",\"url\":\"https:\/\/aeronoticias.com.pe\/noticiero\/\",\"name\":\"Aeronoticias.com.pe\",\"description\":\"Noticias de tranporte aereo, turismo, hoteles, gastronomia, actualidad, internacional\",\"potentialAction\":[{\"@type\":\"SearchAction\",\"target\":{\"@type\":\"EntryPoint\",\"urlTemplate\":\"https:\/\/aeronoticias.com.pe\/noticiero\/?s={search_term_string}\"},\"query-input\":{\"@type\":\"PropertyValueSpecification\",\"valueRequired\":true,\"valueName\":\"search_term_string\"}}],\"inLanguage\":\"es\"},{\"@type\":\"Person\",\"@id\":\"https:\/\/aeronoticias.com.pe\/noticiero\/#\/schema\/person\/16212a617c73f78916b13194154243bd\",\"name\":\"Redacci\u00f3n\",\"sameAs\":[\"http:\/\/Redacci\u00f3n\"],\"url\":\"https:\/\/aeronoticias.com.pe\/noticiero\/author\/celeste\/\"}]}<\/script>\n<!-- \/ Yoast SEO plugin. -->","yoast_head_json":{"title":"Papa Francisco es dado de alta despu\u00e9s de una exitosa cirug\u00eda de hernia abdominal","description":"Portal de noticias del Per\u00fa sobre el transporte a\u00e9reo, aviaci\u00f3n, turismo, hoteleria, actualidad.","robots":{"index":"index","follow":"follow","max-snippet":"max-snippet:-1","max-image-preview":"max-image-preview:large","max-video-preview":"max-video-preview:-1"},"canonical":"https:\/\/aeronoticias.com.pe\/noticiero\/ultimas\/papa-francisco-es-dado-de-alta-despues-de-una-exitosa-cirugia-de-hernia-abdominal\/","og_locale":"es_ES","og_type":"article","og_title":"Papa Francisco es dado de alta despu\u00e9s de una exitosa cirug\u00eda de hernia abdominal","og_description":"Portal de noticias del Per\u00fa sobre el transporte a\u00e9reo, aviaci\u00f3n, turismo, hoteleria, actualidad.","og_url":"https:\/\/aeronoticias.com.pe\/noticiero\/ultimas\/papa-francisco-es-dado-de-alta-despues-de-una-exitosa-cirugia-de-hernia-abdominal\/","og_site_name":"Aeronoticias.com.pe","article_publisher":"https:\/\/www.facebook.com\/Aeronoticias.com.pe\/","article_published_time":"2023-06-16T22:20:06+00:00","article_modified_time":"2023-06-17T14:44:58+00:00","og_image":[{"width":1600,"height":900,"url":"https:\/\/aeronoticias.com.pe\/noticiero\/wp-content\/uploads\/2023\/06\/papafrancisco.jpg","type":"image\/jpeg"}],"author":"Redacci\u00f3n","twitter_card":"summary_large_image","twitter_creator":"@aeronoticias","twitter_site":"@aeronoticias","twitter_misc":{"Escrito por":"Redacci\u00f3n","Tiempo de lectura":"2 minutos"},"schema":{"@context":"https:\/\/schema.org","@graph":[{"@type":"WebPage","@id":"https:\/\/aeronoticias.com.pe\/noticiero\/ultimas\/papa-francisco-es-dado-de-alta-despues-de-una-exitosa-cirugia-de-hernia-abdominal\/","url":"https:\/\/aeronoticias.com.pe\/noticiero\/ultimas\/papa-francisco-es-dado-de-alta-despues-de-una-exitosa-cirugia-de-hernia-abdominal\/","name":"Papa Francisco es dado de alta despu\u00e9s de una exitosa cirug\u00eda de hernia abdominal","isPartOf":{"@id":"https:\/\/aeronoticias.com.pe\/noticiero\/#website"},"primaryImageOfPage":{"@id":"https:\/\/aeronoticias.com.pe\/noticiero\/ultimas\/papa-francisco-es-dado-de-alta-despues-de-una-exitosa-cirugia-de-hernia-abdominal\/#primaryimage"},"image":{"@id":"https:\/\/aeronoticias.com.pe\/noticiero\/ultimas\/papa-francisco-es-dado-de-alta-despues-de-una-exitosa-cirugia-de-hernia-abdominal\/#primaryimage"},"thumbnailUrl":"https:\/\/aeronoticias.com.pe\/noticiero\/wp-content\/uploads\/2023\/06\/papafrancisco.jpg","datePublished":"2023-06-16T22:20:06+00:00","dateModified":"2023-06-17T14:44:58+00:00","author":{"@id":"https:\/\/aeronoticias.com.pe\/noticiero\/#\/schema\/person\/16212a617c73f78916b13194154243bd"},"description":"Portal de noticias del Per\u00fa sobre el transporte a\u00e9reo, aviaci\u00f3n, turismo, hoteleria, actualidad.","breadcrumb":{"@id":"https:\/\/aeronoticias.com.pe\/noticiero\/ultimas\/papa-francisco-es-dado-de-alta-despues-de-una-exitosa-cirugia-de-hernia-abdominal\/#breadcrumb"},"inLanguage":"es","potentialAction":[{"@type":"ReadAction","target":["https:\/\/aeronoticias.com.pe\/noticiero\/ultimas\/papa-francisco-es-dado-de-alta-despues-de-una-exitosa-cirugia-de-hernia-abdominal\/"]}]},{"@type":"ImageObject","inLanguage":"es","@id":"https:\/\/aeronoticias.com.pe\/noticiero\/ultimas\/papa-francisco-es-dado-de-alta-despues-de-una-exitosa-cirugia-de-hernia-abdominal\/#primaryimage","url":"https:\/\/aeronoticias.com.pe\/noticiero\/wp-content\/uploads\/2023\/06\/papafrancisco.jpg","contentUrl":"https:\/\/aeronoticias.com.pe\/noticiero\/wp-content\/uploads\/2023\/06\/papafrancisco.jpg","width":1600,"height":900},{"@type":"BreadcrumbList","@id":"https:\/\/aeronoticias.com.pe\/noticiero\/ultimas\/papa-francisco-es-dado-de-alta-despues-de-una-exitosa-cirugia-de-hernia-abdominal\/#breadcrumb","itemListElement":[{"@type":"ListItem","position":1,"name":"Portada","item":"https:\/\/aeronoticias.com.pe\/noticiero\/"},{"@type":"ListItem","position":2,"name":"Papa Francisco es dado de alta despu\u00e9s de una exitosa cirug\u00eda de hernia abdominal"}]},{"@type":"WebSite","@id":"https:\/\/aeronoticias.com.pe\/noticiero\/#website","url":"https:\/\/aeronoticias.com.pe\/noticiero\/","name":"Aeronoticias.com.pe","description":"Noticias de tranporte aereo, turismo, hoteles, gastronomia, actualidad, internacional","potentialAction":[{"@type":"SearchAction","target":{"@type":"EntryPoint","urlTemplate":"https:\/\/aeronoticias.com.pe\/noticiero\/?s={search_term_string}"},"query-input":{"@type":"PropertyValueSpecification","valueRequired":true,"valueName":"search_term_string"}}],"inLanguage":"es"},{"@type":"Person","@id":"https:\/\/aeronoticias.com.pe\/noticiero\/#\/schema\/person\/16212a617c73f78916b13194154243bd","name":"Redacci\u00f3n","sameAs":["http:\/\/Redacci\u00f3n"],"url":"https:\/\/aeronoticias.com.pe\/noticiero\/author\/celeste\/"}]}},"_links":{"self":[{"href":"https:\/\/aeronoticias.com.pe\/noticiero\/wp-json\/wp\/v2\/posts\/83798","targetHints":{"allow":["GET"]}}],"collection":[{"href":"https:\/\/aeronoticias.com.pe\/noticiero\/wp-json\/wp\/v2\/posts"}],"about":[{"href":"https:\/\/aeronoticias.com.pe\/noticiero\/wp-json\/wp\/v2\/types\/post"}],"author":[{"embeddable":true,"href":"https:\/\/aeronoticias.com.pe\/noticiero\/wp-json\/wp\/v2\/users\/3"}],"replies":[{"embeddable":true,"href":"https:\/\/aeronoticias.com.pe\/noticiero\/wp-json\/wp\/v2\/comments?post=83798"}],"version-history":[{"count":0,"href":"https:\/\/aeronoticias.com.pe\/noticiero\/wp-json\/wp\/v2\/posts\/83798\/revisions"}],"wp:featuredmedia":[{"embeddable":true,"href":"https:\/\/aeronoticias.com.pe\/noticiero\/wp-json\/wp\/v2\/media\/83802"}],"wp:attachment":[{"href":"https:\/\/aeronoticias.com.pe\/noticiero\/wp-json\/wp\/v2\/media?parent=83798"}],"wp:term":[{"taxonomy":"category","embeddable":true,"href":"https:\/\/aeronoticias.com.pe\/noticiero\/wp-json\/wp\/v2\/categories?post=83798"},{"taxonomy":"post_tag","embeddable":true,"href":"https:\/\/aeronoticias.com.pe\/noticiero\/wp-json\/wp\/v2\/tags?post=83798"}],"curies":[{"name":"wp","href":"https:\/\/api.w.org\/{rel}","templated":true}]}}