{"id":83803,"date":"2023-06-17T09:55:31","date_gmt":"2023-06-17T14:55:31","guid":{"rendered":"https:\/\/aeronoticias.com.pe\/noticiero\/?p=83803"},"modified":"2023-06-17T09:59:17","modified_gmt":"2023-06-17T14:59:17","slug":"congreso-citara-a-representantes-de-corpac-lap-y-de-la-comision-de-investigacion-de-accidentes-de-aviacion-por-accidente-de-bomberos-en-aeropuerto-jorge-chavez","status":"publish","type":"post","link":"https:\/\/aeronoticias.com.pe\/noticiero\/ultimas\/congreso-citara-a-representantes-de-corpac-lap-y-de-la-comision-de-investigacion-de-accidentes-de-aviacion-por-accidente-de-bomberos-en-aeropuerto-jorge-chavez\/","title":{"rendered":"Congreso citar\u00e1 a representantes de Corpac, LAP y de la Comisi\u00f3n de Investigaci\u00f3n de Accidentes de Aviaci\u00f3n por accidente de bomberos en aeropuerto Jorge Ch\u00e1vez"},"content":{"rendered":"\n<p style=\"max-width:648px;margin-bottom:23px\">(Aeronoticias) La Comisi\u00f3n de Fiscalizaci\u00f3n y Contralor\u00eda citar\u00e1 la pr\u00f3xima semana a los representantes de Corpac, de Lima Airport Partners y de la Comisi\u00f3n de Investigaci\u00f3n de Accidentes de Aviaci\u00f3n (CIAA) y otros funcionarios a fin de que brinden su testimonio y contribuyan con el esclarecimiento del accidente ocurrido en noviembre del a\u00f1o pasado en el aeropuerto internacional Jorge Ch\u00e1vez, en el cual origin\u00f3 la muerte de dos bomberos.<\/p>\n\n\n\n<p>Cabe recordar, que han pasado aproximadamente 7 meses en que dos bomberos aeron\u00e1uticos fallecieron luego de que un avi\u00f3n de Latam Per\u00fa chocara contra el cami\u00f3n de emergencia de Lima Airport Partners (LAP), donde ellos se encontraban a bordo.<\/p>\n\n\n\n<p>Seg\u00fan lo dio a conocer el presidente de ese grupo de trabajo, H\u00e9ctor Ventura Angel quien, junto a la primera vicepresidenta del Parlamento, Martha Moyano, recibi\u00f3, este jueves 15 de junio, a los familiares de las v\u00edctimas de los dos bomberos aeron\u00e1uticos fallecidos, informa Caretas.<\/p>\n\n\n\n<p>Adem\u00e1s, dijo que fue informado por los deudos que Corpac no habr\u00eda cumplido con emitir un informe sobre el caso a pesar de haber transcurrido casi siete meses del accidente, \u201cque ser\u00eda de vital importancia para ir estableciendo esos presuntos actos negligentes\u201d.<\/p>\n\n\n\n<p>\u201cNo tienen ninguna respuesta. Los familiares piden que (a las v\u00edctimas) no se les deje en el olvido\u201d, afirm\u00f3.<\/p>\n\n\n\n<p><em>Fuente: Caretas<\/em><\/p>\n","protected":false},"excerpt":{"rendered":"<p>(Aeronoticias) La Comisi\u00f3n de Fiscalizaci\u00f3n y Contralor\u00eda citar\u00e1 la pr\u00f3xima semana a los representantes de Corpac, de Lima Airport Partners y de la Comisi\u00f3n de Investigaci\u00f3n de Accidentes de Aviaci\u00f3n (CIAA) y otros funcionarios a fin de que brinden su testimonio y contribuyan con el esclarecimiento del accidente ocurrido en noviembre del a\u00f1o pasado en [&hellip;]<\/p>\n","protected":false},"author":3,"featured_media":83815,"comment_status":"open","ping_status":"open","sticky":false,"template":"","format":"standard","meta":{"tdm_status":"","tdm_grid_status":"","footnotes":""},"categories":[8,30],"tags":[],"class_list":{"0":"post-83803","1":"post","2":"type-post","3":"status-publish","4":"format-standard","5":"has-post-thumbnail","7":"category-ultimas","8":"category-30"},"yoast_head":"<!-- This site is optimized with the Yoast SEO plugin v25.1 - https:\/\/yoast.com\/wordpress\/plugins\/seo\/ -->\n<title>Congreso citar\u00e1 a representantes de Corpac, LAP y de la Comisi\u00f3n de Investigaci\u00f3n de Accidentes de Aviaci\u00f3n por accidente de bomberos en aeropuerto Jorge Ch\u00e1vez<\/title>\n<meta name=\"description\" content=\"La Comisi\u00f3n de Fiscalizaci\u00f3n y Contralor\u00eda citar\u00e1 la pr\u00f3xima semana a los representantes de Corpac, de Lima Airport Partners y de la Comisi\u00f3n de Investigaci\u00f3n de Accidentes de Aviaci\u00f3n (CIAA)\" \/>\n<meta name=\"robots\" content=\"index, follow, max-snippet:-1, max-image-preview:large, max-video-preview:-1\" \/>\n<link rel=\"canonical\" href=\"https:\/\/aeronoticias.com.pe\/noticiero\/ultimas\/congreso-citara-a-representantes-de-corpac-lap-y-de-la-comision-de-investigacion-de-accidentes-de-aviacion-por-accidente-de-bomberos-en-aeropuerto-jorge-chavez\/\" \/>\n<meta property=\"og:locale\" content=\"es_ES\" \/>\n<meta property=\"og:type\" content=\"article\" \/>\n<meta property=\"og:title\" content=\"Congreso citar\u00e1 a representantes de Corpac, LAP y de la Comisi\u00f3n de Investigaci\u00f3n de Accidentes de Aviaci\u00f3n por accidente de bomberos en aeropuerto Jorge Ch\u00e1vez\" \/>\n<meta property=\"og:description\" content=\"La Comisi\u00f3n de Fiscalizaci\u00f3n y Contralor\u00eda citar\u00e1 la pr\u00f3xima semana a los representantes de Corpac, de Lima Airport Partners y de la Comisi\u00f3n de Investigaci\u00f3n de Accidentes de Aviaci\u00f3n (CIAA)\" \/>\n<meta property=\"og:url\" content=\"https:\/\/aeronoticias.com.pe\/noticiero\/ultimas\/congreso-citara-a-representantes-de-corpac-lap-y-de-la-comision-de-investigacion-de-accidentes-de-aviacion-por-accidente-de-bomberos-en-aeropuerto-jorge-chavez\/\" \/>\n<meta property=\"og:site_name\" content=\"Aeronoticias.com.pe\" \/>\n<meta property=\"article:publisher\" content=\"https:\/\/www.facebook.com\/Aeronoticias.com.pe\/\" \/>\n<meta property=\"article:published_time\" content=\"2023-06-17T14:55:31+00:00\" \/>\n<meta property=\"article:modified_time\" content=\"2023-06-17T14:59:17+00:00\" \/>\n<meta property=\"og:image\" content=\"https:\/\/aeronoticias.com.pe\/noticiero\/wp-content\/uploads\/2023\/06\/latamaccidente.jpg\" \/>\n\t<meta property=\"og:image:width\" content=\"1200\" \/>\n\t<meta property=\"og:image:height\" content=\"675\" \/>\n\t<meta property=\"og:image:type\" content=\"image\/jpeg\" \/>\n<meta name=\"author\" content=\"Redacci\u00f3n\" \/>\n<meta name=\"twitter:card\" content=\"summary_large_image\" \/>\n<meta name=\"twitter:creator\" content=\"@aeronoticias\" \/>\n<meta name=\"twitter:site\" content=\"@aeronoticias\" \/>\n<meta name=\"twitter:label1\" content=\"Escrito por\" \/>\n\t<meta name=\"twitter:data1\" content=\"Redacci\u00f3n\" \/>\n\t<meta name=\"twitter:label2\" content=\"Tiempo de lectura\" \/>\n\t<meta name=\"twitter:data2\" content=\"1 minuto\" \/>\n<script type=\"application\/ld+json\" class=\"yoast-schema-graph\">{\"@context\":\"https:\/\/schema.org\",\"@graph\":[{\"@type\":\"WebPage\",\"@id\":\"https:\/\/aeronoticias.com.pe\/noticiero\/ultimas\/congreso-citara-a-representantes-de-corpac-lap-y-de-la-comision-de-investigacion-de-accidentes-de-aviacion-por-accidente-de-bomberos-en-aeropuerto-jorge-chavez\/\",\"url\":\"https:\/\/aeronoticias.com.pe\/noticiero\/ultimas\/congreso-citara-a-representantes-de-corpac-lap-y-de-la-comision-de-investigacion-de-accidentes-de-aviacion-por-accidente-de-bomberos-en-aeropuerto-jorge-chavez\/\",\"name\":\"Congreso citar\u00e1 a representantes de Corpac, LAP y de la Comisi\u00f3n de Investigaci\u00f3n de Accidentes de Aviaci\u00f3n por accidente de bomberos en aeropuerto Jorge Ch\u00e1vez\",\"isPartOf\":{\"@id\":\"https:\/\/aeronoticias.com.pe\/noticiero\/#website\"},\"primaryImageOfPage\":{\"@id\":\"https:\/\/aeronoticias.com.pe\/noticiero\/ultimas\/congreso-citara-a-representantes-de-corpac-lap-y-de-la-comision-de-investigacion-de-accidentes-de-aviacion-por-accidente-de-bomberos-en-aeropuerto-jorge-chavez\/#primaryimage\"},\"image\":{\"@id\":\"https:\/\/aeronoticias.com.pe\/noticiero\/ultimas\/congreso-citara-a-representantes-de-corpac-lap-y-de-la-comision-de-investigacion-de-accidentes-de-aviacion-por-accidente-de-bomberos-en-aeropuerto-jorge-chavez\/#primaryimage\"},\"thumbnailUrl\":\"https:\/\/aeronoticias.com.pe\/noticiero\/wp-content\/uploads\/2023\/06\/latamaccidente.jpg\",\"datePublished\":\"2023-06-17T14:55:31+00:00\",\"dateModified\":\"2023-06-17T14:59:17+00:00\",\"author\":{\"@id\":\"https:\/\/aeronoticias.com.pe\/noticiero\/#\/schema\/person\/16212a617c73f78916b13194154243bd\"},\"description\":\"La Comisi\u00f3n de Fiscalizaci\u00f3n y Contralor\u00eda citar\u00e1 la pr\u00f3xima semana a los representantes de Corpac, de Lima Airport Partners y de la Comisi\u00f3n de Investigaci\u00f3n de Accidentes de Aviaci\u00f3n (CIAA)\",\"breadcrumb\":{\"@id\":\"https:\/\/aeronoticias.com.pe\/noticiero\/ultimas\/congreso-citara-a-representantes-de-corpac-lap-y-de-la-comision-de-investigacion-de-accidentes-de-aviacion-por-accidente-de-bomberos-en-aeropuerto-jorge-chavez\/#breadcrumb\"},\"inLanguage\":\"es\",\"potentialAction\":[{\"@type\":\"ReadAction\",\"target\":[\"https:\/\/aeronoticias.com.pe\/noticiero\/ultimas\/congreso-citara-a-representantes-de-corpac-lap-y-de-la-comision-de-investigacion-de-accidentes-de-aviacion-por-accidente-de-bomberos-en-aeropuerto-jorge-chavez\/\"]}]},{\"@type\":\"ImageObject\",\"inLanguage\":\"es\",\"@id\":\"https:\/\/aeronoticias.com.pe\/noticiero\/ultimas\/congreso-citara-a-representantes-de-corpac-lap-y-de-la-comision-de-investigacion-de-accidentes-de-aviacion-por-accidente-de-bomberos-en-aeropuerto-jorge-chavez\/#primaryimage\",\"url\":\"https:\/\/aeronoticias.com.pe\/noticiero\/wp-content\/uploads\/2023\/06\/latamaccidente.jpg\",\"contentUrl\":\"https:\/\/aeronoticias.com.pe\/noticiero\/wp-content\/uploads\/2023\/06\/latamaccidente.jpg\",\"width\":1200,\"height\":675},{\"@type\":\"BreadcrumbList\",\"@id\":\"https:\/\/aeronoticias.com.pe\/noticiero\/ultimas\/congreso-citara-a-representantes-de-corpac-lap-y-de-la-comision-de-investigacion-de-accidentes-de-aviacion-por-accidente-de-bomberos-en-aeropuerto-jorge-chavez\/#breadcrumb\",\"itemListElement\":[{\"@type\":\"ListItem\",\"position\":1,\"name\":\"Portada\",\"item\":\"https:\/\/aeronoticias.com.pe\/noticiero\/\"},{\"@type\":\"ListItem\",\"position\":2,\"name\":\"Congreso citar\u00e1 a representantes de Corpac, LAP y de la Comisi\u00f3n de Investigaci\u00f3n de Accidentes de Aviaci\u00f3n por accidente de bomberos en aeropuerto Jorge Ch\u00e1vez\"}]},{\"@type\":\"WebSite\",\"@id\":\"https:\/\/aeronoticias.com.pe\/noticiero\/#website\",\"url\":\"https:\/\/aeronoticias.com.pe\/noticiero\/\",\"name\":\"Aeronoticias.com.pe\",\"description\":\"Noticias de tranporte aereo, turismo, hoteles, gastronomia, actualidad, internacional\",\"potentialAction\":[{\"@type\":\"SearchAction\",\"target\":{\"@type\":\"EntryPoint\",\"urlTemplate\":\"https:\/\/aeronoticias.com.pe\/noticiero\/?s={search_term_string}\"},\"query-input\":{\"@type\":\"PropertyValueSpecification\",\"valueRequired\":true,\"valueName\":\"search_term_string\"}}],\"inLanguage\":\"es\"},{\"@type\":\"Person\",\"@id\":\"https:\/\/aeronoticias.com.pe\/noticiero\/#\/schema\/person\/16212a617c73f78916b13194154243bd\",\"name\":\"Redacci\u00f3n\",\"sameAs\":[\"http:\/\/Redacci\u00f3n\"],\"url\":\"https:\/\/aeronoticias.com.pe\/noticiero\/author\/celeste\/\"}]}<\/script>\n<!-- \/ Yoast SEO plugin. -->","yoast_head_json":{"title":"Congreso citar\u00e1 a representantes de Corpac, LAP y de la Comisi\u00f3n de Investigaci\u00f3n de Accidentes de Aviaci\u00f3n por accidente de bomberos en aeropuerto Jorge Ch\u00e1vez","description":"La Comisi\u00f3n de Fiscalizaci\u00f3n y Contralor\u00eda citar\u00e1 la pr\u00f3xima semana a los representantes de Corpac, de Lima Airport Partners y de la Comisi\u00f3n de Investigaci\u00f3n de Accidentes de Aviaci\u00f3n (CIAA)","robots":{"index":"index","follow":"follow","max-snippet":"max-snippet:-1","max-image-preview":"max-image-preview:large","max-video-preview":"max-video-preview:-1"},"canonical":"https:\/\/aeronoticias.com.pe\/noticiero\/ultimas\/congreso-citara-a-representantes-de-corpac-lap-y-de-la-comision-de-investigacion-de-accidentes-de-aviacion-por-accidente-de-bomberos-en-aeropuerto-jorge-chavez\/","og_locale":"es_ES","og_type":"article","og_title":"Congreso citar\u00e1 a representantes de Corpac, LAP y de la Comisi\u00f3n de Investigaci\u00f3n de Accidentes de Aviaci\u00f3n por accidente de bomberos en aeropuerto Jorge Ch\u00e1vez","og_description":"La Comisi\u00f3n de Fiscalizaci\u00f3n y Contralor\u00eda citar\u00e1 la pr\u00f3xima semana a los representantes de Corpac, de Lima Airport Partners y de la Comisi\u00f3n de Investigaci\u00f3n de Accidentes de Aviaci\u00f3n (CIAA)","og_url":"https:\/\/aeronoticias.com.pe\/noticiero\/ultimas\/congreso-citara-a-representantes-de-corpac-lap-y-de-la-comision-de-investigacion-de-accidentes-de-aviacion-por-accidente-de-bomberos-en-aeropuerto-jorge-chavez\/","og_site_name":"Aeronoticias.com.pe","article_publisher":"https:\/\/www.facebook.com\/Aeronoticias.com.pe\/","article_published_time":"2023-06-17T14:55:31+00:00","article_modified_time":"2023-06-17T14:59:17+00:00","og_image":[{"width":1200,"height":675,"url":"https:\/\/aeronoticias.com.pe\/noticiero\/wp-content\/uploads\/2023\/06\/latamaccidente.jpg","type":"image\/jpeg"}],"author":"Redacci\u00f3n","twitter_card":"summary_large_image","twitter_creator":"@aeronoticias","twitter_site":"@aeronoticias","twitter_misc":{"Escrito por":"Redacci\u00f3n","Tiempo de lectura":"1 minuto"},"schema":{"@context":"https:\/\/schema.org","@graph":[{"@type":"WebPage","@id":"https:\/\/aeronoticias.com.pe\/noticiero\/ultimas\/congreso-citara-a-representantes-de-corpac-lap-y-de-la-comision-de-investigacion-de-accidentes-de-aviacion-por-accidente-de-bomberos-en-aeropuerto-jorge-chavez\/","url":"https:\/\/aeronoticias.com.pe\/noticiero\/ultimas\/congreso-citara-a-representantes-de-corpac-lap-y-de-la-comision-de-investigacion-de-accidentes-de-aviacion-por-accidente-de-bomberos-en-aeropuerto-jorge-chavez\/","name":"Congreso citar\u00e1 a representantes de Corpac, LAP y de la Comisi\u00f3n de Investigaci\u00f3n de Accidentes de Aviaci\u00f3n por accidente de bomberos en aeropuerto Jorge Ch\u00e1vez","isPartOf":{"@id":"https:\/\/aeronoticias.com.pe\/noticiero\/#website"},"primaryImageOfPage":{"@id":"https:\/\/aeronoticias.com.pe\/noticiero\/ultimas\/congreso-citara-a-representantes-de-corpac-lap-y-de-la-comision-de-investigacion-de-accidentes-de-aviacion-por-accidente-de-bomberos-en-aeropuerto-jorge-chavez\/#primaryimage"},"image":{"@id":"https:\/\/aeronoticias.com.pe\/noticiero\/ultimas\/congreso-citara-a-representantes-de-corpac-lap-y-de-la-comision-de-investigacion-de-accidentes-de-aviacion-por-accidente-de-bomberos-en-aeropuerto-jorge-chavez\/#primaryimage"},"thumbnailUrl":"https:\/\/aeronoticias.com.pe\/noticiero\/wp-content\/uploads\/2023\/06\/latamaccidente.jpg","datePublished":"2023-06-17T14:55:31+00:00","dateModified":"2023-06-17T14:59:17+00:00","author":{"@id":"https:\/\/aeronoticias.com.pe\/noticiero\/#\/schema\/person\/16212a617c73f78916b13194154243bd"},"description":"La Comisi\u00f3n de Fiscalizaci\u00f3n y Contralor\u00eda citar\u00e1 la pr\u00f3xima semana a los representantes de Corpac, de Lima Airport Partners y de la Comisi\u00f3n de Investigaci\u00f3n de Accidentes de Aviaci\u00f3n (CIAA)","breadcrumb":{"@id":"https:\/\/aeronoticias.com.pe\/noticiero\/ultimas\/congreso-citara-a-representantes-de-corpac-lap-y-de-la-comision-de-investigacion-de-accidentes-de-aviacion-por-accidente-de-bomberos-en-aeropuerto-jorge-chavez\/#breadcrumb"},"inLanguage":"es","potentialAction":[{"@type":"ReadAction","target":["https:\/\/aeronoticias.com.pe\/noticiero\/ultimas\/congreso-citara-a-representantes-de-corpac-lap-y-de-la-comision-de-investigacion-de-accidentes-de-aviacion-por-accidente-de-bomberos-en-aeropuerto-jorge-chavez\/"]}]},{"@type":"ImageObject","inLanguage":"es","@id":"https:\/\/aeronoticias.com.pe\/noticiero\/ultimas\/congreso-citara-a-representantes-de-corpac-lap-y-de-la-comision-de-investigacion-de-accidentes-de-aviacion-por-accidente-de-bomberos-en-aeropuerto-jorge-chavez\/#primaryimage","url":"https:\/\/aeronoticias.com.pe\/noticiero\/wp-content\/uploads\/2023\/06\/latamaccidente.jpg","contentUrl":"https:\/\/aeronoticias.com.pe\/noticiero\/wp-content\/uploads\/2023\/06\/latamaccidente.jpg","width":1200,"height":675},{"@type":"BreadcrumbList","@id":"https:\/\/aeronoticias.com.pe\/noticiero\/ultimas\/congreso-citara-a-representantes-de-corpac-lap-y-de-la-comision-de-investigacion-de-accidentes-de-aviacion-por-accidente-de-bomberos-en-aeropuerto-jorge-chavez\/#breadcrumb","itemListElement":[{"@type":"ListItem","position":1,"name":"Portada","item":"https:\/\/aeronoticias.com.pe\/noticiero\/"},{"@type":"ListItem","position":2,"name":"Congreso citar\u00e1 a representantes de Corpac, LAP y de la Comisi\u00f3n de Investigaci\u00f3n de Accidentes de Aviaci\u00f3n por accidente de bomberos en aeropuerto Jorge Ch\u00e1vez"}]},{"@type":"WebSite","@id":"https:\/\/aeronoticias.com.pe\/noticiero\/#website","url":"https:\/\/aeronoticias.com.pe\/noticiero\/","name":"Aeronoticias.com.pe","description":"Noticias de tranporte aereo, turismo, hoteles, gastronomia, actualidad, internacional","potentialAction":[{"@type":"SearchAction","target":{"@type":"EntryPoint","urlTemplate":"https:\/\/aeronoticias.com.pe\/noticiero\/?s={search_term_string}"},"query-input":{"@type":"PropertyValueSpecification","valueRequired":true,"valueName":"search_term_string"}}],"inLanguage":"es"},{"@type":"Person","@id":"https:\/\/aeronoticias.com.pe\/noticiero\/#\/schema\/person\/16212a617c73f78916b13194154243bd","name":"Redacci\u00f3n","sameAs":["http:\/\/Redacci\u00f3n"],"url":"https:\/\/aeronoticias.com.pe\/noticiero\/author\/celeste\/"}]}},"_links":{"self":[{"href":"https:\/\/aeronoticias.com.pe\/noticiero\/wp-json\/wp\/v2\/posts\/83803","targetHints":{"allow":["GET"]}}],"collection":[{"href":"https:\/\/aeronoticias.com.pe\/noticiero\/wp-json\/wp\/v2\/posts"}],"about":[{"href":"https:\/\/aeronoticias.com.pe\/noticiero\/wp-json\/wp\/v2\/types\/post"}],"author":[{"embeddable":true,"href":"https:\/\/aeronoticias.com.pe\/noticiero\/wp-json\/wp\/v2\/users\/3"}],"replies":[{"embeddable":true,"href":"https:\/\/aeronoticias.com.pe\/noticiero\/wp-json\/wp\/v2\/comments?post=83803"}],"version-history":[{"count":0,"href":"https:\/\/aeronoticias.com.pe\/noticiero\/wp-json\/wp\/v2\/posts\/83803\/revisions"}],"wp:featuredmedia":[{"embeddable":true,"href":"https:\/\/aeronoticias.com.pe\/noticiero\/wp-json\/wp\/v2\/media\/83815"}],"wp:attachment":[{"href":"https:\/\/aeronoticias.com.pe\/noticiero\/wp-json\/wp\/v2\/media?parent=83803"}],"wp:term":[{"taxonomy":"category","embeddable":true,"href":"https:\/\/aeronoticias.com.pe\/noticiero\/wp-json\/wp\/v2\/categories?post=83803"},{"taxonomy":"post_tag","embeddable":true,"href":"https:\/\/aeronoticias.com.pe\/noticiero\/wp-json\/wp\/v2\/tags?post=83803"}],"curies":[{"name":"wp","href":"https:\/\/api.w.org\/{rel}","templated":true}]}}