{"id":83819,"date":"2023-06-19T09:55:51","date_gmt":"2023-06-19T14:55:51","guid":{"rendered":"https:\/\/aeronoticias.com.pe\/noticiero\/?p=83819"},"modified":"2023-06-19T09:55:57","modified_gmt":"2023-06-19T14:55:57","slug":"presenta-klm-propuesta-alternativa-para-reducir-ruido","status":"publish","type":"post","link":"https:\/\/aeronoticias.com.pe\/noticiero\/ultimas\/1\/presenta-klm-propuesta-alternativa-para-reducir-ruido\/","title":{"rendered":"Presenta KLM propuesta alternativa para reducir ruido"},"content":{"rendered":"\n<p><strong>(Aeronoticias)<\/strong>: <strong>El Grupo KLM<\/strong>\u00a0present\u00f3 al<strong>\u00a0Ministerio holand\u00e9s de Infraestructuras y Gesti\u00f3n del Agua<\/strong>\u00a0un\u00a0<strong>Plan alternativo<\/strong>\u00a0apoyando a la propuesta del Gobierno de<strong>\u00a0reducir el impacto ac\u00fastico en un 20%\u00a0<\/strong>durante el d\u00eda y en un 15% por la noche.<\/p>\n\n\n\n<p>La estrategia presentada por KLM asegura que el objetivo nocturno se alcanzar\u00e1 en 2024 y que continuar\u00e1 reduci\u00e9ndose por&nbsp;<strong>los siguientes tres a\u00f1os.<\/strong><\/p>\n\n\n\n<p>El gobierno holand\u00e9s ped\u00eda&nbsp;<strong>reducir dr\u00e1sticamente el n\u00famero de vuelos<\/strong>&nbsp;para alcanzar estos objetivos lo antes posible. Sin embargo, esta propuesta tiene muchos inconvenientes, pues su planteamiento no gira en torno a la renovaci\u00f3n y la mejora.&nbsp;<strong>Tampoco distingue entre aviones nuevos y antiguos,<\/strong>&nbsp;que son menos limpios y menos silenciosos; adem\u00e1s de que repercutir\u00e1 en el patrimonio nacional.<\/p>\n\n\n\n<p>Por tanto, el Grupo KLM&nbsp;<strong>propuso un enfoque con tres vertientes, en primer lugar<\/strong>, una inversi\u00f3n en nuevos aviones m\u00e1s limpios, silenciosos y eficientes. como la inversi\u00f3n que realizar\u00e1 entre<strong>&nbsp;6,000 y 7,000 millones de euros<\/strong>&nbsp;en los pr\u00f3ximos a\u00f1os, que son por t\u00e9rmino medio, un 50% m\u00e1s silenciosos que los aviones a los que sustituyen, lo que constituye una reducci\u00f3n sustancial del impacto ac\u00fastico.<\/p>\n\n\n\n<p>En segundo lugar, plantea adoptar procesos m\u00e1s inteligentes que garanticen operaciones m\u00e1s silenciosas, como los procedimientos alternativos de aproximaci\u00f3n de vuelos, que garantizan que los aviones pasen menos tiempo a baja altitud. Aunque esto supone un reto de aplicaci\u00f3n para las compa\u00f1\u00edas a\u00e9reas y para el&nbsp;<strong>Control del Tr\u00e1fico A\u00e9reo de los Pa\u00edses Bajos (LVNL).<\/strong><\/p>\n\n\n\n<p>Agreg\u00f3 que si todos los dem\u00e1s operadores se unen al Grupo KLM en la b\u00fasqueda de este cambio, se podr\u00e1n alcanzar los objetivos de ruido en cooperaci\u00f3n con&nbsp;<strong>Schiphol, LVNL y el gobierno.<\/strong><\/p>\n\n\n\n<p>En tercer lugar<strong>, plantea ajustar los horarios de vuelo para desplegar los aviones m\u00e1s silenciosos por la noche<\/strong>. Aunado a una propuesta de que en Schiphol se cobren tasas aeroportuarias m\u00e1s altas a los aviones m\u00e1s ruidosos. De este modo, todas las compa\u00f1\u00edas a\u00e9reas que operan en Schiphol tendr\u00e1n un incentivo para reducir el impacto ac\u00fastico desplegando su flota m\u00e1s silenciosa.<\/p>\n\n\n\n<p>El plan supondr\u00e1&nbsp;<strong>un descenso del ruido mayor<\/strong>&nbsp;que el propuesto por el Ministerio de Infraestructuras y el resultado ser\u00e1 mejor para los residentes locales en los pr\u00f3ximos tres a\u00f1os.<\/p>\n\n\n\n<p>El Plan de KLM garantizar\u00e1 que en<strong>\u00a02024 haya un 18% menos de personas que experimenten un grave impacto ac\u00fastico nocturno. Para 2026, un 20% menos de personas percibir\u00e1n molestias ac\u00fasticas<\/strong>\u00a0a lo largo del d\u00eda. Esta reducci\u00f3n continuar\u00e1 en los a\u00f1os siguientes.<\/p>\n\n\n\n<p><strong>Fuente: A21mx<\/strong><\/p>\n","protected":false},"excerpt":{"rendered":"<p>(Aeronoticias): El Grupo KLM\u00a0present\u00f3 al\u00a0Ministerio holand\u00e9s de Infraestructuras y Gesti\u00f3n del Agua\u00a0un\u00a0Plan alternativo\u00a0apoyando a la propuesta del Gobierno de\u00a0reducir el impacto ac\u00fastico en un 20%\u00a0durante el d\u00eda y en un 15% por la noche. La estrategia presentada por KLM asegura que el objetivo nocturno se alcanzar\u00e1 en 2024 y que continuar\u00e1 reduci\u00e9ndose por&nbsp;los siguientes tres [&hellip;]<\/p>\n","protected":false},"author":3,"featured_media":83820,"comment_status":"open","ping_status":"open","sticky":false,"template":"","format":"standard","meta":{"tdm_status":"","tdm_grid_status":"","footnotes":""},"categories":[8,30],"tags":[183,3115],"class_list":{"0":"post-83819","1":"post","2":"type-post","3":"status-publish","4":"format-standard","5":"has-post-thumbnail","7":"category-ultimas","8":"category-30","9":"tag-klm","10":"tag-lvnl"},"yoast_head":"<!-- This site is optimized with the Yoast SEO plugin v25.1 - https:\/\/yoast.com\/wordpress\/plugins\/seo\/ -->\n<title>Presenta KLM propuesta alternativa para reducir ruido<\/title>\n<meta name=\"description\" content=\"EL GOBIERNO HOLAND\u00c9S PIDE REDUCIR DR\u00c1STICAMENTE LOS VUELOS, SIN TOMAR EN CUENTA LAS CONSECUENCIAS\" \/>\n<meta name=\"robots\" content=\"index, follow, max-snippet:-1, max-image-preview:large, max-video-preview:-1\" \/>\n<link rel=\"canonical\" href=\"https:\/\/aeronoticias.com.pe\/noticiero\/ultimas\/1\/presenta-klm-propuesta-alternativa-para-reducir-ruido\/\" \/>\n<meta property=\"og:locale\" content=\"es_ES\" \/>\n<meta property=\"og:type\" content=\"article\" \/>\n<meta property=\"og:title\" content=\"Presenta KLM propuesta alternativa para reducir ruido\" \/>\n<meta property=\"og:description\" content=\"EL GOBIERNO HOLAND\u00c9S PIDE REDUCIR DR\u00c1STICAMENTE LOS VUELOS, SIN TOMAR EN CUENTA LAS CONSECUENCIAS\" \/>\n<meta property=\"og:url\" content=\"https:\/\/aeronoticias.com.pe\/noticiero\/ultimas\/1\/presenta-klm-propuesta-alternativa-para-reducir-ruido\/\" \/>\n<meta property=\"og:site_name\" content=\"Aeronoticias.com.pe\" \/>\n<meta property=\"article:publisher\" content=\"https:\/\/www.facebook.com\/Aeronoticias.com.pe\/\" \/>\n<meta property=\"article:published_time\" content=\"2023-06-19T14:55:51+00:00\" \/>\n<meta property=\"article:modified_time\" content=\"2023-06-19T14:55:57+00:00\" \/>\n<meta property=\"og:image\" content=\"https:\/\/aeronoticias.com.pe\/noticiero\/wp-content\/uploads\/2023\/06\/AVION-scaled.jpeg\" \/>\n\t<meta property=\"og:image:width\" content=\"2560\" \/>\n\t<meta property=\"og:image:height\" content=\"1700\" \/>\n\t<meta property=\"og:image:type\" content=\"image\/jpeg\" \/>\n<meta name=\"author\" content=\"Redacci\u00f3n\" \/>\n<meta name=\"twitter:card\" content=\"summary_large_image\" \/>\n<meta name=\"twitter:creator\" content=\"@aeronoticias\" \/>\n<meta name=\"twitter:site\" content=\"@aeronoticias\" \/>\n<meta name=\"twitter:label1\" content=\"Escrito por\" \/>\n\t<meta name=\"twitter:data1\" content=\"Redacci\u00f3n\" \/>\n\t<meta name=\"twitter:label2\" content=\"Tiempo de lectura\" \/>\n\t<meta name=\"twitter:data2\" content=\"2 minutos\" \/>\n<script type=\"application\/ld+json\" class=\"yoast-schema-graph\">{\"@context\":\"https:\/\/schema.org\",\"@graph\":[{\"@type\":\"WebPage\",\"@id\":\"https:\/\/aeronoticias.com.pe\/noticiero\/ultimas\/1\/presenta-klm-propuesta-alternativa-para-reducir-ruido\/\",\"url\":\"https:\/\/aeronoticias.com.pe\/noticiero\/ultimas\/1\/presenta-klm-propuesta-alternativa-para-reducir-ruido\/\",\"name\":\"Presenta KLM propuesta alternativa para reducir ruido\",\"isPartOf\":{\"@id\":\"https:\/\/aeronoticias.com.pe\/noticiero\/#website\"},\"primaryImageOfPage\":{\"@id\":\"https:\/\/aeronoticias.com.pe\/noticiero\/ultimas\/1\/presenta-klm-propuesta-alternativa-para-reducir-ruido\/#primaryimage\"},\"image\":{\"@id\":\"https:\/\/aeronoticias.com.pe\/noticiero\/ultimas\/1\/presenta-klm-propuesta-alternativa-para-reducir-ruido\/#primaryimage\"},\"thumbnailUrl\":\"https:\/\/aeronoticias.com.pe\/noticiero\/wp-content\/uploads\/2023\/06\/AVION-scaled.jpeg\",\"datePublished\":\"2023-06-19T14:55:51+00:00\",\"dateModified\":\"2023-06-19T14:55:57+00:00\",\"author\":{\"@id\":\"https:\/\/aeronoticias.com.pe\/noticiero\/#\/schema\/person\/16212a617c73f78916b13194154243bd\"},\"description\":\"EL GOBIERNO HOLAND\u00c9S PIDE REDUCIR DR\u00c1STICAMENTE LOS VUELOS, SIN TOMAR EN CUENTA LAS CONSECUENCIAS\",\"breadcrumb\":{\"@id\":\"https:\/\/aeronoticias.com.pe\/noticiero\/ultimas\/1\/presenta-klm-propuesta-alternativa-para-reducir-ruido\/#breadcrumb\"},\"inLanguage\":\"es\",\"potentialAction\":[{\"@type\":\"ReadAction\",\"target\":[\"https:\/\/aeronoticias.com.pe\/noticiero\/ultimas\/1\/presenta-klm-propuesta-alternativa-para-reducir-ruido\/\"]}]},{\"@type\":\"ImageObject\",\"inLanguage\":\"es\",\"@id\":\"https:\/\/aeronoticias.com.pe\/noticiero\/ultimas\/1\/presenta-klm-propuesta-alternativa-para-reducir-ruido\/#primaryimage\",\"url\":\"https:\/\/aeronoticias.com.pe\/noticiero\/wp-content\/uploads\/2023\/06\/AVION-scaled.jpeg\",\"contentUrl\":\"https:\/\/aeronoticias.com.pe\/noticiero\/wp-content\/uploads\/2023\/06\/AVION-scaled.jpeg\",\"width\":2560,\"height\":1700,\"caption\":\"KLM Airbus 330-200 Foto:KLM\"},{\"@type\":\"BreadcrumbList\",\"@id\":\"https:\/\/aeronoticias.com.pe\/noticiero\/ultimas\/1\/presenta-klm-propuesta-alternativa-para-reducir-ruido\/#breadcrumb\",\"itemListElement\":[{\"@type\":\"ListItem\",\"position\":1,\"name\":\"Portada\",\"item\":\"https:\/\/aeronoticias.com.pe\/noticiero\/\"},{\"@type\":\"ListItem\",\"position\":2,\"name\":\"Presenta KLM propuesta alternativa para reducir ruido\"}]},{\"@type\":\"WebSite\",\"@id\":\"https:\/\/aeronoticias.com.pe\/noticiero\/#website\",\"url\":\"https:\/\/aeronoticias.com.pe\/noticiero\/\",\"name\":\"Aeronoticias.com.pe\",\"description\":\"Noticias de tranporte aereo, turismo, hoteles, gastronomia, actualidad, internacional\",\"potentialAction\":[{\"@type\":\"SearchAction\",\"target\":{\"@type\":\"EntryPoint\",\"urlTemplate\":\"https:\/\/aeronoticias.com.pe\/noticiero\/?s={search_term_string}\"},\"query-input\":{\"@type\":\"PropertyValueSpecification\",\"valueRequired\":true,\"valueName\":\"search_term_string\"}}],\"inLanguage\":\"es\"},{\"@type\":\"Person\",\"@id\":\"https:\/\/aeronoticias.com.pe\/noticiero\/#\/schema\/person\/16212a617c73f78916b13194154243bd\",\"name\":\"Redacci\u00f3n\",\"sameAs\":[\"http:\/\/Redacci\u00f3n\"],\"url\":\"https:\/\/aeronoticias.com.pe\/noticiero\/author\/celeste\/\"}]}<\/script>\n<!-- \/ Yoast SEO plugin. -->","yoast_head_json":{"title":"Presenta KLM propuesta alternativa para reducir ruido","description":"EL GOBIERNO HOLAND\u00c9S PIDE REDUCIR DR\u00c1STICAMENTE LOS VUELOS, SIN TOMAR EN CUENTA LAS CONSECUENCIAS","robots":{"index":"index","follow":"follow","max-snippet":"max-snippet:-1","max-image-preview":"max-image-preview:large","max-video-preview":"max-video-preview:-1"},"canonical":"https:\/\/aeronoticias.com.pe\/noticiero\/ultimas\/1\/presenta-klm-propuesta-alternativa-para-reducir-ruido\/","og_locale":"es_ES","og_type":"article","og_title":"Presenta KLM propuesta alternativa para reducir ruido","og_description":"EL GOBIERNO HOLAND\u00c9S PIDE REDUCIR DR\u00c1STICAMENTE LOS VUELOS, SIN TOMAR EN CUENTA LAS CONSECUENCIAS","og_url":"https:\/\/aeronoticias.com.pe\/noticiero\/ultimas\/1\/presenta-klm-propuesta-alternativa-para-reducir-ruido\/","og_site_name":"Aeronoticias.com.pe","article_publisher":"https:\/\/www.facebook.com\/Aeronoticias.com.pe\/","article_published_time":"2023-06-19T14:55:51+00:00","article_modified_time":"2023-06-19T14:55:57+00:00","og_image":[{"width":2560,"height":1700,"url":"https:\/\/aeronoticias.com.pe\/noticiero\/wp-content\/uploads\/2023\/06\/AVION-scaled.jpeg","type":"image\/jpeg"}],"author":"Redacci\u00f3n","twitter_card":"summary_large_image","twitter_creator":"@aeronoticias","twitter_site":"@aeronoticias","twitter_misc":{"Escrito por":"Redacci\u00f3n","Tiempo de lectura":"2 minutos"},"schema":{"@context":"https:\/\/schema.org","@graph":[{"@type":"WebPage","@id":"https:\/\/aeronoticias.com.pe\/noticiero\/ultimas\/1\/presenta-klm-propuesta-alternativa-para-reducir-ruido\/","url":"https:\/\/aeronoticias.com.pe\/noticiero\/ultimas\/1\/presenta-klm-propuesta-alternativa-para-reducir-ruido\/","name":"Presenta KLM propuesta alternativa para reducir ruido","isPartOf":{"@id":"https:\/\/aeronoticias.com.pe\/noticiero\/#website"},"primaryImageOfPage":{"@id":"https:\/\/aeronoticias.com.pe\/noticiero\/ultimas\/1\/presenta-klm-propuesta-alternativa-para-reducir-ruido\/#primaryimage"},"image":{"@id":"https:\/\/aeronoticias.com.pe\/noticiero\/ultimas\/1\/presenta-klm-propuesta-alternativa-para-reducir-ruido\/#primaryimage"},"thumbnailUrl":"https:\/\/aeronoticias.com.pe\/noticiero\/wp-content\/uploads\/2023\/06\/AVION-scaled.jpeg","datePublished":"2023-06-19T14:55:51+00:00","dateModified":"2023-06-19T14:55:57+00:00","author":{"@id":"https:\/\/aeronoticias.com.pe\/noticiero\/#\/schema\/person\/16212a617c73f78916b13194154243bd"},"description":"EL GOBIERNO HOLAND\u00c9S PIDE REDUCIR DR\u00c1STICAMENTE LOS VUELOS, SIN TOMAR EN CUENTA LAS CONSECUENCIAS","breadcrumb":{"@id":"https:\/\/aeronoticias.com.pe\/noticiero\/ultimas\/1\/presenta-klm-propuesta-alternativa-para-reducir-ruido\/#breadcrumb"},"inLanguage":"es","potentialAction":[{"@type":"ReadAction","target":["https:\/\/aeronoticias.com.pe\/noticiero\/ultimas\/1\/presenta-klm-propuesta-alternativa-para-reducir-ruido\/"]}]},{"@type":"ImageObject","inLanguage":"es","@id":"https:\/\/aeronoticias.com.pe\/noticiero\/ultimas\/1\/presenta-klm-propuesta-alternativa-para-reducir-ruido\/#primaryimage","url":"https:\/\/aeronoticias.com.pe\/noticiero\/wp-content\/uploads\/2023\/06\/AVION-scaled.jpeg","contentUrl":"https:\/\/aeronoticias.com.pe\/noticiero\/wp-content\/uploads\/2023\/06\/AVION-scaled.jpeg","width":2560,"height":1700,"caption":"KLM Airbus 330-200 Foto:KLM"},{"@type":"BreadcrumbList","@id":"https:\/\/aeronoticias.com.pe\/noticiero\/ultimas\/1\/presenta-klm-propuesta-alternativa-para-reducir-ruido\/#breadcrumb","itemListElement":[{"@type":"ListItem","position":1,"name":"Portada","item":"https:\/\/aeronoticias.com.pe\/noticiero\/"},{"@type":"ListItem","position":2,"name":"Presenta KLM propuesta alternativa para reducir ruido"}]},{"@type":"WebSite","@id":"https:\/\/aeronoticias.com.pe\/noticiero\/#website","url":"https:\/\/aeronoticias.com.pe\/noticiero\/","name":"Aeronoticias.com.pe","description":"Noticias de tranporte aereo, turismo, hoteles, gastronomia, actualidad, internacional","potentialAction":[{"@type":"SearchAction","target":{"@type":"EntryPoint","urlTemplate":"https:\/\/aeronoticias.com.pe\/noticiero\/?s={search_term_string}"},"query-input":{"@type":"PropertyValueSpecification","valueRequired":true,"valueName":"search_term_string"}}],"inLanguage":"es"},{"@type":"Person","@id":"https:\/\/aeronoticias.com.pe\/noticiero\/#\/schema\/person\/16212a617c73f78916b13194154243bd","name":"Redacci\u00f3n","sameAs":["http:\/\/Redacci\u00f3n"],"url":"https:\/\/aeronoticias.com.pe\/noticiero\/author\/celeste\/"}]}},"_links":{"self":[{"href":"https:\/\/aeronoticias.com.pe\/noticiero\/wp-json\/wp\/v2\/posts\/83819","targetHints":{"allow":["GET"]}}],"collection":[{"href":"https:\/\/aeronoticias.com.pe\/noticiero\/wp-json\/wp\/v2\/posts"}],"about":[{"href":"https:\/\/aeronoticias.com.pe\/noticiero\/wp-json\/wp\/v2\/types\/post"}],"author":[{"embeddable":true,"href":"https:\/\/aeronoticias.com.pe\/noticiero\/wp-json\/wp\/v2\/users\/3"}],"replies":[{"embeddable":true,"href":"https:\/\/aeronoticias.com.pe\/noticiero\/wp-json\/wp\/v2\/comments?post=83819"}],"version-history":[{"count":0,"href":"https:\/\/aeronoticias.com.pe\/noticiero\/wp-json\/wp\/v2\/posts\/83819\/revisions"}],"wp:featuredmedia":[{"embeddable":true,"href":"https:\/\/aeronoticias.com.pe\/noticiero\/wp-json\/wp\/v2\/media\/83820"}],"wp:attachment":[{"href":"https:\/\/aeronoticias.com.pe\/noticiero\/wp-json\/wp\/v2\/media?parent=83819"}],"wp:term":[{"taxonomy":"category","embeddable":true,"href":"https:\/\/aeronoticias.com.pe\/noticiero\/wp-json\/wp\/v2\/categories?post=83819"},{"taxonomy":"post_tag","embeddable":true,"href":"https:\/\/aeronoticias.com.pe\/noticiero\/wp-json\/wp\/v2\/tags?post=83819"}],"curies":[{"name":"wp","href":"https:\/\/api.w.org\/{rel}","templated":true}]}}