{"id":83825,"date":"2023-06-19T10:38:50","date_gmt":"2023-06-19T15:38:50","guid":{"rendered":"https:\/\/aeronoticias.com.pe\/noticiero\/?p=83825"},"modified":"2023-06-19T10:38:55","modified_gmt":"2023-06-19T15:38:55","slug":"el-fin-de-la-raza-humana-asi-fue-la-terrorifica-prediccion-de-stephen-hawking-sobre-la-ia","status":"publish","type":"post","link":"https:\/\/aeronoticias.com.pe\/noticiero\/27\/el-fin-de-la-raza-humana-asi-fue-la-terrorifica-prediccion-de-stephen-hawking-sobre-la-ia\/","title":{"rendered":"\u00abEl fin de la raza humana\u00bb: as\u00ed fue la terror\u00edfica predicci\u00f3n de Stephen Hawking sobre la IA"},"content":{"rendered":"\n<p><strong>(Aeronoticias)<\/strong>: <a href=\"https:\/\/larepublica.pe\/datos-lr\/respuestas\/2023\/04\/30\/que-carreras-serian-reemplazadas-por-la-inteligencia-artificial-segun-bill-gates-empresa-inteligencia-artificial-ia-chatgpt-empleo-trabajo-evat-2297730\">Bill Gates revela las profesiones que podr\u00edan ser reemplazadas por la INTELIGENCIA ARTIFICIAL. <\/a><a href=\"https:\/\/larepublica.pe\/datos-lr\/respuestas\/2022\/04\/22\/que-paso-con-el-cerebro-de-albert-einstein-evat\">Esto fue lo que sucedi\u00f3 con el cerebro de Albert Einstein despu\u00e9s de su muerte<\/a>. <a href=\"https:\/\/larepublica.pe\/datos-lr\/respuestas\/2022\/07\/10\/el-cv-de-bill-gates-cuando-tenia-18-anos-cuanto-queria-ganar-y-como-se-presentaba-curriculum-vitae-microsoft-evat\">As\u00ed era el CV de Bill Gates hace 48 a\u00f1os: \u00bfcu\u00e1nto quer\u00eda ganar el fundador de Microsoft?<\/a><\/p>\n\n\n\n<p><strong><a href=\"https:\/\/larepublica.pe\/tag\/stephen-hawking\">Stephen Hawking<\/a><\/strong>\u00a0fue un memorable cient\u00edfico que\u00a0<a href=\"https:\/\/larepublica.pe\/datos-lr\/respuestas\/2022\/04\/22\/que-paso-con-el-cerebro-de-albert-einstein-evat\">realiz\u00f3 grandes aportes al mundo de la f\u00edsica<\/a>\u00a0y cosmolog\u00eda. El fallecido genio no solo contribuy\u00f3 con nuevo conocimiento a la ciencia, sino tambi\u00e9n hizo algunas\u00a0<strong><a href=\"https:\/\/larepublica.pe\/datos-lr\/respuestas\/2022\/12\/23\/baba-vanga-predicciones-2023-estas-son-las-aterradoras-profecias-para-el-proximo-ano-baba-vanga-2023-predictions-list-vidente-baba-vanga-evat\">predicciones alarmantes<\/a><\/strong>\u00a0sobre la\u00a0<a href=\"https:\/\/larepublica.pe\/datos-lr\/respuestas\/2023\/04\/30\/que-carreras-serian-reemplazadas-por-la-inteligencia-artificial-segun-bill-gates-empresa-inteligencia-artificial-ia-chatgpt-empleo-trabajo-evat-2297730\">inteligencia artificial<\/a>, como considerar que esta tecnolog\u00eda, en el peor de los casos, podr\u00eda poner\u00a0<a href=\"https:\/\/larepublica.pe\/datos-lr\/respuestas\/2022\/09\/06\/leyenda-urbana-la-historia-de-john-titor-el-supuesto-viajero-del-tiempo-que-predijo-el-fin-del-mundo-evat\">fin a la raza humana.<\/a>\u00a0Te contamos a continuaci\u00f3n m\u00e1s de las &#8216;profec\u00edas&#8217; que dijo el\u00a0<a href=\"https:\/\/larepublica.pe\/datos-lr\/respuestas\/2022\/06\/17\/cientifico-peruano-en-harvard-esta-es-la-historia-de-carlos-arguelles-docente-de-fisica-de-la-prestigiosa-universidad-de-estados-unidos-carlos-arguelles-delgado-evat\">f\u00edsico te\u00f3rico<\/a>\u00a0acerca de la\u00a0<strong>IA<\/strong>\u00a0y el aparente\u00a0<a href=\"https:\/\/larepublica.pe\/tecnologia\/2023\/01\/16\/como-controlar-el-mundo-ia-creada-por-elon-musk-habria-descubierto-el-plan-perfecto-inteligencia-artificial-chat-gpt-openai-evat\">desenlace de la humanidad<\/a>.<\/p>\n\n\n\n<div class=\"wp-block-image\"><figure class=\"aligncenter\"><img decoding=\"async\" src=\"https:\/\/imgmedia.larepublica.pe\/640x351\/larepublica\/original\/2023\/05\/11\/64593cc3b6cf110968360f79.webp\" alt=\"Stephen Hawking sobre la IA\"\/><\/figure><\/div>\n\n\n\n<h2 class=\"wp-block-heading\">\u00bfCu\u00e1l fue la alarmante predicci\u00f3n que hizo Stephen Hawking sobre la inteligencia artificial?<\/h2>\n\n\n\n<p>En diciembre de 2014, el cient\u00edfico de Gran Breta\u00f1a brind\u00f3 una entrevista al medio BBC, en el marco de la presentaci\u00f3n de un software que le permit\u00eda comunicarse con mayor velocidad. Fue en ese momento en el que revel\u00f3 cu\u00e1les eran sus opiniones sobre la\u00a0<strong>inteligencia artificial<\/strong>.<\/p>\n\n\n\n<p>Aunque\u00a0<strong>Stephen Hawking<\/strong>\u00a0era\u00a0<a href=\"https:\/\/larepublica.pe\/datos-lr\/respuestas\/2022\/07\/10\/el-cv-de-bill-gates-cuando-tenia-18-anos-cuanto-queria-ganar-y-como-se-presentaba-curriculum-vitae-microsoft-evat\">un hombre de ciencia<\/a>\u00a0y gracias a la\u00a0<strong>IA\u00a0<\/strong>pod\u00eda tener una mejor calidad de vida, lo cierto es que no ten\u00eda expectativas muy alentadoras sobre esta nueva\u00a0<a href=\"https:\/\/larepublica.pe\/tag\/tecnologia\">tecnolog\u00eda<\/a>. El famoso f\u00edsico declar\u00f3 a la BBC que\u00a0\u00abel desarrollo de una completa inteligencia artificial (IA) podr\u00eda traducirse en el fin de la raza humana\u00bb.<\/p>\n\n\n\n<p>En esa l\u00ednea, tambi\u00e9n precis\u00f3 que\u00a0\u00ablos humanos, que son seres limitados por su lenta evoluci\u00f3n biol\u00f3gica, no podr\u00e1n competir con las m\u00e1quinas, y ser\u00e1n superados\u00bb.<\/p>\n\n\n\n<div class=\"wp-block-image\"><figure class=\"aligncenter\"><img decoding=\"async\" src=\"https:\/\/imgmedia.larepublica.pe\/640x359\/larepublica\/original\/2023\/05\/09\/645aae84533d2a3a52540098.webp\" alt=\"Stephen Hawking fue uno de los mejores f\u00edsicos del mundo\"\/><\/figure><\/div>\n\n\n\n<p>Si bien Stephen Hawking consideraba que la IA era muy \u00fatil para el mundo, tambi\u00e9n tem\u00eda que una versi\u00f3n m\u00e1s elaborada\u00a0\u00abpueda decidir redise\u00f1arse por cuenta propia e incluso llegar a un nivel superior\u00bb. De esta manera, podr\u00eda superar a los humanos en diversas \u00e1reas.<\/p>\n\n\n\n<p>Tras su fallecimiento, se lanz\u00f3 al mercado su \u00faltimo libro \u00abBreves respuestas a las grandes preguntas\u00bb (Planeta, 2018), en el que volvi\u00f3 a pronunciarse sobre la\u00a0<strong>inteligencia artificial<\/strong>: \u00abPodemos enfrentarnos a una explosi\u00f3n de inteligencia que, en \u00faltima instancia, resulte en m\u00e1quinas cuya inteligencia supere a la nuestra en m\u00e1s de lo que la nuestra supera a la de los caracoles\u00bb, indic\u00f3 el genio en su publicaci\u00f3n.<\/p>\n\n\n\n<p>Hawking tambi\u00e9n agreg\u00f3 que \u00abes tentador descartar la noci\u00f3n de m\u00e1quinas altamente inteligentes como mera ciencia ficci\u00f3n, pero esto ser\u00eda un error, y potencialmente el peor error de todos\u00bb.<\/p>\n\n\n\n<div class=\"wp-block-image\"><figure class=\"aligncenter\"><img decoding=\"async\" src=\"https:\/\/imgmedia.larepublica.pe\/640x374\/larepublica\/original\/2023\/04\/30\/644e86c3a77fd47ee7595b26.webp\" alt=\"\"\/><\/figure><\/div>\n\n\n\n<h2 class=\"wp-block-heading\">\u00bfLa inteligencia artificial podr\u00eda reemplazar a los humanos?<\/h2>\n\n\n\n<p>Adem\u00e1s de Stephen Hawkings, Bill Gates se refiri\u00f3 a la inteligencia artificial sobre un posible reemplazo de los humanos en determinadas profesiones. El fundador de Microsoft declar\u00f3 que en aproximadamente dos a\u00f1os,\u00a0<strong>la primera carrera que podr\u00eda ser reemplazada ser\u00eda la docencia<\/strong>. \u201cLa IA puede escuchar el habla y reconocer el habla mejor que los humanos. Puede reconocer im\u00e1genes y videos mejor que los humanos\u00bb, agreg\u00f3 en conversaci\u00f3n con la presidente y directora ejecutiva de DreamBox Learning,\u00a0Jessie Woolley-Wilson.<\/p>\n\n\n\n<div class=\"wp-block-image\"><figure class=\"aligncenter\"><img decoding=\"async\" src=\"https:\/\/imgmedia.larepublica.pe\/640x376\/larepublica\/original\/2023\/05\/04\/64416067f34626416b327c79.webp\" alt=\"\"\/><\/figure><\/div>\n\n\n\n<h2 class=\"wp-block-heading\">\u00bfCu\u00e1ndo se utiliza la inteligencia artificial?<\/h2>\n\n\n\n<p>Uno de los principales objetivos de la\u00a0<strong>inteligencia artificial\u00a0<\/strong>es imitar la actividad cognitiva de los humanos. Es por ello que la IA actualmente se utiliza para fines comerciales y de ayuda al usuario, como por ejemplo para las recomendaciones de compra en un sitio web, en asistentes de voz en aplicaciones, b\u00fasquedas en navegadores, localizaci\u00f3n en Google Maps, etc.<\/p>\n\n\n\n<div class=\"wp-block-image\"><figure class=\"aligncenter\"><img decoding=\"async\" src=\"https:\/\/imgmedia.larepublica.pe\/640x342\/larepublica\/original\/2023\/05\/04\/643ec06fa77d290b193e39c0.webp\" alt=\"\"\/><\/figure><\/div>\n\n\n\n<h2 class=\"wp-block-heading\">\u00bfQu\u00e9 utilidades comerciales tiene la inteligencia artificial en la actualidad?<\/h2>\n\n\n\n<p>La inteligencia artificial viene siendo protagonistas en diferentes rubros y el comercio no es la excepci\u00f3n. Seg\u00fan informaci\u00f3n del BBV, algunas de las aplicaciones comerciales de la IA son.<\/p>\n\n\n\n<ul class=\"wp-block-list\"><li>Mejora de las b\u00fasquedas de los clientes<\/li><li>Chatbots para interacciones con clientes<\/li><li>Agentes inteligentes<\/li><li>Sistemas de recomendaci\u00f3n, entre otros.<\/li><\/ul>\n\n\n\n<div class=\"wp-block-image\"><figure class=\"aligncenter\"><img decoding=\"async\" src=\"https:\/\/imgmedia.larepublica.pe\/640x374\/larepublica\/original\/2023\/05\/12\/645eedeb13b46334607cc133.webp\" alt=\"inteligencia artificial\"\/><\/figure><\/div>\n\n\n\n<h2 class=\"wp-block-heading\">\u00bfQu\u00e9 carreras profesionales podr\u00edan ser reemplazadas por la IA?<\/h2>\n\n\n\n<p>Seg\u00fan Bill Gates, el primer trabajo que podr\u00eda ser reemplazado por la inteligencia artificial es la labor del profesor en aproximadamente dos a\u00f1os. Esto se deber\u00eda a que los\u00a0<strong>chatbots\u00a0<\/strong>evolucionar\u00edan a tal punto que los maestros tendr\u00edan que utilizarlos como auxiliares, hasta su eventual reemplazo.<\/p>\n\n\n\n<div class=\"wp-block-image\"><figure class=\"aligncenter\"><img decoding=\"async\" src=\"https:\/\/imgmedia.larepublica.pe\/640x374\/larepublica\/original\/2023\/05\/14\/6460fe5cf9289c46fa4a9c73.webp\" alt=\"Los profesores ser\u00edan reemplazados por IA. Foto: Enter.CO   \"\/><\/figure><\/div>\n\n\n\n<h2 class=\"wp-block-heading\">\u00bfQu\u00e9 otras profesiones podr\u00edan ser reemplazados por la IA?<\/h2>\n\n\n\n<p>Otras&nbsp;<strong>carreras&nbsp;<\/strong>que podr\u00edan desaparecer en los pr\u00f3ximos a\u00f1os ser\u00edan las siguientes:<\/p>\n\n\n\n<ul class=\"wp-block-list\"><li>Autores y escritores<\/li><li>Analistas de noticias, reporteros y periodistas<\/li><li>Asistentes administrativos<\/li><li>Contadores<\/li><li>Correctores y marcadores de copia<\/li><li>Encuestadores<\/li><li>Especialistas en relaciones p\u00fablicas<\/li><li>Ingenieros de blockchain<\/li><li>Secretarios legales<\/li><li>Subtituladores simult\u00e1neos<\/li><li>Taqu\u00edgrafos judiciales.<\/li><\/ul>\n\n\n\n<p><strong>Fuente: Larep\u00fablica.pe<\/strong><\/p>\n","protected":false},"excerpt":{"rendered":"<p>(Aeronoticias): Bill Gates revela las profesiones que podr\u00edan ser reemplazadas por la INTELIGENCIA ARTIFICIAL. Esto fue lo que sucedi\u00f3 con el cerebro de Albert Einstein despu\u00e9s de su muerte. As\u00ed era el CV de Bill Gates hace 48 a\u00f1os: \u00bfcu\u00e1nto quer\u00eda ganar el fundador de Microsoft? Stephen Hawking\u00a0fue un memorable cient\u00edfico que\u00a0realiz\u00f3 grandes aportes al [&hellip;]<\/p>\n","protected":false},"author":3,"featured_media":83826,"comment_status":"open","ping_status":"open","sticky":false,"template":"","format":"standard","meta":{"tdm_status":"","tdm_grid_status":"","footnotes":""},"categories":[64,35],"tags":[2987,864],"class_list":{"0":"post-83825","1":"post","2":"type-post","3":"status-publish","4":"format-standard","5":"has-post-thumbnail","7":"category-mundo-mundo","8":"category-35","9":"tag-ia","10":"tag-microsoft"},"yoast_head":"<!-- This site is optimized with the Yoast SEO plugin v25.1 - https:\/\/yoast.com\/wordpress\/plugins\/seo\/ -->\n<title>&quot;El fin de la raza humana&quot;: as\u00ed fue la terror\u00edfica predicci\u00f3n de Stephen Hawking sobre la IA<\/title>\n<meta name=\"description\" content=\"El cient\u00edfico Stephen Hawking lanz\u00f3 inquietantes predicciones sobre la inteligencia artificial, pues cre\u00eda que dicha tecnolog\u00eda podr\u00eda causar un gran problema a la humanidad.\" \/>\n<meta name=\"robots\" content=\"index, follow, max-snippet:-1, max-image-preview:large, max-video-preview:-1\" \/>\n<link rel=\"canonical\" href=\"https:\/\/aeronoticias.com.pe\/noticiero\/27\/el-fin-de-la-raza-humana-asi-fue-la-terrorifica-prediccion-de-stephen-hawking-sobre-la-ia\/\" \/>\n<meta property=\"og:locale\" content=\"es_ES\" \/>\n<meta property=\"og:type\" content=\"article\" \/>\n<meta property=\"og:title\" content=\"&quot;El fin de la raza humana&quot;: as\u00ed fue la terror\u00edfica predicci\u00f3n de Stephen Hawking sobre la IA\" \/>\n<meta property=\"og:description\" content=\"El cient\u00edfico Stephen Hawking lanz\u00f3 inquietantes predicciones sobre la inteligencia artificial, pues cre\u00eda que dicha tecnolog\u00eda podr\u00eda causar un gran problema a la humanidad.\" \/>\n<meta property=\"og:url\" content=\"https:\/\/aeronoticias.com.pe\/noticiero\/27\/el-fin-de-la-raza-humana-asi-fue-la-terrorifica-prediccion-de-stephen-hawking-sobre-la-ia\/\" \/>\n<meta property=\"og:site_name\" content=\"Aeronoticias.com.pe\" \/>\n<meta property=\"article:publisher\" content=\"https:\/\/www.facebook.com\/Aeronoticias.com.pe\/\" \/>\n<meta property=\"article:published_time\" content=\"2023-06-19T15:38:50+00:00\" \/>\n<meta property=\"article:modified_time\" content=\"2023-06-19T15:38:55+00:00\" \/>\n<meta property=\"og:image\" content=\"https:\/\/aeronoticias.com.pe\/noticiero\/wp-content\/uploads\/2023\/06\/joee2.jpg\" \/>\n\t<meta property=\"og:image:width\" content=\"644\" \/>\n\t<meta property=\"og:image:height\" content=\"367\" \/>\n\t<meta property=\"og:image:type\" content=\"image\/jpeg\" \/>\n<meta name=\"author\" content=\"Redacci\u00f3n\" \/>\n<meta name=\"twitter:card\" content=\"summary_large_image\" \/>\n<meta name=\"twitter:creator\" content=\"@aeronoticias\" \/>\n<meta name=\"twitter:site\" content=\"@aeronoticias\" \/>\n<meta name=\"twitter:label1\" content=\"Escrito por\" \/>\n\t<meta name=\"twitter:data1\" content=\"Redacci\u00f3n\" \/>\n\t<meta name=\"twitter:label2\" content=\"Tiempo de lectura\" \/>\n\t<meta name=\"twitter:data2\" content=\"4 minutos\" \/>\n<script type=\"application\/ld+json\" class=\"yoast-schema-graph\">{\"@context\":\"https:\/\/schema.org\",\"@graph\":[{\"@type\":\"WebPage\",\"@id\":\"https:\/\/aeronoticias.com.pe\/noticiero\/27\/el-fin-de-la-raza-humana-asi-fue-la-terrorifica-prediccion-de-stephen-hawking-sobre-la-ia\/\",\"url\":\"https:\/\/aeronoticias.com.pe\/noticiero\/27\/el-fin-de-la-raza-humana-asi-fue-la-terrorifica-prediccion-de-stephen-hawking-sobre-la-ia\/\",\"name\":\"\\\"El fin de la raza humana\\\": as\u00ed fue la terror\u00edfica predicci\u00f3n de Stephen Hawking sobre la IA\",\"isPartOf\":{\"@id\":\"https:\/\/aeronoticias.com.pe\/noticiero\/#website\"},\"primaryImageOfPage\":{\"@id\":\"https:\/\/aeronoticias.com.pe\/noticiero\/27\/el-fin-de-la-raza-humana-asi-fue-la-terrorifica-prediccion-de-stephen-hawking-sobre-la-ia\/#primaryimage\"},\"image\":{\"@id\":\"https:\/\/aeronoticias.com.pe\/noticiero\/27\/el-fin-de-la-raza-humana-asi-fue-la-terrorifica-prediccion-de-stephen-hawking-sobre-la-ia\/#primaryimage\"},\"thumbnailUrl\":\"https:\/\/aeronoticias.com.pe\/noticiero\/wp-content\/uploads\/2023\/06\/joee2.jpg\",\"datePublished\":\"2023-06-19T15:38:50+00:00\",\"dateModified\":\"2023-06-19T15:38:55+00:00\",\"author\":{\"@id\":\"https:\/\/aeronoticias.com.pe\/noticiero\/#\/schema\/person\/16212a617c73f78916b13194154243bd\"},\"description\":\"El cient\u00edfico Stephen Hawking lanz\u00f3 inquietantes predicciones sobre la inteligencia artificial, pues cre\u00eda que dicha tecnolog\u00eda podr\u00eda causar un gran problema a la humanidad.\",\"breadcrumb\":{\"@id\":\"https:\/\/aeronoticias.com.pe\/noticiero\/27\/el-fin-de-la-raza-humana-asi-fue-la-terrorifica-prediccion-de-stephen-hawking-sobre-la-ia\/#breadcrumb\"},\"inLanguage\":\"es\",\"potentialAction\":[{\"@type\":\"ReadAction\",\"target\":[\"https:\/\/aeronoticias.com.pe\/noticiero\/27\/el-fin-de-la-raza-humana-asi-fue-la-terrorifica-prediccion-de-stephen-hawking-sobre-la-ia\/\"]}]},{\"@type\":\"ImageObject\",\"inLanguage\":\"es\",\"@id\":\"https:\/\/aeronoticias.com.pe\/noticiero\/27\/el-fin-de-la-raza-humana-asi-fue-la-terrorifica-prediccion-de-stephen-hawking-sobre-la-ia\/#primaryimage\",\"url\":\"https:\/\/aeronoticias.com.pe\/noticiero\/wp-content\/uploads\/2023\/06\/joee2.jpg\",\"contentUrl\":\"https:\/\/aeronoticias.com.pe\/noticiero\/wp-content\/uploads\/2023\/06\/joee2.jpg\",\"width\":644,\"height\":367},{\"@type\":\"BreadcrumbList\",\"@id\":\"https:\/\/aeronoticias.com.pe\/noticiero\/27\/el-fin-de-la-raza-humana-asi-fue-la-terrorifica-prediccion-de-stephen-hawking-sobre-la-ia\/#breadcrumb\",\"itemListElement\":[{\"@type\":\"ListItem\",\"position\":1,\"name\":\"Portada\",\"item\":\"https:\/\/aeronoticias.com.pe\/noticiero\/\"},{\"@type\":\"ListItem\",\"position\":2,\"name\":\"\u00abEl fin de la raza humana\u00bb: as\u00ed fue la terror\u00edfica predicci\u00f3n de Stephen Hawking sobre la IA\"}]},{\"@type\":\"WebSite\",\"@id\":\"https:\/\/aeronoticias.com.pe\/noticiero\/#website\",\"url\":\"https:\/\/aeronoticias.com.pe\/noticiero\/\",\"name\":\"Aeronoticias.com.pe\",\"description\":\"Noticias de tranporte aereo, turismo, hoteles, gastronomia, actualidad, internacional\",\"potentialAction\":[{\"@type\":\"SearchAction\",\"target\":{\"@type\":\"EntryPoint\",\"urlTemplate\":\"https:\/\/aeronoticias.com.pe\/noticiero\/?s={search_term_string}\"},\"query-input\":{\"@type\":\"PropertyValueSpecification\",\"valueRequired\":true,\"valueName\":\"search_term_string\"}}],\"inLanguage\":\"es\"},{\"@type\":\"Person\",\"@id\":\"https:\/\/aeronoticias.com.pe\/noticiero\/#\/schema\/person\/16212a617c73f78916b13194154243bd\",\"name\":\"Redacci\u00f3n\",\"sameAs\":[\"http:\/\/Redacci\u00f3n\"],\"url\":\"https:\/\/aeronoticias.com.pe\/noticiero\/author\/celeste\/\"}]}<\/script>\n<!-- \/ Yoast SEO plugin. -->","yoast_head_json":{"title":"\"El fin de la raza humana\": as\u00ed fue la terror\u00edfica predicci\u00f3n de Stephen Hawking sobre la IA","description":"El cient\u00edfico Stephen Hawking lanz\u00f3 inquietantes predicciones sobre la inteligencia artificial, pues cre\u00eda que dicha tecnolog\u00eda podr\u00eda causar un gran problema a la humanidad.","robots":{"index":"index","follow":"follow","max-snippet":"max-snippet:-1","max-image-preview":"max-image-preview:large","max-video-preview":"max-video-preview:-1"},"canonical":"https:\/\/aeronoticias.com.pe\/noticiero\/27\/el-fin-de-la-raza-humana-asi-fue-la-terrorifica-prediccion-de-stephen-hawking-sobre-la-ia\/","og_locale":"es_ES","og_type":"article","og_title":"\"El fin de la raza humana\": as\u00ed fue la terror\u00edfica predicci\u00f3n de Stephen Hawking sobre la IA","og_description":"El cient\u00edfico Stephen Hawking lanz\u00f3 inquietantes predicciones sobre la inteligencia artificial, pues cre\u00eda que dicha tecnolog\u00eda podr\u00eda causar un gran problema a la humanidad.","og_url":"https:\/\/aeronoticias.com.pe\/noticiero\/27\/el-fin-de-la-raza-humana-asi-fue-la-terrorifica-prediccion-de-stephen-hawking-sobre-la-ia\/","og_site_name":"Aeronoticias.com.pe","article_publisher":"https:\/\/www.facebook.com\/Aeronoticias.com.pe\/","article_published_time":"2023-06-19T15:38:50+00:00","article_modified_time":"2023-06-19T15:38:55+00:00","og_image":[{"width":644,"height":367,"url":"https:\/\/aeronoticias.com.pe\/noticiero\/wp-content\/uploads\/2023\/06\/joee2.jpg","type":"image\/jpeg"}],"author":"Redacci\u00f3n","twitter_card":"summary_large_image","twitter_creator":"@aeronoticias","twitter_site":"@aeronoticias","twitter_misc":{"Escrito por":"Redacci\u00f3n","Tiempo de lectura":"4 minutos"},"schema":{"@context":"https:\/\/schema.org","@graph":[{"@type":"WebPage","@id":"https:\/\/aeronoticias.com.pe\/noticiero\/27\/el-fin-de-la-raza-humana-asi-fue-la-terrorifica-prediccion-de-stephen-hawking-sobre-la-ia\/","url":"https:\/\/aeronoticias.com.pe\/noticiero\/27\/el-fin-de-la-raza-humana-asi-fue-la-terrorifica-prediccion-de-stephen-hawking-sobre-la-ia\/","name":"\"El fin de la raza humana\": as\u00ed fue la terror\u00edfica predicci\u00f3n de Stephen Hawking sobre la IA","isPartOf":{"@id":"https:\/\/aeronoticias.com.pe\/noticiero\/#website"},"primaryImageOfPage":{"@id":"https:\/\/aeronoticias.com.pe\/noticiero\/27\/el-fin-de-la-raza-humana-asi-fue-la-terrorifica-prediccion-de-stephen-hawking-sobre-la-ia\/#primaryimage"},"image":{"@id":"https:\/\/aeronoticias.com.pe\/noticiero\/27\/el-fin-de-la-raza-humana-asi-fue-la-terrorifica-prediccion-de-stephen-hawking-sobre-la-ia\/#primaryimage"},"thumbnailUrl":"https:\/\/aeronoticias.com.pe\/noticiero\/wp-content\/uploads\/2023\/06\/joee2.jpg","datePublished":"2023-06-19T15:38:50+00:00","dateModified":"2023-06-19T15:38:55+00:00","author":{"@id":"https:\/\/aeronoticias.com.pe\/noticiero\/#\/schema\/person\/16212a617c73f78916b13194154243bd"},"description":"El cient\u00edfico Stephen Hawking lanz\u00f3 inquietantes predicciones sobre la inteligencia artificial, pues cre\u00eda que dicha tecnolog\u00eda podr\u00eda causar un gran problema a la humanidad.","breadcrumb":{"@id":"https:\/\/aeronoticias.com.pe\/noticiero\/27\/el-fin-de-la-raza-humana-asi-fue-la-terrorifica-prediccion-de-stephen-hawking-sobre-la-ia\/#breadcrumb"},"inLanguage":"es","potentialAction":[{"@type":"ReadAction","target":["https:\/\/aeronoticias.com.pe\/noticiero\/27\/el-fin-de-la-raza-humana-asi-fue-la-terrorifica-prediccion-de-stephen-hawking-sobre-la-ia\/"]}]},{"@type":"ImageObject","inLanguage":"es","@id":"https:\/\/aeronoticias.com.pe\/noticiero\/27\/el-fin-de-la-raza-humana-asi-fue-la-terrorifica-prediccion-de-stephen-hawking-sobre-la-ia\/#primaryimage","url":"https:\/\/aeronoticias.com.pe\/noticiero\/wp-content\/uploads\/2023\/06\/joee2.jpg","contentUrl":"https:\/\/aeronoticias.com.pe\/noticiero\/wp-content\/uploads\/2023\/06\/joee2.jpg","width":644,"height":367},{"@type":"BreadcrumbList","@id":"https:\/\/aeronoticias.com.pe\/noticiero\/27\/el-fin-de-la-raza-humana-asi-fue-la-terrorifica-prediccion-de-stephen-hawking-sobre-la-ia\/#breadcrumb","itemListElement":[{"@type":"ListItem","position":1,"name":"Portada","item":"https:\/\/aeronoticias.com.pe\/noticiero\/"},{"@type":"ListItem","position":2,"name":"\u00abEl fin de la raza humana\u00bb: as\u00ed fue la terror\u00edfica predicci\u00f3n de Stephen Hawking sobre la IA"}]},{"@type":"WebSite","@id":"https:\/\/aeronoticias.com.pe\/noticiero\/#website","url":"https:\/\/aeronoticias.com.pe\/noticiero\/","name":"Aeronoticias.com.pe","description":"Noticias de tranporte aereo, turismo, hoteles, gastronomia, actualidad, internacional","potentialAction":[{"@type":"SearchAction","target":{"@type":"EntryPoint","urlTemplate":"https:\/\/aeronoticias.com.pe\/noticiero\/?s={search_term_string}"},"query-input":{"@type":"PropertyValueSpecification","valueRequired":true,"valueName":"search_term_string"}}],"inLanguage":"es"},{"@type":"Person","@id":"https:\/\/aeronoticias.com.pe\/noticiero\/#\/schema\/person\/16212a617c73f78916b13194154243bd","name":"Redacci\u00f3n","sameAs":["http:\/\/Redacci\u00f3n"],"url":"https:\/\/aeronoticias.com.pe\/noticiero\/author\/celeste\/"}]}},"_links":{"self":[{"href":"https:\/\/aeronoticias.com.pe\/noticiero\/wp-json\/wp\/v2\/posts\/83825","targetHints":{"allow":["GET"]}}],"collection":[{"href":"https:\/\/aeronoticias.com.pe\/noticiero\/wp-json\/wp\/v2\/posts"}],"about":[{"href":"https:\/\/aeronoticias.com.pe\/noticiero\/wp-json\/wp\/v2\/types\/post"}],"author":[{"embeddable":true,"href":"https:\/\/aeronoticias.com.pe\/noticiero\/wp-json\/wp\/v2\/users\/3"}],"replies":[{"embeddable":true,"href":"https:\/\/aeronoticias.com.pe\/noticiero\/wp-json\/wp\/v2\/comments?post=83825"}],"version-history":[{"count":0,"href":"https:\/\/aeronoticias.com.pe\/noticiero\/wp-json\/wp\/v2\/posts\/83825\/revisions"}],"wp:featuredmedia":[{"embeddable":true,"href":"https:\/\/aeronoticias.com.pe\/noticiero\/wp-json\/wp\/v2\/media\/83826"}],"wp:attachment":[{"href":"https:\/\/aeronoticias.com.pe\/noticiero\/wp-json\/wp\/v2\/media?parent=83825"}],"wp:term":[{"taxonomy":"category","embeddable":true,"href":"https:\/\/aeronoticias.com.pe\/noticiero\/wp-json\/wp\/v2\/categories?post=83825"},{"taxonomy":"post_tag","embeddable":true,"href":"https:\/\/aeronoticias.com.pe\/noticiero\/wp-json\/wp\/v2\/tags?post=83825"}],"curies":[{"name":"wp","href":"https:\/\/api.w.org\/{rel}","templated":true}]}}