{"id":8407,"date":"2010-01-25T15:11:52","date_gmt":"2010-01-25T15:11:52","guid":{"rendered":"http:\/\/desarrollo.mcvicious.com\/aero2020\/2010\/01\/25\/caf-aprobaria-creditos-por-mas-de-us-1000-millones-para-peru-este-ano\/"},"modified":"2010-01-25T15:11:52","modified_gmt":"2010-01-25T15:11:52","slug":"caf-aprobaria-creditos-por-mas-de-us-1000-millones-para-peru-este-ano","status":"publish","type":"post","link":"https:\/\/aeronoticias.com.pe\/noticiero\/economia\/caf-aprobaria-creditos-por-mas-de-us-1000-millones-para-peru-este-ano\/","title":{"rendered":"CAF aprobar\u00eda cr\u00e9ditos por m\u00e1s de US$ 1,000 millones para Per\u00fa este a\u00f1o"},"content":{"rendered":"<div style=\"text-align: justify\">La Corporaci\u00f3n Andina de Fomento (CAF) podr\u00eda aprobar este a\u00f1o m\u00e1s de 1,000 millones de d\u00f3lares en pr\u00e9stamos a favor del Per\u00fa durante el presente a\u00f1o, estim\u00f3 hoy la directora representante de la CAF en Per\u00fa, Eleonora Silva.\u00a0\u201cConsidero que el 2010 va a ser un a\u00f1o de mucha actividad y donde estaremos acompa\u00f1ando al Per\u00fa en la din\u00e1mica que ya se ve desde finales del a\u00f1o pasado\u201d, coment\u00f3.<\/div>\n<div style=\"text-align: justify\"><\/div>\n<div style=\"text-align: justify\">Record\u00f3 que la semana pasada se aprob\u00f3 el primer cr\u00e9dito del 2010 a favor del Per\u00fa y fue por 200 millones de d\u00f3lares que se destinar\u00e1n a la ejecuci\u00f3n de la fase final de los tramos 2, 3 y 4 del Corredor Vial Interoce\u00e1nico Sur, el cual se espera culminar a inicios del 2011.\u00a0\u201cIgualmente estamos trabajando con el Servicio de Agua Potable y Alcantarillado de Lima (Sedapal) un proyecto sumamente interesante para el tratamiento de agua en la planta de Huachipa por 77 millones de d\u00f3lares\u201d, indic\u00f3.\u00a0A\u00f1adi\u00f3 que el proyecto de Sedapal beneficiar\u00e1 a m\u00e1s de tres millones de habitantes de la zona norte de Lima.<\/div>\n<div style=\"text-align: justify\">\n<div style=\"text-align: center\"><img decoding=\"async\" src=\"images\/stories\/10\/01\/250110\/oriental.jpg\" border=\"0\" alt=\"CAF aprobar\u00eda cr\u00e9ditos por m\u00e1s de US$ 1,000 millones para Per\u00fa este a\u00f1o   \" title=\"CAF aprobar\u00eda cr\u00e9ditos por m\u00e1s de US$ 1,000 millones para Per\u00fa este a\u00f1o   \" \/><\/div>\n<\/div>\n<div style=\"text-align: justify\">Asimismo, se\u00f1al\u00f3 que la CAF est\u00e1 evaluando un pr\u00e9stamo para una red vial que va desde Lima a Trujillo, en alusi\u00f3n a la Red Vial N\u00b0 4 (Pativilca &#8211; Trujillo) que maneja la Concesionaria Autopista del Norte.\u00a0\u201cTambi\u00e9n tenemos otras iniciativas de energ\u00edas alternativa del sector privado\u201d, declar\u00f3 en TV Per\u00fa.\u00a0Silva mencion\u00f3 que el a\u00f1o 2009 fue un a\u00f1o muy interesante para la CAF, ya que aprob\u00f3 cr\u00e9ditos para el Per\u00fa por m\u00e1s de 2,200 millones de d\u00f3lares y fue el pa\u00eds que tuvo el mayor monto de aprobaciones.<\/div>\n<div style=\"text-align: justify\"><\/div>\n<div style=\"text-align: justify\">Precis\u00f3 que en ese monto se incluye la l\u00ednea de cr\u00e9dito por 400 millones de d\u00f3lares para el Ministerio de Econom\u00eda y Finanzas (MEF) para afrontar los efectos de la crisis financiera internacional.\u00a0\u201cLas aprobaciones (del 2009) estuvieron enfocadas en proyectos de infraestructura tanto del sector p\u00fablico como del sector privado, proyectos tales como el Tren El\u00e9ctrico, otros de energ\u00eda y viales\u201d, asever\u00f3.\u00a0Tambi\u00e9n refiri\u00f3 que la CAF aprob\u00f3 pr\u00e9stamos por m\u00e1s de 50 millones de d\u00f3lares para destinarlos al sector de las microfinanzas en el Per\u00fa.<\/div>\n<div style=\"text-align: justify\"><\/div>\n<div style=\"text-align: justify\">Detall\u00f3 que tambi\u00e9n se financi\u00f3 un proyecto que se ejecuta con el gobierno regional de Jun\u00edn, la ONG Provida, la Universidad San Ignacio y la empresa Supermercados Peruanos, que maneja los supermercados Plaza Vea.\u00a0\u201cSe est\u00e1 capacitando a los proveedores microempresarios de Jun\u00edn para que abastezcan con sus productos a los grandes almacenes (Plaza Vea)\u201d, refiri\u00f3.<\/div>\n<div style=\"text-align: justify\"><\/div>\n<div style=\"text-align: justify\">Finalmente, anunci\u00f3 que ese jueves se lanzar\u00e1 en la ciudad de Chiclayo, regi\u00f3n de Lambayeque, un proyecto piloto de la Ventanilla \u00danica Empresarial, que permitir\u00e1 a los microempresarios de la zona poder realizar por Internet sus tr\u00e1mites documentarios para formalizar la constituci\u00f3n de sus empresas.\u00a0Este proyecto piloto resulta de la combinaci\u00f3n del esfuerzo de la CAF, el gobierno regional de Lambayeque y del MEF, ya que la idea del ministerio es que esto se replique luego en distintas localidades el pa\u00eds porque esto debe difundirse a nivel nacional, concluy\u00f3.<\/div>\n<div style=\"text-align: justify\"><\/div>\n","protected":false},"excerpt":{"rendered":"<p>La Corporaci\u00f3n Andina de Fomento (CAF) podr\u00eda aprobar este a\u00f1o m\u00e1s de 1,000 millones de d\u00f3lares en pr\u00e9stamos a favor del Per\u00fa durante el presente a\u00f1o, estim\u00f3 hoy la directora representante de la CAF en Per\u00fa, Eleonora Silva.\u00a0\u201cConsidero que el 2010 va a ser un a\u00f1o de mucha actividad y donde estaremos acompa\u00f1ando al Per\u00fa [&hellip;]<\/p>\n","protected":false},"author":1,"featured_media":0,"comment_status":"open","ping_status":"open","sticky":false,"template":"","format":"standard","meta":{"tdm_status":"","tdm_grid_status":"","footnotes":""},"categories":[33],"tags":[],"class_list":{"0":"post-8407","1":"post","2":"type-post","3":"status-publish","4":"format-standard","6":"category-economia"},"yoast_head":"<!-- This site is optimized with the Yoast SEO plugin v25.1 - https:\/\/yoast.com\/wordpress\/plugins\/seo\/ -->\n<title>CAF aprobar\u00eda cr\u00e9ditos por m\u00e1s de US$ 1,000 millones para Per\u00fa este a\u00f1o<\/title>\n<meta name=\"description\" content=\"Portal de noticias del Per\u00fa sobre el transporte a\u00e9reo, aviaci\u00f3n, turismo, hoteleria, actualidad.\" \/>\n<meta name=\"robots\" content=\"index, follow, max-snippet:-1, max-image-preview:large, max-video-preview:-1\" \/>\n<link rel=\"canonical\" href=\"https:\/\/aeronoticias.com.pe\/noticiero\/economia\/caf-aprobaria-creditos-por-mas-de-us-1000-millones-para-peru-este-ano\/\" \/>\n<meta property=\"og:locale\" content=\"es_ES\" \/>\n<meta property=\"og:type\" content=\"article\" \/>\n<meta property=\"og:title\" content=\"CAF aprobar\u00eda cr\u00e9ditos por m\u00e1s de US$ 1,000 millones para Per\u00fa este a\u00f1o\" \/>\n<meta property=\"og:description\" content=\"Portal de noticias del Per\u00fa sobre el transporte a\u00e9reo, aviaci\u00f3n, turismo, hoteleria, actualidad.\" \/>\n<meta property=\"og:url\" content=\"https:\/\/aeronoticias.com.pe\/noticiero\/economia\/caf-aprobaria-creditos-por-mas-de-us-1000-millones-para-peru-este-ano\/\" \/>\n<meta property=\"og:site_name\" content=\"Aeronoticias.com.pe\" \/>\n<meta property=\"article:publisher\" content=\"https:\/\/www.facebook.com\/Aeronoticias.com.pe\/\" \/>\n<meta property=\"article:published_time\" content=\"2010-01-25T15:11:52+00:00\" \/>\n<meta name=\"author\" content=\"Redacci\u00f3n Aeronoticias\" \/>\n<meta name=\"twitter:card\" content=\"summary_large_image\" \/>\n<meta name=\"twitter:creator\" content=\"@aeronoticias\" \/>\n<meta name=\"twitter:site\" content=\"@aeronoticias\" \/>\n<meta name=\"twitter:label1\" content=\"Escrito por\" \/>\n\t<meta name=\"twitter:data1\" content=\"Redacci\u00f3n Aeronoticias\" \/>\n\t<meta name=\"twitter:label2\" content=\"Tiempo de lectura\" \/>\n\t<meta name=\"twitter:data2\" content=\"3 minutos\" \/>\n<script type=\"application\/ld+json\" class=\"yoast-schema-graph\">{\"@context\":\"https:\/\/schema.org\",\"@graph\":[{\"@type\":\"WebPage\",\"@id\":\"https:\/\/aeronoticias.com.pe\/noticiero\/economia\/caf-aprobaria-creditos-por-mas-de-us-1000-millones-para-peru-este-ano\/\",\"url\":\"https:\/\/aeronoticias.com.pe\/noticiero\/economia\/caf-aprobaria-creditos-por-mas-de-us-1000-millones-para-peru-este-ano\/\",\"name\":\"CAF aprobar\u00eda cr\u00e9ditos por m\u00e1s de US$ 1,000 millones para Per\u00fa este a\u00f1o\",\"isPartOf\":{\"@id\":\"https:\/\/aeronoticias.com.pe\/noticiero\/#website\"},\"datePublished\":\"2010-01-25T15:11:52+00:00\",\"author\":{\"@id\":\"https:\/\/aeronoticias.com.pe\/noticiero\/#\/schema\/person\/fc1e5d578f4b62ba1cf7ac2bba1170a0\"},\"description\":\"Portal de noticias del Per\u00fa sobre el transporte a\u00e9reo, aviaci\u00f3n, turismo, hoteleria, actualidad.\",\"breadcrumb\":{\"@id\":\"https:\/\/aeronoticias.com.pe\/noticiero\/economia\/caf-aprobaria-creditos-por-mas-de-us-1000-millones-para-peru-este-ano\/#breadcrumb\"},\"inLanguage\":\"es\",\"potentialAction\":[{\"@type\":\"ReadAction\",\"target\":[\"https:\/\/aeronoticias.com.pe\/noticiero\/economia\/caf-aprobaria-creditos-por-mas-de-us-1000-millones-para-peru-este-ano\/\"]}]},{\"@type\":\"BreadcrumbList\",\"@id\":\"https:\/\/aeronoticias.com.pe\/noticiero\/economia\/caf-aprobaria-creditos-por-mas-de-us-1000-millones-para-peru-este-ano\/#breadcrumb\",\"itemListElement\":[{\"@type\":\"ListItem\",\"position\":1,\"name\":\"Portada\",\"item\":\"https:\/\/aeronoticias.com.pe\/noticiero\/\"},{\"@type\":\"ListItem\",\"position\":2,\"name\":\"CAF aprobar\u00eda cr\u00e9ditos por m\u00e1s de US$ 1,000 millones para Per\u00fa este a\u00f1o\"}]},{\"@type\":\"WebSite\",\"@id\":\"https:\/\/aeronoticias.com.pe\/noticiero\/#website\",\"url\":\"https:\/\/aeronoticias.com.pe\/noticiero\/\",\"name\":\"Aeronoticias.com.pe\",\"description\":\"Noticias de tranporte aereo, turismo, hoteles, gastronomia, actualidad, internacional\",\"potentialAction\":[{\"@type\":\"SearchAction\",\"target\":{\"@type\":\"EntryPoint\",\"urlTemplate\":\"https:\/\/aeronoticias.com.pe\/noticiero\/?s={search_term_string}\"},\"query-input\":{\"@type\":\"PropertyValueSpecification\",\"valueRequired\":true,\"valueName\":\"search_term_string\"}}],\"inLanguage\":\"es\"},{\"@type\":\"Person\",\"@id\":\"https:\/\/aeronoticias.com.pe\/noticiero\/#\/schema\/person\/fc1e5d578f4b62ba1cf7ac2bba1170a0\",\"name\":\"Redacci\u00f3n Aeronoticias\",\"url\":\"https:\/\/aeronoticias.com.pe\/noticiero\/author\/piloto\/\"}]}<\/script>\n<!-- \/ Yoast SEO plugin. -->","yoast_head_json":{"title":"CAF aprobar\u00eda cr\u00e9ditos por m\u00e1s de US$ 1,000 millones para Per\u00fa este a\u00f1o","description":"Portal de noticias del Per\u00fa sobre el transporte a\u00e9reo, aviaci\u00f3n, turismo, hoteleria, actualidad.","robots":{"index":"index","follow":"follow","max-snippet":"max-snippet:-1","max-image-preview":"max-image-preview:large","max-video-preview":"max-video-preview:-1"},"canonical":"https:\/\/aeronoticias.com.pe\/noticiero\/economia\/caf-aprobaria-creditos-por-mas-de-us-1000-millones-para-peru-este-ano\/","og_locale":"es_ES","og_type":"article","og_title":"CAF aprobar\u00eda cr\u00e9ditos por m\u00e1s de US$ 1,000 millones para Per\u00fa este a\u00f1o","og_description":"Portal de noticias del Per\u00fa sobre el transporte a\u00e9reo, aviaci\u00f3n, turismo, hoteleria, actualidad.","og_url":"https:\/\/aeronoticias.com.pe\/noticiero\/economia\/caf-aprobaria-creditos-por-mas-de-us-1000-millones-para-peru-este-ano\/","og_site_name":"Aeronoticias.com.pe","article_publisher":"https:\/\/www.facebook.com\/Aeronoticias.com.pe\/","article_published_time":"2010-01-25T15:11:52+00:00","author":"Redacci\u00f3n Aeronoticias","twitter_card":"summary_large_image","twitter_creator":"@aeronoticias","twitter_site":"@aeronoticias","twitter_misc":{"Escrito por":"Redacci\u00f3n Aeronoticias","Tiempo de lectura":"3 minutos"},"schema":{"@context":"https:\/\/schema.org","@graph":[{"@type":"WebPage","@id":"https:\/\/aeronoticias.com.pe\/noticiero\/economia\/caf-aprobaria-creditos-por-mas-de-us-1000-millones-para-peru-este-ano\/","url":"https:\/\/aeronoticias.com.pe\/noticiero\/economia\/caf-aprobaria-creditos-por-mas-de-us-1000-millones-para-peru-este-ano\/","name":"CAF aprobar\u00eda cr\u00e9ditos por m\u00e1s de US$ 1,000 millones para Per\u00fa este a\u00f1o","isPartOf":{"@id":"https:\/\/aeronoticias.com.pe\/noticiero\/#website"},"datePublished":"2010-01-25T15:11:52+00:00","author":{"@id":"https:\/\/aeronoticias.com.pe\/noticiero\/#\/schema\/person\/fc1e5d578f4b62ba1cf7ac2bba1170a0"},"description":"Portal de noticias del Per\u00fa sobre el transporte a\u00e9reo, aviaci\u00f3n, turismo, hoteleria, actualidad.","breadcrumb":{"@id":"https:\/\/aeronoticias.com.pe\/noticiero\/economia\/caf-aprobaria-creditos-por-mas-de-us-1000-millones-para-peru-este-ano\/#breadcrumb"},"inLanguage":"es","potentialAction":[{"@type":"ReadAction","target":["https:\/\/aeronoticias.com.pe\/noticiero\/economia\/caf-aprobaria-creditos-por-mas-de-us-1000-millones-para-peru-este-ano\/"]}]},{"@type":"BreadcrumbList","@id":"https:\/\/aeronoticias.com.pe\/noticiero\/economia\/caf-aprobaria-creditos-por-mas-de-us-1000-millones-para-peru-este-ano\/#breadcrumb","itemListElement":[{"@type":"ListItem","position":1,"name":"Portada","item":"https:\/\/aeronoticias.com.pe\/noticiero\/"},{"@type":"ListItem","position":2,"name":"CAF aprobar\u00eda cr\u00e9ditos por m\u00e1s de US$ 1,000 millones para Per\u00fa este a\u00f1o"}]},{"@type":"WebSite","@id":"https:\/\/aeronoticias.com.pe\/noticiero\/#website","url":"https:\/\/aeronoticias.com.pe\/noticiero\/","name":"Aeronoticias.com.pe","description":"Noticias de tranporte aereo, turismo, hoteles, gastronomia, actualidad, internacional","potentialAction":[{"@type":"SearchAction","target":{"@type":"EntryPoint","urlTemplate":"https:\/\/aeronoticias.com.pe\/noticiero\/?s={search_term_string}"},"query-input":{"@type":"PropertyValueSpecification","valueRequired":true,"valueName":"search_term_string"}}],"inLanguage":"es"},{"@type":"Person","@id":"https:\/\/aeronoticias.com.pe\/noticiero\/#\/schema\/person\/fc1e5d578f4b62ba1cf7ac2bba1170a0","name":"Redacci\u00f3n Aeronoticias","url":"https:\/\/aeronoticias.com.pe\/noticiero\/author\/piloto\/"}]}},"_links":{"self":[{"href":"https:\/\/aeronoticias.com.pe\/noticiero\/wp-json\/wp\/v2\/posts\/8407","targetHints":{"allow":["GET"]}}],"collection":[{"href":"https:\/\/aeronoticias.com.pe\/noticiero\/wp-json\/wp\/v2\/posts"}],"about":[{"href":"https:\/\/aeronoticias.com.pe\/noticiero\/wp-json\/wp\/v2\/types\/post"}],"author":[{"embeddable":true,"href":"https:\/\/aeronoticias.com.pe\/noticiero\/wp-json\/wp\/v2\/users\/1"}],"replies":[{"embeddable":true,"href":"https:\/\/aeronoticias.com.pe\/noticiero\/wp-json\/wp\/v2\/comments?post=8407"}],"version-history":[{"count":0,"href":"https:\/\/aeronoticias.com.pe\/noticiero\/wp-json\/wp\/v2\/posts\/8407\/revisions"}],"wp:attachment":[{"href":"https:\/\/aeronoticias.com.pe\/noticiero\/wp-json\/wp\/v2\/media?parent=8407"}],"wp:term":[{"taxonomy":"category","embeddable":true,"href":"https:\/\/aeronoticias.com.pe\/noticiero\/wp-json\/wp\/v2\/categories?post=8407"},{"taxonomy":"post_tag","embeddable":true,"href":"https:\/\/aeronoticias.com.pe\/noticiero\/wp-json\/wp\/v2\/tags?post=8407"}],"curies":[{"name":"wp","href":"https:\/\/api.w.org\/{rel}","templated":true}]}}