{"id":84091,"date":"2023-07-04T09:28:43","date_gmt":"2023-07-04T14:28:43","guid":{"rendered":"https:\/\/aeronoticias.com.pe\/noticiero\/?p=84091"},"modified":"2023-07-04T09:28:50","modified_gmt":"2023-07-04T14:28:50","slug":"aerolinea-de-bajo-costo-ultra-air-entra-en-proceso-de-liquidacion-al-igual-que-viva-air","status":"publish","type":"post","link":"https:\/\/aeronoticias.com.pe\/noticiero\/ultimas\/1\/aerolinea-de-bajo-costo-ultra-air-entra-en-proceso-de-liquidacion-al-igual-que-viva-air\/","title":{"rendered":"Aerol\u00ednea de bajo costo, Ultra Air, entra en proceso de liquidaci\u00f3n al igual que Viva Air"},"content":{"rendered":"\n<p><strong>(Aeronoticias)<\/strong>: La\u00a0<strong><a href=\"https:\/\/www.supersociedades.gov.co\/\">Superintendencia de Sociedades de Colombia<\/a>\u00a0<\/strong>ha informado este jueves mediante un comunicado que la\u00a0<strong><a href=\"https:\/\/www.peru-retail.com\/estas-son-las-mejores-aerolineas-del-mundo-para-volar-en-2023\/\">aerol\u00ednea<\/a>\u00a0<\/strong>Ultra Air entrar\u00e1 en el proceso de liquidaci\u00f3n judicial, puesto que no ha podido conseguir el capital necesario para retomar sus operaciones.<\/p>\n\n\n\n<p>El organismo explic\u00f3 que durante el proceso de liquidaci\u00f3n \u201clos acreedores deber\u00e1n presentar sus reclamaciones ante el liquidador, quien elaborar\u00e1 el inventario valorado de activos y la determinaci\u00f3n de los pasivos para aprobaci\u00f3n del Juez del Concurso\u201d.<\/p>\n\n\n\n<p>Adem\u00e1s, el superintendente, Billy Escobar P\u00e9rez explic\u00f3 que esta entidad intenta siempre \u201cadoptar oportunamente las decisiones que busquen la recuperaci\u00f3n de las empresas viables, as\u00ed como su liquidaci\u00f3n pronta y ordenada con el fin de proteger a los trabajadores y acreedores, procurando que los bienes de los deudores contin\u00faen agregando valor dentro de la econom\u00eda colombiana\u201d.<\/p>\n\n\n\n<h2 class=\"wp-block-heading\"><strong>Las causas del adi\u00f3s de Ultra Air<\/strong><\/h2>\n\n\n\n<p>En un comunicado, Ultra dijo que durante el tiempo de operaciones transport\u00f3 a m\u00e1s de dos millones de pasajeros, gan\u00f3 m\u00e1s del 8 % de participaci\u00f3n del mercado colombiano y gener\u00f3 1.200 puestos de trabajo.<\/p>\n\n\n\n<p>\u201cSin embargo, situaciones macroecon\u00f3micas adversas para la industria como el incremento en el costo del combustible y la tasa de cambio, generaron un alza sustancial de costo para las&nbsp;<strong><a href=\"https:\/\/www.peru-retail.com\/aerolineas-arabes-iniciaran-viajes-comerciales-directos-al-peru-muy-pronto-paises-firman-acuerdo\/\">aerol\u00edneas<\/a><\/strong>, lo que conllev\u00f3 a operar deficitariamente durante los \u00faltimos meses\u201d, dijo en el comunicado.<\/p>\n\n\n\n<p>Anteriormente, Ultra Air pidi\u00f3 ayuda del Gobierno de Colombia para poder seguir prestando sus servicios, despu\u00e9s de que la aerol\u00ednea chilena JetSmart se retirara del proceso de la compra de la compa\u00f1\u00eda colombiana.<\/p>\n\n\n\n<p>Hace unas semanas, la compa\u00f1\u00eda a\u00e9rea de \u2018bajo costo\u2019 Viva Air ingres\u00f3 en instancia de liquidaci\u00f3n a partir de la cual deber\u00e1 destinar su capital al pago de deudas.<\/p>\n\n\n\n<p>De acuerdo a lo publicado por el portal Valora Anal\u00edtik, el organismo supervisor de las buenas pr\u00e1cticas empresariales brind\u00f3 detalles del estado de la firma y advirti\u00f3 que \u201cno existe un activo disponible para operar\u201d.<\/p>\n\n\n\n<h2 class=\"wp-block-heading\"><strong>Duro golpe al sector low cost<\/strong><\/h2>\n\n\n\n<p>Con esta noticia, el<strong>&nbsp;sector&nbsp;<a href=\"https:\/\/www.peru-retail.com\/aerolinea-argentina-de-bajo-costo-flybondi-alista-su-ingreso-al-mercado-peruano\/\">low cost<\/a><\/strong>&nbsp;se va quedando sin representantes, ya que tras la salida de Viva el mercado se qued\u00f3 con un vac\u00edo de 20.5%. A este, se le sumar\u00edan los m\u00e1s de 8% de Ultra, lo que significar\u00eda que el sector quedar\u00eda con casi 30% menos de oferta.<\/p>\n\n\n\n<p>Cabe anotar, que hasta el 16 de junio la&nbsp;<strong>aerol\u00ednea&nbsp;<\/strong>ten\u00eda una cuenta pendiente por pagar de US$ 8 millones a Bancolombia y otros US$ 14 millones en cuentas por mora. Por esto mismo, se entr\u00f3 a un proceso de reestructuraci\u00f3n del cual Ultra no pudo salir.<\/p>\n\n\n\n<p>A su vez, revel\u00f3 que la situaci\u00f3n de caja est\u00e1 \u201cabsolutamente resquebrajada\u201d y que no es posible gestionar los fondos de la compa\u00f1\u00eda debido a los embargos y presiones ejecutados por sus acreedores.<\/p>\n\n\n\n<p><strong>Fuente: Peru-retail.com<\/strong><\/p>\n","protected":false},"excerpt":{"rendered":"<p>(Aeronoticias): La\u00a0Superintendencia de Sociedades de Colombia\u00a0ha informado este jueves mediante un comunicado que la\u00a0aerol\u00ednea\u00a0Ultra Air entrar\u00e1 en el proceso de liquidaci\u00f3n judicial, puesto que no ha podido conseguir el capital necesario para retomar sus operaciones. El organismo explic\u00f3 que durante el proceso de liquidaci\u00f3n \u201clos acreedores deber\u00e1n presentar sus reclamaciones ante el liquidador, quien elaborar\u00e1 [&hellip;]<\/p>\n","protected":false},"author":3,"featured_media":84092,"comment_status":"open","ping_status":"open","sticky":false,"template":"","format":"standard","meta":{"tdm_status":"","tdm_grid_status":"","footnotes":""},"categories":[8,30],"tags":[853],"class_list":{"0":"post-84091","1":"post","2":"type-post","3":"status-publish","4":"format-standard","5":"has-post-thumbnail","7":"category-ultimas","8":"category-30","9":"tag-ultra-air"},"yoast_head":"<!-- This site is optimized with the Yoast SEO plugin v25.1 - https:\/\/yoast.com\/wordpress\/plugins\/seo\/ -->\n<title>Aerol\u00ednea de bajo costo, Ultra Air, entra en proceso de liquidaci\u00f3n al igual que Viva Air<\/title>\n<meta name=\"description\" content=\"El sector Low Cost sufre otro golpe con la salida de Ultra Air, sum\u00e1ndose a la reciente liquidaci\u00f3n de Viva Air, dejando un vac\u00edo significativo en el mercado a\u00e9reo.\" \/>\n<meta name=\"robots\" content=\"index, follow, max-snippet:-1, max-image-preview:large, max-video-preview:-1\" \/>\n<link rel=\"canonical\" href=\"https:\/\/aeronoticias.com.pe\/noticiero\/ultimas\/1\/aerolinea-de-bajo-costo-ultra-air-entra-en-proceso-de-liquidacion-al-igual-que-viva-air\/\" \/>\n<meta property=\"og:locale\" content=\"es_ES\" \/>\n<meta property=\"og:type\" content=\"article\" \/>\n<meta property=\"og:title\" content=\"Aerol\u00ednea de bajo costo, Ultra Air, entra en proceso de liquidaci\u00f3n al igual que Viva Air\" \/>\n<meta property=\"og:description\" content=\"El sector Low Cost sufre otro golpe con la salida de Ultra Air, sum\u00e1ndose a la reciente liquidaci\u00f3n de Viva Air, dejando un vac\u00edo significativo en el mercado a\u00e9reo.\" \/>\n<meta property=\"og:url\" content=\"https:\/\/aeronoticias.com.pe\/noticiero\/ultimas\/1\/aerolinea-de-bajo-costo-ultra-air-entra-en-proceso-de-liquidacion-al-igual-que-viva-air\/\" \/>\n<meta property=\"og:site_name\" content=\"Aeronoticias.com.pe\" \/>\n<meta property=\"article:publisher\" content=\"https:\/\/www.facebook.com\/Aeronoticias.com.pe\/\" \/>\n<meta property=\"article:published_time\" content=\"2023-07-04T14:28:43+00:00\" \/>\n<meta property=\"article:modified_time\" content=\"2023-07-04T14:28:50+00:00\" \/>\n<meta property=\"og:image\" content=\"https:\/\/aeronoticias.com.pe\/noticiero\/wp-content\/uploads\/2023\/07\/ultra.jpg\" \/>\n\t<meta property=\"og:image:width\" content=\"750\" \/>\n\t<meta property=\"og:image:height\" content=\"375\" \/>\n\t<meta property=\"og:image:type\" content=\"image\/jpeg\" \/>\n<meta name=\"author\" content=\"Redacci\u00f3n\" \/>\n<meta name=\"twitter:card\" content=\"summary_large_image\" \/>\n<meta name=\"twitter:creator\" content=\"@aeronoticias\" \/>\n<meta name=\"twitter:site\" content=\"@aeronoticias\" \/>\n<meta name=\"twitter:label1\" content=\"Escrito por\" \/>\n\t<meta name=\"twitter:data1\" content=\"Redacci\u00f3n\" \/>\n\t<meta name=\"twitter:label2\" content=\"Tiempo de lectura\" \/>\n\t<meta name=\"twitter:data2\" content=\"2 minutos\" \/>\n<script type=\"application\/ld+json\" class=\"yoast-schema-graph\">{\"@context\":\"https:\/\/schema.org\",\"@graph\":[{\"@type\":\"WebPage\",\"@id\":\"https:\/\/aeronoticias.com.pe\/noticiero\/ultimas\/1\/aerolinea-de-bajo-costo-ultra-air-entra-en-proceso-de-liquidacion-al-igual-que-viva-air\/\",\"url\":\"https:\/\/aeronoticias.com.pe\/noticiero\/ultimas\/1\/aerolinea-de-bajo-costo-ultra-air-entra-en-proceso-de-liquidacion-al-igual-que-viva-air\/\",\"name\":\"Aerol\u00ednea de bajo costo, Ultra Air, entra en proceso de liquidaci\u00f3n al igual que Viva Air\",\"isPartOf\":{\"@id\":\"https:\/\/aeronoticias.com.pe\/noticiero\/#website\"},\"primaryImageOfPage\":{\"@id\":\"https:\/\/aeronoticias.com.pe\/noticiero\/ultimas\/1\/aerolinea-de-bajo-costo-ultra-air-entra-en-proceso-de-liquidacion-al-igual-que-viva-air\/#primaryimage\"},\"image\":{\"@id\":\"https:\/\/aeronoticias.com.pe\/noticiero\/ultimas\/1\/aerolinea-de-bajo-costo-ultra-air-entra-en-proceso-de-liquidacion-al-igual-que-viva-air\/#primaryimage\"},\"thumbnailUrl\":\"https:\/\/aeronoticias.com.pe\/noticiero\/wp-content\/uploads\/2023\/07\/ultra.jpg\",\"datePublished\":\"2023-07-04T14:28:43+00:00\",\"dateModified\":\"2023-07-04T14:28:50+00:00\",\"author\":{\"@id\":\"https:\/\/aeronoticias.com.pe\/noticiero\/#\/schema\/person\/16212a617c73f78916b13194154243bd\"},\"description\":\"El sector Low Cost sufre otro golpe con la salida de Ultra Air, sum\u00e1ndose a la reciente liquidaci\u00f3n de Viva Air, dejando un vac\u00edo significativo en el mercado a\u00e9reo.\",\"breadcrumb\":{\"@id\":\"https:\/\/aeronoticias.com.pe\/noticiero\/ultimas\/1\/aerolinea-de-bajo-costo-ultra-air-entra-en-proceso-de-liquidacion-al-igual-que-viva-air\/#breadcrumb\"},\"inLanguage\":\"es\",\"potentialAction\":[{\"@type\":\"ReadAction\",\"target\":[\"https:\/\/aeronoticias.com.pe\/noticiero\/ultimas\/1\/aerolinea-de-bajo-costo-ultra-air-entra-en-proceso-de-liquidacion-al-igual-que-viva-air\/\"]}]},{\"@type\":\"ImageObject\",\"inLanguage\":\"es\",\"@id\":\"https:\/\/aeronoticias.com.pe\/noticiero\/ultimas\/1\/aerolinea-de-bajo-costo-ultra-air-entra-en-proceso-de-liquidacion-al-igual-que-viva-air\/#primaryimage\",\"url\":\"https:\/\/aeronoticias.com.pe\/noticiero\/wp-content\/uploads\/2023\/07\/ultra.jpg\",\"contentUrl\":\"https:\/\/aeronoticias.com.pe\/noticiero\/wp-content\/uploads\/2023\/07\/ultra.jpg\",\"width\":750,\"height\":375},{\"@type\":\"BreadcrumbList\",\"@id\":\"https:\/\/aeronoticias.com.pe\/noticiero\/ultimas\/1\/aerolinea-de-bajo-costo-ultra-air-entra-en-proceso-de-liquidacion-al-igual-que-viva-air\/#breadcrumb\",\"itemListElement\":[{\"@type\":\"ListItem\",\"position\":1,\"name\":\"Portada\",\"item\":\"https:\/\/aeronoticias.com.pe\/noticiero\/\"},{\"@type\":\"ListItem\",\"position\":2,\"name\":\"Aerol\u00ednea de bajo costo, Ultra Air, entra en proceso de liquidaci\u00f3n al igual que Viva Air\"}]},{\"@type\":\"WebSite\",\"@id\":\"https:\/\/aeronoticias.com.pe\/noticiero\/#website\",\"url\":\"https:\/\/aeronoticias.com.pe\/noticiero\/\",\"name\":\"Aeronoticias.com.pe\",\"description\":\"Noticias de tranporte aereo, turismo, hoteles, gastronomia, actualidad, internacional\",\"potentialAction\":[{\"@type\":\"SearchAction\",\"target\":{\"@type\":\"EntryPoint\",\"urlTemplate\":\"https:\/\/aeronoticias.com.pe\/noticiero\/?s={search_term_string}\"},\"query-input\":{\"@type\":\"PropertyValueSpecification\",\"valueRequired\":true,\"valueName\":\"search_term_string\"}}],\"inLanguage\":\"es\"},{\"@type\":\"Person\",\"@id\":\"https:\/\/aeronoticias.com.pe\/noticiero\/#\/schema\/person\/16212a617c73f78916b13194154243bd\",\"name\":\"Redacci\u00f3n\",\"sameAs\":[\"http:\/\/Redacci\u00f3n\"],\"url\":\"https:\/\/aeronoticias.com.pe\/noticiero\/author\/celeste\/\"}]}<\/script>\n<!-- \/ Yoast SEO plugin. -->","yoast_head_json":{"title":"Aerol\u00ednea de bajo costo, Ultra Air, entra en proceso de liquidaci\u00f3n al igual que Viva Air","description":"El sector Low Cost sufre otro golpe con la salida de Ultra Air, sum\u00e1ndose a la reciente liquidaci\u00f3n de Viva Air, dejando un vac\u00edo significativo en el mercado a\u00e9reo.","robots":{"index":"index","follow":"follow","max-snippet":"max-snippet:-1","max-image-preview":"max-image-preview:large","max-video-preview":"max-video-preview:-1"},"canonical":"https:\/\/aeronoticias.com.pe\/noticiero\/ultimas\/1\/aerolinea-de-bajo-costo-ultra-air-entra-en-proceso-de-liquidacion-al-igual-que-viva-air\/","og_locale":"es_ES","og_type":"article","og_title":"Aerol\u00ednea de bajo costo, Ultra Air, entra en proceso de liquidaci\u00f3n al igual que Viva Air","og_description":"El sector Low Cost sufre otro golpe con la salida de Ultra Air, sum\u00e1ndose a la reciente liquidaci\u00f3n de Viva Air, dejando un vac\u00edo significativo en el mercado a\u00e9reo.","og_url":"https:\/\/aeronoticias.com.pe\/noticiero\/ultimas\/1\/aerolinea-de-bajo-costo-ultra-air-entra-en-proceso-de-liquidacion-al-igual-que-viva-air\/","og_site_name":"Aeronoticias.com.pe","article_publisher":"https:\/\/www.facebook.com\/Aeronoticias.com.pe\/","article_published_time":"2023-07-04T14:28:43+00:00","article_modified_time":"2023-07-04T14:28:50+00:00","og_image":[{"width":750,"height":375,"url":"https:\/\/aeronoticias.com.pe\/noticiero\/wp-content\/uploads\/2023\/07\/ultra.jpg","type":"image\/jpeg"}],"author":"Redacci\u00f3n","twitter_card":"summary_large_image","twitter_creator":"@aeronoticias","twitter_site":"@aeronoticias","twitter_misc":{"Escrito por":"Redacci\u00f3n","Tiempo de lectura":"2 minutos"},"schema":{"@context":"https:\/\/schema.org","@graph":[{"@type":"WebPage","@id":"https:\/\/aeronoticias.com.pe\/noticiero\/ultimas\/1\/aerolinea-de-bajo-costo-ultra-air-entra-en-proceso-de-liquidacion-al-igual-que-viva-air\/","url":"https:\/\/aeronoticias.com.pe\/noticiero\/ultimas\/1\/aerolinea-de-bajo-costo-ultra-air-entra-en-proceso-de-liquidacion-al-igual-que-viva-air\/","name":"Aerol\u00ednea de bajo costo, Ultra Air, entra en proceso de liquidaci\u00f3n al igual que Viva Air","isPartOf":{"@id":"https:\/\/aeronoticias.com.pe\/noticiero\/#website"},"primaryImageOfPage":{"@id":"https:\/\/aeronoticias.com.pe\/noticiero\/ultimas\/1\/aerolinea-de-bajo-costo-ultra-air-entra-en-proceso-de-liquidacion-al-igual-que-viva-air\/#primaryimage"},"image":{"@id":"https:\/\/aeronoticias.com.pe\/noticiero\/ultimas\/1\/aerolinea-de-bajo-costo-ultra-air-entra-en-proceso-de-liquidacion-al-igual-que-viva-air\/#primaryimage"},"thumbnailUrl":"https:\/\/aeronoticias.com.pe\/noticiero\/wp-content\/uploads\/2023\/07\/ultra.jpg","datePublished":"2023-07-04T14:28:43+00:00","dateModified":"2023-07-04T14:28:50+00:00","author":{"@id":"https:\/\/aeronoticias.com.pe\/noticiero\/#\/schema\/person\/16212a617c73f78916b13194154243bd"},"description":"El sector Low Cost sufre otro golpe con la salida de Ultra Air, sum\u00e1ndose a la reciente liquidaci\u00f3n de Viva Air, dejando un vac\u00edo significativo en el mercado a\u00e9reo.","breadcrumb":{"@id":"https:\/\/aeronoticias.com.pe\/noticiero\/ultimas\/1\/aerolinea-de-bajo-costo-ultra-air-entra-en-proceso-de-liquidacion-al-igual-que-viva-air\/#breadcrumb"},"inLanguage":"es","potentialAction":[{"@type":"ReadAction","target":["https:\/\/aeronoticias.com.pe\/noticiero\/ultimas\/1\/aerolinea-de-bajo-costo-ultra-air-entra-en-proceso-de-liquidacion-al-igual-que-viva-air\/"]}]},{"@type":"ImageObject","inLanguage":"es","@id":"https:\/\/aeronoticias.com.pe\/noticiero\/ultimas\/1\/aerolinea-de-bajo-costo-ultra-air-entra-en-proceso-de-liquidacion-al-igual-que-viva-air\/#primaryimage","url":"https:\/\/aeronoticias.com.pe\/noticiero\/wp-content\/uploads\/2023\/07\/ultra.jpg","contentUrl":"https:\/\/aeronoticias.com.pe\/noticiero\/wp-content\/uploads\/2023\/07\/ultra.jpg","width":750,"height":375},{"@type":"BreadcrumbList","@id":"https:\/\/aeronoticias.com.pe\/noticiero\/ultimas\/1\/aerolinea-de-bajo-costo-ultra-air-entra-en-proceso-de-liquidacion-al-igual-que-viva-air\/#breadcrumb","itemListElement":[{"@type":"ListItem","position":1,"name":"Portada","item":"https:\/\/aeronoticias.com.pe\/noticiero\/"},{"@type":"ListItem","position":2,"name":"Aerol\u00ednea de bajo costo, Ultra Air, entra en proceso de liquidaci\u00f3n al igual que Viva Air"}]},{"@type":"WebSite","@id":"https:\/\/aeronoticias.com.pe\/noticiero\/#website","url":"https:\/\/aeronoticias.com.pe\/noticiero\/","name":"Aeronoticias.com.pe","description":"Noticias de tranporte aereo, turismo, hoteles, gastronomia, actualidad, internacional","potentialAction":[{"@type":"SearchAction","target":{"@type":"EntryPoint","urlTemplate":"https:\/\/aeronoticias.com.pe\/noticiero\/?s={search_term_string}"},"query-input":{"@type":"PropertyValueSpecification","valueRequired":true,"valueName":"search_term_string"}}],"inLanguage":"es"},{"@type":"Person","@id":"https:\/\/aeronoticias.com.pe\/noticiero\/#\/schema\/person\/16212a617c73f78916b13194154243bd","name":"Redacci\u00f3n","sameAs":["http:\/\/Redacci\u00f3n"],"url":"https:\/\/aeronoticias.com.pe\/noticiero\/author\/celeste\/"}]}},"_links":{"self":[{"href":"https:\/\/aeronoticias.com.pe\/noticiero\/wp-json\/wp\/v2\/posts\/84091","targetHints":{"allow":["GET"]}}],"collection":[{"href":"https:\/\/aeronoticias.com.pe\/noticiero\/wp-json\/wp\/v2\/posts"}],"about":[{"href":"https:\/\/aeronoticias.com.pe\/noticiero\/wp-json\/wp\/v2\/types\/post"}],"author":[{"embeddable":true,"href":"https:\/\/aeronoticias.com.pe\/noticiero\/wp-json\/wp\/v2\/users\/3"}],"replies":[{"embeddable":true,"href":"https:\/\/aeronoticias.com.pe\/noticiero\/wp-json\/wp\/v2\/comments?post=84091"}],"version-history":[{"count":0,"href":"https:\/\/aeronoticias.com.pe\/noticiero\/wp-json\/wp\/v2\/posts\/84091\/revisions"}],"wp:featuredmedia":[{"embeddable":true,"href":"https:\/\/aeronoticias.com.pe\/noticiero\/wp-json\/wp\/v2\/media\/84092"}],"wp:attachment":[{"href":"https:\/\/aeronoticias.com.pe\/noticiero\/wp-json\/wp\/v2\/media?parent=84091"}],"wp:term":[{"taxonomy":"category","embeddable":true,"href":"https:\/\/aeronoticias.com.pe\/noticiero\/wp-json\/wp\/v2\/categories?post=84091"},{"taxonomy":"post_tag","embeddable":true,"href":"https:\/\/aeronoticias.com.pe\/noticiero\/wp-json\/wp\/v2\/tags?post=84091"}],"curies":[{"name":"wp","href":"https:\/\/api.w.org\/{rel}","templated":true}]}}