{"id":84095,"date":"2023-07-04T09:52:38","date_gmt":"2023-07-04T14:52:38","guid":{"rendered":"https:\/\/aeronoticias.com.pe\/noticiero\/?p=84095"},"modified":"2023-07-04T09:52:46","modified_gmt":"2023-07-04T14:52:46","slug":"iberia-lanza-la-tercera-edicion-de-su-programa-de-pilotos-cadetes","status":"publish","type":"post","link":"https:\/\/aeronoticias.com.pe\/noticiero\/transporte-aereo\/internacional\/iberia-lanza-la-tercera-edicion-de-su-programa-de-pilotos-cadetes\/","title":{"rendered":"Iberia lanza la tercera edici\u00f3n de su Programa de Pilotos Cadetes"},"content":{"rendered":"\n<p><strong>(Aeronoticias)<\/strong>: La aerol\u00ednea espa\u00f1ola\u00a0<strong><a href=\"https:\/\/aviacionaldia.com\/iberia\">Iberia<\/a><\/strong>\u00a0lanz\u00f3 este martes la tercera edici\u00f3n de su\u00a0<strong>Programa de Pilotos Cadetes\u00a0<\/strong>en colaboraci\u00f3n con la escuela Flight Training Europe (FTE) de Jerez.<\/p>\n\n\n\n<p>Hasta el 21 de julio, los interesados en formarse como pilotos, podr\u00e1n postularse en&nbsp;<a href=\"http:\/\/www.ftejerez.com\/iberia\" target=\"_blank\" rel=\"noreferrer noopener\">ftejerez.com\/iberia<\/a>, donde pueden consultarse tambi\u00e9n los requisitos y condiciones de este programa de Iberia, cuyo objetivo es seleccionar a los profesionales m\u00e1s cualificados participando en su entrenamiento y, al mismo tiempo, promover la profesi\u00f3n de piloto ayudando a financiar su formaci\u00f3n.<\/p>\n\n\n\n<p>\u201cEstamos muy ilusionados con el lanzamiento de esta tercera promoci\u00f3n de pilotos cadetes de Iberia, s\u00edntoma de que el programa est\u00e1 dando buenos resultados tanto para los candidatos como para la compa\u00f1\u00eda y, sobre todo, de que estamos en un momento de alta demanda de estos profesionales en el sector a\u00e9reo\u201d, ha comentado Rafael Jim\u00e9nez-Hoyos, director de Producci\u00f3n de Iberia.<\/p>\n\n\n\n<p><strong><em><a href=\"https:\/\/aviacionaldia.com\/2023\/06\/iberia-renueva-su-servicio-a-bordo.html\">Iberia renueva su servicio a bordo<\/a><\/em><\/strong><\/p>\n\n\n\n<p>Iberia Cadetes es un programa para promover tambi\u00e9n la profesi\u00f3n de piloto entre los j\u00f3venes, ayud\u00e1ndoles en la financiaci\u00f3n de su formaci\u00f3n en condiciones muy ventajosas para que puedan desarrollar su vocaci\u00f3n.<\/p>\n\n\n\n<p>Una vez que hayan completado el programa de formaci\u00f3n cadetes Iberi-FTE Jerez, el inter\u00e9s de Iberia es facilitar, en la medida en que se den las condiciones requeridas, la incorporaci\u00f3n de estos cadetes al mercado laboral a trav\u00e9s de las aerol\u00edneas del Grupo Iberia para que de esta forma puedan, adem\u00e1s, comenzar con la devoluci\u00f3n de la aportaci\u00f3n de Iberia a sus estudios.<\/p>\n\n\n\n<p>En concreto, Iberia ha incorporado ya a 19 pilotos de las dos ediciones anteriores del programa. Ahora se seleccionar\u00e1 a 16 candidatos que, previsiblemente, comenzar\u00e1n su formaci\u00f3n en el \u00faltimo trimestre de 2023.<\/p>\n\n\n\n<p><strong>M\u00e1s de 100 nuevos pilotos y una nueva convocatoria<\/strong><\/p>\n\n\n\n<p>En lo que va de a\u00f1o, Iberia ha contratado ya m\u00e1s de 100 nuevos pilotos para cubrir el crecimiento que est\u00e1 experimentando la compa\u00f1\u00eda en todos sus mercados.<\/p>\n\n\n\n<p>Adem\u00e1s, la aerol\u00ednea acaba de lanzar un nueva convocatoria para Pilotos con habilitaci\u00f3n de tipo Airbus (A320, A330, A340, A350 o A380), que cuenten con una experiencia m\u00ednima de 150 horas de vuelo en avi\u00f3n de tipo Airbus Fly by Wire. Esta convocatoria estar\u00e1 abierta hasta el 31 de julio de 2023 y todos los requisitos pueden consultarse Ingresando\u00a0<a href=\"https:\/\/iberia.aplygo.com\/job\/seleccion-de-pilotos-de-iberia-2023-30226\/\" target=\"_blank\" rel=\"noreferrer noopener\">Aqu\u00ed<\/a>.<\/p>\n\n\n\n<p><strong>Fuente: aviacionaldia.com<\/strong><\/p>\n","protected":false},"excerpt":{"rendered":"<p>(Aeronoticias): La aerol\u00ednea espa\u00f1ola\u00a0Iberia\u00a0lanz\u00f3 este martes la tercera edici\u00f3n de su\u00a0Programa de Pilotos Cadetes\u00a0en colaboraci\u00f3n con la escuela Flight Training Europe (FTE) de Jerez. Hasta el 21 de julio, los interesados en formarse como pilotos, podr\u00e1n postularse en&nbsp;ftejerez.com\/iberia, donde pueden consultarse tambi\u00e9n los requisitos y condiciones de este programa de Iberia, cuyo objetivo es seleccionar [&hellip;]<\/p>\n","protected":false},"author":3,"featured_media":84096,"comment_status":"open","ping_status":"open","sticky":false,"template":"","format":"standard","meta":{"tdm_status":"","tdm_grid_status":"","footnotes":""},"categories":[32,34],"tags":[3210,268,3211],"class_list":{"0":"post-84095","1":"post","2":"type-post","3":"status-publish","4":"format-standard","5":"has-post-thumbnail","7":"category-internacional","8":"category-internacionales","9":"tag-fte","10":"tag-iberia","11":"tag-programa-de-pilotos-cadetes"},"yoast_head":"<!-- This site is optimized with the Yoast SEO plugin v25.1 - https:\/\/yoast.com\/wordpress\/plugins\/seo\/ -->\n<title>Iberia lanza la tercera edici\u00f3n de su Programa de Pilotos Cadetes<\/title>\n<meta name=\"description\" content=\"Portal de noticias del Per\u00fa sobre el transporte a\u00e9reo, aviaci\u00f3n, turismo, hoteleria, actualidad.\" \/>\n<meta name=\"robots\" content=\"index, follow, max-snippet:-1, max-image-preview:large, max-video-preview:-1\" \/>\n<link rel=\"canonical\" href=\"https:\/\/aeronoticias.com.pe\/noticiero\/transporte-aereo\/internacional\/iberia-lanza-la-tercera-edicion-de-su-programa-de-pilotos-cadetes\/\" \/>\n<meta property=\"og:locale\" content=\"es_ES\" \/>\n<meta property=\"og:type\" content=\"article\" \/>\n<meta property=\"og:title\" content=\"Iberia lanza la tercera edici\u00f3n de su Programa de Pilotos Cadetes\" \/>\n<meta property=\"og:description\" content=\"Portal de noticias del Per\u00fa sobre el transporte a\u00e9reo, aviaci\u00f3n, turismo, hoteleria, actualidad.\" \/>\n<meta property=\"og:url\" content=\"https:\/\/aeronoticias.com.pe\/noticiero\/transporte-aereo\/internacional\/iberia-lanza-la-tercera-edicion-de-su-programa-de-pilotos-cadetes\/\" \/>\n<meta property=\"og:site_name\" content=\"Aeronoticias.com.pe\" \/>\n<meta property=\"article:publisher\" content=\"https:\/\/www.facebook.com\/Aeronoticias.com.pe\/\" \/>\n<meta property=\"article:published_time\" content=\"2023-07-04T14:52:38+00:00\" \/>\n<meta property=\"article:modified_time\" content=\"2023-07-04T14:52:46+00:00\" \/>\n<meta property=\"og:image\" content=\"https:\/\/aeronoticias.com.pe\/noticiero\/wp-content\/uploads\/2023\/07\/pilotos.jpg\" \/>\n\t<meta property=\"og:image:width\" content=\"800\" \/>\n\t<meta property=\"og:image:height\" content=\"400\" \/>\n\t<meta property=\"og:image:type\" content=\"image\/jpeg\" \/>\n<meta name=\"author\" content=\"Redacci\u00f3n\" \/>\n<meta name=\"twitter:card\" content=\"summary_large_image\" \/>\n<meta name=\"twitter:creator\" content=\"@aeronoticias\" \/>\n<meta name=\"twitter:site\" content=\"@aeronoticias\" \/>\n<meta name=\"twitter:label1\" content=\"Escrito por\" \/>\n\t<meta name=\"twitter:data1\" content=\"Redacci\u00f3n\" \/>\n\t<meta name=\"twitter:label2\" content=\"Tiempo de lectura\" \/>\n\t<meta name=\"twitter:data2\" content=\"2 minutos\" \/>\n<script type=\"application\/ld+json\" class=\"yoast-schema-graph\">{\"@context\":\"https:\/\/schema.org\",\"@graph\":[{\"@type\":\"WebPage\",\"@id\":\"https:\/\/aeronoticias.com.pe\/noticiero\/transporte-aereo\/internacional\/iberia-lanza-la-tercera-edicion-de-su-programa-de-pilotos-cadetes\/\",\"url\":\"https:\/\/aeronoticias.com.pe\/noticiero\/transporte-aereo\/internacional\/iberia-lanza-la-tercera-edicion-de-su-programa-de-pilotos-cadetes\/\",\"name\":\"Iberia lanza la tercera edici\u00f3n de su Programa de Pilotos Cadetes\",\"isPartOf\":{\"@id\":\"https:\/\/aeronoticias.com.pe\/noticiero\/#website\"},\"primaryImageOfPage\":{\"@id\":\"https:\/\/aeronoticias.com.pe\/noticiero\/transporte-aereo\/internacional\/iberia-lanza-la-tercera-edicion-de-su-programa-de-pilotos-cadetes\/#primaryimage\"},\"image\":{\"@id\":\"https:\/\/aeronoticias.com.pe\/noticiero\/transporte-aereo\/internacional\/iberia-lanza-la-tercera-edicion-de-su-programa-de-pilotos-cadetes\/#primaryimage\"},\"thumbnailUrl\":\"https:\/\/aeronoticias.com.pe\/noticiero\/wp-content\/uploads\/2023\/07\/pilotos.jpg\",\"datePublished\":\"2023-07-04T14:52:38+00:00\",\"dateModified\":\"2023-07-04T14:52:46+00:00\",\"author\":{\"@id\":\"https:\/\/aeronoticias.com.pe\/noticiero\/#\/schema\/person\/16212a617c73f78916b13194154243bd\"},\"description\":\"Portal de noticias del Per\u00fa sobre el transporte a\u00e9reo, aviaci\u00f3n, turismo, hoteleria, actualidad.\",\"breadcrumb\":{\"@id\":\"https:\/\/aeronoticias.com.pe\/noticiero\/transporte-aereo\/internacional\/iberia-lanza-la-tercera-edicion-de-su-programa-de-pilotos-cadetes\/#breadcrumb\"},\"inLanguage\":\"es\",\"potentialAction\":[{\"@type\":\"ReadAction\",\"target\":[\"https:\/\/aeronoticias.com.pe\/noticiero\/transporte-aereo\/internacional\/iberia-lanza-la-tercera-edicion-de-su-programa-de-pilotos-cadetes\/\"]}]},{\"@type\":\"ImageObject\",\"inLanguage\":\"es\",\"@id\":\"https:\/\/aeronoticias.com.pe\/noticiero\/transporte-aereo\/internacional\/iberia-lanza-la-tercera-edicion-de-su-programa-de-pilotos-cadetes\/#primaryimage\",\"url\":\"https:\/\/aeronoticias.com.pe\/noticiero\/wp-content\/uploads\/2023\/07\/pilotos.jpg\",\"contentUrl\":\"https:\/\/aeronoticias.com.pe\/noticiero\/wp-content\/uploads\/2023\/07\/pilotos.jpg\",\"width\":800,\"height\":400},{\"@type\":\"BreadcrumbList\",\"@id\":\"https:\/\/aeronoticias.com.pe\/noticiero\/transporte-aereo\/internacional\/iberia-lanza-la-tercera-edicion-de-su-programa-de-pilotos-cadetes\/#breadcrumb\",\"itemListElement\":[{\"@type\":\"ListItem\",\"position\":1,\"name\":\"Portada\",\"item\":\"https:\/\/aeronoticias.com.pe\/noticiero\/\"},{\"@type\":\"ListItem\",\"position\":2,\"name\":\"Iberia lanza la tercera edici\u00f3n de su Programa de Pilotos Cadetes\"}]},{\"@type\":\"WebSite\",\"@id\":\"https:\/\/aeronoticias.com.pe\/noticiero\/#website\",\"url\":\"https:\/\/aeronoticias.com.pe\/noticiero\/\",\"name\":\"Aeronoticias.com.pe\",\"description\":\"Noticias de tranporte aereo, turismo, hoteles, gastronomia, actualidad, internacional\",\"potentialAction\":[{\"@type\":\"SearchAction\",\"target\":{\"@type\":\"EntryPoint\",\"urlTemplate\":\"https:\/\/aeronoticias.com.pe\/noticiero\/?s={search_term_string}\"},\"query-input\":{\"@type\":\"PropertyValueSpecification\",\"valueRequired\":true,\"valueName\":\"search_term_string\"}}],\"inLanguage\":\"es\"},{\"@type\":\"Person\",\"@id\":\"https:\/\/aeronoticias.com.pe\/noticiero\/#\/schema\/person\/16212a617c73f78916b13194154243bd\",\"name\":\"Redacci\u00f3n\",\"sameAs\":[\"http:\/\/Redacci\u00f3n\"],\"url\":\"https:\/\/aeronoticias.com.pe\/noticiero\/author\/celeste\/\"}]}<\/script>\n<!-- \/ Yoast SEO plugin. -->","yoast_head_json":{"title":"Iberia lanza la tercera edici\u00f3n de su Programa de Pilotos Cadetes","description":"Portal de noticias del Per\u00fa sobre el transporte a\u00e9reo, aviaci\u00f3n, turismo, hoteleria, actualidad.","robots":{"index":"index","follow":"follow","max-snippet":"max-snippet:-1","max-image-preview":"max-image-preview:large","max-video-preview":"max-video-preview:-1"},"canonical":"https:\/\/aeronoticias.com.pe\/noticiero\/transporte-aereo\/internacional\/iberia-lanza-la-tercera-edicion-de-su-programa-de-pilotos-cadetes\/","og_locale":"es_ES","og_type":"article","og_title":"Iberia lanza la tercera edici\u00f3n de su Programa de Pilotos Cadetes","og_description":"Portal de noticias del Per\u00fa sobre el transporte a\u00e9reo, aviaci\u00f3n, turismo, hoteleria, actualidad.","og_url":"https:\/\/aeronoticias.com.pe\/noticiero\/transporte-aereo\/internacional\/iberia-lanza-la-tercera-edicion-de-su-programa-de-pilotos-cadetes\/","og_site_name":"Aeronoticias.com.pe","article_publisher":"https:\/\/www.facebook.com\/Aeronoticias.com.pe\/","article_published_time":"2023-07-04T14:52:38+00:00","article_modified_time":"2023-07-04T14:52:46+00:00","og_image":[{"width":800,"height":400,"url":"https:\/\/aeronoticias.com.pe\/noticiero\/wp-content\/uploads\/2023\/07\/pilotos.jpg","type":"image\/jpeg"}],"author":"Redacci\u00f3n","twitter_card":"summary_large_image","twitter_creator":"@aeronoticias","twitter_site":"@aeronoticias","twitter_misc":{"Escrito por":"Redacci\u00f3n","Tiempo de lectura":"2 minutos"},"schema":{"@context":"https:\/\/schema.org","@graph":[{"@type":"WebPage","@id":"https:\/\/aeronoticias.com.pe\/noticiero\/transporte-aereo\/internacional\/iberia-lanza-la-tercera-edicion-de-su-programa-de-pilotos-cadetes\/","url":"https:\/\/aeronoticias.com.pe\/noticiero\/transporte-aereo\/internacional\/iberia-lanza-la-tercera-edicion-de-su-programa-de-pilotos-cadetes\/","name":"Iberia lanza la tercera edici\u00f3n de su Programa de Pilotos Cadetes","isPartOf":{"@id":"https:\/\/aeronoticias.com.pe\/noticiero\/#website"},"primaryImageOfPage":{"@id":"https:\/\/aeronoticias.com.pe\/noticiero\/transporte-aereo\/internacional\/iberia-lanza-la-tercera-edicion-de-su-programa-de-pilotos-cadetes\/#primaryimage"},"image":{"@id":"https:\/\/aeronoticias.com.pe\/noticiero\/transporte-aereo\/internacional\/iberia-lanza-la-tercera-edicion-de-su-programa-de-pilotos-cadetes\/#primaryimage"},"thumbnailUrl":"https:\/\/aeronoticias.com.pe\/noticiero\/wp-content\/uploads\/2023\/07\/pilotos.jpg","datePublished":"2023-07-04T14:52:38+00:00","dateModified":"2023-07-04T14:52:46+00:00","author":{"@id":"https:\/\/aeronoticias.com.pe\/noticiero\/#\/schema\/person\/16212a617c73f78916b13194154243bd"},"description":"Portal de noticias del Per\u00fa sobre el transporte a\u00e9reo, aviaci\u00f3n, turismo, hoteleria, actualidad.","breadcrumb":{"@id":"https:\/\/aeronoticias.com.pe\/noticiero\/transporte-aereo\/internacional\/iberia-lanza-la-tercera-edicion-de-su-programa-de-pilotos-cadetes\/#breadcrumb"},"inLanguage":"es","potentialAction":[{"@type":"ReadAction","target":["https:\/\/aeronoticias.com.pe\/noticiero\/transporte-aereo\/internacional\/iberia-lanza-la-tercera-edicion-de-su-programa-de-pilotos-cadetes\/"]}]},{"@type":"ImageObject","inLanguage":"es","@id":"https:\/\/aeronoticias.com.pe\/noticiero\/transporte-aereo\/internacional\/iberia-lanza-la-tercera-edicion-de-su-programa-de-pilotos-cadetes\/#primaryimage","url":"https:\/\/aeronoticias.com.pe\/noticiero\/wp-content\/uploads\/2023\/07\/pilotos.jpg","contentUrl":"https:\/\/aeronoticias.com.pe\/noticiero\/wp-content\/uploads\/2023\/07\/pilotos.jpg","width":800,"height":400},{"@type":"BreadcrumbList","@id":"https:\/\/aeronoticias.com.pe\/noticiero\/transporte-aereo\/internacional\/iberia-lanza-la-tercera-edicion-de-su-programa-de-pilotos-cadetes\/#breadcrumb","itemListElement":[{"@type":"ListItem","position":1,"name":"Portada","item":"https:\/\/aeronoticias.com.pe\/noticiero\/"},{"@type":"ListItem","position":2,"name":"Iberia lanza la tercera edici\u00f3n de su Programa de Pilotos Cadetes"}]},{"@type":"WebSite","@id":"https:\/\/aeronoticias.com.pe\/noticiero\/#website","url":"https:\/\/aeronoticias.com.pe\/noticiero\/","name":"Aeronoticias.com.pe","description":"Noticias de tranporte aereo, turismo, hoteles, gastronomia, actualidad, internacional","potentialAction":[{"@type":"SearchAction","target":{"@type":"EntryPoint","urlTemplate":"https:\/\/aeronoticias.com.pe\/noticiero\/?s={search_term_string}"},"query-input":{"@type":"PropertyValueSpecification","valueRequired":true,"valueName":"search_term_string"}}],"inLanguage":"es"},{"@type":"Person","@id":"https:\/\/aeronoticias.com.pe\/noticiero\/#\/schema\/person\/16212a617c73f78916b13194154243bd","name":"Redacci\u00f3n","sameAs":["http:\/\/Redacci\u00f3n"],"url":"https:\/\/aeronoticias.com.pe\/noticiero\/author\/celeste\/"}]}},"_links":{"self":[{"href":"https:\/\/aeronoticias.com.pe\/noticiero\/wp-json\/wp\/v2\/posts\/84095","targetHints":{"allow":["GET"]}}],"collection":[{"href":"https:\/\/aeronoticias.com.pe\/noticiero\/wp-json\/wp\/v2\/posts"}],"about":[{"href":"https:\/\/aeronoticias.com.pe\/noticiero\/wp-json\/wp\/v2\/types\/post"}],"author":[{"embeddable":true,"href":"https:\/\/aeronoticias.com.pe\/noticiero\/wp-json\/wp\/v2\/users\/3"}],"replies":[{"embeddable":true,"href":"https:\/\/aeronoticias.com.pe\/noticiero\/wp-json\/wp\/v2\/comments?post=84095"}],"version-history":[{"count":0,"href":"https:\/\/aeronoticias.com.pe\/noticiero\/wp-json\/wp\/v2\/posts\/84095\/revisions"}],"wp:featuredmedia":[{"embeddable":true,"href":"https:\/\/aeronoticias.com.pe\/noticiero\/wp-json\/wp\/v2\/media\/84096"}],"wp:attachment":[{"href":"https:\/\/aeronoticias.com.pe\/noticiero\/wp-json\/wp\/v2\/media?parent=84095"}],"wp:term":[{"taxonomy":"category","embeddable":true,"href":"https:\/\/aeronoticias.com.pe\/noticiero\/wp-json\/wp\/v2\/categories?post=84095"},{"taxonomy":"post_tag","embeddable":true,"href":"https:\/\/aeronoticias.com.pe\/noticiero\/wp-json\/wp\/v2\/tags?post=84095"}],"curies":[{"name":"wp","href":"https:\/\/api.w.org\/{rel}","templated":true}]}}