{"id":84176,"date":"2023-07-06T09:23:20","date_gmt":"2023-07-06T14:23:20","guid":{"rendered":"https:\/\/aeronoticias.com.pe\/noticiero\/?p=84176"},"modified":"2023-07-06T09:23:25","modified_gmt":"2023-07-06T14:23:25","slug":"norse-atlantic-inauguro-sus-vuelos-a-los-angeles-y-san-francisco-desde-londres","status":"publish","type":"post","link":"https:\/\/aeronoticias.com.pe\/noticiero\/transporte-aereo\/internacional\/norse-atlantic-inauguro-sus-vuelos-a-los-angeles-y-san-francisco-desde-londres\/","title":{"rendered":"Norse Atlantic inaugur\u00f3 sus vuelos a Los \u00c1ngeles y San Francisco desde Londres"},"content":{"rendered":"\n<p><strong>(Aeronoticias)<\/strong>: La aerol\u00ednea\u00a0<strong>Norse Atlantic Airways<\/strong>\u00a0inaugur\u00f3 sus vuelos a Los \u00c1ngeles y San Francisco desde Londres-Gatwick el pasado 30 de junio y 1 de julio, respectivamente.<\/p>\n\n\n\n<p>La ruta&nbsp;<strong>Londres-Los \u00c1ngeles<\/strong>&nbsp;operar\u00e1 vuelos diarios, con tarifas desde 209 d\u00f3lares por trayecto (tasas e impuestos incluidos).<ins><\/ins><\/p>\n\n\n\n<p>Por su parte la ruta\u00a0<strong>Londres-San Francisco<\/strong>\u00a0operar\u00e1 tres vuelos semanales, con tarifas desde 229 d\u00f3lares por trayecto (tasas e impuestos incluidos).<\/p>\n\n\n\n<p><strong><em>&nbsp;<a href=\"https:\/\/aviacionaldia.com\/2023\/06\/norse-atlantic-airways-inaugura-sus-vuelos-entre-roma-y-nueva-york.html\">Norse Atlantic Airways inaugura sus vuelos entre Roma y Nueva York<\/a><\/em><\/strong><\/p>\n\n\n\n<p>\u00abLos \u00c1ngeles y San Francisco son ahora el quinto y sexto destinos que conectan Londres con EE.UU. Con la incorporaci\u00f3n de estos dos destinos, Norse Atlantic se convierte en el mayor operador de vuelos de larga distancia desde Londres-Gatwick a EE.UU. Estamos orgullosos de ofrecer a nuestros clientes una forma asequible y c\u00f3moda de viajar\u00bb, declar\u00f3 Bjorn Tore Larsen, Consejero Delegado de Norse Atlantic Airways.<\/p>\n\n\n\n<p>Norse Atlantic opera exclusivamente aviones Boeing 787 Dreamliner que cuentan con dos opciones de cabina, Economy y Norse Premium.<\/p>\n\n\n\n<p><strong>Fuente: aviacionaldia.com<\/strong><\/p>\n","protected":false},"excerpt":{"rendered":"<p>(Aeronoticias): La aerol\u00ednea\u00a0Norse Atlantic Airways\u00a0inaugur\u00f3 sus vuelos a Los \u00c1ngeles y San Francisco desde Londres-Gatwick el pasado 30 de junio y 1 de julio, respectivamente. La ruta&nbsp;Londres-Los \u00c1ngeles&nbsp;operar\u00e1 vuelos diarios, con tarifas desde 209 d\u00f3lares por trayecto (tasas e impuestos incluidos). Por su parte la ruta\u00a0Londres-San Francisco\u00a0operar\u00e1 tres vuelos semanales, con tarifas desde 229 d\u00f3lares [&hellip;]<\/p>\n","protected":false},"author":3,"featured_media":84177,"comment_status":"open","ping_status":"open","sticky":false,"template":"","format":"standard","meta":{"tdm_status":"","tdm_grid_status":"","footnotes":""},"categories":[32,34],"tags":[1192,1732],"class_list":{"0":"post-84176","1":"post","2":"type-post","3":"status-publish","4":"format-standard","5":"has-post-thumbnail","7":"category-internacional","8":"category-internacionales","9":"tag-londres","10":"tag-norse-atlantic"},"yoast_head":"<!-- This site is optimized with the Yoast SEO plugin v25.1 - https:\/\/yoast.com\/wordpress\/plugins\/seo\/ -->\n<title>Norse Atlantic inaugur\u00f3 sus vuelos a Los \u00c1ngeles y San Francisco desde Londres<\/title>\n<meta name=\"description\" content=\"Portal de noticias del Per\u00fa sobre el transporte a\u00e9reo, aviaci\u00f3n, turismo, hoteleria, actualidad.\" \/>\n<meta name=\"robots\" content=\"index, follow, max-snippet:-1, max-image-preview:large, max-video-preview:-1\" \/>\n<link rel=\"canonical\" href=\"https:\/\/aeronoticias.com.pe\/noticiero\/transporte-aereo\/internacional\/norse-atlantic-inauguro-sus-vuelos-a-los-angeles-y-san-francisco-desde-londres\/\" \/>\n<meta property=\"og:locale\" content=\"es_ES\" \/>\n<meta property=\"og:type\" content=\"article\" \/>\n<meta property=\"og:title\" content=\"Norse Atlantic inaugur\u00f3 sus vuelos a Los \u00c1ngeles y San Francisco desde Londres\" \/>\n<meta property=\"og:description\" content=\"Portal de noticias del Per\u00fa sobre el transporte a\u00e9reo, aviaci\u00f3n, turismo, hoteleria, actualidad.\" \/>\n<meta property=\"og:url\" content=\"https:\/\/aeronoticias.com.pe\/noticiero\/transporte-aereo\/internacional\/norse-atlantic-inauguro-sus-vuelos-a-los-angeles-y-san-francisco-desde-londres\/\" \/>\n<meta property=\"og:site_name\" content=\"Aeronoticias.com.pe\" \/>\n<meta property=\"article:publisher\" content=\"https:\/\/www.facebook.com\/Aeronoticias.com.pe\/\" \/>\n<meta property=\"article:published_time\" content=\"2023-07-06T14:23:20+00:00\" \/>\n<meta property=\"article:modified_time\" content=\"2023-07-06T14:23:25+00:00\" \/>\n<meta property=\"og:image\" content=\"https:\/\/aeronoticias.com.pe\/noticiero\/wp-content\/uploads\/2023\/07\/NORSE.jpg\" \/>\n\t<meta property=\"og:image:width\" content=\"800\" \/>\n\t<meta property=\"og:image:height\" content=\"400\" \/>\n\t<meta property=\"og:image:type\" content=\"image\/jpeg\" \/>\n<meta name=\"author\" content=\"Redacci\u00f3n\" \/>\n<meta name=\"twitter:card\" content=\"summary_large_image\" \/>\n<meta name=\"twitter:creator\" content=\"@aeronoticias\" \/>\n<meta name=\"twitter:site\" content=\"@aeronoticias\" \/>\n<meta name=\"twitter:label1\" content=\"Escrito por\" \/>\n\t<meta name=\"twitter:data1\" content=\"Redacci\u00f3n\" \/>\n\t<meta name=\"twitter:label2\" content=\"Tiempo de lectura\" \/>\n\t<meta name=\"twitter:data2\" content=\"1 minuto\" \/>\n<script type=\"application\/ld+json\" class=\"yoast-schema-graph\">{\"@context\":\"https:\/\/schema.org\",\"@graph\":[{\"@type\":\"WebPage\",\"@id\":\"https:\/\/aeronoticias.com.pe\/noticiero\/transporte-aereo\/internacional\/norse-atlantic-inauguro-sus-vuelos-a-los-angeles-y-san-francisco-desde-londres\/\",\"url\":\"https:\/\/aeronoticias.com.pe\/noticiero\/transporte-aereo\/internacional\/norse-atlantic-inauguro-sus-vuelos-a-los-angeles-y-san-francisco-desde-londres\/\",\"name\":\"Norse Atlantic inaugur\u00f3 sus vuelos a Los \u00c1ngeles y San Francisco desde Londres\",\"isPartOf\":{\"@id\":\"https:\/\/aeronoticias.com.pe\/noticiero\/#website\"},\"primaryImageOfPage\":{\"@id\":\"https:\/\/aeronoticias.com.pe\/noticiero\/transporte-aereo\/internacional\/norse-atlantic-inauguro-sus-vuelos-a-los-angeles-y-san-francisco-desde-londres\/#primaryimage\"},\"image\":{\"@id\":\"https:\/\/aeronoticias.com.pe\/noticiero\/transporte-aereo\/internacional\/norse-atlantic-inauguro-sus-vuelos-a-los-angeles-y-san-francisco-desde-londres\/#primaryimage\"},\"thumbnailUrl\":\"https:\/\/aeronoticias.com.pe\/noticiero\/wp-content\/uploads\/2023\/07\/NORSE.jpg\",\"datePublished\":\"2023-07-06T14:23:20+00:00\",\"dateModified\":\"2023-07-06T14:23:25+00:00\",\"author\":{\"@id\":\"https:\/\/aeronoticias.com.pe\/noticiero\/#\/schema\/person\/16212a617c73f78916b13194154243bd\"},\"description\":\"Portal de noticias del Per\u00fa sobre el transporte a\u00e9reo, aviaci\u00f3n, turismo, hoteleria, actualidad.\",\"breadcrumb\":{\"@id\":\"https:\/\/aeronoticias.com.pe\/noticiero\/transporte-aereo\/internacional\/norse-atlantic-inauguro-sus-vuelos-a-los-angeles-y-san-francisco-desde-londres\/#breadcrumb\"},\"inLanguage\":\"es\",\"potentialAction\":[{\"@type\":\"ReadAction\",\"target\":[\"https:\/\/aeronoticias.com.pe\/noticiero\/transporte-aereo\/internacional\/norse-atlantic-inauguro-sus-vuelos-a-los-angeles-y-san-francisco-desde-londres\/\"]}]},{\"@type\":\"ImageObject\",\"inLanguage\":\"es\",\"@id\":\"https:\/\/aeronoticias.com.pe\/noticiero\/transporte-aereo\/internacional\/norse-atlantic-inauguro-sus-vuelos-a-los-angeles-y-san-francisco-desde-londres\/#primaryimage\",\"url\":\"https:\/\/aeronoticias.com.pe\/noticiero\/wp-content\/uploads\/2023\/07\/NORSE.jpg\",\"contentUrl\":\"https:\/\/aeronoticias.com.pe\/noticiero\/wp-content\/uploads\/2023\/07\/NORSE.jpg\",\"width\":800,\"height\":400},{\"@type\":\"BreadcrumbList\",\"@id\":\"https:\/\/aeronoticias.com.pe\/noticiero\/transporte-aereo\/internacional\/norse-atlantic-inauguro-sus-vuelos-a-los-angeles-y-san-francisco-desde-londres\/#breadcrumb\",\"itemListElement\":[{\"@type\":\"ListItem\",\"position\":1,\"name\":\"Portada\",\"item\":\"https:\/\/aeronoticias.com.pe\/noticiero\/\"},{\"@type\":\"ListItem\",\"position\":2,\"name\":\"Norse Atlantic inaugur\u00f3 sus vuelos a Los \u00c1ngeles y San Francisco desde Londres\"}]},{\"@type\":\"WebSite\",\"@id\":\"https:\/\/aeronoticias.com.pe\/noticiero\/#website\",\"url\":\"https:\/\/aeronoticias.com.pe\/noticiero\/\",\"name\":\"Aeronoticias.com.pe\",\"description\":\"Noticias de tranporte aereo, turismo, hoteles, gastronomia, actualidad, internacional\",\"potentialAction\":[{\"@type\":\"SearchAction\",\"target\":{\"@type\":\"EntryPoint\",\"urlTemplate\":\"https:\/\/aeronoticias.com.pe\/noticiero\/?s={search_term_string}\"},\"query-input\":{\"@type\":\"PropertyValueSpecification\",\"valueRequired\":true,\"valueName\":\"search_term_string\"}}],\"inLanguage\":\"es\"},{\"@type\":\"Person\",\"@id\":\"https:\/\/aeronoticias.com.pe\/noticiero\/#\/schema\/person\/16212a617c73f78916b13194154243bd\",\"name\":\"Redacci\u00f3n\",\"sameAs\":[\"http:\/\/Redacci\u00f3n\"],\"url\":\"https:\/\/aeronoticias.com.pe\/noticiero\/author\/celeste\/\"}]}<\/script>\n<!-- \/ Yoast SEO plugin. -->","yoast_head_json":{"title":"Norse Atlantic inaugur\u00f3 sus vuelos a Los \u00c1ngeles y San Francisco desde Londres","description":"Portal de noticias del Per\u00fa sobre el transporte a\u00e9reo, aviaci\u00f3n, turismo, hoteleria, actualidad.","robots":{"index":"index","follow":"follow","max-snippet":"max-snippet:-1","max-image-preview":"max-image-preview:large","max-video-preview":"max-video-preview:-1"},"canonical":"https:\/\/aeronoticias.com.pe\/noticiero\/transporte-aereo\/internacional\/norse-atlantic-inauguro-sus-vuelos-a-los-angeles-y-san-francisco-desde-londres\/","og_locale":"es_ES","og_type":"article","og_title":"Norse Atlantic inaugur\u00f3 sus vuelos a Los \u00c1ngeles y San Francisco desde Londres","og_description":"Portal de noticias del Per\u00fa sobre el transporte a\u00e9reo, aviaci\u00f3n, turismo, hoteleria, actualidad.","og_url":"https:\/\/aeronoticias.com.pe\/noticiero\/transporte-aereo\/internacional\/norse-atlantic-inauguro-sus-vuelos-a-los-angeles-y-san-francisco-desde-londres\/","og_site_name":"Aeronoticias.com.pe","article_publisher":"https:\/\/www.facebook.com\/Aeronoticias.com.pe\/","article_published_time":"2023-07-06T14:23:20+00:00","article_modified_time":"2023-07-06T14:23:25+00:00","og_image":[{"width":800,"height":400,"url":"https:\/\/aeronoticias.com.pe\/noticiero\/wp-content\/uploads\/2023\/07\/NORSE.jpg","type":"image\/jpeg"}],"author":"Redacci\u00f3n","twitter_card":"summary_large_image","twitter_creator":"@aeronoticias","twitter_site":"@aeronoticias","twitter_misc":{"Escrito por":"Redacci\u00f3n","Tiempo de lectura":"1 minuto"},"schema":{"@context":"https:\/\/schema.org","@graph":[{"@type":"WebPage","@id":"https:\/\/aeronoticias.com.pe\/noticiero\/transporte-aereo\/internacional\/norse-atlantic-inauguro-sus-vuelos-a-los-angeles-y-san-francisco-desde-londres\/","url":"https:\/\/aeronoticias.com.pe\/noticiero\/transporte-aereo\/internacional\/norse-atlantic-inauguro-sus-vuelos-a-los-angeles-y-san-francisco-desde-londres\/","name":"Norse Atlantic inaugur\u00f3 sus vuelos a Los \u00c1ngeles y San Francisco desde Londres","isPartOf":{"@id":"https:\/\/aeronoticias.com.pe\/noticiero\/#website"},"primaryImageOfPage":{"@id":"https:\/\/aeronoticias.com.pe\/noticiero\/transporte-aereo\/internacional\/norse-atlantic-inauguro-sus-vuelos-a-los-angeles-y-san-francisco-desde-londres\/#primaryimage"},"image":{"@id":"https:\/\/aeronoticias.com.pe\/noticiero\/transporte-aereo\/internacional\/norse-atlantic-inauguro-sus-vuelos-a-los-angeles-y-san-francisco-desde-londres\/#primaryimage"},"thumbnailUrl":"https:\/\/aeronoticias.com.pe\/noticiero\/wp-content\/uploads\/2023\/07\/NORSE.jpg","datePublished":"2023-07-06T14:23:20+00:00","dateModified":"2023-07-06T14:23:25+00:00","author":{"@id":"https:\/\/aeronoticias.com.pe\/noticiero\/#\/schema\/person\/16212a617c73f78916b13194154243bd"},"description":"Portal de noticias del Per\u00fa sobre el transporte a\u00e9reo, aviaci\u00f3n, turismo, hoteleria, actualidad.","breadcrumb":{"@id":"https:\/\/aeronoticias.com.pe\/noticiero\/transporte-aereo\/internacional\/norse-atlantic-inauguro-sus-vuelos-a-los-angeles-y-san-francisco-desde-londres\/#breadcrumb"},"inLanguage":"es","potentialAction":[{"@type":"ReadAction","target":["https:\/\/aeronoticias.com.pe\/noticiero\/transporte-aereo\/internacional\/norse-atlantic-inauguro-sus-vuelos-a-los-angeles-y-san-francisco-desde-londres\/"]}]},{"@type":"ImageObject","inLanguage":"es","@id":"https:\/\/aeronoticias.com.pe\/noticiero\/transporte-aereo\/internacional\/norse-atlantic-inauguro-sus-vuelos-a-los-angeles-y-san-francisco-desde-londres\/#primaryimage","url":"https:\/\/aeronoticias.com.pe\/noticiero\/wp-content\/uploads\/2023\/07\/NORSE.jpg","contentUrl":"https:\/\/aeronoticias.com.pe\/noticiero\/wp-content\/uploads\/2023\/07\/NORSE.jpg","width":800,"height":400},{"@type":"BreadcrumbList","@id":"https:\/\/aeronoticias.com.pe\/noticiero\/transporte-aereo\/internacional\/norse-atlantic-inauguro-sus-vuelos-a-los-angeles-y-san-francisco-desde-londres\/#breadcrumb","itemListElement":[{"@type":"ListItem","position":1,"name":"Portada","item":"https:\/\/aeronoticias.com.pe\/noticiero\/"},{"@type":"ListItem","position":2,"name":"Norse Atlantic inaugur\u00f3 sus vuelos a Los \u00c1ngeles y San Francisco desde Londres"}]},{"@type":"WebSite","@id":"https:\/\/aeronoticias.com.pe\/noticiero\/#website","url":"https:\/\/aeronoticias.com.pe\/noticiero\/","name":"Aeronoticias.com.pe","description":"Noticias de tranporte aereo, turismo, hoteles, gastronomia, actualidad, internacional","potentialAction":[{"@type":"SearchAction","target":{"@type":"EntryPoint","urlTemplate":"https:\/\/aeronoticias.com.pe\/noticiero\/?s={search_term_string}"},"query-input":{"@type":"PropertyValueSpecification","valueRequired":true,"valueName":"search_term_string"}}],"inLanguage":"es"},{"@type":"Person","@id":"https:\/\/aeronoticias.com.pe\/noticiero\/#\/schema\/person\/16212a617c73f78916b13194154243bd","name":"Redacci\u00f3n","sameAs":["http:\/\/Redacci\u00f3n"],"url":"https:\/\/aeronoticias.com.pe\/noticiero\/author\/celeste\/"}]}},"_links":{"self":[{"href":"https:\/\/aeronoticias.com.pe\/noticiero\/wp-json\/wp\/v2\/posts\/84176","targetHints":{"allow":["GET"]}}],"collection":[{"href":"https:\/\/aeronoticias.com.pe\/noticiero\/wp-json\/wp\/v2\/posts"}],"about":[{"href":"https:\/\/aeronoticias.com.pe\/noticiero\/wp-json\/wp\/v2\/types\/post"}],"author":[{"embeddable":true,"href":"https:\/\/aeronoticias.com.pe\/noticiero\/wp-json\/wp\/v2\/users\/3"}],"replies":[{"embeddable":true,"href":"https:\/\/aeronoticias.com.pe\/noticiero\/wp-json\/wp\/v2\/comments?post=84176"}],"version-history":[{"count":0,"href":"https:\/\/aeronoticias.com.pe\/noticiero\/wp-json\/wp\/v2\/posts\/84176\/revisions"}],"wp:featuredmedia":[{"embeddable":true,"href":"https:\/\/aeronoticias.com.pe\/noticiero\/wp-json\/wp\/v2\/media\/84177"}],"wp:attachment":[{"href":"https:\/\/aeronoticias.com.pe\/noticiero\/wp-json\/wp\/v2\/media?parent=84176"}],"wp:term":[{"taxonomy":"category","embeddable":true,"href":"https:\/\/aeronoticias.com.pe\/noticiero\/wp-json\/wp\/v2\/categories?post=84176"},{"taxonomy":"post_tag","embeddable":true,"href":"https:\/\/aeronoticias.com.pe\/noticiero\/wp-json\/wp\/v2\/tags?post=84176"}],"curies":[{"name":"wp","href":"https:\/\/api.w.org\/{rel}","templated":true}]}}