{"id":84179,"date":"2023-07-06T09:39:10","date_gmt":"2023-07-06T14:39:10","guid":{"rendered":"https:\/\/aeronoticias.com.pe\/noticiero\/?p=84179"},"modified":"2023-07-06T09:39:26","modified_gmt":"2023-07-06T14:39:26","slug":"anuncian-la-modernizacion-y-ampliacion-del-aeropuerto-de-arequipa","status":"publish","type":"post","link":"https:\/\/aeronoticias.com.pe\/noticiero\/nacionales\/anuncian-la-modernizacion-y-ampliacion-del-aeropuerto-de-arequipa\/","title":{"rendered":"Anuncian la modernizaci\u00f3n y ampliaci\u00f3n del Aeropuerto de Arequipa"},"content":{"rendered":"\n<p><strong>(Aeronoticias)<\/strong>: El concesionario Aeropuertos Andinos del Per\u00fa (AAP) inform\u00f3 que destinar\u00e1 una inversi\u00f3n de 26 millones de d\u00f3lares para la ampliaci\u00f3n y modernizaci\u00f3n del terminal de pasajeros del aeropuerto de Arequipa, redise\u00f1o de playa de estacionamiento vehicular, implementaci\u00f3n del centro de operaciones de emergencia y adquisici\u00f3n de equipamiento, entre otros.<\/p>\n\n\n\n<p>Actualmente, el proyecto de ampliaci\u00f3n del aeropuerto se encuentra en proceso de revisi\u00f3n por el Ministerio de Transportes y Comunicaciones (MTC) y, de aprobarse en los tiempos previstos, se iniciar\u00eda la construcci\u00f3n en el \u00faltimo trimestre del 2024.<\/p>\n\n\n\n<p>\u201cArequipa es la segunda regi\u00f3n m\u00e1s visitada del Per\u00fa debido a su importancia tanto tur\u00edstica como de negocios. La demanda de pasajeros est\u00e1 en camino a recuperar los niveles prepandemia, por lo que se ha solicitado la aprobaci\u00f3n del proyecto de modernizaci\u00f3n y ampliaci\u00f3n del terminal actual para que soporte eficientemente el crecimiento de la demanda de pasajeros hasta el 2027\u201d, declar\u00f3 Ra\u00fal D\u00edaz D\u00edaz, Gerente General de AAP.<\/p>\n\n\n\n<p>D\u00edaz explic\u00f3 que se ha producido un aumento progresivo de visitantes a la Ciudad Blanca luego de las manifestaciones sociales ocurridas a inicios del presente a\u00f1o. \u201cArequipa muestra un incremento en el flujo de pasajeros y alcanza alrededor de 180 mil pasajeros por mes, por lo que se prev\u00e9 que se alcance los 2 millones en el 2023, un 15% m\u00e1s que el a\u00f1o anterior\u201d.<\/p>\n\n\n\n<p>Por otro lado, el Aeropuerto Internacional Alfredo Rodr\u00edguez Ball\u00f3n concentra una amplia oferta comercial. Esta oferta comercial est\u00e1 distribuida en 7% de marcas internacionales y 93% de marcas regionales de las cuales un 28% son regionales y un 11% conformada por emprendedores locales que son asesorados por AAP para que puedan llegar a ser socios comerciales dentro del terminal a\u00e9reo.<\/p>\n\n\n\n<p><strong><u>Aeropuertos Andinos del Per\u00fa (AAP)<\/u><\/strong><\/p>\n\n\n\n<p>Concesionario peruano que opera y gestiona el Segundo Grupo de Aeropuertos en las principales ciudades del sur del pa\u00eds: Arequipa, Ayacucho, Juliaca, Puerto Maldonado y Tacna.<\/p>\n\n\n\n<p><strong>Fuente: notitransportes.com<\/strong><\/p>\n","protected":false},"excerpt":{"rendered":"<p>(Aeronoticias): El concesionario Aeropuertos Andinos del Per\u00fa (AAP) inform\u00f3 que destinar\u00e1 una inversi\u00f3n de 26 millones de d\u00f3lares para la ampliaci\u00f3n y modernizaci\u00f3n del terminal de pasajeros del aeropuerto de Arequipa, redise\u00f1o de playa de estacionamiento vehicular, implementaci\u00f3n del centro de operaciones de emergencia y adquisici\u00f3n de equipamiento, entre otros. Actualmente, el proyecto de ampliaci\u00f3n [&hellip;]<\/p>\n","protected":false},"author":3,"featured_media":84180,"comment_status":"open","ping_status":"open","sticky":false,"template":"","format":"standard","meta":{"tdm_status":"","tdm_grid_status":"","footnotes":""},"categories":[51,38],"tags":[2549,184],"class_list":{"0":"post-84179","1":"post","2":"type-post","3":"status-publish","4":"format-standard","5":"has-post-thumbnail","7":"category-nacional","8":"category-nacionales","9":"tag-aap","10":"tag-mtc"},"yoast_head":"<!-- This site is optimized with the Yoast SEO plugin v25.1 - https:\/\/yoast.com\/wordpress\/plugins\/seo\/ -->\n<title>Anuncian la modernizaci\u00f3n y ampliaci\u00f3n del Aeropuerto de Arequipa<\/title>\n<meta name=\"description\" content=\"Portal de noticias del Per\u00fa sobre el transporte a\u00e9reo, aviaci\u00f3n, turismo, hoteleria, actualidad.\" \/>\n<meta name=\"robots\" content=\"index, follow, max-snippet:-1, max-image-preview:large, max-video-preview:-1\" \/>\n<link rel=\"canonical\" href=\"https:\/\/aeronoticias.com.pe\/noticiero\/nacionales\/anuncian-la-modernizacion-y-ampliacion-del-aeropuerto-de-arequipa\/\" \/>\n<meta property=\"og:locale\" content=\"es_ES\" \/>\n<meta property=\"og:type\" content=\"article\" \/>\n<meta property=\"og:title\" content=\"Anuncian la modernizaci\u00f3n y ampliaci\u00f3n del Aeropuerto de Arequipa\" \/>\n<meta property=\"og:description\" content=\"Portal de noticias del Per\u00fa sobre el transporte a\u00e9reo, aviaci\u00f3n, turismo, hoteleria, actualidad.\" \/>\n<meta property=\"og:url\" content=\"https:\/\/aeronoticias.com.pe\/noticiero\/nacionales\/anuncian-la-modernizacion-y-ampliacion-del-aeropuerto-de-arequipa\/\" \/>\n<meta property=\"og:site_name\" content=\"Aeronoticias.com.pe\" \/>\n<meta property=\"article:publisher\" content=\"https:\/\/www.facebook.com\/Aeronoticias.com.pe\/\" \/>\n<meta property=\"article:published_time\" content=\"2023-07-06T14:39:10+00:00\" \/>\n<meta property=\"article:modified_time\" content=\"2023-07-06T14:39:26+00:00\" \/>\n<meta property=\"og:image\" content=\"https:\/\/aeronoticias.com.pe\/noticiero\/wp-content\/uploads\/2023\/07\/arequipa.jpg\" \/>\n\t<meta property=\"og:image:width\" content=\"980\" \/>\n\t<meta property=\"og:image:height\" content=\"547\" \/>\n\t<meta property=\"og:image:type\" content=\"image\/jpeg\" \/>\n<meta name=\"author\" content=\"Redacci\u00f3n\" \/>\n<meta name=\"twitter:card\" content=\"summary_large_image\" \/>\n<meta name=\"twitter:creator\" content=\"@aeronoticias\" \/>\n<meta name=\"twitter:site\" content=\"@aeronoticias\" \/>\n<meta name=\"twitter:label1\" content=\"Escrito por\" \/>\n\t<meta name=\"twitter:data1\" content=\"Redacci\u00f3n\" \/>\n\t<meta name=\"twitter:label2\" content=\"Tiempo de lectura\" \/>\n\t<meta name=\"twitter:data2\" content=\"2 minutos\" \/>\n<script type=\"application\/ld+json\" class=\"yoast-schema-graph\">{\"@context\":\"https:\/\/schema.org\",\"@graph\":[{\"@type\":\"WebPage\",\"@id\":\"https:\/\/aeronoticias.com.pe\/noticiero\/nacionales\/anuncian-la-modernizacion-y-ampliacion-del-aeropuerto-de-arequipa\/\",\"url\":\"https:\/\/aeronoticias.com.pe\/noticiero\/nacionales\/anuncian-la-modernizacion-y-ampliacion-del-aeropuerto-de-arequipa\/\",\"name\":\"Anuncian la modernizaci\u00f3n y ampliaci\u00f3n del Aeropuerto de Arequipa\",\"isPartOf\":{\"@id\":\"https:\/\/aeronoticias.com.pe\/noticiero\/#website\"},\"primaryImageOfPage\":{\"@id\":\"https:\/\/aeronoticias.com.pe\/noticiero\/nacionales\/anuncian-la-modernizacion-y-ampliacion-del-aeropuerto-de-arequipa\/#primaryimage\"},\"image\":{\"@id\":\"https:\/\/aeronoticias.com.pe\/noticiero\/nacionales\/anuncian-la-modernizacion-y-ampliacion-del-aeropuerto-de-arequipa\/#primaryimage\"},\"thumbnailUrl\":\"https:\/\/aeronoticias.com.pe\/noticiero\/wp-content\/uploads\/2023\/07\/arequipa.jpg\",\"datePublished\":\"2023-07-06T14:39:10+00:00\",\"dateModified\":\"2023-07-06T14:39:26+00:00\",\"author\":{\"@id\":\"https:\/\/aeronoticias.com.pe\/noticiero\/#\/schema\/person\/16212a617c73f78916b13194154243bd\"},\"description\":\"Portal de noticias del Per\u00fa sobre el transporte a\u00e9reo, aviaci\u00f3n, turismo, hoteleria, actualidad.\",\"breadcrumb\":{\"@id\":\"https:\/\/aeronoticias.com.pe\/noticiero\/nacionales\/anuncian-la-modernizacion-y-ampliacion-del-aeropuerto-de-arequipa\/#breadcrumb\"},\"inLanguage\":\"es\",\"potentialAction\":[{\"@type\":\"ReadAction\",\"target\":[\"https:\/\/aeronoticias.com.pe\/noticiero\/nacionales\/anuncian-la-modernizacion-y-ampliacion-del-aeropuerto-de-arequipa\/\"]}]},{\"@type\":\"ImageObject\",\"inLanguage\":\"es\",\"@id\":\"https:\/\/aeronoticias.com.pe\/noticiero\/nacionales\/anuncian-la-modernizacion-y-ampliacion-del-aeropuerto-de-arequipa\/#primaryimage\",\"url\":\"https:\/\/aeronoticias.com.pe\/noticiero\/wp-content\/uploads\/2023\/07\/arequipa.jpg\",\"contentUrl\":\"https:\/\/aeronoticias.com.pe\/noticiero\/wp-content\/uploads\/2023\/07\/arequipa.jpg\",\"width\":980,\"height\":547},{\"@type\":\"BreadcrumbList\",\"@id\":\"https:\/\/aeronoticias.com.pe\/noticiero\/nacionales\/anuncian-la-modernizacion-y-ampliacion-del-aeropuerto-de-arequipa\/#breadcrumb\",\"itemListElement\":[{\"@type\":\"ListItem\",\"position\":1,\"name\":\"Portada\",\"item\":\"https:\/\/aeronoticias.com.pe\/noticiero\/\"},{\"@type\":\"ListItem\",\"position\":2,\"name\":\"Anuncian la modernizaci\u00f3n y ampliaci\u00f3n del Aeropuerto de Arequipa\"}]},{\"@type\":\"WebSite\",\"@id\":\"https:\/\/aeronoticias.com.pe\/noticiero\/#website\",\"url\":\"https:\/\/aeronoticias.com.pe\/noticiero\/\",\"name\":\"Aeronoticias.com.pe\",\"description\":\"Noticias de tranporte aereo, turismo, hoteles, gastronomia, actualidad, internacional\",\"potentialAction\":[{\"@type\":\"SearchAction\",\"target\":{\"@type\":\"EntryPoint\",\"urlTemplate\":\"https:\/\/aeronoticias.com.pe\/noticiero\/?s={search_term_string}\"},\"query-input\":{\"@type\":\"PropertyValueSpecification\",\"valueRequired\":true,\"valueName\":\"search_term_string\"}}],\"inLanguage\":\"es\"},{\"@type\":\"Person\",\"@id\":\"https:\/\/aeronoticias.com.pe\/noticiero\/#\/schema\/person\/16212a617c73f78916b13194154243bd\",\"name\":\"Redacci\u00f3n\",\"sameAs\":[\"http:\/\/Redacci\u00f3n\"],\"url\":\"https:\/\/aeronoticias.com.pe\/noticiero\/author\/celeste\/\"}]}<\/script>\n<!-- \/ Yoast SEO plugin. -->","yoast_head_json":{"title":"Anuncian la modernizaci\u00f3n y ampliaci\u00f3n del Aeropuerto de Arequipa","description":"Portal de noticias del Per\u00fa sobre el transporte a\u00e9reo, aviaci\u00f3n, turismo, hoteleria, actualidad.","robots":{"index":"index","follow":"follow","max-snippet":"max-snippet:-1","max-image-preview":"max-image-preview:large","max-video-preview":"max-video-preview:-1"},"canonical":"https:\/\/aeronoticias.com.pe\/noticiero\/nacionales\/anuncian-la-modernizacion-y-ampliacion-del-aeropuerto-de-arequipa\/","og_locale":"es_ES","og_type":"article","og_title":"Anuncian la modernizaci\u00f3n y ampliaci\u00f3n del Aeropuerto de Arequipa","og_description":"Portal de noticias del Per\u00fa sobre el transporte a\u00e9reo, aviaci\u00f3n, turismo, hoteleria, actualidad.","og_url":"https:\/\/aeronoticias.com.pe\/noticiero\/nacionales\/anuncian-la-modernizacion-y-ampliacion-del-aeropuerto-de-arequipa\/","og_site_name":"Aeronoticias.com.pe","article_publisher":"https:\/\/www.facebook.com\/Aeronoticias.com.pe\/","article_published_time":"2023-07-06T14:39:10+00:00","article_modified_time":"2023-07-06T14:39:26+00:00","og_image":[{"width":980,"height":547,"url":"https:\/\/aeronoticias.com.pe\/noticiero\/wp-content\/uploads\/2023\/07\/arequipa.jpg","type":"image\/jpeg"}],"author":"Redacci\u00f3n","twitter_card":"summary_large_image","twitter_creator":"@aeronoticias","twitter_site":"@aeronoticias","twitter_misc":{"Escrito por":"Redacci\u00f3n","Tiempo de lectura":"2 minutos"},"schema":{"@context":"https:\/\/schema.org","@graph":[{"@type":"WebPage","@id":"https:\/\/aeronoticias.com.pe\/noticiero\/nacionales\/anuncian-la-modernizacion-y-ampliacion-del-aeropuerto-de-arequipa\/","url":"https:\/\/aeronoticias.com.pe\/noticiero\/nacionales\/anuncian-la-modernizacion-y-ampliacion-del-aeropuerto-de-arequipa\/","name":"Anuncian la modernizaci\u00f3n y ampliaci\u00f3n del Aeropuerto de Arequipa","isPartOf":{"@id":"https:\/\/aeronoticias.com.pe\/noticiero\/#website"},"primaryImageOfPage":{"@id":"https:\/\/aeronoticias.com.pe\/noticiero\/nacionales\/anuncian-la-modernizacion-y-ampliacion-del-aeropuerto-de-arequipa\/#primaryimage"},"image":{"@id":"https:\/\/aeronoticias.com.pe\/noticiero\/nacionales\/anuncian-la-modernizacion-y-ampliacion-del-aeropuerto-de-arequipa\/#primaryimage"},"thumbnailUrl":"https:\/\/aeronoticias.com.pe\/noticiero\/wp-content\/uploads\/2023\/07\/arequipa.jpg","datePublished":"2023-07-06T14:39:10+00:00","dateModified":"2023-07-06T14:39:26+00:00","author":{"@id":"https:\/\/aeronoticias.com.pe\/noticiero\/#\/schema\/person\/16212a617c73f78916b13194154243bd"},"description":"Portal de noticias del Per\u00fa sobre el transporte a\u00e9reo, aviaci\u00f3n, turismo, hoteleria, actualidad.","breadcrumb":{"@id":"https:\/\/aeronoticias.com.pe\/noticiero\/nacionales\/anuncian-la-modernizacion-y-ampliacion-del-aeropuerto-de-arequipa\/#breadcrumb"},"inLanguage":"es","potentialAction":[{"@type":"ReadAction","target":["https:\/\/aeronoticias.com.pe\/noticiero\/nacionales\/anuncian-la-modernizacion-y-ampliacion-del-aeropuerto-de-arequipa\/"]}]},{"@type":"ImageObject","inLanguage":"es","@id":"https:\/\/aeronoticias.com.pe\/noticiero\/nacionales\/anuncian-la-modernizacion-y-ampliacion-del-aeropuerto-de-arequipa\/#primaryimage","url":"https:\/\/aeronoticias.com.pe\/noticiero\/wp-content\/uploads\/2023\/07\/arequipa.jpg","contentUrl":"https:\/\/aeronoticias.com.pe\/noticiero\/wp-content\/uploads\/2023\/07\/arequipa.jpg","width":980,"height":547},{"@type":"BreadcrumbList","@id":"https:\/\/aeronoticias.com.pe\/noticiero\/nacionales\/anuncian-la-modernizacion-y-ampliacion-del-aeropuerto-de-arequipa\/#breadcrumb","itemListElement":[{"@type":"ListItem","position":1,"name":"Portada","item":"https:\/\/aeronoticias.com.pe\/noticiero\/"},{"@type":"ListItem","position":2,"name":"Anuncian la modernizaci\u00f3n y ampliaci\u00f3n del Aeropuerto de Arequipa"}]},{"@type":"WebSite","@id":"https:\/\/aeronoticias.com.pe\/noticiero\/#website","url":"https:\/\/aeronoticias.com.pe\/noticiero\/","name":"Aeronoticias.com.pe","description":"Noticias de tranporte aereo, turismo, hoteles, gastronomia, actualidad, internacional","potentialAction":[{"@type":"SearchAction","target":{"@type":"EntryPoint","urlTemplate":"https:\/\/aeronoticias.com.pe\/noticiero\/?s={search_term_string}"},"query-input":{"@type":"PropertyValueSpecification","valueRequired":true,"valueName":"search_term_string"}}],"inLanguage":"es"},{"@type":"Person","@id":"https:\/\/aeronoticias.com.pe\/noticiero\/#\/schema\/person\/16212a617c73f78916b13194154243bd","name":"Redacci\u00f3n","sameAs":["http:\/\/Redacci\u00f3n"],"url":"https:\/\/aeronoticias.com.pe\/noticiero\/author\/celeste\/"}]}},"_links":{"self":[{"href":"https:\/\/aeronoticias.com.pe\/noticiero\/wp-json\/wp\/v2\/posts\/84179","targetHints":{"allow":["GET"]}}],"collection":[{"href":"https:\/\/aeronoticias.com.pe\/noticiero\/wp-json\/wp\/v2\/posts"}],"about":[{"href":"https:\/\/aeronoticias.com.pe\/noticiero\/wp-json\/wp\/v2\/types\/post"}],"author":[{"embeddable":true,"href":"https:\/\/aeronoticias.com.pe\/noticiero\/wp-json\/wp\/v2\/users\/3"}],"replies":[{"embeddable":true,"href":"https:\/\/aeronoticias.com.pe\/noticiero\/wp-json\/wp\/v2\/comments?post=84179"}],"version-history":[{"count":0,"href":"https:\/\/aeronoticias.com.pe\/noticiero\/wp-json\/wp\/v2\/posts\/84179\/revisions"}],"wp:featuredmedia":[{"embeddable":true,"href":"https:\/\/aeronoticias.com.pe\/noticiero\/wp-json\/wp\/v2\/media\/84180"}],"wp:attachment":[{"href":"https:\/\/aeronoticias.com.pe\/noticiero\/wp-json\/wp\/v2\/media?parent=84179"}],"wp:term":[{"taxonomy":"category","embeddable":true,"href":"https:\/\/aeronoticias.com.pe\/noticiero\/wp-json\/wp\/v2\/categories?post=84179"},{"taxonomy":"post_tag","embeddable":true,"href":"https:\/\/aeronoticias.com.pe\/noticiero\/wp-json\/wp\/v2\/tags?post=84179"}],"curies":[{"name":"wp","href":"https:\/\/api.w.org\/{rel}","templated":true}]}}