{"id":84184,"date":"2023-07-06T09:58:43","date_gmt":"2023-07-06T14:58:43","guid":{"rendered":"https:\/\/aeronoticias.com.pe\/noticiero\/?p=84184"},"modified":"2023-07-06T09:58:49","modified_gmt":"2023-07-06T14:58:49","slug":"por-que-google-le-dijo-adios-al-trabajo-remoto","status":"publish","type":"post","link":"https:\/\/aeronoticias.com.pe\/noticiero\/transporte-aereo\/internacional\/por-que-google-le-dijo-adios-al-trabajo-remoto\/","title":{"rendered":"\u00bfPor qu\u00e9 Google le dijo adi\u00f3s al trabajo remoto?"},"content":{"rendered":"\n<p><strong>(Aeronoticias)<\/strong>: <strong>Siguiendo el ejemplo de\u00a0<\/strong><a href=\"https:\/\/gestion.pe\/noticias\/facebook\/\" target=\"_blank\" rel=\"noreferrer noopener\"><strong>Facebook\u00a0<\/strong><\/a><strong>y\u00a0<\/strong><a href=\"https:\/\/gestion.pe\/noticias\/twitter\/\" target=\"_blank\" rel=\"noreferrer noopener\"><strong>Twitter<\/strong><\/a><strong>,\u00a0<\/strong><a href=\"https:\/\/gestion.pe\/noticias\/google\/\" target=\"_blank\" rel=\"noreferrer noopener\"><strong>Google\u00a0<\/strong><\/a><strong>tambi\u00e9n busca fomentar el retorno de sus empleados a las oficinas en mayor medida.<\/strong><\/p>\n\n\n\n<p>El telebrajo implementado como modalidad laboral durante la&nbsp;<a href=\"https:\/\/gestion.pe\/noticias\/pandemia\/\" target=\"_blank\" rel=\"noreferrer noopener\"><strong>pandemia<\/strong><\/a>, est\u00e1 cerca de ser parte de la historia de Google.<\/p>\n\n\n\n<p>Seg\u00fan una publicaci\u00f3n de un foro de discusi\u00f3n de&nbsp;<a href=\"https:\/\/www.theverge.com\/2023\/6\/7\/23753323\/google-doesnt-want-employees-working-remotely-anymore\/\" target=\"_blank\" rel=\"noreferrer noopener\"><strong>The Verge<\/strong><\/a><strong>,<\/strong>&nbsp;un sitio estadounidense multimedia de noticias tecnol\u00f3gicas, trabajadores reportaron haber recibido un comunicado interno sobre la alerta.<\/p>\n\n\n\n<h2 class=\"wp-block-heading\"><mark><strong>\u00bfPor qu\u00e9 Google regresa a la presencialidad?<\/strong><\/mark><\/h2>\n\n\n\n<p>\u201cSabemos que varias personas se cambiaron al trabajo completamente remoto por muchas buenas razones, ya que todos nos adaptamos a la pandemia. P<strong>ara aquellos que son remotos y que viven cerca de una oficina de Google, esperamos que consideren cambiar a un horario de trabajo h\u00edbrido<\/strong>\u201d, se\u00f1al\u00f3 el comunicado oficial emitido internamente a trabajadores de Google.<\/p>\n\n\n\n<p>Asimismo, la empresa estadounidense se\u00f1al\u00f3 que las oficinas de Google son la manera de estar&nbsp;<em><strong>\u201cm\u00e1s conectado a la comunidad de la empresa\u201d<\/strong><\/em>. Y finaliz\u00f3:&nbsp;<em>\u201cEn el futuro, consideraremos nuevas solicitudes de trabajo remoto solo&nbsp;<\/em><em><strong>por excepci\u00f3n<\/strong><\/em><em>\u201d.<\/em><\/p>\n\n\n\n<p><em>El autor de la publicaci\u00f3n tambi\u00e9n inform\u00f3 que los empleados deben acudir a la oficina al menos tres d\u00edas a la semana si a\u00fan no est\u00e1n designados como remotos, y que los gerentes pueden tener en cuenta sus ausencias en las revisiones de desempe\u00f1o.<\/em><\/p>\n\n\n\n<p>Es relevante destacar que\u00a0<a href=\"https:\/\/gestion.pe\/noticias\/META\/\" target=\"_blank\" rel=\"noreferrer noopener\"><strong>Meta<\/strong><\/a>, al igual que\u00a0<strong>Google<\/strong>, ha emitido recientemente una notificaci\u00f3n instando a sus empleados a regresar a las oficinas.<\/p>\n\n\n\n<p><strong>Fuente: Gestion.pe<\/strong><\/p>\n","protected":false},"excerpt":{"rendered":"<p>(Aeronoticias): Siguiendo el ejemplo de\u00a0Facebook\u00a0y\u00a0Twitter,\u00a0Google\u00a0tambi\u00e9n busca fomentar el retorno de sus empleados a las oficinas en mayor medida. El telebrajo implementado como modalidad laboral durante la&nbsp;pandemia, est\u00e1 cerca de ser parte de la historia de Google. Seg\u00fan una publicaci\u00f3n de un foro de discusi\u00f3n de&nbsp;The Verge,&nbsp;un sitio estadounidense multimedia de noticias tecnol\u00f3gicas, trabajadores reportaron haber [&hellip;]<\/p>\n","protected":false},"author":3,"featured_media":84189,"comment_status":"open","ping_status":"open","sticky":false,"template":"","format":"standard","meta":{"tdm_status":"","tdm_grid_status":"","footnotes":""},"categories":[32,34],"tags":[1012,316],"class_list":{"0":"post-84184","1":"post","2":"type-post","3":"status-publish","4":"format-standard","5":"has-post-thumbnail","7":"category-internacional","8":"category-internacionales","9":"tag-google","10":"tag-pandemia"},"yoast_head":"<!-- This site is optimized with the Yoast SEO plugin v25.1 - https:\/\/yoast.com\/wordpress\/plugins\/seo\/ -->\n<title>\u00bfPor qu\u00e9 Google le dijo adi\u00f3s al trabajo remoto?<\/title>\n<meta name=\"description\" content=\"Un comunicado interno inform\u00f3 a los empleados que deber\u00e1n regresar a las oficinas y limitar el trabajo remoto. Sepa los detalles.\" \/>\n<meta name=\"robots\" content=\"index, follow, max-snippet:-1, max-image-preview:large, max-video-preview:-1\" \/>\n<link rel=\"canonical\" href=\"https:\/\/aeronoticias.com.pe\/noticiero\/transporte-aereo\/internacional\/por-que-google-le-dijo-adios-al-trabajo-remoto\/\" \/>\n<meta property=\"og:locale\" content=\"es_ES\" \/>\n<meta property=\"og:type\" content=\"article\" \/>\n<meta property=\"og:title\" content=\"\u00bfPor qu\u00e9 Google le dijo adi\u00f3s al trabajo remoto?\" \/>\n<meta property=\"og:description\" content=\"Un comunicado interno inform\u00f3 a los empleados que deber\u00e1n regresar a las oficinas y limitar el trabajo remoto. Sepa los detalles.\" \/>\n<meta property=\"og:url\" content=\"https:\/\/aeronoticias.com.pe\/noticiero\/transporte-aereo\/internacional\/por-que-google-le-dijo-adios-al-trabajo-remoto\/\" \/>\n<meta property=\"og:site_name\" content=\"Aeronoticias.com.pe\" \/>\n<meta property=\"article:publisher\" content=\"https:\/\/www.facebook.com\/Aeronoticias.com.pe\/\" \/>\n<meta property=\"article:published_time\" content=\"2023-07-06T14:58:43+00:00\" \/>\n<meta property=\"article:modified_time\" content=\"2023-07-06T14:58:49+00:00\" \/>\n<meta property=\"og:image\" content=\"https:\/\/aeronoticias.com.pe\/noticiero\/wp-content\/uploads\/2023\/07\/goo2.jpg\" \/>\n\t<meta property=\"og:image:width\" content=\"581\" \/>\n\t<meta property=\"og:image:height\" content=\"325\" \/>\n\t<meta property=\"og:image:type\" content=\"image\/jpeg\" \/>\n<meta name=\"author\" content=\"Redacci\u00f3n\" \/>\n<meta name=\"twitter:card\" content=\"summary_large_image\" \/>\n<meta name=\"twitter:creator\" content=\"@aeronoticias\" \/>\n<meta name=\"twitter:site\" content=\"@aeronoticias\" \/>\n<meta name=\"twitter:label1\" content=\"Escrito por\" \/>\n\t<meta name=\"twitter:data1\" content=\"Redacci\u00f3n\" \/>\n\t<meta name=\"twitter:label2\" content=\"Tiempo de lectura\" \/>\n\t<meta name=\"twitter:data2\" content=\"1 minuto\" \/>\n<script type=\"application\/ld+json\" class=\"yoast-schema-graph\">{\"@context\":\"https:\/\/schema.org\",\"@graph\":[{\"@type\":\"WebPage\",\"@id\":\"https:\/\/aeronoticias.com.pe\/noticiero\/transporte-aereo\/internacional\/por-que-google-le-dijo-adios-al-trabajo-remoto\/\",\"url\":\"https:\/\/aeronoticias.com.pe\/noticiero\/transporte-aereo\/internacional\/por-que-google-le-dijo-adios-al-trabajo-remoto\/\",\"name\":\"\u00bfPor qu\u00e9 Google le dijo adi\u00f3s al trabajo remoto?\",\"isPartOf\":{\"@id\":\"https:\/\/aeronoticias.com.pe\/noticiero\/#website\"},\"primaryImageOfPage\":{\"@id\":\"https:\/\/aeronoticias.com.pe\/noticiero\/transporte-aereo\/internacional\/por-que-google-le-dijo-adios-al-trabajo-remoto\/#primaryimage\"},\"image\":{\"@id\":\"https:\/\/aeronoticias.com.pe\/noticiero\/transporte-aereo\/internacional\/por-que-google-le-dijo-adios-al-trabajo-remoto\/#primaryimage\"},\"thumbnailUrl\":\"https:\/\/aeronoticias.com.pe\/noticiero\/wp-content\/uploads\/2023\/07\/goo2.jpg\",\"datePublished\":\"2023-07-06T14:58:43+00:00\",\"dateModified\":\"2023-07-06T14:58:49+00:00\",\"author\":{\"@id\":\"https:\/\/aeronoticias.com.pe\/noticiero\/#\/schema\/person\/16212a617c73f78916b13194154243bd\"},\"description\":\"Un comunicado interno inform\u00f3 a los empleados que deber\u00e1n regresar a las oficinas y limitar el trabajo remoto. Sepa los detalles.\",\"breadcrumb\":{\"@id\":\"https:\/\/aeronoticias.com.pe\/noticiero\/transporte-aereo\/internacional\/por-que-google-le-dijo-adios-al-trabajo-remoto\/#breadcrumb\"},\"inLanguage\":\"es\",\"potentialAction\":[{\"@type\":\"ReadAction\",\"target\":[\"https:\/\/aeronoticias.com.pe\/noticiero\/transporte-aereo\/internacional\/por-que-google-le-dijo-adios-al-trabajo-remoto\/\"]}]},{\"@type\":\"ImageObject\",\"inLanguage\":\"es\",\"@id\":\"https:\/\/aeronoticias.com.pe\/noticiero\/transporte-aereo\/internacional\/por-que-google-le-dijo-adios-al-trabajo-remoto\/#primaryimage\",\"url\":\"https:\/\/aeronoticias.com.pe\/noticiero\/wp-content\/uploads\/2023\/07\/goo2.jpg\",\"contentUrl\":\"https:\/\/aeronoticias.com.pe\/noticiero\/wp-content\/uploads\/2023\/07\/goo2.jpg\",\"width\":581,\"height\":325},{\"@type\":\"BreadcrumbList\",\"@id\":\"https:\/\/aeronoticias.com.pe\/noticiero\/transporte-aereo\/internacional\/por-que-google-le-dijo-adios-al-trabajo-remoto\/#breadcrumb\",\"itemListElement\":[{\"@type\":\"ListItem\",\"position\":1,\"name\":\"Portada\",\"item\":\"https:\/\/aeronoticias.com.pe\/noticiero\/\"},{\"@type\":\"ListItem\",\"position\":2,\"name\":\"\u00bfPor qu\u00e9 Google le dijo adi\u00f3s al trabajo remoto?\"}]},{\"@type\":\"WebSite\",\"@id\":\"https:\/\/aeronoticias.com.pe\/noticiero\/#website\",\"url\":\"https:\/\/aeronoticias.com.pe\/noticiero\/\",\"name\":\"Aeronoticias.com.pe\",\"description\":\"Noticias de tranporte aereo, turismo, hoteles, gastronomia, actualidad, internacional\",\"potentialAction\":[{\"@type\":\"SearchAction\",\"target\":{\"@type\":\"EntryPoint\",\"urlTemplate\":\"https:\/\/aeronoticias.com.pe\/noticiero\/?s={search_term_string}\"},\"query-input\":{\"@type\":\"PropertyValueSpecification\",\"valueRequired\":true,\"valueName\":\"search_term_string\"}}],\"inLanguage\":\"es\"},{\"@type\":\"Person\",\"@id\":\"https:\/\/aeronoticias.com.pe\/noticiero\/#\/schema\/person\/16212a617c73f78916b13194154243bd\",\"name\":\"Redacci\u00f3n\",\"sameAs\":[\"http:\/\/Redacci\u00f3n\"],\"url\":\"https:\/\/aeronoticias.com.pe\/noticiero\/author\/celeste\/\"}]}<\/script>\n<!-- \/ Yoast SEO plugin. -->","yoast_head_json":{"title":"\u00bfPor qu\u00e9 Google le dijo adi\u00f3s al trabajo remoto?","description":"Un comunicado interno inform\u00f3 a los empleados que deber\u00e1n regresar a las oficinas y limitar el trabajo remoto. Sepa los detalles.","robots":{"index":"index","follow":"follow","max-snippet":"max-snippet:-1","max-image-preview":"max-image-preview:large","max-video-preview":"max-video-preview:-1"},"canonical":"https:\/\/aeronoticias.com.pe\/noticiero\/transporte-aereo\/internacional\/por-que-google-le-dijo-adios-al-trabajo-remoto\/","og_locale":"es_ES","og_type":"article","og_title":"\u00bfPor qu\u00e9 Google le dijo adi\u00f3s al trabajo remoto?","og_description":"Un comunicado interno inform\u00f3 a los empleados que deber\u00e1n regresar a las oficinas y limitar el trabajo remoto. Sepa los detalles.","og_url":"https:\/\/aeronoticias.com.pe\/noticiero\/transporte-aereo\/internacional\/por-que-google-le-dijo-adios-al-trabajo-remoto\/","og_site_name":"Aeronoticias.com.pe","article_publisher":"https:\/\/www.facebook.com\/Aeronoticias.com.pe\/","article_published_time":"2023-07-06T14:58:43+00:00","article_modified_time":"2023-07-06T14:58:49+00:00","og_image":[{"width":581,"height":325,"url":"https:\/\/aeronoticias.com.pe\/noticiero\/wp-content\/uploads\/2023\/07\/goo2.jpg","type":"image\/jpeg"}],"author":"Redacci\u00f3n","twitter_card":"summary_large_image","twitter_creator":"@aeronoticias","twitter_site":"@aeronoticias","twitter_misc":{"Escrito por":"Redacci\u00f3n","Tiempo de lectura":"1 minuto"},"schema":{"@context":"https:\/\/schema.org","@graph":[{"@type":"WebPage","@id":"https:\/\/aeronoticias.com.pe\/noticiero\/transporte-aereo\/internacional\/por-que-google-le-dijo-adios-al-trabajo-remoto\/","url":"https:\/\/aeronoticias.com.pe\/noticiero\/transporte-aereo\/internacional\/por-que-google-le-dijo-adios-al-trabajo-remoto\/","name":"\u00bfPor qu\u00e9 Google le dijo adi\u00f3s al trabajo remoto?","isPartOf":{"@id":"https:\/\/aeronoticias.com.pe\/noticiero\/#website"},"primaryImageOfPage":{"@id":"https:\/\/aeronoticias.com.pe\/noticiero\/transporte-aereo\/internacional\/por-que-google-le-dijo-adios-al-trabajo-remoto\/#primaryimage"},"image":{"@id":"https:\/\/aeronoticias.com.pe\/noticiero\/transporte-aereo\/internacional\/por-que-google-le-dijo-adios-al-trabajo-remoto\/#primaryimage"},"thumbnailUrl":"https:\/\/aeronoticias.com.pe\/noticiero\/wp-content\/uploads\/2023\/07\/goo2.jpg","datePublished":"2023-07-06T14:58:43+00:00","dateModified":"2023-07-06T14:58:49+00:00","author":{"@id":"https:\/\/aeronoticias.com.pe\/noticiero\/#\/schema\/person\/16212a617c73f78916b13194154243bd"},"description":"Un comunicado interno inform\u00f3 a los empleados que deber\u00e1n regresar a las oficinas y limitar el trabajo remoto. Sepa los detalles.","breadcrumb":{"@id":"https:\/\/aeronoticias.com.pe\/noticiero\/transporte-aereo\/internacional\/por-que-google-le-dijo-adios-al-trabajo-remoto\/#breadcrumb"},"inLanguage":"es","potentialAction":[{"@type":"ReadAction","target":["https:\/\/aeronoticias.com.pe\/noticiero\/transporte-aereo\/internacional\/por-que-google-le-dijo-adios-al-trabajo-remoto\/"]}]},{"@type":"ImageObject","inLanguage":"es","@id":"https:\/\/aeronoticias.com.pe\/noticiero\/transporte-aereo\/internacional\/por-que-google-le-dijo-adios-al-trabajo-remoto\/#primaryimage","url":"https:\/\/aeronoticias.com.pe\/noticiero\/wp-content\/uploads\/2023\/07\/goo2.jpg","contentUrl":"https:\/\/aeronoticias.com.pe\/noticiero\/wp-content\/uploads\/2023\/07\/goo2.jpg","width":581,"height":325},{"@type":"BreadcrumbList","@id":"https:\/\/aeronoticias.com.pe\/noticiero\/transporte-aereo\/internacional\/por-que-google-le-dijo-adios-al-trabajo-remoto\/#breadcrumb","itemListElement":[{"@type":"ListItem","position":1,"name":"Portada","item":"https:\/\/aeronoticias.com.pe\/noticiero\/"},{"@type":"ListItem","position":2,"name":"\u00bfPor qu\u00e9 Google le dijo adi\u00f3s al trabajo remoto?"}]},{"@type":"WebSite","@id":"https:\/\/aeronoticias.com.pe\/noticiero\/#website","url":"https:\/\/aeronoticias.com.pe\/noticiero\/","name":"Aeronoticias.com.pe","description":"Noticias de tranporte aereo, turismo, hoteles, gastronomia, actualidad, internacional","potentialAction":[{"@type":"SearchAction","target":{"@type":"EntryPoint","urlTemplate":"https:\/\/aeronoticias.com.pe\/noticiero\/?s={search_term_string}"},"query-input":{"@type":"PropertyValueSpecification","valueRequired":true,"valueName":"search_term_string"}}],"inLanguage":"es"},{"@type":"Person","@id":"https:\/\/aeronoticias.com.pe\/noticiero\/#\/schema\/person\/16212a617c73f78916b13194154243bd","name":"Redacci\u00f3n","sameAs":["http:\/\/Redacci\u00f3n"],"url":"https:\/\/aeronoticias.com.pe\/noticiero\/author\/celeste\/"}]}},"_links":{"self":[{"href":"https:\/\/aeronoticias.com.pe\/noticiero\/wp-json\/wp\/v2\/posts\/84184","targetHints":{"allow":["GET"]}}],"collection":[{"href":"https:\/\/aeronoticias.com.pe\/noticiero\/wp-json\/wp\/v2\/posts"}],"about":[{"href":"https:\/\/aeronoticias.com.pe\/noticiero\/wp-json\/wp\/v2\/types\/post"}],"author":[{"embeddable":true,"href":"https:\/\/aeronoticias.com.pe\/noticiero\/wp-json\/wp\/v2\/users\/3"}],"replies":[{"embeddable":true,"href":"https:\/\/aeronoticias.com.pe\/noticiero\/wp-json\/wp\/v2\/comments?post=84184"}],"version-history":[{"count":0,"href":"https:\/\/aeronoticias.com.pe\/noticiero\/wp-json\/wp\/v2\/posts\/84184\/revisions"}],"wp:featuredmedia":[{"embeddable":true,"href":"https:\/\/aeronoticias.com.pe\/noticiero\/wp-json\/wp\/v2\/media\/84189"}],"wp:attachment":[{"href":"https:\/\/aeronoticias.com.pe\/noticiero\/wp-json\/wp\/v2\/media?parent=84184"}],"wp:term":[{"taxonomy":"category","embeddable":true,"href":"https:\/\/aeronoticias.com.pe\/noticiero\/wp-json\/wp\/v2\/categories?post=84184"},{"taxonomy":"post_tag","embeddable":true,"href":"https:\/\/aeronoticias.com.pe\/noticiero\/wp-json\/wp\/v2\/tags?post=84184"}],"curies":[{"name":"wp","href":"https:\/\/api.w.org\/{rel}","templated":true}]}}