{"id":84254,"date":"2023-07-06T14:37:55","date_gmt":"2023-07-06T19:37:55","guid":{"rendered":"https:\/\/aeronoticias.com.pe\/noticiero\/?p=84254"},"modified":"2023-07-06T14:37:58","modified_gmt":"2023-07-06T19:37:58","slug":"las-mejores-frases-saludos-y-postales-por-el-dia-del-maestro-en-peru","status":"publish","type":"post","link":"https:\/\/aeronoticias.com.pe\/noticiero\/ultimas\/1\/las-mejores-frases-saludos-y-postales-por-el-dia-del-maestro-en-peru\/","title":{"rendered":"Las mejores frases, saludos y postales por el D\u00eda del Maestro en Per\u00fa"},"content":{"rendered":"\n<p><strong>(Aeronoticias)<\/strong>: <strong>Aquellas personas que dejan una gran huella en sus alumnos y ayudan a forjar buenos estudiantes, est\u00e1n de celebraci\u00f3n este jueves 6 de julio, d\u00eda en que se conmemora en el Per\u00fa a todos los docentes y profesionales de la educaci\u00f3n, el\u00a0<\/strong><a href=\"https:\/\/gestion.pe\/peru\/dia-del-maestro-mas-de-medio-millon-de-docentes-celebran-hoy-6-de-julio-su-dia-minedu-ministerio-de-educacion-rmmn-noticia\/\"><strong>D\u00eda del Maestro 2023<\/strong><\/a><strong>. Por ello hemos recopilado una serie de frases, saludos y postales para felicitar a tu profesor favorito.<\/strong><\/p>\n\n\n\n<p>Hace 70 a\u00f1os, la fecha qued\u00f3 instituida oficialmente gracias a la iniciativa gubernamental del general Manuel Arturo Odr\u00eda, quien lo estableci\u00f3 a trav\u00e9s de un decreto supremo. Cerca m\u00e1s de 600 mil docentes celebrar\u00e1n el\u00a0<strong>D\u00eda del Maestro en Per\u00fa<\/strong>\u00a0pese a que no es un d\u00eda feriado para los profesores.<\/p>\n\n\n\n<h2 class=\"wp-block-heading\"><mark><strong>FRASES POR EL D\u00cdA DEL MAESTRO CORTAS<\/strong><\/mark><\/h2>\n\n\n\n<p>Dedica\u00a0<strong>frases por el D\u00eda del Maestro cortas<\/strong>. Aqu\u00ed te dejamos algunos saludos y mensajes que puedes compartir a trav\u00e9s de las redes sociales o WhatsApp:<\/p>\n\n\n\n<ul class=\"wp-block-list\"><li>\u00a1Feliz d\u00eda maestros! Su vocaci\u00f3n construye el futuro.<\/li><li>En su sabidur\u00eda, los maestros dejan huellas imborrables.<\/li><li>Celebramos a los maestros peruanos, guardianes del conocimiento.<\/li><li>A los maestros, gratitud por despertar la sed de aprender.<\/li><li>Ense\u00f1an con amor y moldean mentes brillantes. \u00a1Felicidades!<\/li><li>Los maestros, pilares fundamentales de una sociedad pr\u00f3spera.<\/li><li>Admiramos la dedicaci\u00f3n de los maestros, formadores de l\u00edderes.<\/li><li>Los maestros encienden la chispa del descubrimiento y la curiosidad.<\/li><li>A los maestros, gracias por cultivar el amor por el aprendizaje.<\/li><li>Feliz d\u00eda a quienes inspiran y empoderan a trav\u00e9s de la educaci\u00f3n.<\/li><li>Aplausos a los maestros, sembradores de conocimiento y formadores de mentes brillantes.<\/li><li>En cada aula, los maestros despiertan vocaciones y abren puertas hacia un futuro prometedor.<\/li><li>Gracias a los maestros peruanos por su labor inagotable y su impacto transformador en la sociedad.<\/li><li>Feliz d\u00eda a aquellos que con su amor por ense\u00f1ar dejan huellas imborrables en nuestras vidas.<\/li><li>A los maestros, nuestro reconocimiento por su entrega incondicional y su compromiso con la educaci\u00f3n.<\/li><li>Feliz d\u00eda del maestro, h\u00e9roes an\u00f3nimos que iluminan el camino del conocimiento.<\/li><li>A los maestros peruanos, gracias por su entrega y pasi\u00f3n en la formaci\u00f3n de futuras generaciones.<\/li><li>Celebramos a los educadores, constructores de sue\u00f1os y arquitectos del futuro.<\/li><li>Reconocemos el valioso legado de los maestros, cimientos de sabidur\u00eda y gu\u00edas de esperanza.<\/li><li>En este d\u00eda especial, honramos a quienes con paciencia y dedicaci\u00f3n forjan un mundo mejor.<\/li><\/ul>\n\n\n\n<h2 class=\"wp-block-heading\"><mark><strong>10 ORACIONES DEL D\u00cdA DEL MAESTRO<\/strong><\/mark><\/h2>\n\n\n\n<p>Si eres un estudiante de educaci\u00f3n primaria, secundaria, t\u00e9cnica o universitaria, te dejamos una relaci\u00f3n de&nbsp;<strong>10 oraciones del D\u00eda del Maestro:<\/strong><\/p>\n\n\n\n<ul class=\"wp-block-list\"><li>Hoy celebramos a los maestros peruanos, cimientos de sabidur\u00eda y gu\u00edas de esperanza.<\/li><li>En el D\u00eda del Maestro, reconocemos la entrega y dedicaci\u00f3n de aquellos que moldean mentes y corazones.<\/li><li>Los maestros son faros de conocimiento, iluminando el camino hacia un futuro brillante.<\/li><li>Agradecemos a los educadores por su labor incansable, formando generaciones con amor y paciencia.<\/li><li>En cada aula, los maestros construyen puentes hacia el progreso y la transformaci\u00f3n social.<\/li><li>Los maestros son sembradores de sue\u00f1os, cultivando talentos y despertando vocaciones.<\/li><li>Hoy honramos a esos h\u00e9roes an\u00f3nimos que, con pasi\u00f3n y compromiso, hacen florecer el potencial humano.<\/li><li>La ense\u00f1anza es un arte y los maestros son artistas que crean un mundo de posibilidades en cada lecci\u00f3n.<\/li><li>En el D\u00eda del Maestro, recordamos la importancia de su labor en la construcci\u00f3n de una sociedad educada y justa.<\/li><li>\u00a1Feliz d\u00eda a todos los maestros peruanos! Su influencia trasciende el aula y deja huellas eternas en el coraz\u00f3n de sus estudiantes.<\/li><\/ul>\n\n\n\n<h2 class=\"wp-block-heading\"><mark><strong>FRASES PARA EL D\u00cdA DEL PROFESOR DE AGRADECIMIENTO<\/strong><\/mark><\/h2>\n\n\n\n<p>Aprovecha la fecha para enviarle un saludo a tu \u2018profe\u2019, en el que puedes expresar&nbsp;<strong>frases para el D\u00eda del Profesor de agradecimiento<\/strong>&nbsp;y compartir los recuerdos que dej\u00f3 tu etapa escolar o universitaria:<\/p>\n\n\n\n<ul class=\"wp-block-list\"><li>Quiero expresar mi profundo agradecimiento a mi querido profesor por su dedicaci\u00f3n y pasi\u00f3n en mi educaci\u00f3n.<\/li><li>En este d\u00eda especial, quiero agradecer de coraz\u00f3n a mi profesor por su paciencia y apoyo incondicional.<\/li><li>Mi gratitud eterna hacia mi profesor, quien ha sido una fuente constante de inspiraci\u00f3n y sabidur\u00eda.<\/li><li>Agradezco a mi profesor por su compromiso en ayudarme a crecer y desarrollarme tanto acad\u00e9mica como personalmente.<\/li><li>Quiero agradecer a mi profesor por su entrega y por despertar en m\u00ed el amor por el conocimiento y el aprendizaje.<\/li><li>Mi m\u00e1s sincero agradecimiento a mi profesor por su dedicaci\u00f3n incansable y por brindarme las herramientas necesarias para tener \u00e9xito.<\/li><li>Agradezco a mi profesor por su pasi\u00f3n y por hacer que cada clase sea una experiencia enriquecedora y emocionante.<\/li><li>Mi profundo agradecimiento hacia mi profesor por ser un gu\u00eda constante en mi camino educativo y por creer en m\u00ed.<\/li><li>En este d\u00eda del maestro, quiero expresar mi gratitud hacia mi profesor por su influencia positiva en mi vida y por ser un modelo a seguir.<\/li><li>Agradezco de todo coraz\u00f3n a mi querido profesor por su dedicaci\u00f3n, conocimiento y por hacer una diferencia en mi vida.<\/li><\/ul>\n\n\n\n<h2 class=\"wp-block-heading\"><mark><strong>IM\u00c1GENES DEL D\u00cdA DEL MAESTRO BONITAS<\/strong><\/mark><\/h2>\n\n\n\n<p>Si quieres acompa\u00f1ar tu saludo o mensaje aqu\u00ed te dejamos unas<strong>\u00a0im\u00e1genes del D\u00eda del Maestro bonitas:<\/strong><\/p>\n\n\n\n<div class=\"wp-block-image\"><figure class=\"aligncenter\"><img decoding=\"async\" src=\"https:\/\/gestion.pe\/resizer\/ua2ujWjFA83xGEUi8dpvF2OrEtA=\/620x0\/smart\/filters:format(jpeg):quality(75)\/cloudfront-us-east-1.images.arcpublishing.com\/elcomercio\/WCNVXDZD6BGGVIQENXWBVAGOIA.png\" alt=\"Im\u00e1genes del D\u00eda del Maestro bonitas. (Foto: kittyflor.com)\"\/><\/figure><\/div>\n\n\n\n<div class=\"wp-block-image\"><figure class=\"aligncenter\"><img decoding=\"async\" src=\"https:\/\/gestion.pe\/resizer\/ahxfpAUUJWXwUffr-PDyCIAfTgo=\/620x0\/smart\/filters:format(jpeg):quality(75)\/cloudfront-us-east-1.images.arcpublishing.com\/elcomercio\/YFU3FR3ZCVABBKXKY7T5JZXZLU.png\" alt=\"Im\u00e1genes del d\u00eda del maestro bonitas. (Foto: Norfipc)\"\/><\/figure><\/div>\n\n\n\n<p><\/p>\n\n\n\n<div class=\"wp-block-image\"><figure class=\"aligncenter\"><img decoding=\"async\" src=\"https:\/\/gestion.pe\/resizer\/FIP4FzyspphHGyFlNMkojkN7_DU=\/620x0\/smart\/filters:format(jpeg):quality(75)\/cloudfront-us-east-1.images.arcpublishing.com\/elcomercio\/MVCVC3JS2JG2RENREJ3TNFVVJU.jpg\" alt=\"Im\u00e1genes del d\u00eda del maestro bonitas. (Foto: detrujillo.com)\"\/><\/figure><\/div>\n\n\n\n<p><strong>Fuente: gestion.pe<\/strong><\/p>\n","protected":false},"excerpt":{"rendered":"<p>(Aeronoticias): Aquellas personas que dejan una gran huella en sus alumnos y ayudan a forjar buenos estudiantes, est\u00e1n de celebraci\u00f3n este jueves 6 de julio, d\u00eda en que se conmemora en el Per\u00fa a todos los docentes y profesionales de la educaci\u00f3n, el\u00a0D\u00eda del Maestro 2023. Por ello hemos recopilado una serie de frases, saludos [&hellip;]<\/p>\n","protected":false},"author":3,"featured_media":84255,"comment_status":"open","ping_status":"open","sticky":false,"template":"","format":"standard","meta":{"tdm_status":"","tdm_grid_status":"","footnotes":""},"categories":[8,30],"tags":[2120,179],"class_list":{"0":"post-84254","1":"post","2":"type-post","3":"status-publish","4":"format-standard","5":"has-post-thumbnail","7":"category-ultimas","8":"category-30","9":"tag-dia-del-maestro","10":"tag-peru-2"},"yoast_head":"<!-- This site is optimized with the Yoast SEO plugin v25.1 - https:\/\/yoast.com\/wordpress\/plugins\/seo\/ -->\n<title>Las mejores frases, saludos y postales por el D\u00eda del Maestro en Per\u00fa<\/title>\n<meta name=\"description\" content=\"Te mostramos las mejores frases, felicitaciones e im\u00e1genes para dedicar por el D\u00eda del Maestro 2023 en Per\u00fa.\" \/>\n<meta name=\"robots\" content=\"index, follow, max-snippet:-1, max-image-preview:large, max-video-preview:-1\" \/>\n<link rel=\"canonical\" href=\"https:\/\/aeronoticias.com.pe\/noticiero\/ultimas\/1\/las-mejores-frases-saludos-y-postales-por-el-dia-del-maestro-en-peru\/\" \/>\n<meta property=\"og:locale\" content=\"es_ES\" \/>\n<meta property=\"og:type\" content=\"article\" \/>\n<meta property=\"og:title\" content=\"Las mejores frases, saludos y postales por el D\u00eda del Maestro en Per\u00fa\" \/>\n<meta property=\"og:description\" content=\"Te mostramos las mejores frases, felicitaciones e im\u00e1genes para dedicar por el D\u00eda del Maestro 2023 en Per\u00fa.\" \/>\n<meta property=\"og:url\" content=\"https:\/\/aeronoticias.com.pe\/noticiero\/ultimas\/1\/las-mejores-frases-saludos-y-postales-por-el-dia-del-maestro-en-peru\/\" \/>\n<meta property=\"og:site_name\" content=\"Aeronoticias.com.pe\" \/>\n<meta property=\"article:publisher\" content=\"https:\/\/www.facebook.com\/Aeronoticias.com.pe\/\" \/>\n<meta property=\"article:published_time\" content=\"2023-07-06T19:37:55+00:00\" \/>\n<meta property=\"article:modified_time\" content=\"2023-07-06T19:37:58+00:00\" \/>\n<meta property=\"og:image\" content=\"https:\/\/aeronoticias.com.pe\/noticiero\/wp-content\/uploads\/2023\/07\/maestro2.jpg\" \/>\n\t<meta property=\"og:image:width\" content=\"619\" \/>\n\t<meta property=\"og:image:height\" content=\"348\" \/>\n\t<meta property=\"og:image:type\" content=\"image\/jpeg\" \/>\n<meta name=\"author\" content=\"Redacci\u00f3n\" \/>\n<meta name=\"twitter:card\" content=\"summary_large_image\" \/>\n<meta name=\"twitter:creator\" content=\"@aeronoticias\" \/>\n<meta name=\"twitter:site\" content=\"@aeronoticias\" \/>\n<meta name=\"twitter:label1\" content=\"Escrito por\" \/>\n\t<meta name=\"twitter:data1\" content=\"Redacci\u00f3n\" \/>\n\t<meta name=\"twitter:label2\" content=\"Tiempo de lectura\" \/>\n\t<meta name=\"twitter:data2\" content=\"5 minutos\" \/>\n<script type=\"application\/ld+json\" class=\"yoast-schema-graph\">{\"@context\":\"https:\/\/schema.org\",\"@graph\":[{\"@type\":\"WebPage\",\"@id\":\"https:\/\/aeronoticias.com.pe\/noticiero\/ultimas\/1\/las-mejores-frases-saludos-y-postales-por-el-dia-del-maestro-en-peru\/\",\"url\":\"https:\/\/aeronoticias.com.pe\/noticiero\/ultimas\/1\/las-mejores-frases-saludos-y-postales-por-el-dia-del-maestro-en-peru\/\",\"name\":\"Las mejores frases, saludos y postales por el D\u00eda del Maestro en Per\u00fa\",\"isPartOf\":{\"@id\":\"https:\/\/aeronoticias.com.pe\/noticiero\/#website\"},\"primaryImageOfPage\":{\"@id\":\"https:\/\/aeronoticias.com.pe\/noticiero\/ultimas\/1\/las-mejores-frases-saludos-y-postales-por-el-dia-del-maestro-en-peru\/#primaryimage\"},\"image\":{\"@id\":\"https:\/\/aeronoticias.com.pe\/noticiero\/ultimas\/1\/las-mejores-frases-saludos-y-postales-por-el-dia-del-maestro-en-peru\/#primaryimage\"},\"thumbnailUrl\":\"https:\/\/aeronoticias.com.pe\/noticiero\/wp-content\/uploads\/2023\/07\/maestro2.jpg\",\"datePublished\":\"2023-07-06T19:37:55+00:00\",\"dateModified\":\"2023-07-06T19:37:58+00:00\",\"author\":{\"@id\":\"https:\/\/aeronoticias.com.pe\/noticiero\/#\/schema\/person\/16212a617c73f78916b13194154243bd\"},\"description\":\"Te mostramos las mejores frases, felicitaciones e im\u00e1genes para dedicar por el D\u00eda del Maestro 2023 en Per\u00fa.\",\"breadcrumb\":{\"@id\":\"https:\/\/aeronoticias.com.pe\/noticiero\/ultimas\/1\/las-mejores-frases-saludos-y-postales-por-el-dia-del-maestro-en-peru\/#breadcrumb\"},\"inLanguage\":\"es\",\"potentialAction\":[{\"@type\":\"ReadAction\",\"target\":[\"https:\/\/aeronoticias.com.pe\/noticiero\/ultimas\/1\/las-mejores-frases-saludos-y-postales-por-el-dia-del-maestro-en-peru\/\"]}]},{\"@type\":\"ImageObject\",\"inLanguage\":\"es\",\"@id\":\"https:\/\/aeronoticias.com.pe\/noticiero\/ultimas\/1\/las-mejores-frases-saludos-y-postales-por-el-dia-del-maestro-en-peru\/#primaryimage\",\"url\":\"https:\/\/aeronoticias.com.pe\/noticiero\/wp-content\/uploads\/2023\/07\/maestro2.jpg\",\"contentUrl\":\"https:\/\/aeronoticias.com.pe\/noticiero\/wp-content\/uploads\/2023\/07\/maestro2.jpg\",\"width\":619,\"height\":348},{\"@type\":\"BreadcrumbList\",\"@id\":\"https:\/\/aeronoticias.com.pe\/noticiero\/ultimas\/1\/las-mejores-frases-saludos-y-postales-por-el-dia-del-maestro-en-peru\/#breadcrumb\",\"itemListElement\":[{\"@type\":\"ListItem\",\"position\":1,\"name\":\"Portada\",\"item\":\"https:\/\/aeronoticias.com.pe\/noticiero\/\"},{\"@type\":\"ListItem\",\"position\":2,\"name\":\"Las mejores frases, saludos y postales por el D\u00eda del Maestro en Per\u00fa\"}]},{\"@type\":\"WebSite\",\"@id\":\"https:\/\/aeronoticias.com.pe\/noticiero\/#website\",\"url\":\"https:\/\/aeronoticias.com.pe\/noticiero\/\",\"name\":\"Aeronoticias.com.pe\",\"description\":\"Noticias de tranporte aereo, turismo, hoteles, gastronomia, actualidad, internacional\",\"potentialAction\":[{\"@type\":\"SearchAction\",\"target\":{\"@type\":\"EntryPoint\",\"urlTemplate\":\"https:\/\/aeronoticias.com.pe\/noticiero\/?s={search_term_string}\"},\"query-input\":{\"@type\":\"PropertyValueSpecification\",\"valueRequired\":true,\"valueName\":\"search_term_string\"}}],\"inLanguage\":\"es\"},{\"@type\":\"Person\",\"@id\":\"https:\/\/aeronoticias.com.pe\/noticiero\/#\/schema\/person\/16212a617c73f78916b13194154243bd\",\"name\":\"Redacci\u00f3n\",\"sameAs\":[\"http:\/\/Redacci\u00f3n\"],\"url\":\"https:\/\/aeronoticias.com.pe\/noticiero\/author\/celeste\/\"}]}<\/script>\n<!-- \/ Yoast SEO plugin. -->","yoast_head_json":{"title":"Las mejores frases, saludos y postales por el D\u00eda del Maestro en Per\u00fa","description":"Te mostramos las mejores frases, felicitaciones e im\u00e1genes para dedicar por el D\u00eda del Maestro 2023 en Per\u00fa.","robots":{"index":"index","follow":"follow","max-snippet":"max-snippet:-1","max-image-preview":"max-image-preview:large","max-video-preview":"max-video-preview:-1"},"canonical":"https:\/\/aeronoticias.com.pe\/noticiero\/ultimas\/1\/las-mejores-frases-saludos-y-postales-por-el-dia-del-maestro-en-peru\/","og_locale":"es_ES","og_type":"article","og_title":"Las mejores frases, saludos y postales por el D\u00eda del Maestro en Per\u00fa","og_description":"Te mostramos las mejores frases, felicitaciones e im\u00e1genes para dedicar por el D\u00eda del Maestro 2023 en Per\u00fa.","og_url":"https:\/\/aeronoticias.com.pe\/noticiero\/ultimas\/1\/las-mejores-frases-saludos-y-postales-por-el-dia-del-maestro-en-peru\/","og_site_name":"Aeronoticias.com.pe","article_publisher":"https:\/\/www.facebook.com\/Aeronoticias.com.pe\/","article_published_time":"2023-07-06T19:37:55+00:00","article_modified_time":"2023-07-06T19:37:58+00:00","og_image":[{"width":619,"height":348,"url":"https:\/\/aeronoticias.com.pe\/noticiero\/wp-content\/uploads\/2023\/07\/maestro2.jpg","type":"image\/jpeg"}],"author":"Redacci\u00f3n","twitter_card":"summary_large_image","twitter_creator":"@aeronoticias","twitter_site":"@aeronoticias","twitter_misc":{"Escrito por":"Redacci\u00f3n","Tiempo de lectura":"5 minutos"},"schema":{"@context":"https:\/\/schema.org","@graph":[{"@type":"WebPage","@id":"https:\/\/aeronoticias.com.pe\/noticiero\/ultimas\/1\/las-mejores-frases-saludos-y-postales-por-el-dia-del-maestro-en-peru\/","url":"https:\/\/aeronoticias.com.pe\/noticiero\/ultimas\/1\/las-mejores-frases-saludos-y-postales-por-el-dia-del-maestro-en-peru\/","name":"Las mejores frases, saludos y postales por el D\u00eda del Maestro en Per\u00fa","isPartOf":{"@id":"https:\/\/aeronoticias.com.pe\/noticiero\/#website"},"primaryImageOfPage":{"@id":"https:\/\/aeronoticias.com.pe\/noticiero\/ultimas\/1\/las-mejores-frases-saludos-y-postales-por-el-dia-del-maestro-en-peru\/#primaryimage"},"image":{"@id":"https:\/\/aeronoticias.com.pe\/noticiero\/ultimas\/1\/las-mejores-frases-saludos-y-postales-por-el-dia-del-maestro-en-peru\/#primaryimage"},"thumbnailUrl":"https:\/\/aeronoticias.com.pe\/noticiero\/wp-content\/uploads\/2023\/07\/maestro2.jpg","datePublished":"2023-07-06T19:37:55+00:00","dateModified":"2023-07-06T19:37:58+00:00","author":{"@id":"https:\/\/aeronoticias.com.pe\/noticiero\/#\/schema\/person\/16212a617c73f78916b13194154243bd"},"description":"Te mostramos las mejores frases, felicitaciones e im\u00e1genes para dedicar por el D\u00eda del Maestro 2023 en Per\u00fa.","breadcrumb":{"@id":"https:\/\/aeronoticias.com.pe\/noticiero\/ultimas\/1\/las-mejores-frases-saludos-y-postales-por-el-dia-del-maestro-en-peru\/#breadcrumb"},"inLanguage":"es","potentialAction":[{"@type":"ReadAction","target":["https:\/\/aeronoticias.com.pe\/noticiero\/ultimas\/1\/las-mejores-frases-saludos-y-postales-por-el-dia-del-maestro-en-peru\/"]}]},{"@type":"ImageObject","inLanguage":"es","@id":"https:\/\/aeronoticias.com.pe\/noticiero\/ultimas\/1\/las-mejores-frases-saludos-y-postales-por-el-dia-del-maestro-en-peru\/#primaryimage","url":"https:\/\/aeronoticias.com.pe\/noticiero\/wp-content\/uploads\/2023\/07\/maestro2.jpg","contentUrl":"https:\/\/aeronoticias.com.pe\/noticiero\/wp-content\/uploads\/2023\/07\/maestro2.jpg","width":619,"height":348},{"@type":"BreadcrumbList","@id":"https:\/\/aeronoticias.com.pe\/noticiero\/ultimas\/1\/las-mejores-frases-saludos-y-postales-por-el-dia-del-maestro-en-peru\/#breadcrumb","itemListElement":[{"@type":"ListItem","position":1,"name":"Portada","item":"https:\/\/aeronoticias.com.pe\/noticiero\/"},{"@type":"ListItem","position":2,"name":"Las mejores frases, saludos y postales por el D\u00eda del Maestro en Per\u00fa"}]},{"@type":"WebSite","@id":"https:\/\/aeronoticias.com.pe\/noticiero\/#website","url":"https:\/\/aeronoticias.com.pe\/noticiero\/","name":"Aeronoticias.com.pe","description":"Noticias de tranporte aereo, turismo, hoteles, gastronomia, actualidad, internacional","potentialAction":[{"@type":"SearchAction","target":{"@type":"EntryPoint","urlTemplate":"https:\/\/aeronoticias.com.pe\/noticiero\/?s={search_term_string}"},"query-input":{"@type":"PropertyValueSpecification","valueRequired":true,"valueName":"search_term_string"}}],"inLanguage":"es"},{"@type":"Person","@id":"https:\/\/aeronoticias.com.pe\/noticiero\/#\/schema\/person\/16212a617c73f78916b13194154243bd","name":"Redacci\u00f3n","sameAs":["http:\/\/Redacci\u00f3n"],"url":"https:\/\/aeronoticias.com.pe\/noticiero\/author\/celeste\/"}]}},"_links":{"self":[{"href":"https:\/\/aeronoticias.com.pe\/noticiero\/wp-json\/wp\/v2\/posts\/84254","targetHints":{"allow":["GET"]}}],"collection":[{"href":"https:\/\/aeronoticias.com.pe\/noticiero\/wp-json\/wp\/v2\/posts"}],"about":[{"href":"https:\/\/aeronoticias.com.pe\/noticiero\/wp-json\/wp\/v2\/types\/post"}],"author":[{"embeddable":true,"href":"https:\/\/aeronoticias.com.pe\/noticiero\/wp-json\/wp\/v2\/users\/3"}],"replies":[{"embeddable":true,"href":"https:\/\/aeronoticias.com.pe\/noticiero\/wp-json\/wp\/v2\/comments?post=84254"}],"version-history":[{"count":0,"href":"https:\/\/aeronoticias.com.pe\/noticiero\/wp-json\/wp\/v2\/posts\/84254\/revisions"}],"wp:featuredmedia":[{"embeddable":true,"href":"https:\/\/aeronoticias.com.pe\/noticiero\/wp-json\/wp\/v2\/media\/84255"}],"wp:attachment":[{"href":"https:\/\/aeronoticias.com.pe\/noticiero\/wp-json\/wp\/v2\/media?parent=84254"}],"wp:term":[{"taxonomy":"category","embeddable":true,"href":"https:\/\/aeronoticias.com.pe\/noticiero\/wp-json\/wp\/v2\/categories?post=84254"},{"taxonomy":"post_tag","embeddable":true,"href":"https:\/\/aeronoticias.com.pe\/noticiero\/wp-json\/wp\/v2\/tags?post=84254"}],"curies":[{"name":"wp","href":"https:\/\/api.w.org\/{rel}","templated":true}]}}