{"id":84263,"date":"2023-07-06T16:00:11","date_gmt":"2023-07-06T21:00:11","guid":{"rendered":"https:\/\/aeronoticias.com.pe\/noticiero\/?p=84263"},"modified":"2023-07-07T11:14:51","modified_gmt":"2023-07-07T16:14:51","slug":"santuario-historico-de-machu-picchu-conmemora-16-anos-como-una-de-las-maravillas-del-mundo-moderno","status":"publish","type":"post","link":"https:\/\/aeronoticias.com.pe\/noticiero\/ultimas\/1\/santuario-historico-de-machu-picchu-conmemora-16-anos-como-una-de-las-maravillas-del-mundo-moderno\/","title":{"rendered":"Santuario Hist\u00f3rico de Machu Picchu conmemora 16 a\u00f1os como una de las Maravillas del Mundo Moderno"},"content":{"rendered":"\n<p>(Aeronoticias) El Santuario Hist\u00f3rico de Machu Picchu, una de las joyas m\u00e1s preciadas del patrimonio cultural y arqueol\u00f3gico de Per\u00fa, est\u00e1 celebrando su 16\u00b0 aniversario como una de las Maravillas del Mundo Moderno. Este emblem\u00e1tico sitio ha cautivado a millones de visitantes de todo el mundo desde que recibi\u00f3 este prestigioso t\u00edtulo el 7 de julio de 2007.<\/p>\n\n\n\n<p>El reconocimiento de Machu Picchu como una de las Maravillas del Mundo Moderno fue el resultado de una votaci\u00f3n global que involucr\u00f3 a millones de personas. La majestuosidad de esta ciudadela inca, ubicada en lo alto de los Andes peruanos, conquist\u00f3 los corazones y las mentes de aquellos que tuvieron la oportunidad de contemplar su belleza y esplendor.<\/p>\n\n\n\n<p>Machu Picchu es mucho m\u00e1s que un sitio arqueol\u00f3gico; es un testimonio vivo de la grandeza de la civilizaci\u00f3n inca y su avanzado conocimiento arquitect\u00f3nico y astron\u00f3mico. Las imponentes estructuras de piedra, los intrincados sistemas de terrazas agr\u00edcolas y los enigm\u00e1ticos senderos que recorren el sitio han dejado perplejos a investigadores y viajeros por igual.<\/p>\n\n\n\n<p>El aniversario de Machu Picchu como una de las Maravillas del Mundo Moderno es motivo de orgullo y celebraci\u00f3n para el pueblo peruano. El sitio no solo es una atracci\u00f3n tur\u00edstica de renombre mundial, sino tambi\u00e9n un s\u00edmbolo de la riqueza cultural y la historia ancestral del pa\u00eds.<\/p>\n\n\n\n<p>Cada a\u00f1o, miles de personas se aventuran en un viaje para admirar la magnificencia de Machu Picchu y conectarse con su energ\u00eda espiritual y m\u00edstica. Los visitantes caminan por los mismos pasos que los antiguos incas, maravill\u00e1ndose con la ingenier\u00eda y la planificaci\u00f3n meticulosa que se requiri\u00f3 para construir este tesoro arqueol\u00f3gico.<\/p>\n\n\n\n<p>La celebraci\u00f3n del 16\u00b0 aniversario de Machu Picchu como Maravilla del Mundo Moderno es una oportunidad para reflexionar sobre la importancia de preservar y proteger este invaluable legado hist\u00f3rico. El Gobierno peruano y las autoridades locales contin\u00faan trabajando arduamente para garantizar la conservaci\u00f3n y el acceso sostenible a este sitio, al tiempo que promueven el turismo responsable y el respeto hacia la cultura local.<\/p>\n\n\n\n<p>Machu Picchu, con su enigm\u00e1tica belleza y su aura m\u00edstica, seguir\u00e1 fascinando a generaciones venideras y manteniendo su posici\u00f3n como uno de los destinos tur\u00edsticos m\u00e1s impresionantes y emblem\u00e1ticos del mundo. Su aniversario es una oportunidad para honrar su grandeza y recordar la importancia de preservar nuestras maravillas hist\u00f3ricas para las futuras generaciones.<\/p>\n\n\n\n<p><em>Fuente: El Comercio<\/em><\/p>\n\n\n\n<p><em><strong>Por: Sebasti\u00e1n Palacin<\/strong><\/em><\/p>\n","protected":false},"excerpt":{"rendered":"<p>(Aeronoticias) El Santuario Hist\u00f3rico de Machu Picchu, una de las joyas m\u00e1s preciadas del patrimonio cultural y arqueol\u00f3gico de Per\u00fa, est\u00e1 celebrando su 16\u00b0 aniversario como una de las Maravillas del Mundo Moderno. Este emblem\u00e1tico sitio ha cautivado a millones de visitantes de todo el mundo desde que recibi\u00f3 este prestigioso t\u00edtulo el 7 de [&hellip;]<\/p>\n","protected":false},"author":3,"featured_media":84270,"comment_status":"open","ping_status":"open","sticky":false,"template":"","format":"standard","meta":{"tdm_status":"","tdm_grid_status":"","footnotes":""},"categories":[8,30],"tags":[],"class_list":{"0":"post-84263","1":"post","2":"type-post","3":"status-publish","4":"format-standard","5":"has-post-thumbnail","7":"category-ultimas","8":"category-30"},"yoast_head":"<!-- This site is optimized with the Yoast SEO plugin v25.1 - https:\/\/yoast.com\/wordpress\/plugins\/seo\/ -->\n<title>Santuario Hist\u00f3rico de Machu Picchu conmemora 16 a\u00f1os como una de las Maravillas del Mundo Moderno<\/title>\n<meta name=\"description\" content=\"El Santuario Hist\u00f3rico de Machu Picchu, una de las joyas m\u00e1s preciadas del patrimonio cultural y arqueol\u00f3gico de Per\u00fa, est\u00e1 celebrando su 16\u00b0 aniversario como una de las Maravillas del Mundo Moderno.\" \/>\n<meta name=\"robots\" content=\"index, follow, max-snippet:-1, max-image-preview:large, max-video-preview:-1\" \/>\n<link rel=\"canonical\" href=\"https:\/\/aeronoticias.com.pe\/noticiero\/ultimas\/1\/santuario-historico-de-machu-picchu-conmemora-16-anos-como-una-de-las-maravillas-del-mundo-moderno\/\" \/>\n<meta property=\"og:locale\" content=\"es_ES\" \/>\n<meta property=\"og:type\" content=\"article\" \/>\n<meta property=\"og:title\" content=\"Santuario Hist\u00f3rico de Machu Picchu conmemora 16 a\u00f1os como una de las Maravillas del Mundo Moderno\" \/>\n<meta property=\"og:description\" content=\"El Santuario Hist\u00f3rico de Machu Picchu, una de las joyas m\u00e1s preciadas del patrimonio cultural y arqueol\u00f3gico de Per\u00fa, est\u00e1 celebrando su 16\u00b0 aniversario como una de las Maravillas del Mundo Moderno.\" \/>\n<meta property=\"og:url\" content=\"https:\/\/aeronoticias.com.pe\/noticiero\/ultimas\/1\/santuario-historico-de-machu-picchu-conmemora-16-anos-como-una-de-las-maravillas-del-mundo-moderno\/\" \/>\n<meta property=\"og:site_name\" content=\"Aeronoticias.com.pe\" \/>\n<meta property=\"article:publisher\" content=\"https:\/\/www.facebook.com\/Aeronoticias.com.pe\/\" \/>\n<meta property=\"article:published_time\" content=\"2023-07-06T21:00:11+00:00\" \/>\n<meta property=\"article:modified_time\" content=\"2023-07-07T16:14:51+00:00\" \/>\n<meta property=\"og:image\" content=\"https:\/\/aeronoticias.com.pe\/noticiero\/wp-content\/uploads\/2023\/07\/mpicchu.jpg\" \/>\n\t<meta property=\"og:image:width\" content=\"1298\" \/>\n\t<meta property=\"og:image:height\" content=\"865\" \/>\n\t<meta property=\"og:image:type\" content=\"image\/jpeg\" \/>\n<meta name=\"author\" content=\"Redacci\u00f3n\" \/>\n<meta name=\"twitter:card\" content=\"summary_large_image\" \/>\n<meta name=\"twitter:creator\" content=\"@aeronoticias\" \/>\n<meta name=\"twitter:site\" content=\"@aeronoticias\" \/>\n<meta name=\"twitter:label1\" content=\"Escrito por\" \/>\n\t<meta name=\"twitter:data1\" content=\"Redacci\u00f3n\" \/>\n\t<meta name=\"twitter:label2\" content=\"Tiempo de lectura\" \/>\n\t<meta name=\"twitter:data2\" content=\"2 minutos\" \/>\n<script type=\"application\/ld+json\" class=\"yoast-schema-graph\">{\"@context\":\"https:\/\/schema.org\",\"@graph\":[{\"@type\":\"WebPage\",\"@id\":\"https:\/\/aeronoticias.com.pe\/noticiero\/ultimas\/1\/santuario-historico-de-machu-picchu-conmemora-16-anos-como-una-de-las-maravillas-del-mundo-moderno\/\",\"url\":\"https:\/\/aeronoticias.com.pe\/noticiero\/ultimas\/1\/santuario-historico-de-machu-picchu-conmemora-16-anos-como-una-de-las-maravillas-del-mundo-moderno\/\",\"name\":\"Santuario Hist\u00f3rico de Machu Picchu conmemora 16 a\u00f1os como una de las Maravillas del Mundo Moderno\",\"isPartOf\":{\"@id\":\"https:\/\/aeronoticias.com.pe\/noticiero\/#website\"},\"primaryImageOfPage\":{\"@id\":\"https:\/\/aeronoticias.com.pe\/noticiero\/ultimas\/1\/santuario-historico-de-machu-picchu-conmemora-16-anos-como-una-de-las-maravillas-del-mundo-moderno\/#primaryimage\"},\"image\":{\"@id\":\"https:\/\/aeronoticias.com.pe\/noticiero\/ultimas\/1\/santuario-historico-de-machu-picchu-conmemora-16-anos-como-una-de-las-maravillas-del-mundo-moderno\/#primaryimage\"},\"thumbnailUrl\":\"https:\/\/aeronoticias.com.pe\/noticiero\/wp-content\/uploads\/2023\/07\/mpicchu.jpg\",\"datePublished\":\"2023-07-06T21:00:11+00:00\",\"dateModified\":\"2023-07-07T16:14:51+00:00\",\"author\":{\"@id\":\"https:\/\/aeronoticias.com.pe\/noticiero\/#\/schema\/person\/16212a617c73f78916b13194154243bd\"},\"description\":\"El Santuario Hist\u00f3rico de Machu Picchu, una de las joyas m\u00e1s preciadas del patrimonio cultural y arqueol\u00f3gico de Per\u00fa, est\u00e1 celebrando su 16\u00b0 aniversario como una de las Maravillas del Mundo Moderno.\",\"breadcrumb\":{\"@id\":\"https:\/\/aeronoticias.com.pe\/noticiero\/ultimas\/1\/santuario-historico-de-machu-picchu-conmemora-16-anos-como-una-de-las-maravillas-del-mundo-moderno\/#breadcrumb\"},\"inLanguage\":\"es\",\"potentialAction\":[{\"@type\":\"ReadAction\",\"target\":[\"https:\/\/aeronoticias.com.pe\/noticiero\/ultimas\/1\/santuario-historico-de-machu-picchu-conmemora-16-anos-como-una-de-las-maravillas-del-mundo-moderno\/\"]}]},{\"@type\":\"ImageObject\",\"inLanguage\":\"es\",\"@id\":\"https:\/\/aeronoticias.com.pe\/noticiero\/ultimas\/1\/santuario-historico-de-machu-picchu-conmemora-16-anos-como-una-de-las-maravillas-del-mundo-moderno\/#primaryimage\",\"url\":\"https:\/\/aeronoticias.com.pe\/noticiero\/wp-content\/uploads\/2023\/07\/mpicchu.jpg\",\"contentUrl\":\"https:\/\/aeronoticias.com.pe\/noticiero\/wp-content\/uploads\/2023\/07\/mpicchu.jpg\",\"width\":1298,\"height\":865},{\"@type\":\"BreadcrumbList\",\"@id\":\"https:\/\/aeronoticias.com.pe\/noticiero\/ultimas\/1\/santuario-historico-de-machu-picchu-conmemora-16-anos-como-una-de-las-maravillas-del-mundo-moderno\/#breadcrumb\",\"itemListElement\":[{\"@type\":\"ListItem\",\"position\":1,\"name\":\"Portada\",\"item\":\"https:\/\/aeronoticias.com.pe\/noticiero\/\"},{\"@type\":\"ListItem\",\"position\":2,\"name\":\"Santuario Hist\u00f3rico de Machu Picchu conmemora 16 a\u00f1os como una de las Maravillas del Mundo Moderno\"}]},{\"@type\":\"WebSite\",\"@id\":\"https:\/\/aeronoticias.com.pe\/noticiero\/#website\",\"url\":\"https:\/\/aeronoticias.com.pe\/noticiero\/\",\"name\":\"Aeronoticias.com.pe\",\"description\":\"Noticias de tranporte aereo, turismo, hoteles, gastronomia, actualidad, internacional\",\"potentialAction\":[{\"@type\":\"SearchAction\",\"target\":{\"@type\":\"EntryPoint\",\"urlTemplate\":\"https:\/\/aeronoticias.com.pe\/noticiero\/?s={search_term_string}\"},\"query-input\":{\"@type\":\"PropertyValueSpecification\",\"valueRequired\":true,\"valueName\":\"search_term_string\"}}],\"inLanguage\":\"es\"},{\"@type\":\"Person\",\"@id\":\"https:\/\/aeronoticias.com.pe\/noticiero\/#\/schema\/person\/16212a617c73f78916b13194154243bd\",\"name\":\"Redacci\u00f3n\",\"sameAs\":[\"http:\/\/Redacci\u00f3n\"],\"url\":\"https:\/\/aeronoticias.com.pe\/noticiero\/author\/celeste\/\"}]}<\/script>\n<!-- \/ Yoast SEO plugin. -->","yoast_head_json":{"title":"Santuario Hist\u00f3rico de Machu Picchu conmemora 16 a\u00f1os como una de las Maravillas del Mundo Moderno","description":"El Santuario Hist\u00f3rico de Machu Picchu, una de las joyas m\u00e1s preciadas del patrimonio cultural y arqueol\u00f3gico de Per\u00fa, est\u00e1 celebrando su 16\u00b0 aniversario como una de las Maravillas del Mundo Moderno.","robots":{"index":"index","follow":"follow","max-snippet":"max-snippet:-1","max-image-preview":"max-image-preview:large","max-video-preview":"max-video-preview:-1"},"canonical":"https:\/\/aeronoticias.com.pe\/noticiero\/ultimas\/1\/santuario-historico-de-machu-picchu-conmemora-16-anos-como-una-de-las-maravillas-del-mundo-moderno\/","og_locale":"es_ES","og_type":"article","og_title":"Santuario Hist\u00f3rico de Machu Picchu conmemora 16 a\u00f1os como una de las Maravillas del Mundo Moderno","og_description":"El Santuario Hist\u00f3rico de Machu Picchu, una de las joyas m\u00e1s preciadas del patrimonio cultural y arqueol\u00f3gico de Per\u00fa, est\u00e1 celebrando su 16\u00b0 aniversario como una de las Maravillas del Mundo Moderno.","og_url":"https:\/\/aeronoticias.com.pe\/noticiero\/ultimas\/1\/santuario-historico-de-machu-picchu-conmemora-16-anos-como-una-de-las-maravillas-del-mundo-moderno\/","og_site_name":"Aeronoticias.com.pe","article_publisher":"https:\/\/www.facebook.com\/Aeronoticias.com.pe\/","article_published_time":"2023-07-06T21:00:11+00:00","article_modified_time":"2023-07-07T16:14:51+00:00","og_image":[{"width":1298,"height":865,"url":"https:\/\/aeronoticias.com.pe\/noticiero\/wp-content\/uploads\/2023\/07\/mpicchu.jpg","type":"image\/jpeg"}],"author":"Redacci\u00f3n","twitter_card":"summary_large_image","twitter_creator":"@aeronoticias","twitter_site":"@aeronoticias","twitter_misc":{"Escrito por":"Redacci\u00f3n","Tiempo de lectura":"2 minutos"},"schema":{"@context":"https:\/\/schema.org","@graph":[{"@type":"WebPage","@id":"https:\/\/aeronoticias.com.pe\/noticiero\/ultimas\/1\/santuario-historico-de-machu-picchu-conmemora-16-anos-como-una-de-las-maravillas-del-mundo-moderno\/","url":"https:\/\/aeronoticias.com.pe\/noticiero\/ultimas\/1\/santuario-historico-de-machu-picchu-conmemora-16-anos-como-una-de-las-maravillas-del-mundo-moderno\/","name":"Santuario Hist\u00f3rico de Machu Picchu conmemora 16 a\u00f1os como una de las Maravillas del Mundo Moderno","isPartOf":{"@id":"https:\/\/aeronoticias.com.pe\/noticiero\/#website"},"primaryImageOfPage":{"@id":"https:\/\/aeronoticias.com.pe\/noticiero\/ultimas\/1\/santuario-historico-de-machu-picchu-conmemora-16-anos-como-una-de-las-maravillas-del-mundo-moderno\/#primaryimage"},"image":{"@id":"https:\/\/aeronoticias.com.pe\/noticiero\/ultimas\/1\/santuario-historico-de-machu-picchu-conmemora-16-anos-como-una-de-las-maravillas-del-mundo-moderno\/#primaryimage"},"thumbnailUrl":"https:\/\/aeronoticias.com.pe\/noticiero\/wp-content\/uploads\/2023\/07\/mpicchu.jpg","datePublished":"2023-07-06T21:00:11+00:00","dateModified":"2023-07-07T16:14:51+00:00","author":{"@id":"https:\/\/aeronoticias.com.pe\/noticiero\/#\/schema\/person\/16212a617c73f78916b13194154243bd"},"description":"El Santuario Hist\u00f3rico de Machu Picchu, una de las joyas m\u00e1s preciadas del patrimonio cultural y arqueol\u00f3gico de Per\u00fa, est\u00e1 celebrando su 16\u00b0 aniversario como una de las Maravillas del Mundo Moderno.","breadcrumb":{"@id":"https:\/\/aeronoticias.com.pe\/noticiero\/ultimas\/1\/santuario-historico-de-machu-picchu-conmemora-16-anos-como-una-de-las-maravillas-del-mundo-moderno\/#breadcrumb"},"inLanguage":"es","potentialAction":[{"@type":"ReadAction","target":["https:\/\/aeronoticias.com.pe\/noticiero\/ultimas\/1\/santuario-historico-de-machu-picchu-conmemora-16-anos-como-una-de-las-maravillas-del-mundo-moderno\/"]}]},{"@type":"ImageObject","inLanguage":"es","@id":"https:\/\/aeronoticias.com.pe\/noticiero\/ultimas\/1\/santuario-historico-de-machu-picchu-conmemora-16-anos-como-una-de-las-maravillas-del-mundo-moderno\/#primaryimage","url":"https:\/\/aeronoticias.com.pe\/noticiero\/wp-content\/uploads\/2023\/07\/mpicchu.jpg","contentUrl":"https:\/\/aeronoticias.com.pe\/noticiero\/wp-content\/uploads\/2023\/07\/mpicchu.jpg","width":1298,"height":865},{"@type":"BreadcrumbList","@id":"https:\/\/aeronoticias.com.pe\/noticiero\/ultimas\/1\/santuario-historico-de-machu-picchu-conmemora-16-anos-como-una-de-las-maravillas-del-mundo-moderno\/#breadcrumb","itemListElement":[{"@type":"ListItem","position":1,"name":"Portada","item":"https:\/\/aeronoticias.com.pe\/noticiero\/"},{"@type":"ListItem","position":2,"name":"Santuario Hist\u00f3rico de Machu Picchu conmemora 16 a\u00f1os como una de las Maravillas del Mundo Moderno"}]},{"@type":"WebSite","@id":"https:\/\/aeronoticias.com.pe\/noticiero\/#website","url":"https:\/\/aeronoticias.com.pe\/noticiero\/","name":"Aeronoticias.com.pe","description":"Noticias de tranporte aereo, turismo, hoteles, gastronomia, actualidad, internacional","potentialAction":[{"@type":"SearchAction","target":{"@type":"EntryPoint","urlTemplate":"https:\/\/aeronoticias.com.pe\/noticiero\/?s={search_term_string}"},"query-input":{"@type":"PropertyValueSpecification","valueRequired":true,"valueName":"search_term_string"}}],"inLanguage":"es"},{"@type":"Person","@id":"https:\/\/aeronoticias.com.pe\/noticiero\/#\/schema\/person\/16212a617c73f78916b13194154243bd","name":"Redacci\u00f3n","sameAs":["http:\/\/Redacci\u00f3n"],"url":"https:\/\/aeronoticias.com.pe\/noticiero\/author\/celeste\/"}]}},"_links":{"self":[{"href":"https:\/\/aeronoticias.com.pe\/noticiero\/wp-json\/wp\/v2\/posts\/84263","targetHints":{"allow":["GET"]}}],"collection":[{"href":"https:\/\/aeronoticias.com.pe\/noticiero\/wp-json\/wp\/v2\/posts"}],"about":[{"href":"https:\/\/aeronoticias.com.pe\/noticiero\/wp-json\/wp\/v2\/types\/post"}],"author":[{"embeddable":true,"href":"https:\/\/aeronoticias.com.pe\/noticiero\/wp-json\/wp\/v2\/users\/3"}],"replies":[{"embeddable":true,"href":"https:\/\/aeronoticias.com.pe\/noticiero\/wp-json\/wp\/v2\/comments?post=84263"}],"version-history":[{"count":0,"href":"https:\/\/aeronoticias.com.pe\/noticiero\/wp-json\/wp\/v2\/posts\/84263\/revisions"}],"wp:featuredmedia":[{"embeddable":true,"href":"https:\/\/aeronoticias.com.pe\/noticiero\/wp-json\/wp\/v2\/media\/84270"}],"wp:attachment":[{"href":"https:\/\/aeronoticias.com.pe\/noticiero\/wp-json\/wp\/v2\/media?parent=84263"}],"wp:term":[{"taxonomy":"category","embeddable":true,"href":"https:\/\/aeronoticias.com.pe\/noticiero\/wp-json\/wp\/v2\/categories?post=84263"},{"taxonomy":"post_tag","embeddable":true,"href":"https:\/\/aeronoticias.com.pe\/noticiero\/wp-json\/wp\/v2\/tags?post=84263"}],"curies":[{"name":"wp","href":"https:\/\/api.w.org\/{rel}","templated":true}]}}