{"id":84271,"date":"2023-07-06T15:30:41","date_gmt":"2023-07-06T20:30:41","guid":{"rendered":"https:\/\/aeronoticias.com.pe\/noticiero\/?p=84271"},"modified":"2023-07-07T11:19:16","modified_gmt":"2023-07-07T16:19:16","slug":"paolo-guerrero-deja-racing-club-el-club-argentino-confirma-la-salida-del-delantero-peruano","status":"publish","type":"post","link":"https:\/\/aeronoticias.com.pe\/noticiero\/mundo\/paolo-guerrero-deja-racing-club-el-club-argentino-confirma-la-salida-del-delantero-peruano\/","title":{"rendered":"Paolo Guerrero deja Racing Club: El club argentino confirma la salida del delantero peruano"},"content":{"rendered":"\n<p>(Aeronoticias) El 6 de julio de 2023, el Racing Club de Argentina oficializ\u00f3 la salida del delantero peruano Paolo Guerrero. Esta noticia ha generado sorpresa y tristeza entre los fan\u00e1ticos del club argentino y los seguidores del futbolista peruano.<br><br>Paolo Guerrero, reconocido como uno de los m\u00e1ximos referentes del f\u00fatbol peruano, se uni\u00f3 al Racing Club en enero de 2022. Durante su paso por el equipo argentino, Guerrero dej\u00f3 una huella importante, convirti\u00e9ndose en un jugador clave para el equipo.<\/p>\n\n\n\n<p>Sin embargo, debido a circunstancias que a\u00fan no han sido reveladas p\u00fablicamente, Racing Club y Paolo Guerrero han decidido poner fin a su relaci\u00f3n contractual. Esta decisi\u00f3n ha tomado por sorpresa a muchos, ya que se esperaba que el delantero peruano continuara en el equipo por un tiempo m\u00e1s.<\/p>\n\n\n\n<p><br>La partida de Paolo Guerrero deja un vac\u00edo en el ataque del Racing Club. El futbolista peruano se caracteriza por su potencia f\u00edsica, habilidad t\u00e9cnica y capacidad goleadora, lo cual lo convirti\u00f3 en una pieza fundamental en el esquema t\u00e1ctico del equipo argentino.<\/p>\n\n\n\n<p>La noticia de su salida ha generado especulaciones sobre cu\u00e1l ser\u00e1 el pr\u00f3ximo destino de Guerrero. Muchos medios de comunicaci\u00f3n y aficionados han comenzado a especular sobre posibles clubes interesados en contar con sus servicios. Sin embargo, hasta el momento no se ha confirmado ning\u00fan equipo en particular.<br><br>M\u00e1s all\u00e1 de su salida de Racing Club, Paolo Guerrero ha dejado un legado importante en el f\u00fatbol peruano. Es considerado uno de los mejores jugadores peruanos de todos los tiempos y ha representado a su pa\u00eds en varias competiciones internacionales, incluyendo la Copa del Mundo.<\/p>\n\n\n\n<p>A lo largo de su carrera, Guerrero ha jugado en diferentes equipos, tanto a nivel nacional como internacional, dejando su marca en cada uno de ellos. Su calidad y liderazgo lo han convertido en un referente para los j\u00f3venes futbolistas peruanos, quienes buscan seguir sus pasos y alcanzar el \u00e9xito en el deporte rey.<\/p>\n\n\n\n<p>En resumen, la salida de Paolo Guerrero del Racing Club ha sido oficializada, generando sorpresa y tristeza entre los aficionados. Aunque se desconocen los motivos exactos de su partida, su legado en el club argentino y en el f\u00fatbol peruano perdurar\u00e1, dejando un recuerdo imborrable en la historia del deporte. Los seguidores del f\u00fatbol estar\u00e1n atentos para conocer cu\u00e1l ser\u00e1 el siguiente cap\u00edtulo en la carrera de este talentoso delantero.<\/p>\n\n\n\n<p><em>Fuente: El Comercio<\/em><br><br><strong><em>Por: Sebasti\u00e1n Palacin<\/em><\/strong><\/p>\n","protected":false},"excerpt":{"rendered":"<p>(Aeronoticias) El 6 de julio de 2023, el Racing Club de Argentina oficializ\u00f3 la salida del delantero peruano Paolo Guerrero. Esta noticia ha generado sorpresa y tristeza entre los fan\u00e1ticos del club argentino y los seguidores del futbolista peruano. Paolo Guerrero, reconocido como uno de los m\u00e1ximos referentes del f\u00fatbol peruano, se uni\u00f3 al Racing [&hellip;]<\/p>\n","protected":false},"author":3,"featured_media":84276,"comment_status":"open","ping_status":"open","sticky":false,"template":"","format":"standard","meta":{"tdm_status":"","tdm_grid_status":"","footnotes":""},"categories":[28,64],"tags":[],"class_list":{"0":"post-84271","1":"post","2":"type-post","3":"status-publish","4":"format-standard","5":"has-post-thumbnail","7":"category-mundo","8":"category-mundo-mundo"},"yoast_head":"<!-- This site is optimized with the Yoast SEO plugin v25.1 - https:\/\/yoast.com\/wordpress\/plugins\/seo\/ -->\n<title>Paolo Guerrero deja Racing Club: El club argentino confirma la salida del delantero peruano<\/title>\n<meta name=\"description\" content=\"El 6 de julio de 2023, el Racing Club de Argentina oficializ\u00f3 la salida del delantero peruano Paolo Guerrero.\" \/>\n<meta name=\"robots\" content=\"index, follow, max-snippet:-1, max-image-preview:large, max-video-preview:-1\" \/>\n<link rel=\"canonical\" href=\"https:\/\/aeronoticias.com.pe\/noticiero\/mundo\/paolo-guerrero-deja-racing-club-el-club-argentino-confirma-la-salida-del-delantero-peruano\/\" \/>\n<meta property=\"og:locale\" content=\"es_ES\" \/>\n<meta property=\"og:type\" content=\"article\" \/>\n<meta property=\"og:title\" content=\"Paolo Guerrero deja Racing Club: El club argentino confirma la salida del delantero peruano\" \/>\n<meta property=\"og:description\" content=\"El 6 de julio de 2023, el Racing Club de Argentina oficializ\u00f3 la salida del delantero peruano Paolo Guerrero.\" \/>\n<meta property=\"og:url\" content=\"https:\/\/aeronoticias.com.pe\/noticiero\/mundo\/paolo-guerrero-deja-racing-club-el-club-argentino-confirma-la-salida-del-delantero-peruano\/\" \/>\n<meta property=\"og:site_name\" content=\"Aeronoticias.com.pe\" \/>\n<meta property=\"article:publisher\" content=\"https:\/\/www.facebook.com\/Aeronoticias.com.pe\/\" \/>\n<meta property=\"article:published_time\" content=\"2023-07-06T20:30:41+00:00\" \/>\n<meta property=\"article:modified_time\" content=\"2023-07-07T16:19:16+00:00\" \/>\n<meta property=\"og:image\" content=\"https:\/\/aeronoticias.com.pe\/noticiero\/wp-content\/uploads\/2023\/07\/pguerrero.jpg\" \/>\n\t<meta property=\"og:image:width\" content=\"580\" \/>\n\t<meta property=\"og:image:height\" content=\"330\" \/>\n\t<meta property=\"og:image:type\" content=\"image\/jpeg\" \/>\n<meta name=\"author\" content=\"Redacci\u00f3n\" \/>\n<meta name=\"twitter:card\" content=\"summary_large_image\" \/>\n<meta name=\"twitter:creator\" content=\"@aeronoticias\" \/>\n<meta name=\"twitter:site\" content=\"@aeronoticias\" \/>\n<meta name=\"twitter:label1\" content=\"Escrito por\" \/>\n\t<meta name=\"twitter:data1\" content=\"Redacci\u00f3n\" \/>\n\t<meta name=\"twitter:label2\" content=\"Tiempo de lectura\" \/>\n\t<meta name=\"twitter:data2\" content=\"2 minutos\" \/>\n<script type=\"application\/ld+json\" class=\"yoast-schema-graph\">{\"@context\":\"https:\/\/schema.org\",\"@graph\":[{\"@type\":\"WebPage\",\"@id\":\"https:\/\/aeronoticias.com.pe\/noticiero\/mundo\/paolo-guerrero-deja-racing-club-el-club-argentino-confirma-la-salida-del-delantero-peruano\/\",\"url\":\"https:\/\/aeronoticias.com.pe\/noticiero\/mundo\/paolo-guerrero-deja-racing-club-el-club-argentino-confirma-la-salida-del-delantero-peruano\/\",\"name\":\"Paolo Guerrero deja Racing Club: El club argentino confirma la salida del delantero peruano\",\"isPartOf\":{\"@id\":\"https:\/\/aeronoticias.com.pe\/noticiero\/#website\"},\"primaryImageOfPage\":{\"@id\":\"https:\/\/aeronoticias.com.pe\/noticiero\/mundo\/paolo-guerrero-deja-racing-club-el-club-argentino-confirma-la-salida-del-delantero-peruano\/#primaryimage\"},\"image\":{\"@id\":\"https:\/\/aeronoticias.com.pe\/noticiero\/mundo\/paolo-guerrero-deja-racing-club-el-club-argentino-confirma-la-salida-del-delantero-peruano\/#primaryimage\"},\"thumbnailUrl\":\"https:\/\/aeronoticias.com.pe\/noticiero\/wp-content\/uploads\/2023\/07\/pguerrero.jpg\",\"datePublished\":\"2023-07-06T20:30:41+00:00\",\"dateModified\":\"2023-07-07T16:19:16+00:00\",\"author\":{\"@id\":\"https:\/\/aeronoticias.com.pe\/noticiero\/#\/schema\/person\/16212a617c73f78916b13194154243bd\"},\"description\":\"El 6 de julio de 2023, el Racing Club de Argentina oficializ\u00f3 la salida del delantero peruano Paolo Guerrero.\",\"breadcrumb\":{\"@id\":\"https:\/\/aeronoticias.com.pe\/noticiero\/mundo\/paolo-guerrero-deja-racing-club-el-club-argentino-confirma-la-salida-del-delantero-peruano\/#breadcrumb\"},\"inLanguage\":\"es\",\"potentialAction\":[{\"@type\":\"ReadAction\",\"target\":[\"https:\/\/aeronoticias.com.pe\/noticiero\/mundo\/paolo-guerrero-deja-racing-club-el-club-argentino-confirma-la-salida-del-delantero-peruano\/\"]}]},{\"@type\":\"ImageObject\",\"inLanguage\":\"es\",\"@id\":\"https:\/\/aeronoticias.com.pe\/noticiero\/mundo\/paolo-guerrero-deja-racing-club-el-club-argentino-confirma-la-salida-del-delantero-peruano\/#primaryimage\",\"url\":\"https:\/\/aeronoticias.com.pe\/noticiero\/wp-content\/uploads\/2023\/07\/pguerrero.jpg\",\"contentUrl\":\"https:\/\/aeronoticias.com.pe\/noticiero\/wp-content\/uploads\/2023\/07\/pguerrero.jpg\",\"width\":580,\"height\":330},{\"@type\":\"BreadcrumbList\",\"@id\":\"https:\/\/aeronoticias.com.pe\/noticiero\/mundo\/paolo-guerrero-deja-racing-club-el-club-argentino-confirma-la-salida-del-delantero-peruano\/#breadcrumb\",\"itemListElement\":[{\"@type\":\"ListItem\",\"position\":1,\"name\":\"Portada\",\"item\":\"https:\/\/aeronoticias.com.pe\/noticiero\/\"},{\"@type\":\"ListItem\",\"position\":2,\"name\":\"Paolo Guerrero deja Racing Club: El club argentino confirma la salida del delantero peruano\"}]},{\"@type\":\"WebSite\",\"@id\":\"https:\/\/aeronoticias.com.pe\/noticiero\/#website\",\"url\":\"https:\/\/aeronoticias.com.pe\/noticiero\/\",\"name\":\"Aeronoticias.com.pe\",\"description\":\"Noticias de tranporte aereo, turismo, hoteles, gastronomia, actualidad, internacional\",\"potentialAction\":[{\"@type\":\"SearchAction\",\"target\":{\"@type\":\"EntryPoint\",\"urlTemplate\":\"https:\/\/aeronoticias.com.pe\/noticiero\/?s={search_term_string}\"},\"query-input\":{\"@type\":\"PropertyValueSpecification\",\"valueRequired\":true,\"valueName\":\"search_term_string\"}}],\"inLanguage\":\"es\"},{\"@type\":\"Person\",\"@id\":\"https:\/\/aeronoticias.com.pe\/noticiero\/#\/schema\/person\/16212a617c73f78916b13194154243bd\",\"name\":\"Redacci\u00f3n\",\"sameAs\":[\"http:\/\/Redacci\u00f3n\"],\"url\":\"https:\/\/aeronoticias.com.pe\/noticiero\/author\/celeste\/\"}]}<\/script>\n<!-- \/ Yoast SEO plugin. -->","yoast_head_json":{"title":"Paolo Guerrero deja Racing Club: El club argentino confirma la salida del delantero peruano","description":"El 6 de julio de 2023, el Racing Club de Argentina oficializ\u00f3 la salida del delantero peruano Paolo Guerrero.","robots":{"index":"index","follow":"follow","max-snippet":"max-snippet:-1","max-image-preview":"max-image-preview:large","max-video-preview":"max-video-preview:-1"},"canonical":"https:\/\/aeronoticias.com.pe\/noticiero\/mundo\/paolo-guerrero-deja-racing-club-el-club-argentino-confirma-la-salida-del-delantero-peruano\/","og_locale":"es_ES","og_type":"article","og_title":"Paolo Guerrero deja Racing Club: El club argentino confirma la salida del delantero peruano","og_description":"El 6 de julio de 2023, el Racing Club de Argentina oficializ\u00f3 la salida del delantero peruano Paolo Guerrero.","og_url":"https:\/\/aeronoticias.com.pe\/noticiero\/mundo\/paolo-guerrero-deja-racing-club-el-club-argentino-confirma-la-salida-del-delantero-peruano\/","og_site_name":"Aeronoticias.com.pe","article_publisher":"https:\/\/www.facebook.com\/Aeronoticias.com.pe\/","article_published_time":"2023-07-06T20:30:41+00:00","article_modified_time":"2023-07-07T16:19:16+00:00","og_image":[{"width":580,"height":330,"url":"https:\/\/aeronoticias.com.pe\/noticiero\/wp-content\/uploads\/2023\/07\/pguerrero.jpg","type":"image\/jpeg"}],"author":"Redacci\u00f3n","twitter_card":"summary_large_image","twitter_creator":"@aeronoticias","twitter_site":"@aeronoticias","twitter_misc":{"Escrito por":"Redacci\u00f3n","Tiempo de lectura":"2 minutos"},"schema":{"@context":"https:\/\/schema.org","@graph":[{"@type":"WebPage","@id":"https:\/\/aeronoticias.com.pe\/noticiero\/mundo\/paolo-guerrero-deja-racing-club-el-club-argentino-confirma-la-salida-del-delantero-peruano\/","url":"https:\/\/aeronoticias.com.pe\/noticiero\/mundo\/paolo-guerrero-deja-racing-club-el-club-argentino-confirma-la-salida-del-delantero-peruano\/","name":"Paolo Guerrero deja Racing Club: El club argentino confirma la salida del delantero peruano","isPartOf":{"@id":"https:\/\/aeronoticias.com.pe\/noticiero\/#website"},"primaryImageOfPage":{"@id":"https:\/\/aeronoticias.com.pe\/noticiero\/mundo\/paolo-guerrero-deja-racing-club-el-club-argentino-confirma-la-salida-del-delantero-peruano\/#primaryimage"},"image":{"@id":"https:\/\/aeronoticias.com.pe\/noticiero\/mundo\/paolo-guerrero-deja-racing-club-el-club-argentino-confirma-la-salida-del-delantero-peruano\/#primaryimage"},"thumbnailUrl":"https:\/\/aeronoticias.com.pe\/noticiero\/wp-content\/uploads\/2023\/07\/pguerrero.jpg","datePublished":"2023-07-06T20:30:41+00:00","dateModified":"2023-07-07T16:19:16+00:00","author":{"@id":"https:\/\/aeronoticias.com.pe\/noticiero\/#\/schema\/person\/16212a617c73f78916b13194154243bd"},"description":"El 6 de julio de 2023, el Racing Club de Argentina oficializ\u00f3 la salida del delantero peruano Paolo Guerrero.","breadcrumb":{"@id":"https:\/\/aeronoticias.com.pe\/noticiero\/mundo\/paolo-guerrero-deja-racing-club-el-club-argentino-confirma-la-salida-del-delantero-peruano\/#breadcrumb"},"inLanguage":"es","potentialAction":[{"@type":"ReadAction","target":["https:\/\/aeronoticias.com.pe\/noticiero\/mundo\/paolo-guerrero-deja-racing-club-el-club-argentino-confirma-la-salida-del-delantero-peruano\/"]}]},{"@type":"ImageObject","inLanguage":"es","@id":"https:\/\/aeronoticias.com.pe\/noticiero\/mundo\/paolo-guerrero-deja-racing-club-el-club-argentino-confirma-la-salida-del-delantero-peruano\/#primaryimage","url":"https:\/\/aeronoticias.com.pe\/noticiero\/wp-content\/uploads\/2023\/07\/pguerrero.jpg","contentUrl":"https:\/\/aeronoticias.com.pe\/noticiero\/wp-content\/uploads\/2023\/07\/pguerrero.jpg","width":580,"height":330},{"@type":"BreadcrumbList","@id":"https:\/\/aeronoticias.com.pe\/noticiero\/mundo\/paolo-guerrero-deja-racing-club-el-club-argentino-confirma-la-salida-del-delantero-peruano\/#breadcrumb","itemListElement":[{"@type":"ListItem","position":1,"name":"Portada","item":"https:\/\/aeronoticias.com.pe\/noticiero\/"},{"@type":"ListItem","position":2,"name":"Paolo Guerrero deja Racing Club: El club argentino confirma la salida del delantero peruano"}]},{"@type":"WebSite","@id":"https:\/\/aeronoticias.com.pe\/noticiero\/#website","url":"https:\/\/aeronoticias.com.pe\/noticiero\/","name":"Aeronoticias.com.pe","description":"Noticias de tranporte aereo, turismo, hoteles, gastronomia, actualidad, internacional","potentialAction":[{"@type":"SearchAction","target":{"@type":"EntryPoint","urlTemplate":"https:\/\/aeronoticias.com.pe\/noticiero\/?s={search_term_string}"},"query-input":{"@type":"PropertyValueSpecification","valueRequired":true,"valueName":"search_term_string"}}],"inLanguage":"es"},{"@type":"Person","@id":"https:\/\/aeronoticias.com.pe\/noticiero\/#\/schema\/person\/16212a617c73f78916b13194154243bd","name":"Redacci\u00f3n","sameAs":["http:\/\/Redacci\u00f3n"],"url":"https:\/\/aeronoticias.com.pe\/noticiero\/author\/celeste\/"}]}},"_links":{"self":[{"href":"https:\/\/aeronoticias.com.pe\/noticiero\/wp-json\/wp\/v2\/posts\/84271","targetHints":{"allow":["GET"]}}],"collection":[{"href":"https:\/\/aeronoticias.com.pe\/noticiero\/wp-json\/wp\/v2\/posts"}],"about":[{"href":"https:\/\/aeronoticias.com.pe\/noticiero\/wp-json\/wp\/v2\/types\/post"}],"author":[{"embeddable":true,"href":"https:\/\/aeronoticias.com.pe\/noticiero\/wp-json\/wp\/v2\/users\/3"}],"replies":[{"embeddable":true,"href":"https:\/\/aeronoticias.com.pe\/noticiero\/wp-json\/wp\/v2\/comments?post=84271"}],"version-history":[{"count":0,"href":"https:\/\/aeronoticias.com.pe\/noticiero\/wp-json\/wp\/v2\/posts\/84271\/revisions"}],"wp:featuredmedia":[{"embeddable":true,"href":"https:\/\/aeronoticias.com.pe\/noticiero\/wp-json\/wp\/v2\/media\/84276"}],"wp:attachment":[{"href":"https:\/\/aeronoticias.com.pe\/noticiero\/wp-json\/wp\/v2\/media?parent=84271"}],"wp:term":[{"taxonomy":"category","embeddable":true,"href":"https:\/\/aeronoticias.com.pe\/noticiero\/wp-json\/wp\/v2\/categories?post=84271"},{"taxonomy":"post_tag","embeddable":true,"href":"https:\/\/aeronoticias.com.pe\/noticiero\/wp-json\/wp\/v2\/tags?post=84271"}],"curies":[{"name":"wp","href":"https:\/\/api.w.org\/{rel}","templated":true}]}}