{"id":84587,"date":"2023-07-18T10:04:04","date_gmt":"2023-07-18T15:04:04","guid":{"rendered":"https:\/\/aeronoticias.com.pe\/noticiero\/?p=84587"},"modified":"2023-07-18T10:04:09","modified_gmt":"2023-07-18T15:04:09","slug":"aeropuerto-jorge-chavez-compite-por-ser-el-mejor-de-sudamerica-quienes-son-sus-contendientes","status":"publish","type":"post","link":"https:\/\/aeronoticias.com.pe\/noticiero\/transporte-aereo\/nacional\/aeropuerto-jorge-chavez-compite-por-ser-el-mejor-de-sudamerica-quienes-son-sus-contendientes\/","title":{"rendered":"Aeropuerto Jorge Ch\u00e1vez compite por ser el mejor de Sudam\u00e9rica: \u00bfQui\u00e9nes son sus contendientes?"},"content":{"rendered":"\n<p><strong>(Aeronoticias):<\/strong> Este a\u00f1o se celebrar\u00e1 la 30\u00b0 edici\u00f3n de los World Travel Award (WTA), un prestigioso certamen en la industria aeroportuaria, tur\u00edstica y hotelera. En esta nueva entrega de premios, el Aeropuerto Internacional Jorge Ch\u00e1vez ha sido nominado en la categor\u00eda de \u201caeropuerto l\u00edder de Sudam\u00e9rica\u201d. \u00bfContra qui\u00e9nes competir\u00e1? A continuaci\u00f3n te lo decimos.<\/p>\n\n\n\n<p>El Aeropuerto Internacional Jorge Ch\u00e1vez (AICJ) buscar\u00e1 una vez m\u00e1s obtener el t\u00edtulo al Mejor Aeropuerto de Am\u00e9rica del Sur, un galard\u00f3n que ya ha ganado en los a\u00f1os 2009, 2010, 2011, 2012, 2013 y 2021. En la \u00faltima edici\u00f3n, fue superado por El Dorado de Colombia, quien se convierte en su principal rival en esta ocasi\u00f3n.<\/p>\n\n\n\n<p>Los premios\u00a0<a href=\"https:\/\/www.worldtravelawards.com\/\">World Travel Award<\/a>\u00a0se otorgan tanto a nivel mundial como en ocho regiones internacionales. Esta amplia gama de categor\u00edas incluye hoteles y alojamientos tur\u00edsticos, atracciones tur\u00edsticas y aerol\u00edneas y transporte. Estos premios son conocidos como los \u201c\u00d3scar de la industria del turismo\u201d.<\/p>\n\n\n\n<p>El certamen se lleva a cabo anualmente y cuenta con un jurado compuesto por expertos en alojamientos y asociados, principalmente del Consejo Mundial del Viaje y el Turismo (World Travel and Tourism Council en ingl\u00e9s). Los premios se establecieron en 1993, aunque la categor\u00eda de premiaci\u00f3n para los aeropuertos de Sudam\u00e9rica se introdujo en 1998, cuando se otorg\u00f3 este reconocimiento al aeropuerto de R\u00edo de Janeiro, Brasil.<\/p>\n\n\n\n<p><strong>Aeropuerto Jorge Ch\u00e1vez: M\u00e9ritos que le valieron su nominaci\u00f3n<\/strong><\/p>\n\n\n\n<p>El Aeropuerto Internacional Jorge Ch\u00e1vez, situado en la provincia constitucional del Callao, es el principal aeropuerto de Per\u00fa y uno de los tres m\u00e1s importantes de Sudam\u00e9rica. Fue construido en 1960 para reemplazar al antiguo aeropuerto de Limatambo, ubicado en el distrito de San Isidro, debido al crecimiento urbano que lo rodeaba.<\/p>\n\n\n\n<p>En el a\u00f1o 2001, el gobierno de Per\u00fa decidi\u00f3 otorgar su concesi\u00f3n a la empresa\u00a0<a href=\"https:\/\/www.lima-airport.com\/\">Lima Airport Partners<\/a>\u00a0(LAP), un consorcio germano-estadounidense, con el objetivo de llevar a cabo su expansi\u00f3n y renovaci\u00f3n integral.<\/p>\n\n\n\n<p>A pesar de los desaf\u00edos causados por la pandemia, este importante punto de conexi\u00f3n est\u00e1 recuperando gradualmente su flujo de pasajeros. Durante el a\u00f1o 2022, el n\u00famero de pasajeros nacionales e internacionales que utilizaron el aeropuerto experiment\u00f3 un aumento del 52.7% y 119.2%, respectivamente,&nbsp;<a href=\"http:\/\/xn--en%20relacin%20con%20el%202021-g6c.\/\">en comparaci\u00f3n con el a\u00f1o 2021<\/a>. En total, m\u00e1s de 18.6 millones de personas pasaron por el Aeropuerto Jorge Ch\u00e1vez.<\/p>\n\n\n\n<p>Gracias a&nbsp;<a href=\"https:\/\/www.lima-airport.com\/\">su ubicaci\u00f3n estrat\u00e9gica<\/a>&nbsp;en la costa oeste de Am\u00e9rica del Sur, el aeropuerto se ha convertido en un centro de conexi\u00f3n importante para el subcontinente, especialmente en la conexi\u00f3n de vuelos entre las Am\u00e9ricas y Europa. Este crecimiento constante ha resultado en un aumento en el tr\u00e1fico de pasajeros, carga y correo.<\/p>\n\n\n\n<p>Actualmente, el aeropuerto se encuentra en\u00a0<a href=\"http:\/\/xn--proceso%20de%20remodelacin%20y%20ampliacin-9beq\/\">proceso de remodelaci\u00f3n y expansi\u00f3n<\/a>, que incluye la construcci\u00f3n de una nueva torre de control, una segunda pista de aterrizaje y la futura Ciudad Aeropuerto. Este ambicioso proyecto contempla la construcci\u00f3n de un nuevo terminal de pasajeros de tama\u00f1o y capacidad duplicada, as\u00ed como nuevas \u00e1reas comerciales y log\u00edsticas para una mayor eficiencia operativa. Se espera que est\u00e9 terminado en 2025 y permita atender a m\u00e1s de 35 millones de pasajeros anualmente.<\/p>\n\n\n\n<h2 class=\"wp-block-heading\"><strong>\u00bfC\u00f3mo se elegir\u00e1 al ganador y qui\u00e9nes son los otros competidores?<\/strong><\/h2>\n\n\n\n<p>La elecci\u00f3n del ganador se llevar\u00e1 a cabo mediante un proceso exhaustivo y transparente. Los World Travel Awards (WTA) solicitan la participaci\u00f3n de expertos, profesionales de la industria, viajeros y consumidores, quienes emiten sus votos para seleccionar al ganador de la categor\u00eda. Se eval\u00faan diversos aspectos, como la calidad de los servicios, las instalaciones, la eficiencia operativa, la innovaci\u00f3n y el impacto en la experiencia del pasajero.<\/p>\n\n\n\n<p>Los aeropuertos nominados son evaluados en funci\u00f3n de su desempe\u00f1o y logros durante el per\u00edodo correspondiente. WTA recopila informaci\u00f3n de fuentes confiables y realiza investigaciones exhaustivas para garantizar la precisi\u00f3n de los resultados. Los ganadores se anunciar\u00e1n durante la ceremonia de premiaci\u00f3n de los World Travel Awards, que se celebra anualmente.<\/p>\n\n\n\n<p>Es importante mencionar que las votaciones para la categor\u00eda de \u201caeropuerto l\u00edder de Sudam\u00e9rica\u201d ya han concluido. La ceremonia de premiaci\u00f3n est\u00e1 programada para el 26 de agosto en Santa Luc\u00eda, en el Caribe. El Aeropuerto Jorge Ch\u00e1vez compite con otros siete aeropuertos de la regi\u00f3n por el t\u00edtulo, y estos son:<\/p>\n\n\n\n<ul class=\"wp-block-list\"><li><strong><a href=\"https:\/\/www.worldtravelawards.com\/profile-287-ezeiza-international-airport\">Argentina<\/a>\u00a0\u2013 Aeropuerto Internacional de Ezeiza (Buenos Aires):\u00a0<\/strong>Durante 2022 el tr\u00e1fico total en el aeropuerto fue de 7.459.288 pasajeros.<\/li><\/ul>\n\n\n\n<div class=\"wp-block-image\"><figure class=\"aligncenter is-resized\"><img loading=\"lazy\" decoding=\"async\" src=\"https:\/\/peruretail.sfo3.cdn.digitaloceanspaces.com\/wp-content\/uploads\/Ezeiza.jpg\" alt=\"Aeropuerto Jorge Ch\u00e1vez nominado como el mejor de Sudam\u00e9rica: \u00bfContra qui\u00e9nes compite?\" width=\"604\" height=\"339\"\/><\/figure><\/div>\n\n\n\n<p><strong>Brasil \u2013\u00a0Aeropuerto Internacional\u00a0<a href=\"https:\/\/www.worldtravelawards.com\/profile-28898-brasilia-international-airport\">de Brasilia<\/a>:\u00a0<\/strong>Cerr\u00f3 2022 con un flujo de 13,4 millones de pasajeros y m\u00e1s de 126 despegues y aterrizajes.<\/p>\n\n\n\n<div class=\"wp-block-image\"><figure class=\"aligncenter is-resized\"><img loading=\"lazy\" decoding=\"async\" src=\"https:\/\/peruretail.sfo3.cdn.digitaloceanspaces.com\/wp-content\/uploads\/Brasilia.jpg\" alt=\"Aeropuerto Jorge Ch\u00e1vez nominado como el mejor de Sudam\u00e9rica: \u00bfContra qui\u00e9nes compite?\" width=\"680\" height=\"382\"\/><\/figure><\/div>\n\n\n\n<p><strong>Brasil \u2013 Aeropuerto Internacional\u00a0<a href=\"https:\/\/www.worldtravelawards.com\/profile-31388-riogaleao-tom-jobim-international-airport\">de Gale\u00e3o<\/a>\u00a0(R\u00edo de Janeiro):\u00a0<\/strong>5.7 millones de\u00a0pasajeros\u00a0lo transitaron en\u00a02022.<\/p>\n\n\n\n<div class=\"wp-block-image\"><figure class=\"aligncenter is-resized\"><img loading=\"lazy\" decoding=\"async\" src=\"https:\/\/peruretail.sfo3.cdn.digitaloceanspaces.com\/wp-content\/uploads\/Galeao.jpg\" alt=\"Aeropuerto Jorge Ch\u00e1vez nominado como el mejor de Sudam\u00e9rica: \u00bfContra qui\u00e9nes compite?\" width=\"739\" height=\"481\"\/><\/figure><\/div>\n\n\n\n<p><strong><a href=\"https:\/\/www.worldtravelawards.com\/profile-2213-santiago-international-airport\">Chile<\/a>\u00a0\u2013 Aeropuerto Internacional Arturo Merino Ben\u00edtez (Santiago):\u00a0<\/strong>A diciembre pasado el n\u00famero de pasajeros lleg\u00f3 a 18,74 millones de personas.<\/p>\n\n\n\n<div class=\"wp-block-image\"><figure class=\"aligncenter is-resized\"><img loading=\"lazy\" decoding=\"async\" src=\"https:\/\/peruretail.sfo3.cdn.digitaloceanspaces.com\/wp-content\/uploads\/Santiago.jpeg\" alt=\"Aeropuerto Jorge Ch\u00e1vez nominado como el mejor de Sudam\u00e9rica: \u00bfContra qui\u00e9nes compite?\" width=\"730\" height=\"421\"\/><\/figure><\/div>\n\n\n\n<p><strong><a href=\"https:\/\/www.worldtravelawards.com\/profile-34742-aeropuerto-internacional-el-dorado\">Colombia<\/a>\u00a0\u2013 Aeropuerto Internacional El Dorado (Bogot\u00e1):\u00a0<\/strong>Se convirti\u00f3 en el primer aeropuerto de Sudam\u00e9rica y el segundo aeropuerto de Am\u00e9rica Latina con mayor transporte de pasajeros, al movilizar en 2022 a m\u00e1s de 35.5 millones de personas.<\/p>\n\n\n\n<div class=\"wp-block-image\"><figure class=\"aligncenter is-resized\"><img loading=\"lazy\" decoding=\"async\" src=\"https:\/\/peruretail.sfo3.cdn.digitaloceanspaces.com\/wp-content\/uploads\/El-Dorado-min-scaled.jpg\" alt=\"Aeropuerto Jorge Ch\u00e1vez nominado como el mejor de Sudam\u00e9rica: \u00bfContra qui\u00e9nes compite?\" width=\"696\" height=\"464\"\/><\/figure><\/div>\n\n\n\n<p><strong><a href=\"https:\/\/www.worldtravelawards.com\/profile-33807-mariscal-sucre-international-airport\">Ecuador<\/a>\u00a0\u2013 Aeropuerto Internacional Mariscal Sucre (Quito):\u00a0<\/strong>4.3 millones de pasajeros se transportaron por el aeropuerto Mariscal Sucre en 2022.<\/p>\n\n\n\n<div class=\"wp-block-image\"><figure class=\"aligncenter is-resized\"><img loading=\"lazy\" decoding=\"async\" src=\"https:\/\/peruretail.sfo3.cdn.digitaloceanspaces.com\/wp-content\/uploads\/Quito.jpg\" alt=\"Aeropuerto Jorge Ch\u00e1vez nominado como el mejor de Sudam\u00e9rica: \u00bfContra qui\u00e9nes compite?\" width=\"765\" height=\"489\"\/><\/figure><\/div>\n\n\n\n<p><strong><a href=\"https:\/\/www.worldtravelawards.com\/profile-37670-carrasco-international-airport\">Uruguay<\/a>\u00a0\u2013 Aeropuerto Internacional de Carrasco (Montevideo):\u00a0<\/strong>En 2021 moviliz\u00f3 casi medio mill\u00f3n de pasajeros.<\/p>\n\n\n\n<div class=\"wp-block-image\"><figure class=\"aligncenter is-resized\"><img loading=\"lazy\" decoding=\"async\" src=\"https:\/\/peruretail.sfo3.cdn.digitaloceanspaces.com\/wp-content\/uploads\/Montevideo.jpg\" alt=\"Aeropuerto Jorge Ch\u00e1vez nominado como el mejor de Sudam\u00e9rica: \u00bfContra qui\u00e9nes compite?\" width=\"666\" height=\"444\"\/><\/figure><\/div>\n\n\n\n<p>A su vez, cabe acotar que Per\u00fa participa en otras categor\u00edas como Mejor Atracci\u00f3n tur\u00edstica con Machu Picchu como estandarte (ganador de las \u00faltimas 5 ediciones); Mejor destino cultural, Pa\u00eds destino L\u00edder, Mejor destino de cruceros y m\u00e1s.<\/p>\n\n\n\n<p><strong>Fuente: peru-retail.com<\/strong><\/p>\n","protected":false},"excerpt":{"rendered":"<p>(Aeronoticias): Este a\u00f1o se celebrar\u00e1 la 30\u00b0 edici\u00f3n de los World Travel Award (WTA), un prestigioso certamen en la industria aeroportuaria, tur\u00edstica y hotelera. En esta nueva entrega de premios, el Aeropuerto Internacional Jorge Ch\u00e1vez ha sido nominado en la categor\u00eda de \u201caeropuerto l\u00edder de Sudam\u00e9rica\u201d. \u00bfContra qui\u00e9nes competir\u00e1? A continuaci\u00f3n te lo decimos. El [&hellip;]<\/p>\n","protected":false},"author":3,"featured_media":84588,"comment_status":"open","ping_status":"open","sticky":false,"template":"","format":"standard","meta":{"tdm_status":"","tdm_grid_status":"","footnotes":""},"categories":[51,38],"tags":[86,169,3271],"class_list":{"0":"post-84587","1":"post","2":"type-post","3":"status-publish","4":"format-standard","5":"has-post-thumbnail","7":"category-nacional","8":"category-nacionales","9":"tag-aeropuerto-jorge-chavez","10":"tag-lap","11":"tag-wta"},"yoast_head":"<!-- This site is optimized with the Yoast SEO plugin v25.1 - https:\/\/yoast.com\/wordpress\/plugins\/seo\/ -->\n<title>Aeropuerto Jorge Ch\u00e1vez compite por ser el mejor de Sudam\u00e9rica: \u00bfQui\u00e9nes son sus contendientes?<\/title>\n<meta name=\"description\" content=\"El Jorge Ch\u00e1vez moviliz\u00f3 18.3 millones de pasajeros en 2022, en medio de la ampliaci\u00f3n que duplicar\u00e1 esa cifra en 2025. Conoce aqu\u00ed los motivos de su nominaci\u00f3n.\" \/>\n<meta name=\"robots\" content=\"index, follow, max-snippet:-1, max-image-preview:large, max-video-preview:-1\" \/>\n<link rel=\"canonical\" href=\"https:\/\/aeronoticias.com.pe\/noticiero\/transporte-aereo\/nacional\/aeropuerto-jorge-chavez-compite-por-ser-el-mejor-de-sudamerica-quienes-son-sus-contendientes\/\" \/>\n<meta property=\"og:locale\" content=\"es_ES\" \/>\n<meta property=\"og:type\" content=\"article\" \/>\n<meta property=\"og:title\" content=\"Aeropuerto Jorge Ch\u00e1vez compite por ser el mejor de Sudam\u00e9rica: \u00bfQui\u00e9nes son sus contendientes?\" \/>\n<meta property=\"og:description\" content=\"El Jorge Ch\u00e1vez moviliz\u00f3 18.3 millones de pasajeros en 2022, en medio de la ampliaci\u00f3n que duplicar\u00e1 esa cifra en 2025. Conoce aqu\u00ed los motivos de su nominaci\u00f3n.\" \/>\n<meta property=\"og:url\" content=\"https:\/\/aeronoticias.com.pe\/noticiero\/transporte-aereo\/nacional\/aeropuerto-jorge-chavez-compite-por-ser-el-mejor-de-sudamerica-quienes-son-sus-contendientes\/\" \/>\n<meta property=\"og:site_name\" content=\"Aeronoticias.com.pe\" \/>\n<meta property=\"article:publisher\" content=\"https:\/\/www.facebook.com\/Aeronoticias.com.pe\/\" \/>\n<meta property=\"article:published_time\" content=\"2023-07-18T15:04:04+00:00\" \/>\n<meta property=\"article:modified_time\" content=\"2023-07-18T15:04:09+00:00\" \/>\n<meta property=\"og:image\" content=\"https:\/\/aeronoticias.com.pe\/noticiero\/wp-content\/uploads\/2023\/07\/AE.jpg\" \/>\n\t<meta property=\"og:image:width\" content=\"750\" \/>\n\t<meta property=\"og:image:height\" content=\"375\" \/>\n\t<meta property=\"og:image:type\" content=\"image\/jpeg\" \/>\n<meta name=\"author\" content=\"Redacci\u00f3n\" \/>\n<meta name=\"twitter:card\" content=\"summary_large_image\" \/>\n<meta name=\"twitter:creator\" content=\"@aeronoticias\" \/>\n<meta name=\"twitter:site\" content=\"@aeronoticias\" \/>\n<meta name=\"twitter:label1\" content=\"Escrito por\" \/>\n\t<meta name=\"twitter:data1\" content=\"Redacci\u00f3n\" \/>\n\t<meta name=\"twitter:label2\" content=\"Tiempo de lectura\" \/>\n\t<meta name=\"twitter:data2\" content=\"5 minutos\" \/>\n<script type=\"application\/ld+json\" class=\"yoast-schema-graph\">{\"@context\":\"https:\/\/schema.org\",\"@graph\":[{\"@type\":\"WebPage\",\"@id\":\"https:\/\/aeronoticias.com.pe\/noticiero\/transporte-aereo\/nacional\/aeropuerto-jorge-chavez-compite-por-ser-el-mejor-de-sudamerica-quienes-son-sus-contendientes\/\",\"url\":\"https:\/\/aeronoticias.com.pe\/noticiero\/transporte-aereo\/nacional\/aeropuerto-jorge-chavez-compite-por-ser-el-mejor-de-sudamerica-quienes-son-sus-contendientes\/\",\"name\":\"Aeropuerto Jorge Ch\u00e1vez compite por ser el mejor de Sudam\u00e9rica: \u00bfQui\u00e9nes son sus contendientes?\",\"isPartOf\":{\"@id\":\"https:\/\/aeronoticias.com.pe\/noticiero\/#website\"},\"primaryImageOfPage\":{\"@id\":\"https:\/\/aeronoticias.com.pe\/noticiero\/transporte-aereo\/nacional\/aeropuerto-jorge-chavez-compite-por-ser-el-mejor-de-sudamerica-quienes-son-sus-contendientes\/#primaryimage\"},\"image\":{\"@id\":\"https:\/\/aeronoticias.com.pe\/noticiero\/transporte-aereo\/nacional\/aeropuerto-jorge-chavez-compite-por-ser-el-mejor-de-sudamerica-quienes-son-sus-contendientes\/#primaryimage\"},\"thumbnailUrl\":\"https:\/\/aeronoticias.com.pe\/noticiero\/wp-content\/uploads\/2023\/07\/AE.jpg\",\"datePublished\":\"2023-07-18T15:04:04+00:00\",\"dateModified\":\"2023-07-18T15:04:09+00:00\",\"author\":{\"@id\":\"https:\/\/aeronoticias.com.pe\/noticiero\/#\/schema\/person\/16212a617c73f78916b13194154243bd\"},\"description\":\"El Jorge Ch\u00e1vez moviliz\u00f3 18.3 millones de pasajeros en 2022, en medio de la ampliaci\u00f3n que duplicar\u00e1 esa cifra en 2025. Conoce aqu\u00ed los motivos de su nominaci\u00f3n.\",\"breadcrumb\":{\"@id\":\"https:\/\/aeronoticias.com.pe\/noticiero\/transporte-aereo\/nacional\/aeropuerto-jorge-chavez-compite-por-ser-el-mejor-de-sudamerica-quienes-son-sus-contendientes\/#breadcrumb\"},\"inLanguage\":\"es\",\"potentialAction\":[{\"@type\":\"ReadAction\",\"target\":[\"https:\/\/aeronoticias.com.pe\/noticiero\/transporte-aereo\/nacional\/aeropuerto-jorge-chavez-compite-por-ser-el-mejor-de-sudamerica-quienes-son-sus-contendientes\/\"]}]},{\"@type\":\"ImageObject\",\"inLanguage\":\"es\",\"@id\":\"https:\/\/aeronoticias.com.pe\/noticiero\/transporte-aereo\/nacional\/aeropuerto-jorge-chavez-compite-por-ser-el-mejor-de-sudamerica-quienes-son-sus-contendientes\/#primaryimage\",\"url\":\"https:\/\/aeronoticias.com.pe\/noticiero\/wp-content\/uploads\/2023\/07\/AE.jpg\",\"contentUrl\":\"https:\/\/aeronoticias.com.pe\/noticiero\/wp-content\/uploads\/2023\/07\/AE.jpg\",\"width\":750,\"height\":375},{\"@type\":\"BreadcrumbList\",\"@id\":\"https:\/\/aeronoticias.com.pe\/noticiero\/transporte-aereo\/nacional\/aeropuerto-jorge-chavez-compite-por-ser-el-mejor-de-sudamerica-quienes-son-sus-contendientes\/#breadcrumb\",\"itemListElement\":[{\"@type\":\"ListItem\",\"position\":1,\"name\":\"Portada\",\"item\":\"https:\/\/aeronoticias.com.pe\/noticiero\/\"},{\"@type\":\"ListItem\",\"position\":2,\"name\":\"Aeropuerto Jorge Ch\u00e1vez compite por ser el mejor de Sudam\u00e9rica: \u00bfQui\u00e9nes son sus contendientes?\"}]},{\"@type\":\"WebSite\",\"@id\":\"https:\/\/aeronoticias.com.pe\/noticiero\/#website\",\"url\":\"https:\/\/aeronoticias.com.pe\/noticiero\/\",\"name\":\"Aeronoticias.com.pe\",\"description\":\"Noticias de tranporte aereo, turismo, hoteles, gastronomia, actualidad, internacional\",\"potentialAction\":[{\"@type\":\"SearchAction\",\"target\":{\"@type\":\"EntryPoint\",\"urlTemplate\":\"https:\/\/aeronoticias.com.pe\/noticiero\/?s={search_term_string}\"},\"query-input\":{\"@type\":\"PropertyValueSpecification\",\"valueRequired\":true,\"valueName\":\"search_term_string\"}}],\"inLanguage\":\"es\"},{\"@type\":\"Person\",\"@id\":\"https:\/\/aeronoticias.com.pe\/noticiero\/#\/schema\/person\/16212a617c73f78916b13194154243bd\",\"name\":\"Redacci\u00f3n\",\"sameAs\":[\"http:\/\/Redacci\u00f3n\"],\"url\":\"https:\/\/aeronoticias.com.pe\/noticiero\/author\/celeste\/\"}]}<\/script>\n<!-- \/ Yoast SEO plugin. -->","yoast_head_json":{"title":"Aeropuerto Jorge Ch\u00e1vez compite por ser el mejor de Sudam\u00e9rica: \u00bfQui\u00e9nes son sus contendientes?","description":"El Jorge Ch\u00e1vez moviliz\u00f3 18.3 millones de pasajeros en 2022, en medio de la ampliaci\u00f3n que duplicar\u00e1 esa cifra en 2025. Conoce aqu\u00ed los motivos de su nominaci\u00f3n.","robots":{"index":"index","follow":"follow","max-snippet":"max-snippet:-1","max-image-preview":"max-image-preview:large","max-video-preview":"max-video-preview:-1"},"canonical":"https:\/\/aeronoticias.com.pe\/noticiero\/transporte-aereo\/nacional\/aeropuerto-jorge-chavez-compite-por-ser-el-mejor-de-sudamerica-quienes-son-sus-contendientes\/","og_locale":"es_ES","og_type":"article","og_title":"Aeropuerto Jorge Ch\u00e1vez compite por ser el mejor de Sudam\u00e9rica: \u00bfQui\u00e9nes son sus contendientes?","og_description":"El Jorge Ch\u00e1vez moviliz\u00f3 18.3 millones de pasajeros en 2022, en medio de la ampliaci\u00f3n que duplicar\u00e1 esa cifra en 2025. Conoce aqu\u00ed los motivos de su nominaci\u00f3n.","og_url":"https:\/\/aeronoticias.com.pe\/noticiero\/transporte-aereo\/nacional\/aeropuerto-jorge-chavez-compite-por-ser-el-mejor-de-sudamerica-quienes-son-sus-contendientes\/","og_site_name":"Aeronoticias.com.pe","article_publisher":"https:\/\/www.facebook.com\/Aeronoticias.com.pe\/","article_published_time":"2023-07-18T15:04:04+00:00","article_modified_time":"2023-07-18T15:04:09+00:00","og_image":[{"width":750,"height":375,"url":"https:\/\/aeronoticias.com.pe\/noticiero\/wp-content\/uploads\/2023\/07\/AE.jpg","type":"image\/jpeg"}],"author":"Redacci\u00f3n","twitter_card":"summary_large_image","twitter_creator":"@aeronoticias","twitter_site":"@aeronoticias","twitter_misc":{"Escrito por":"Redacci\u00f3n","Tiempo de lectura":"5 minutos"},"schema":{"@context":"https:\/\/schema.org","@graph":[{"@type":"WebPage","@id":"https:\/\/aeronoticias.com.pe\/noticiero\/transporte-aereo\/nacional\/aeropuerto-jorge-chavez-compite-por-ser-el-mejor-de-sudamerica-quienes-son-sus-contendientes\/","url":"https:\/\/aeronoticias.com.pe\/noticiero\/transporte-aereo\/nacional\/aeropuerto-jorge-chavez-compite-por-ser-el-mejor-de-sudamerica-quienes-son-sus-contendientes\/","name":"Aeropuerto Jorge Ch\u00e1vez compite por ser el mejor de Sudam\u00e9rica: \u00bfQui\u00e9nes son sus contendientes?","isPartOf":{"@id":"https:\/\/aeronoticias.com.pe\/noticiero\/#website"},"primaryImageOfPage":{"@id":"https:\/\/aeronoticias.com.pe\/noticiero\/transporte-aereo\/nacional\/aeropuerto-jorge-chavez-compite-por-ser-el-mejor-de-sudamerica-quienes-son-sus-contendientes\/#primaryimage"},"image":{"@id":"https:\/\/aeronoticias.com.pe\/noticiero\/transporte-aereo\/nacional\/aeropuerto-jorge-chavez-compite-por-ser-el-mejor-de-sudamerica-quienes-son-sus-contendientes\/#primaryimage"},"thumbnailUrl":"https:\/\/aeronoticias.com.pe\/noticiero\/wp-content\/uploads\/2023\/07\/AE.jpg","datePublished":"2023-07-18T15:04:04+00:00","dateModified":"2023-07-18T15:04:09+00:00","author":{"@id":"https:\/\/aeronoticias.com.pe\/noticiero\/#\/schema\/person\/16212a617c73f78916b13194154243bd"},"description":"El Jorge Ch\u00e1vez moviliz\u00f3 18.3 millones de pasajeros en 2022, en medio de la ampliaci\u00f3n que duplicar\u00e1 esa cifra en 2025. Conoce aqu\u00ed los motivos de su nominaci\u00f3n.","breadcrumb":{"@id":"https:\/\/aeronoticias.com.pe\/noticiero\/transporte-aereo\/nacional\/aeropuerto-jorge-chavez-compite-por-ser-el-mejor-de-sudamerica-quienes-son-sus-contendientes\/#breadcrumb"},"inLanguage":"es","potentialAction":[{"@type":"ReadAction","target":["https:\/\/aeronoticias.com.pe\/noticiero\/transporte-aereo\/nacional\/aeropuerto-jorge-chavez-compite-por-ser-el-mejor-de-sudamerica-quienes-son-sus-contendientes\/"]}]},{"@type":"ImageObject","inLanguage":"es","@id":"https:\/\/aeronoticias.com.pe\/noticiero\/transporte-aereo\/nacional\/aeropuerto-jorge-chavez-compite-por-ser-el-mejor-de-sudamerica-quienes-son-sus-contendientes\/#primaryimage","url":"https:\/\/aeronoticias.com.pe\/noticiero\/wp-content\/uploads\/2023\/07\/AE.jpg","contentUrl":"https:\/\/aeronoticias.com.pe\/noticiero\/wp-content\/uploads\/2023\/07\/AE.jpg","width":750,"height":375},{"@type":"BreadcrumbList","@id":"https:\/\/aeronoticias.com.pe\/noticiero\/transporte-aereo\/nacional\/aeropuerto-jorge-chavez-compite-por-ser-el-mejor-de-sudamerica-quienes-son-sus-contendientes\/#breadcrumb","itemListElement":[{"@type":"ListItem","position":1,"name":"Portada","item":"https:\/\/aeronoticias.com.pe\/noticiero\/"},{"@type":"ListItem","position":2,"name":"Aeropuerto Jorge Ch\u00e1vez compite por ser el mejor de Sudam\u00e9rica: \u00bfQui\u00e9nes son sus contendientes?"}]},{"@type":"WebSite","@id":"https:\/\/aeronoticias.com.pe\/noticiero\/#website","url":"https:\/\/aeronoticias.com.pe\/noticiero\/","name":"Aeronoticias.com.pe","description":"Noticias de tranporte aereo, turismo, hoteles, gastronomia, actualidad, internacional","potentialAction":[{"@type":"SearchAction","target":{"@type":"EntryPoint","urlTemplate":"https:\/\/aeronoticias.com.pe\/noticiero\/?s={search_term_string}"},"query-input":{"@type":"PropertyValueSpecification","valueRequired":true,"valueName":"search_term_string"}}],"inLanguage":"es"},{"@type":"Person","@id":"https:\/\/aeronoticias.com.pe\/noticiero\/#\/schema\/person\/16212a617c73f78916b13194154243bd","name":"Redacci\u00f3n","sameAs":["http:\/\/Redacci\u00f3n"],"url":"https:\/\/aeronoticias.com.pe\/noticiero\/author\/celeste\/"}]}},"_links":{"self":[{"href":"https:\/\/aeronoticias.com.pe\/noticiero\/wp-json\/wp\/v2\/posts\/84587","targetHints":{"allow":["GET"]}}],"collection":[{"href":"https:\/\/aeronoticias.com.pe\/noticiero\/wp-json\/wp\/v2\/posts"}],"about":[{"href":"https:\/\/aeronoticias.com.pe\/noticiero\/wp-json\/wp\/v2\/types\/post"}],"author":[{"embeddable":true,"href":"https:\/\/aeronoticias.com.pe\/noticiero\/wp-json\/wp\/v2\/users\/3"}],"replies":[{"embeddable":true,"href":"https:\/\/aeronoticias.com.pe\/noticiero\/wp-json\/wp\/v2\/comments?post=84587"}],"version-history":[{"count":0,"href":"https:\/\/aeronoticias.com.pe\/noticiero\/wp-json\/wp\/v2\/posts\/84587\/revisions"}],"wp:featuredmedia":[{"embeddable":true,"href":"https:\/\/aeronoticias.com.pe\/noticiero\/wp-json\/wp\/v2\/media\/84588"}],"wp:attachment":[{"href":"https:\/\/aeronoticias.com.pe\/noticiero\/wp-json\/wp\/v2\/media?parent=84587"}],"wp:term":[{"taxonomy":"category","embeddable":true,"href":"https:\/\/aeronoticias.com.pe\/noticiero\/wp-json\/wp\/v2\/categories?post=84587"},{"taxonomy":"post_tag","embeddable":true,"href":"https:\/\/aeronoticias.com.pe\/noticiero\/wp-json\/wp\/v2\/tags?post=84587"}],"curies":[{"name":"wp","href":"https:\/\/api.w.org\/{rel}","templated":true}]}}