{"id":84593,"date":"2023-07-18T11:22:12","date_gmt":"2023-07-18T16:22:12","guid":{"rendered":"https:\/\/aeronoticias.com.pe\/noticiero\/?p=84593"},"modified":"2023-07-18T11:22:17","modified_gmt":"2023-07-18T16:22:17","slug":"united-anuncia-una-importante-ampliacion-de-su-red-en-asia-pacifico","status":"publish","type":"post","link":"https:\/\/aeronoticias.com.pe\/noticiero\/ultimas\/1\/united-anuncia-una-importante-ampliacion-de-su-red-en-asia-pacifico\/","title":{"rendered":"United anuncia una importante ampliaci\u00f3n de su red en Asia-Pac\u00edfico"},"content":{"rendered":"\n<p><strong>(Aeronoticias)<\/strong>: <strong>United Airlines\u00a0<\/strong>anunci\u00f3 que a\u00f1adi\u00f3 m\u00e1s vuelos a la regi\u00f3n Asia-Pac\u00edfico, convirti\u00e9ndose en la primera aerol\u00ednea estadounidense que volar\u00e1 directamente a Manila desde el territorio continental de EE.UU. y a\u00f1adiendo m\u00e1s vuelos sin escalas a Hong Kong, Tokio y Taipei.<\/p>\n\n\n\n<p>En total, la aerol\u00ednea realizar\u00e1 vuelos de largo recorrido a 15 destinos internacionales diferentes a trav\u00e9s del Pac\u00edfico este invierno. Sin contar los vuelos a China continental, la red transpac\u00edfica de United ser\u00e1 un 50% mayor que la de todas las dem\u00e1s aerol\u00edneas estadounidenses juntas.<\/p>\n\n\n\n<p>Esta ampliaci\u00f3n se suma al continuo crecimiento de la red internacional de United. A principios de este a\u00f1o, la aerol\u00ednea realiz\u00f3 la mayor expansi\u00f3n de la red del Pac\u00edfico Sur en la historia de la aviaci\u00f3n, a\u00f1adiendo un 40% m\u00e1s de vuelos entre Estados Unidos y Australia\/Nueva Zelanda. Y este verano, la compa\u00f1\u00eda volar\u00e1 a trav\u00e9s del Atl\u00e1ntico con el mayor programa de su historia, un 32% m\u00e1s que en 2019.<\/p>\n\n\n\n<p><strong><em>\u00a0<a href=\"https:\/\/aviacionaldia.com\/2023\/05\/united-airlines-anade-mas-vuelos-y-nuevas-salas-vip-en-denver.html\">United Airlines a\u00f1ade m\u00e1s vuelos y nuevas salas VIP en Denver<\/a><\/em><\/strong><\/p>\n\n\n\n<p>\u00abUnited ofrece m\u00e1s vuelos a m\u00e1s destinos en todo el Pac\u00edfico que todas las dem\u00e1s aerol\u00edneas estadounidenses juntas\u00bb, dijo Patrick Quayle, vicepresidente senior de planificaci\u00f3n de red global y alianzas. \u00abUnited es la aerol\u00ednea de bandera de los EE.UU. y estamos encantados de llevar este nuevo servicio a Manila, al tiempo que ampliamos el acceso a Hong Kong, Taipei y Tokio\u00bb.<\/p>\n\n\n\n<p>A partir del 29 de octubre, United volar\u00e1 entre San Francisco y Manila. La compa\u00f1\u00eda ya es la \u00fanica aerol\u00ednea estadounidense que vuela a Manila desde Guam y Palau. Adem\u00e1s, a partir del 28 de octubre, la aerol\u00ednea pondr\u00e1 en marcha un nuevo servicio entre Los \u00c1ngeles y Hong Kong, que se sumar\u00e1 a los ya existentes desde San Francisco.<\/p>\n\n\n\n<p>En Tokio, United reanudar\u00e1 los vuelos sin escalas entre Los \u00c1ngeles y Tokio\/Narita, que se suman a su actual servicio entre Los \u00c1ngeles y Tokio-Haneda. La aerol\u00ednea tambi\u00e9n aumentar\u00e1 los vuelos a Taipei con un segundo servicio diario durante todo el a\u00f1o desde San Francisco, ofreciendo a los clientes nuevas opciones horarias para volar entre ambas ciudades.<\/p>\n\n\n\n<p><strong>Fuente: aviacionaldia.com<\/strong><\/p>\n","protected":false},"excerpt":{"rendered":"<p>(Aeronoticias): United Airlines\u00a0anunci\u00f3 que a\u00f1adi\u00f3 m\u00e1s vuelos a la regi\u00f3n Asia-Pac\u00edfico, convirti\u00e9ndose en la primera aerol\u00ednea estadounidense que volar\u00e1 directamente a Manila desde el territorio continental de EE.UU. y a\u00f1adiendo m\u00e1s vuelos sin escalas a Hong Kong, Tokio y Taipei. En total, la aerol\u00ednea realizar\u00e1 vuelos de largo recorrido a 15 destinos internacionales diferentes a [&hellip;]<\/p>\n","protected":false},"author":3,"featured_media":84594,"comment_status":"open","ping_status":"open","sticky":false,"template":"","format":"standard","meta":{"tdm_status":"","tdm_grid_status":"","footnotes":""},"categories":[30,8],"tags":[2684,325,159],"class_list":{"0":"post-84593","1":"post","2":"type-post","3":"status-publish","4":"format-standard","5":"has-post-thumbnail","7":"category-30","8":"category-ultimas","9":"tag-asia-pacifico","10":"tag-eeuu","11":"tag-united-airlines"},"yoast_head":"<!-- This site is optimized with the Yoast SEO plugin v25.1 - https:\/\/yoast.com\/wordpress\/plugins\/seo\/ -->\n<title>United anuncia una importante ampliaci\u00f3n de su red en Asia-Pac\u00edfico<\/title>\n<meta name=\"description\" content=\"Portal de noticias del Per\u00fa sobre el transporte a\u00e9reo, aviaci\u00f3n, turismo, hoteleria, actualidad.\" \/>\n<meta name=\"robots\" content=\"index, follow, max-snippet:-1, max-image-preview:large, max-video-preview:-1\" \/>\n<link rel=\"canonical\" href=\"https:\/\/aeronoticias.com.pe\/noticiero\/ultimas\/1\/united-anuncia-una-importante-ampliacion-de-su-red-en-asia-pacifico\/\" \/>\n<meta property=\"og:locale\" content=\"es_ES\" \/>\n<meta property=\"og:type\" content=\"article\" \/>\n<meta property=\"og:title\" content=\"United anuncia una importante ampliaci\u00f3n de su red en Asia-Pac\u00edfico\" \/>\n<meta property=\"og:description\" content=\"Portal de noticias del Per\u00fa sobre el transporte a\u00e9reo, aviaci\u00f3n, turismo, hoteleria, actualidad.\" \/>\n<meta property=\"og:url\" content=\"https:\/\/aeronoticias.com.pe\/noticiero\/ultimas\/1\/united-anuncia-una-importante-ampliacion-de-su-red-en-asia-pacifico\/\" \/>\n<meta property=\"og:site_name\" content=\"Aeronoticias.com.pe\" \/>\n<meta property=\"article:publisher\" content=\"https:\/\/www.facebook.com\/Aeronoticias.com.pe\/\" \/>\n<meta property=\"article:published_time\" content=\"2023-07-18T16:22:12+00:00\" \/>\n<meta property=\"article:modified_time\" content=\"2023-07-18T16:22:17+00:00\" \/>\n<meta property=\"og:image\" content=\"https:\/\/aeronoticias.com.pe\/noticiero\/wp-content\/uploads\/2023\/07\/UNITED.jpg\" \/>\n\t<meta property=\"og:image:width\" content=\"800\" \/>\n\t<meta property=\"og:image:height\" content=\"400\" \/>\n\t<meta property=\"og:image:type\" content=\"image\/jpeg\" \/>\n<meta name=\"author\" content=\"Redacci\u00f3n\" \/>\n<meta name=\"twitter:card\" content=\"summary_large_image\" \/>\n<meta name=\"twitter:creator\" content=\"@aeronoticias\" \/>\n<meta name=\"twitter:site\" content=\"@aeronoticias\" \/>\n<meta name=\"twitter:label1\" content=\"Escrito por\" \/>\n\t<meta name=\"twitter:data1\" content=\"Redacci\u00f3n\" \/>\n\t<meta name=\"twitter:label2\" content=\"Tiempo de lectura\" \/>\n\t<meta name=\"twitter:data2\" content=\"2 minutos\" \/>\n<script type=\"application\/ld+json\" class=\"yoast-schema-graph\">{\"@context\":\"https:\/\/schema.org\",\"@graph\":[{\"@type\":\"WebPage\",\"@id\":\"https:\/\/aeronoticias.com.pe\/noticiero\/ultimas\/1\/united-anuncia-una-importante-ampliacion-de-su-red-en-asia-pacifico\/\",\"url\":\"https:\/\/aeronoticias.com.pe\/noticiero\/ultimas\/1\/united-anuncia-una-importante-ampliacion-de-su-red-en-asia-pacifico\/\",\"name\":\"United anuncia una importante ampliaci\u00f3n de su red en Asia-Pac\u00edfico\",\"isPartOf\":{\"@id\":\"https:\/\/aeronoticias.com.pe\/noticiero\/#website\"},\"primaryImageOfPage\":{\"@id\":\"https:\/\/aeronoticias.com.pe\/noticiero\/ultimas\/1\/united-anuncia-una-importante-ampliacion-de-su-red-en-asia-pacifico\/#primaryimage\"},\"image\":{\"@id\":\"https:\/\/aeronoticias.com.pe\/noticiero\/ultimas\/1\/united-anuncia-una-importante-ampliacion-de-su-red-en-asia-pacifico\/#primaryimage\"},\"thumbnailUrl\":\"https:\/\/aeronoticias.com.pe\/noticiero\/wp-content\/uploads\/2023\/07\/UNITED.jpg\",\"datePublished\":\"2023-07-18T16:22:12+00:00\",\"dateModified\":\"2023-07-18T16:22:17+00:00\",\"author\":{\"@id\":\"https:\/\/aeronoticias.com.pe\/noticiero\/#\/schema\/person\/16212a617c73f78916b13194154243bd\"},\"description\":\"Portal de noticias del Per\u00fa sobre el transporte a\u00e9reo, aviaci\u00f3n, turismo, hoteleria, actualidad.\",\"breadcrumb\":{\"@id\":\"https:\/\/aeronoticias.com.pe\/noticiero\/ultimas\/1\/united-anuncia-una-importante-ampliacion-de-su-red-en-asia-pacifico\/#breadcrumb\"},\"inLanguage\":\"es\",\"potentialAction\":[{\"@type\":\"ReadAction\",\"target\":[\"https:\/\/aeronoticias.com.pe\/noticiero\/ultimas\/1\/united-anuncia-una-importante-ampliacion-de-su-red-en-asia-pacifico\/\"]}]},{\"@type\":\"ImageObject\",\"inLanguage\":\"es\",\"@id\":\"https:\/\/aeronoticias.com.pe\/noticiero\/ultimas\/1\/united-anuncia-una-importante-ampliacion-de-su-red-en-asia-pacifico\/#primaryimage\",\"url\":\"https:\/\/aeronoticias.com.pe\/noticiero\/wp-content\/uploads\/2023\/07\/UNITED.jpg\",\"contentUrl\":\"https:\/\/aeronoticias.com.pe\/noticiero\/wp-content\/uploads\/2023\/07\/UNITED.jpg\",\"width\":800,\"height\":400},{\"@type\":\"BreadcrumbList\",\"@id\":\"https:\/\/aeronoticias.com.pe\/noticiero\/ultimas\/1\/united-anuncia-una-importante-ampliacion-de-su-red-en-asia-pacifico\/#breadcrumb\",\"itemListElement\":[{\"@type\":\"ListItem\",\"position\":1,\"name\":\"Portada\",\"item\":\"https:\/\/aeronoticias.com.pe\/noticiero\/\"},{\"@type\":\"ListItem\",\"position\":2,\"name\":\"United anuncia una importante ampliaci\u00f3n de su red en Asia-Pac\u00edfico\"}]},{\"@type\":\"WebSite\",\"@id\":\"https:\/\/aeronoticias.com.pe\/noticiero\/#website\",\"url\":\"https:\/\/aeronoticias.com.pe\/noticiero\/\",\"name\":\"Aeronoticias.com.pe\",\"description\":\"Noticias de tranporte aereo, turismo, hoteles, gastronomia, actualidad, internacional\",\"potentialAction\":[{\"@type\":\"SearchAction\",\"target\":{\"@type\":\"EntryPoint\",\"urlTemplate\":\"https:\/\/aeronoticias.com.pe\/noticiero\/?s={search_term_string}\"},\"query-input\":{\"@type\":\"PropertyValueSpecification\",\"valueRequired\":true,\"valueName\":\"search_term_string\"}}],\"inLanguage\":\"es\"},{\"@type\":\"Person\",\"@id\":\"https:\/\/aeronoticias.com.pe\/noticiero\/#\/schema\/person\/16212a617c73f78916b13194154243bd\",\"name\":\"Redacci\u00f3n\",\"sameAs\":[\"http:\/\/Redacci\u00f3n\"],\"url\":\"https:\/\/aeronoticias.com.pe\/noticiero\/author\/celeste\/\"}]}<\/script>\n<!-- \/ Yoast SEO plugin. -->","yoast_head_json":{"title":"United anuncia una importante ampliaci\u00f3n de su red en Asia-Pac\u00edfico","description":"Portal de noticias del Per\u00fa sobre el transporte a\u00e9reo, aviaci\u00f3n, turismo, hoteleria, actualidad.","robots":{"index":"index","follow":"follow","max-snippet":"max-snippet:-1","max-image-preview":"max-image-preview:large","max-video-preview":"max-video-preview:-1"},"canonical":"https:\/\/aeronoticias.com.pe\/noticiero\/ultimas\/1\/united-anuncia-una-importante-ampliacion-de-su-red-en-asia-pacifico\/","og_locale":"es_ES","og_type":"article","og_title":"United anuncia una importante ampliaci\u00f3n de su red en Asia-Pac\u00edfico","og_description":"Portal de noticias del Per\u00fa sobre el transporte a\u00e9reo, aviaci\u00f3n, turismo, hoteleria, actualidad.","og_url":"https:\/\/aeronoticias.com.pe\/noticiero\/ultimas\/1\/united-anuncia-una-importante-ampliacion-de-su-red-en-asia-pacifico\/","og_site_name":"Aeronoticias.com.pe","article_publisher":"https:\/\/www.facebook.com\/Aeronoticias.com.pe\/","article_published_time":"2023-07-18T16:22:12+00:00","article_modified_time":"2023-07-18T16:22:17+00:00","og_image":[{"width":800,"height":400,"url":"https:\/\/aeronoticias.com.pe\/noticiero\/wp-content\/uploads\/2023\/07\/UNITED.jpg","type":"image\/jpeg"}],"author":"Redacci\u00f3n","twitter_card":"summary_large_image","twitter_creator":"@aeronoticias","twitter_site":"@aeronoticias","twitter_misc":{"Escrito por":"Redacci\u00f3n","Tiempo de lectura":"2 minutos"},"schema":{"@context":"https:\/\/schema.org","@graph":[{"@type":"WebPage","@id":"https:\/\/aeronoticias.com.pe\/noticiero\/ultimas\/1\/united-anuncia-una-importante-ampliacion-de-su-red-en-asia-pacifico\/","url":"https:\/\/aeronoticias.com.pe\/noticiero\/ultimas\/1\/united-anuncia-una-importante-ampliacion-de-su-red-en-asia-pacifico\/","name":"United anuncia una importante ampliaci\u00f3n de su red en Asia-Pac\u00edfico","isPartOf":{"@id":"https:\/\/aeronoticias.com.pe\/noticiero\/#website"},"primaryImageOfPage":{"@id":"https:\/\/aeronoticias.com.pe\/noticiero\/ultimas\/1\/united-anuncia-una-importante-ampliacion-de-su-red-en-asia-pacifico\/#primaryimage"},"image":{"@id":"https:\/\/aeronoticias.com.pe\/noticiero\/ultimas\/1\/united-anuncia-una-importante-ampliacion-de-su-red-en-asia-pacifico\/#primaryimage"},"thumbnailUrl":"https:\/\/aeronoticias.com.pe\/noticiero\/wp-content\/uploads\/2023\/07\/UNITED.jpg","datePublished":"2023-07-18T16:22:12+00:00","dateModified":"2023-07-18T16:22:17+00:00","author":{"@id":"https:\/\/aeronoticias.com.pe\/noticiero\/#\/schema\/person\/16212a617c73f78916b13194154243bd"},"description":"Portal de noticias del Per\u00fa sobre el transporte a\u00e9reo, aviaci\u00f3n, turismo, hoteleria, actualidad.","breadcrumb":{"@id":"https:\/\/aeronoticias.com.pe\/noticiero\/ultimas\/1\/united-anuncia-una-importante-ampliacion-de-su-red-en-asia-pacifico\/#breadcrumb"},"inLanguage":"es","potentialAction":[{"@type":"ReadAction","target":["https:\/\/aeronoticias.com.pe\/noticiero\/ultimas\/1\/united-anuncia-una-importante-ampliacion-de-su-red-en-asia-pacifico\/"]}]},{"@type":"ImageObject","inLanguage":"es","@id":"https:\/\/aeronoticias.com.pe\/noticiero\/ultimas\/1\/united-anuncia-una-importante-ampliacion-de-su-red-en-asia-pacifico\/#primaryimage","url":"https:\/\/aeronoticias.com.pe\/noticiero\/wp-content\/uploads\/2023\/07\/UNITED.jpg","contentUrl":"https:\/\/aeronoticias.com.pe\/noticiero\/wp-content\/uploads\/2023\/07\/UNITED.jpg","width":800,"height":400},{"@type":"BreadcrumbList","@id":"https:\/\/aeronoticias.com.pe\/noticiero\/ultimas\/1\/united-anuncia-una-importante-ampliacion-de-su-red-en-asia-pacifico\/#breadcrumb","itemListElement":[{"@type":"ListItem","position":1,"name":"Portada","item":"https:\/\/aeronoticias.com.pe\/noticiero\/"},{"@type":"ListItem","position":2,"name":"United anuncia una importante ampliaci\u00f3n de su red en Asia-Pac\u00edfico"}]},{"@type":"WebSite","@id":"https:\/\/aeronoticias.com.pe\/noticiero\/#website","url":"https:\/\/aeronoticias.com.pe\/noticiero\/","name":"Aeronoticias.com.pe","description":"Noticias de tranporte aereo, turismo, hoteles, gastronomia, actualidad, internacional","potentialAction":[{"@type":"SearchAction","target":{"@type":"EntryPoint","urlTemplate":"https:\/\/aeronoticias.com.pe\/noticiero\/?s={search_term_string}"},"query-input":{"@type":"PropertyValueSpecification","valueRequired":true,"valueName":"search_term_string"}}],"inLanguage":"es"},{"@type":"Person","@id":"https:\/\/aeronoticias.com.pe\/noticiero\/#\/schema\/person\/16212a617c73f78916b13194154243bd","name":"Redacci\u00f3n","sameAs":["http:\/\/Redacci\u00f3n"],"url":"https:\/\/aeronoticias.com.pe\/noticiero\/author\/celeste\/"}]}},"_links":{"self":[{"href":"https:\/\/aeronoticias.com.pe\/noticiero\/wp-json\/wp\/v2\/posts\/84593","targetHints":{"allow":["GET"]}}],"collection":[{"href":"https:\/\/aeronoticias.com.pe\/noticiero\/wp-json\/wp\/v2\/posts"}],"about":[{"href":"https:\/\/aeronoticias.com.pe\/noticiero\/wp-json\/wp\/v2\/types\/post"}],"author":[{"embeddable":true,"href":"https:\/\/aeronoticias.com.pe\/noticiero\/wp-json\/wp\/v2\/users\/3"}],"replies":[{"embeddable":true,"href":"https:\/\/aeronoticias.com.pe\/noticiero\/wp-json\/wp\/v2\/comments?post=84593"}],"version-history":[{"count":0,"href":"https:\/\/aeronoticias.com.pe\/noticiero\/wp-json\/wp\/v2\/posts\/84593\/revisions"}],"wp:featuredmedia":[{"embeddable":true,"href":"https:\/\/aeronoticias.com.pe\/noticiero\/wp-json\/wp\/v2\/media\/84594"}],"wp:attachment":[{"href":"https:\/\/aeronoticias.com.pe\/noticiero\/wp-json\/wp\/v2\/media?parent=84593"}],"wp:term":[{"taxonomy":"category","embeddable":true,"href":"https:\/\/aeronoticias.com.pe\/noticiero\/wp-json\/wp\/v2\/categories?post=84593"},{"taxonomy":"post_tag","embeddable":true,"href":"https:\/\/aeronoticias.com.pe\/noticiero\/wp-json\/wp\/v2\/tags?post=84593"}],"curies":[{"name":"wp","href":"https:\/\/api.w.org\/{rel}","templated":true}]}}