{"id":84596,"date":"2023-07-18T12:28:37","date_gmt":"2023-07-18T17:28:37","guid":{"rendered":"https:\/\/aeronoticias.com.pe\/noticiero\/?p=84596"},"modified":"2023-07-18T12:28:42","modified_gmt":"2023-07-18T17:28:42","slug":"primer-arribo-bap-union-llego-a-tahiti-primer-punto-en-su-travesia-alrededor-del-mundo","status":"publish","type":"post","link":"https:\/\/aeronoticias.com.pe\/noticiero\/nacionales\/primer-arribo-bap-union-llego-a-tahiti-primer-punto-en-su-travesia-alrededor-del-mundo\/","title":{"rendered":"\u00a1Primer arribo! BAP Uni\u00f3n lleg\u00f3 a Tahit\u00ed, primer punto en su traves\u00eda alrededor del mundo"},"content":{"rendered":"\n<p><strong>(Aeronoticias)<\/strong>: Con gran algarab\u00eda, la comunidad peruana y pobladores de Tahit\u00ed recibieron al BAP Uni\u00f3n, que arrib\u00f3 el 13 de julio en primer punto del itinerario que lo llevar\u00e1 a dar la vuelta al mundo en el marco del Viaje de Instrucci\u00f3n al Extranjero 2023-2024, que realizan los cadetes de la Escuela Naval del Per\u00fa.<\/p>\n\n\n\n<p><strong><a href=\"https:\/\/andina.pe\/agencia\/noticia-bap-union-ya-recorre-mundo-revive-los-momentos-de-despedida-el-callao-video-944217.aspx\" target=\"_blank\" rel=\"noreferrer noopener\">Buque Escuela a Vela BAP Uni\u00f3n<\/a>\u00a0lleg\u00f3 a Tahit\u00ed en la Polinesia Francesa\u00a0<\/strong>y permanecer\u00e1 hasta el 17 de julio, tiempo en el cual la tripulaci\u00f3n desarrollar\u00e1 actividades protocolares y culturales.\u00a0<br>A su arribo a dicha ciudad, el comandante de la unidad naval, capit\u00e1n de nav\u00edo Jos\u00e9 Luis Arce Corzo, recibi\u00f3 a bordo al comandante de las Fuerzas Armadas y al comisionado en la Polinesia Francesa; as\u00ed como autoridades militares y civiles de la localidad. Posteriormente ofreci\u00f3 una conferencia de prensa a los medios de comunicaci\u00f3n.<\/p>\n\n\n\n<p>El viernes 14 de julio, una&nbsp;<strong>secci\u00f3n de cadetes con escolta participar\u00e1 en representaci\u00f3n de Per\u00fa en el desfile militar<\/strong>&nbsp;que se realizar\u00e1 con ocasi\u00f3n del D\u00eda Nacional de Francia.<\/p>\n\n\n\n<h2 class=\"wp-block-heading\"><strong>BAP Uni\u00f3n abrir\u00e1 sus puertas<\/strong><\/h2>\n\n\n\n<p>Entre las actividades culturales que realizar\u00e1 la tripulaci\u00f3n en dicha ciudad el 15 de julio visitar\u00e1 el museo de Tahit\u00ed, as\u00ed como recorrer\u00e1 las islas jurisdiccionales de Tahit\u00ed.<br>Igualmente,\u00a0<strong>hasta el 16 de julio, el imponente nav\u00edo abrir\u00e1 sus puertas para recibir la visita del p\u00fablico local, as\u00ed como a la comunidad peruana<\/strong>\u00a0residente en dicho pa\u00eds de Ocean\u00eda.<\/p>\n\n\n\n<p>Cabe destacar que este viaje tiene como\u00a0<strong>objetivo principal complementar la formaci\u00f3n marinera de los cadetes navales<\/strong>.\u00a0<\/p>\n\n\n\n<p>Asimismo actuar\u00e1 como embajada itinerante, difundiendo en los pa\u00edses a visitar la milenaria cultura nacional y posicionar\u00e1 la Marca Per\u00fa, a fin de promover el turismo y la oferta exportable.<\/p>\n\n\n\n<p>La singular traves\u00eda de circunnavegaci\u00f3n constituye un hito hist\u00f3rico para Per\u00fa y la Marina de Guerra, por ser la\u00a0<strong><a href=\"https:\/\/andina.pe\/agencia\/galeria-bap-union-inicia-manana-impresionante-vuelta-al-mundo-19182.aspx\" target=\"_blank\" rel=\"noreferrer noopener\">primera vez que dicho velero lleva a cabo un viaje de gran magnitud<\/a><\/strong>, ya que cumplir\u00e1 una singladura de aproximadamente 309 d\u00edas en un recorrido de 34,216 millas n\u00e1uticas, en los que visitar\u00e1 20 puertos en 16 pa\u00edses de los 5 continentes.<\/p>\n\n\n\n<p><strong>Fuente: Andina Agencia Peruana de Noticias<\/strong><\/p>\n","protected":false},"excerpt":{"rendered":"<p>(Aeronoticias): Con gran algarab\u00eda, la comunidad peruana y pobladores de Tahit\u00ed recibieron al BAP Uni\u00f3n, que arrib\u00f3 el 13 de julio en primer punto del itinerario que lo llevar\u00e1 a dar la vuelta al mundo en el marco del Viaje de Instrucci\u00f3n al Extranjero 2023-2024, que realizan los cadetes de la Escuela Naval del Per\u00fa. [&hellip;]<\/p>\n","protected":false},"author":3,"featured_media":84597,"comment_status":"open","ping_status":"open","sticky":false,"template":"","format":"standard","meta":{"tdm_status":"","tdm_grid_status":"","footnotes":""},"categories":[51,38],"tags":[3075,3274,3273],"class_list":{"0":"post-84596","1":"post","2":"type-post","3":"status-publish","4":"format-standard","5":"has-post-thumbnail","7":"category-nacional","8":"category-nacionales","9":"tag-bap-union","10":"tag-tahiti","11":"tag-vela-bap"},"yoast_head":"<!-- This site is optimized with the Yoast SEO plugin v25.1 - https:\/\/yoast.com\/wordpress\/plugins\/seo\/ -->\n<title>\u00a1Primer arribo! BAP Uni\u00f3n lleg\u00f3 a Tahit\u00ed, primer punto en su traves\u00eda alrededor del mundo<\/title>\n<meta name=\"description\" content=\"Abrir\u00e1 sus puertas para recibir al p\u00fablico y a la comunidad peruana residente en dicho pa\u00eds de Ocean\u00eda.\" \/>\n<meta name=\"robots\" content=\"index, follow, max-snippet:-1, max-image-preview:large, max-video-preview:-1\" \/>\n<link rel=\"canonical\" href=\"https:\/\/aeronoticias.com.pe\/noticiero\/nacionales\/primer-arribo-bap-union-llego-a-tahiti-primer-punto-en-su-travesia-alrededor-del-mundo\/\" \/>\n<meta property=\"og:locale\" content=\"es_ES\" \/>\n<meta property=\"og:type\" content=\"article\" \/>\n<meta property=\"og:title\" content=\"\u00a1Primer arribo! BAP Uni\u00f3n lleg\u00f3 a Tahit\u00ed, primer punto en su traves\u00eda alrededor del mundo\" \/>\n<meta property=\"og:description\" content=\"Abrir\u00e1 sus puertas para recibir al p\u00fablico y a la comunidad peruana residente en dicho pa\u00eds de Ocean\u00eda.\" \/>\n<meta property=\"og:url\" content=\"https:\/\/aeronoticias.com.pe\/noticiero\/nacionales\/primer-arribo-bap-union-llego-a-tahiti-primer-punto-en-su-travesia-alrededor-del-mundo\/\" \/>\n<meta property=\"og:site_name\" content=\"Aeronoticias.com.pe\" \/>\n<meta property=\"article:publisher\" content=\"https:\/\/www.facebook.com\/Aeronoticias.com.pe\/\" \/>\n<meta property=\"article:published_time\" content=\"2023-07-18T17:28:37+00:00\" \/>\n<meta property=\"article:modified_time\" content=\"2023-07-18T17:28:42+00:00\" \/>\n<meta property=\"og:image\" content=\"https:\/\/aeronoticias.com.pe\/noticiero\/wp-content\/uploads\/2023\/07\/bandera.jpg\" \/>\n\t<meta property=\"og:image:width\" content=\"1800\" \/>\n\t<meta property=\"og:image:height\" content=\"1200\" \/>\n\t<meta property=\"og:image:type\" content=\"image\/jpeg\" \/>\n<meta name=\"author\" content=\"Redacci\u00f3n\" \/>\n<meta name=\"twitter:card\" content=\"summary_large_image\" \/>\n<meta name=\"twitter:creator\" content=\"@aeronoticias\" \/>\n<meta name=\"twitter:site\" content=\"@aeronoticias\" \/>\n<meta name=\"twitter:label1\" content=\"Escrito por\" \/>\n\t<meta name=\"twitter:data1\" content=\"Redacci\u00f3n\" \/>\n\t<meta name=\"twitter:label2\" content=\"Tiempo de lectura\" \/>\n\t<meta name=\"twitter:data2\" content=\"2 minutos\" \/>\n<script type=\"application\/ld+json\" class=\"yoast-schema-graph\">{\"@context\":\"https:\/\/schema.org\",\"@graph\":[{\"@type\":\"WebPage\",\"@id\":\"https:\/\/aeronoticias.com.pe\/noticiero\/nacionales\/primer-arribo-bap-union-llego-a-tahiti-primer-punto-en-su-travesia-alrededor-del-mundo\/\",\"url\":\"https:\/\/aeronoticias.com.pe\/noticiero\/nacionales\/primer-arribo-bap-union-llego-a-tahiti-primer-punto-en-su-travesia-alrededor-del-mundo\/\",\"name\":\"\u00a1Primer arribo! BAP Uni\u00f3n lleg\u00f3 a Tahit\u00ed, primer punto en su traves\u00eda alrededor del mundo\",\"isPartOf\":{\"@id\":\"https:\/\/aeronoticias.com.pe\/noticiero\/#website\"},\"primaryImageOfPage\":{\"@id\":\"https:\/\/aeronoticias.com.pe\/noticiero\/nacionales\/primer-arribo-bap-union-llego-a-tahiti-primer-punto-en-su-travesia-alrededor-del-mundo\/#primaryimage\"},\"image\":{\"@id\":\"https:\/\/aeronoticias.com.pe\/noticiero\/nacionales\/primer-arribo-bap-union-llego-a-tahiti-primer-punto-en-su-travesia-alrededor-del-mundo\/#primaryimage\"},\"thumbnailUrl\":\"https:\/\/aeronoticias.com.pe\/noticiero\/wp-content\/uploads\/2023\/07\/bandera.jpg\",\"datePublished\":\"2023-07-18T17:28:37+00:00\",\"dateModified\":\"2023-07-18T17:28:42+00:00\",\"author\":{\"@id\":\"https:\/\/aeronoticias.com.pe\/noticiero\/#\/schema\/person\/16212a617c73f78916b13194154243bd\"},\"description\":\"Abrir\u00e1 sus puertas para recibir al p\u00fablico y a la comunidad peruana residente en dicho pa\u00eds de Ocean\u00eda.\",\"breadcrumb\":{\"@id\":\"https:\/\/aeronoticias.com.pe\/noticiero\/nacionales\/primer-arribo-bap-union-llego-a-tahiti-primer-punto-en-su-travesia-alrededor-del-mundo\/#breadcrumb\"},\"inLanguage\":\"es\",\"potentialAction\":[{\"@type\":\"ReadAction\",\"target\":[\"https:\/\/aeronoticias.com.pe\/noticiero\/nacionales\/primer-arribo-bap-union-llego-a-tahiti-primer-punto-en-su-travesia-alrededor-del-mundo\/\"]}]},{\"@type\":\"ImageObject\",\"inLanguage\":\"es\",\"@id\":\"https:\/\/aeronoticias.com.pe\/noticiero\/nacionales\/primer-arribo-bap-union-llego-a-tahiti-primer-punto-en-su-travesia-alrededor-del-mundo\/#primaryimage\",\"url\":\"https:\/\/aeronoticias.com.pe\/noticiero\/wp-content\/uploads\/2023\/07\/bandera.jpg\",\"contentUrl\":\"https:\/\/aeronoticias.com.pe\/noticiero\/wp-content\/uploads\/2023\/07\/bandera.jpg\",\"width\":1800,\"height\":1200},{\"@type\":\"BreadcrumbList\",\"@id\":\"https:\/\/aeronoticias.com.pe\/noticiero\/nacionales\/primer-arribo-bap-union-llego-a-tahiti-primer-punto-en-su-travesia-alrededor-del-mundo\/#breadcrumb\",\"itemListElement\":[{\"@type\":\"ListItem\",\"position\":1,\"name\":\"Portada\",\"item\":\"https:\/\/aeronoticias.com.pe\/noticiero\/\"},{\"@type\":\"ListItem\",\"position\":2,\"name\":\"\u00a1Primer arribo! BAP Uni\u00f3n lleg\u00f3 a Tahit\u00ed, primer punto en su traves\u00eda alrededor del mundo\"}]},{\"@type\":\"WebSite\",\"@id\":\"https:\/\/aeronoticias.com.pe\/noticiero\/#website\",\"url\":\"https:\/\/aeronoticias.com.pe\/noticiero\/\",\"name\":\"Aeronoticias.com.pe\",\"description\":\"Noticias de tranporte aereo, turismo, hoteles, gastronomia, actualidad, internacional\",\"potentialAction\":[{\"@type\":\"SearchAction\",\"target\":{\"@type\":\"EntryPoint\",\"urlTemplate\":\"https:\/\/aeronoticias.com.pe\/noticiero\/?s={search_term_string}\"},\"query-input\":{\"@type\":\"PropertyValueSpecification\",\"valueRequired\":true,\"valueName\":\"search_term_string\"}}],\"inLanguage\":\"es\"},{\"@type\":\"Person\",\"@id\":\"https:\/\/aeronoticias.com.pe\/noticiero\/#\/schema\/person\/16212a617c73f78916b13194154243bd\",\"name\":\"Redacci\u00f3n\",\"sameAs\":[\"http:\/\/Redacci\u00f3n\"],\"url\":\"https:\/\/aeronoticias.com.pe\/noticiero\/author\/celeste\/\"}]}<\/script>\n<!-- \/ Yoast SEO plugin. -->","yoast_head_json":{"title":"\u00a1Primer arribo! BAP Uni\u00f3n lleg\u00f3 a Tahit\u00ed, primer punto en su traves\u00eda alrededor del mundo","description":"Abrir\u00e1 sus puertas para recibir al p\u00fablico y a la comunidad peruana residente en dicho pa\u00eds de Ocean\u00eda.","robots":{"index":"index","follow":"follow","max-snippet":"max-snippet:-1","max-image-preview":"max-image-preview:large","max-video-preview":"max-video-preview:-1"},"canonical":"https:\/\/aeronoticias.com.pe\/noticiero\/nacionales\/primer-arribo-bap-union-llego-a-tahiti-primer-punto-en-su-travesia-alrededor-del-mundo\/","og_locale":"es_ES","og_type":"article","og_title":"\u00a1Primer arribo! BAP Uni\u00f3n lleg\u00f3 a Tahit\u00ed, primer punto en su traves\u00eda alrededor del mundo","og_description":"Abrir\u00e1 sus puertas para recibir al p\u00fablico y a la comunidad peruana residente en dicho pa\u00eds de Ocean\u00eda.","og_url":"https:\/\/aeronoticias.com.pe\/noticiero\/nacionales\/primer-arribo-bap-union-llego-a-tahiti-primer-punto-en-su-travesia-alrededor-del-mundo\/","og_site_name":"Aeronoticias.com.pe","article_publisher":"https:\/\/www.facebook.com\/Aeronoticias.com.pe\/","article_published_time":"2023-07-18T17:28:37+00:00","article_modified_time":"2023-07-18T17:28:42+00:00","og_image":[{"width":1800,"height":1200,"url":"https:\/\/aeronoticias.com.pe\/noticiero\/wp-content\/uploads\/2023\/07\/bandera.jpg","type":"image\/jpeg"}],"author":"Redacci\u00f3n","twitter_card":"summary_large_image","twitter_creator":"@aeronoticias","twitter_site":"@aeronoticias","twitter_misc":{"Escrito por":"Redacci\u00f3n","Tiempo de lectura":"2 minutos"},"schema":{"@context":"https:\/\/schema.org","@graph":[{"@type":"WebPage","@id":"https:\/\/aeronoticias.com.pe\/noticiero\/nacionales\/primer-arribo-bap-union-llego-a-tahiti-primer-punto-en-su-travesia-alrededor-del-mundo\/","url":"https:\/\/aeronoticias.com.pe\/noticiero\/nacionales\/primer-arribo-bap-union-llego-a-tahiti-primer-punto-en-su-travesia-alrededor-del-mundo\/","name":"\u00a1Primer arribo! BAP Uni\u00f3n lleg\u00f3 a Tahit\u00ed, primer punto en su traves\u00eda alrededor del mundo","isPartOf":{"@id":"https:\/\/aeronoticias.com.pe\/noticiero\/#website"},"primaryImageOfPage":{"@id":"https:\/\/aeronoticias.com.pe\/noticiero\/nacionales\/primer-arribo-bap-union-llego-a-tahiti-primer-punto-en-su-travesia-alrededor-del-mundo\/#primaryimage"},"image":{"@id":"https:\/\/aeronoticias.com.pe\/noticiero\/nacionales\/primer-arribo-bap-union-llego-a-tahiti-primer-punto-en-su-travesia-alrededor-del-mundo\/#primaryimage"},"thumbnailUrl":"https:\/\/aeronoticias.com.pe\/noticiero\/wp-content\/uploads\/2023\/07\/bandera.jpg","datePublished":"2023-07-18T17:28:37+00:00","dateModified":"2023-07-18T17:28:42+00:00","author":{"@id":"https:\/\/aeronoticias.com.pe\/noticiero\/#\/schema\/person\/16212a617c73f78916b13194154243bd"},"description":"Abrir\u00e1 sus puertas para recibir al p\u00fablico y a la comunidad peruana residente en dicho pa\u00eds de Ocean\u00eda.","breadcrumb":{"@id":"https:\/\/aeronoticias.com.pe\/noticiero\/nacionales\/primer-arribo-bap-union-llego-a-tahiti-primer-punto-en-su-travesia-alrededor-del-mundo\/#breadcrumb"},"inLanguage":"es","potentialAction":[{"@type":"ReadAction","target":["https:\/\/aeronoticias.com.pe\/noticiero\/nacionales\/primer-arribo-bap-union-llego-a-tahiti-primer-punto-en-su-travesia-alrededor-del-mundo\/"]}]},{"@type":"ImageObject","inLanguage":"es","@id":"https:\/\/aeronoticias.com.pe\/noticiero\/nacionales\/primer-arribo-bap-union-llego-a-tahiti-primer-punto-en-su-travesia-alrededor-del-mundo\/#primaryimage","url":"https:\/\/aeronoticias.com.pe\/noticiero\/wp-content\/uploads\/2023\/07\/bandera.jpg","contentUrl":"https:\/\/aeronoticias.com.pe\/noticiero\/wp-content\/uploads\/2023\/07\/bandera.jpg","width":1800,"height":1200},{"@type":"BreadcrumbList","@id":"https:\/\/aeronoticias.com.pe\/noticiero\/nacionales\/primer-arribo-bap-union-llego-a-tahiti-primer-punto-en-su-travesia-alrededor-del-mundo\/#breadcrumb","itemListElement":[{"@type":"ListItem","position":1,"name":"Portada","item":"https:\/\/aeronoticias.com.pe\/noticiero\/"},{"@type":"ListItem","position":2,"name":"\u00a1Primer arribo! BAP Uni\u00f3n lleg\u00f3 a Tahit\u00ed, primer punto en su traves\u00eda alrededor del mundo"}]},{"@type":"WebSite","@id":"https:\/\/aeronoticias.com.pe\/noticiero\/#website","url":"https:\/\/aeronoticias.com.pe\/noticiero\/","name":"Aeronoticias.com.pe","description":"Noticias de tranporte aereo, turismo, hoteles, gastronomia, actualidad, internacional","potentialAction":[{"@type":"SearchAction","target":{"@type":"EntryPoint","urlTemplate":"https:\/\/aeronoticias.com.pe\/noticiero\/?s={search_term_string}"},"query-input":{"@type":"PropertyValueSpecification","valueRequired":true,"valueName":"search_term_string"}}],"inLanguage":"es"},{"@type":"Person","@id":"https:\/\/aeronoticias.com.pe\/noticiero\/#\/schema\/person\/16212a617c73f78916b13194154243bd","name":"Redacci\u00f3n","sameAs":["http:\/\/Redacci\u00f3n"],"url":"https:\/\/aeronoticias.com.pe\/noticiero\/author\/celeste\/"}]}},"_links":{"self":[{"href":"https:\/\/aeronoticias.com.pe\/noticiero\/wp-json\/wp\/v2\/posts\/84596","targetHints":{"allow":["GET"]}}],"collection":[{"href":"https:\/\/aeronoticias.com.pe\/noticiero\/wp-json\/wp\/v2\/posts"}],"about":[{"href":"https:\/\/aeronoticias.com.pe\/noticiero\/wp-json\/wp\/v2\/types\/post"}],"author":[{"embeddable":true,"href":"https:\/\/aeronoticias.com.pe\/noticiero\/wp-json\/wp\/v2\/users\/3"}],"replies":[{"embeddable":true,"href":"https:\/\/aeronoticias.com.pe\/noticiero\/wp-json\/wp\/v2\/comments?post=84596"}],"version-history":[{"count":0,"href":"https:\/\/aeronoticias.com.pe\/noticiero\/wp-json\/wp\/v2\/posts\/84596\/revisions"}],"wp:featuredmedia":[{"embeddable":true,"href":"https:\/\/aeronoticias.com.pe\/noticiero\/wp-json\/wp\/v2\/media\/84597"}],"wp:attachment":[{"href":"https:\/\/aeronoticias.com.pe\/noticiero\/wp-json\/wp\/v2\/media?parent=84596"}],"wp:term":[{"taxonomy":"category","embeddable":true,"href":"https:\/\/aeronoticias.com.pe\/noticiero\/wp-json\/wp\/v2\/categories?post=84596"},{"taxonomy":"post_tag","embeddable":true,"href":"https:\/\/aeronoticias.com.pe\/noticiero\/wp-json\/wp\/v2\/tags?post=84596"}],"curies":[{"name":"wp","href":"https:\/\/api.w.org\/{rel}","templated":true}]}}