{"id":84664,"date":"2023-07-19T10:00:34","date_gmt":"2023-07-19T15:00:34","guid":{"rendered":"https:\/\/aeronoticias.com.pe\/noticiero\/?p=84664"},"modified":"2023-07-20T10:14:14","modified_gmt":"2023-07-20T15:14:14","slug":"polemica-a-bordo-de-avion-joven-se-niega-a-ceder-sus-asientos-a-2-ancianos-a-pesar-de-haber-pagado-por-espacio-adicional","status":"publish","type":"post","link":"https:\/\/aeronoticias.com.pe\/noticiero\/mundo\/polemica-a-bordo-de-avion-joven-se-niega-a-ceder-sus-asientos-a-2-ancianos-a-pesar-de-haber-pagado-por-espacio-adicional\/","title":{"rendered":"Pol\u00e9mica a bordo de avi\u00f3n: Joven se niega a ceder sus asientos a 2 ancianos, a pesar de haber pagado por espacio adicional"},"content":{"rendered":"\n<p>(Aeronoticias) En un vuelo reciente, se desat\u00f3 una pol\u00e9mica a bordo cuando un joven se neg\u00f3 rotundamente a ceder sus asientos a dos ancianos, a pesar de que estos se encontraban en busca de asientos contiguos para mayor comodidad. La situaci\u00f3n se agrav\u00f3 a\u00fan m\u00e1s debido a que el joven hab\u00eda pagado por espacio adicional para las piernas.<\/p>\n\n\n\n<p>El incidente ocurri\u00f3 durante un vuelo comercial en el que los asientos est\u00e1n asignados previamente. Los dos ancianos, que aparentaban tener dificultades de movilidad, se dirigieron al joven solicitando su amable colaboraci\u00f3n para que pudieran sentarse juntos. Sin embargo, el joven se mantuvo firme en su decisi\u00f3n de permanecer en su asiento, argumentando que hab\u00eda pagado un precio m\u00e1s elevado por tener espacio adicional para las piernas y que no estaba dispuesto a renunciar a ese beneficio.<\/p>\n\n\n\n<p>La negativa del joven provoc\u00f3 la indignaci\u00f3n de los pasajeros que presenciaron la escena. Algunos intentaron mediar y persuadir al joven para que reconsiderara su postura, destacando la importancia de la solidaridad y el respeto hacia las personas de edad avanzada. Sin embargo, el joven permaneci\u00f3 inflexible y argument\u00f3 que hab\u00eda pagado por un servicio y que no ten\u00eda ninguna obligaci\u00f3n de ceder su asiento.<\/p>\n\n\n\n<p>El personal de la aerol\u00ednea tambi\u00e9n intervino para intentar resolver la situaci\u00f3n de manera pac\u00edfica. Sin embargo, debido a la pol\u00edtica de asignaci\u00f3n de asientos y la negativa del joven a colaborar, no se encontr\u00f3 una soluci\u00f3n inmediata. Ante la falta de acuerdo, los ancianos se vieron obligados a encontrar otros asientos dispersos en el avi\u00f3n, lo que result\u00f3 en una experiencia inc\u00f3moda y desalentadora para ellos.<\/p>\n\n\n\n<p>Este incidente ha generado un debate sobre la \u00e9tica y la cortes\u00eda en los vuelos comerciales. Mientras algunos argumentan que el joven ten\u00eda el derecho de quedarse en su asiento, ya que lo pag\u00f3 y no ten\u00eda obligaci\u00f3n de cederlo, otros consideran que la solidaridad y el respeto hacia los dem\u00e1s deber\u00edan prevalecer, especialmente cuando se trata de personas mayores con necesidades especiales.<\/p>\n\n\n\n<p>Las aerol\u00edneas est\u00e1n revisando sus pol\u00edticas y procedimientos para abordar situaciones similares en el futuro y garantizar una experiencia m\u00e1s inclusiva y c\u00f3moda para todos los pasajeros, especialmente aquellos que requieren asistencia adicional. La conciencia y la empat\u00eda hacia los dem\u00e1s son fundamentales para mantener un ambiente armonioso a bordo y asegurar que todos los viajeros se sientan respetados y atendidos.<\/p>\n\n\n\n<p>Mientras tanto, este incidente sirve como un recordatorio de la importancia de la consideraci\u00f3n y el respeto hacia los dem\u00e1s, especialmente en situaciones donde se comparte un espacio limitado, como los aviones. La cortes\u00eda y la empat\u00eda son valores que no deben perderse en el mundo de los viajes a\u00e9reos.<br><br><em>Fuente: La Rep\u00fablica<\/em><br><br><strong><em>Por: Sebasti\u00e1n Palacin<\/em><\/strong><\/p>\n","protected":false},"excerpt":{"rendered":"<p>(Aeronoticias) En un vuelo reciente, se desat\u00f3 una pol\u00e9mica a bordo cuando un joven se neg\u00f3 rotundamente a ceder sus asientos a dos ancianos, a pesar de que estos se encontraban en busca de asientos contiguos para mayor comodidad. La situaci\u00f3n se agrav\u00f3 a\u00fan m\u00e1s debido a que el joven hab\u00eda pagado por espacio adicional [&hellip;]<\/p>\n","protected":false},"author":3,"featured_media":84671,"comment_status":"open","ping_status":"open","sticky":false,"template":"","format":"standard","meta":{"tdm_status":"","tdm_grid_status":"","footnotes":""},"categories":[28,64],"tags":[],"class_list":{"0":"post-84664","1":"post","2":"type-post","3":"status-publish","4":"format-standard","5":"has-post-thumbnail","7":"category-mundo","8":"category-mundo-mundo"},"yoast_head":"<!-- This site is optimized with the Yoast SEO plugin v25.1 - https:\/\/yoast.com\/wordpress\/plugins\/seo\/ -->\n<title>Pol\u00e9mica a bordo de avi\u00f3n: Joven se niega a ceder sus asientos a 2 ancianos, a pesar de haber pagado por espacio adicional<\/title>\n<meta name=\"description\" content=\"En un vuelo reciente, se desat\u00f3 una pol\u00e9mica a bordo cuando un joven se neg\u00f3 rotundamente a ceder sus asientos a dos ancianos, a pesar de que estos se encontraban en busca de asientos contiguos para mayor comodidad.\" \/>\n<meta name=\"robots\" content=\"index, follow, max-snippet:-1, max-image-preview:large, max-video-preview:-1\" \/>\n<link rel=\"canonical\" href=\"https:\/\/aeronoticias.com.pe\/noticiero\/mundo\/polemica-a-bordo-de-avion-joven-se-niega-a-ceder-sus-asientos-a-2-ancianos-a-pesar-de-haber-pagado-por-espacio-adicional\/\" \/>\n<meta property=\"og:locale\" content=\"es_ES\" \/>\n<meta property=\"og:type\" content=\"article\" \/>\n<meta property=\"og:title\" content=\"Pol\u00e9mica a bordo de avi\u00f3n: Joven se niega a ceder sus asientos a 2 ancianos, a pesar de haber pagado por espacio adicional\" \/>\n<meta property=\"og:description\" content=\"En un vuelo reciente, se desat\u00f3 una pol\u00e9mica a bordo cuando un joven se neg\u00f3 rotundamente a ceder sus asientos a dos ancianos, a pesar de que estos se encontraban en busca de asientos contiguos para mayor comodidad.\" \/>\n<meta property=\"og:url\" content=\"https:\/\/aeronoticias.com.pe\/noticiero\/mundo\/polemica-a-bordo-de-avion-joven-se-niega-a-ceder-sus-asientos-a-2-ancianos-a-pesar-de-haber-pagado-por-espacio-adicional\/\" \/>\n<meta property=\"og:site_name\" content=\"Aeronoticias.com.pe\" \/>\n<meta property=\"article:publisher\" content=\"https:\/\/www.facebook.com\/Aeronoticias.com.pe\/\" \/>\n<meta property=\"article:published_time\" content=\"2023-07-19T15:00:34+00:00\" \/>\n<meta property=\"article:modified_time\" content=\"2023-07-20T15:14:14+00:00\" \/>\n<meta property=\"og:image\" content=\"https:\/\/aeronoticias.com.pe\/noticiero\/wp-content\/uploads\/2023\/07\/asientosavion.jpg\" \/>\n\t<meta property=\"og:image:width\" content=\"300\" \/>\n\t<meta property=\"og:image:height\" content=\"168\" \/>\n\t<meta property=\"og:image:type\" content=\"image\/jpeg\" \/>\n<meta name=\"author\" content=\"Redacci\u00f3n\" \/>\n<meta name=\"twitter:card\" content=\"summary_large_image\" \/>\n<meta name=\"twitter:creator\" content=\"@aeronoticias\" \/>\n<meta name=\"twitter:site\" content=\"@aeronoticias\" \/>\n<meta name=\"twitter:label1\" content=\"Escrito por\" \/>\n\t<meta name=\"twitter:data1\" content=\"Redacci\u00f3n\" \/>\n\t<meta name=\"twitter:label2\" content=\"Tiempo de lectura\" \/>\n\t<meta name=\"twitter:data2\" content=\"2 minutos\" \/>\n<script type=\"application\/ld+json\" class=\"yoast-schema-graph\">{\"@context\":\"https:\/\/schema.org\",\"@graph\":[{\"@type\":\"WebPage\",\"@id\":\"https:\/\/aeronoticias.com.pe\/noticiero\/mundo\/polemica-a-bordo-de-avion-joven-se-niega-a-ceder-sus-asientos-a-2-ancianos-a-pesar-de-haber-pagado-por-espacio-adicional\/\",\"url\":\"https:\/\/aeronoticias.com.pe\/noticiero\/mundo\/polemica-a-bordo-de-avion-joven-se-niega-a-ceder-sus-asientos-a-2-ancianos-a-pesar-de-haber-pagado-por-espacio-adicional\/\",\"name\":\"Pol\u00e9mica a bordo de avi\u00f3n: Joven se niega a ceder sus asientos a 2 ancianos, a pesar de haber pagado por espacio adicional\",\"isPartOf\":{\"@id\":\"https:\/\/aeronoticias.com.pe\/noticiero\/#website\"},\"primaryImageOfPage\":{\"@id\":\"https:\/\/aeronoticias.com.pe\/noticiero\/mundo\/polemica-a-bordo-de-avion-joven-se-niega-a-ceder-sus-asientos-a-2-ancianos-a-pesar-de-haber-pagado-por-espacio-adicional\/#primaryimage\"},\"image\":{\"@id\":\"https:\/\/aeronoticias.com.pe\/noticiero\/mundo\/polemica-a-bordo-de-avion-joven-se-niega-a-ceder-sus-asientos-a-2-ancianos-a-pesar-de-haber-pagado-por-espacio-adicional\/#primaryimage\"},\"thumbnailUrl\":\"https:\/\/aeronoticias.com.pe\/noticiero\/wp-content\/uploads\/2023\/07\/asientosavion.jpg\",\"datePublished\":\"2023-07-19T15:00:34+00:00\",\"dateModified\":\"2023-07-20T15:14:14+00:00\",\"author\":{\"@id\":\"https:\/\/aeronoticias.com.pe\/noticiero\/#\/schema\/person\/16212a617c73f78916b13194154243bd\"},\"description\":\"En un vuelo reciente, se desat\u00f3 una pol\u00e9mica a bordo cuando un joven se neg\u00f3 rotundamente a ceder sus asientos a dos ancianos, a pesar de que estos se encontraban en busca de asientos contiguos para mayor comodidad.\",\"breadcrumb\":{\"@id\":\"https:\/\/aeronoticias.com.pe\/noticiero\/mundo\/polemica-a-bordo-de-avion-joven-se-niega-a-ceder-sus-asientos-a-2-ancianos-a-pesar-de-haber-pagado-por-espacio-adicional\/#breadcrumb\"},\"inLanguage\":\"es\",\"potentialAction\":[{\"@type\":\"ReadAction\",\"target\":[\"https:\/\/aeronoticias.com.pe\/noticiero\/mundo\/polemica-a-bordo-de-avion-joven-se-niega-a-ceder-sus-asientos-a-2-ancianos-a-pesar-de-haber-pagado-por-espacio-adicional\/\"]}]},{\"@type\":\"ImageObject\",\"inLanguage\":\"es\",\"@id\":\"https:\/\/aeronoticias.com.pe\/noticiero\/mundo\/polemica-a-bordo-de-avion-joven-se-niega-a-ceder-sus-asientos-a-2-ancianos-a-pesar-de-haber-pagado-por-espacio-adicional\/#primaryimage\",\"url\":\"https:\/\/aeronoticias.com.pe\/noticiero\/wp-content\/uploads\/2023\/07\/asientosavion.jpg\",\"contentUrl\":\"https:\/\/aeronoticias.com.pe\/noticiero\/wp-content\/uploads\/2023\/07\/asientosavion.jpg\",\"width\":300,\"height\":168},{\"@type\":\"BreadcrumbList\",\"@id\":\"https:\/\/aeronoticias.com.pe\/noticiero\/mundo\/polemica-a-bordo-de-avion-joven-se-niega-a-ceder-sus-asientos-a-2-ancianos-a-pesar-de-haber-pagado-por-espacio-adicional\/#breadcrumb\",\"itemListElement\":[{\"@type\":\"ListItem\",\"position\":1,\"name\":\"Portada\",\"item\":\"https:\/\/aeronoticias.com.pe\/noticiero\/\"},{\"@type\":\"ListItem\",\"position\":2,\"name\":\"Pol\u00e9mica a bordo de avi\u00f3n: Joven se niega a ceder sus asientos a 2 ancianos, a pesar de haber pagado por espacio adicional\"}]},{\"@type\":\"WebSite\",\"@id\":\"https:\/\/aeronoticias.com.pe\/noticiero\/#website\",\"url\":\"https:\/\/aeronoticias.com.pe\/noticiero\/\",\"name\":\"Aeronoticias.com.pe\",\"description\":\"Noticias de tranporte aereo, turismo, hoteles, gastronomia, actualidad, internacional\",\"potentialAction\":[{\"@type\":\"SearchAction\",\"target\":{\"@type\":\"EntryPoint\",\"urlTemplate\":\"https:\/\/aeronoticias.com.pe\/noticiero\/?s={search_term_string}\"},\"query-input\":{\"@type\":\"PropertyValueSpecification\",\"valueRequired\":true,\"valueName\":\"search_term_string\"}}],\"inLanguage\":\"es\"},{\"@type\":\"Person\",\"@id\":\"https:\/\/aeronoticias.com.pe\/noticiero\/#\/schema\/person\/16212a617c73f78916b13194154243bd\",\"name\":\"Redacci\u00f3n\",\"sameAs\":[\"http:\/\/Redacci\u00f3n\"],\"url\":\"https:\/\/aeronoticias.com.pe\/noticiero\/author\/celeste\/\"}]}<\/script>\n<!-- \/ Yoast SEO plugin. -->","yoast_head_json":{"title":"Pol\u00e9mica a bordo de avi\u00f3n: Joven se niega a ceder sus asientos a 2 ancianos, a pesar de haber pagado por espacio adicional","description":"En un vuelo reciente, se desat\u00f3 una pol\u00e9mica a bordo cuando un joven se neg\u00f3 rotundamente a ceder sus asientos a dos ancianos, a pesar de que estos se encontraban en busca de asientos contiguos para mayor comodidad.","robots":{"index":"index","follow":"follow","max-snippet":"max-snippet:-1","max-image-preview":"max-image-preview:large","max-video-preview":"max-video-preview:-1"},"canonical":"https:\/\/aeronoticias.com.pe\/noticiero\/mundo\/polemica-a-bordo-de-avion-joven-se-niega-a-ceder-sus-asientos-a-2-ancianos-a-pesar-de-haber-pagado-por-espacio-adicional\/","og_locale":"es_ES","og_type":"article","og_title":"Pol\u00e9mica a bordo de avi\u00f3n: Joven se niega a ceder sus asientos a 2 ancianos, a pesar de haber pagado por espacio adicional","og_description":"En un vuelo reciente, se desat\u00f3 una pol\u00e9mica a bordo cuando un joven se neg\u00f3 rotundamente a ceder sus asientos a dos ancianos, a pesar de que estos se encontraban en busca de asientos contiguos para mayor comodidad.","og_url":"https:\/\/aeronoticias.com.pe\/noticiero\/mundo\/polemica-a-bordo-de-avion-joven-se-niega-a-ceder-sus-asientos-a-2-ancianos-a-pesar-de-haber-pagado-por-espacio-adicional\/","og_site_name":"Aeronoticias.com.pe","article_publisher":"https:\/\/www.facebook.com\/Aeronoticias.com.pe\/","article_published_time":"2023-07-19T15:00:34+00:00","article_modified_time":"2023-07-20T15:14:14+00:00","og_image":[{"width":300,"height":168,"url":"https:\/\/aeronoticias.com.pe\/noticiero\/wp-content\/uploads\/2023\/07\/asientosavion.jpg","type":"image\/jpeg"}],"author":"Redacci\u00f3n","twitter_card":"summary_large_image","twitter_creator":"@aeronoticias","twitter_site":"@aeronoticias","twitter_misc":{"Escrito por":"Redacci\u00f3n","Tiempo de lectura":"2 minutos"},"schema":{"@context":"https:\/\/schema.org","@graph":[{"@type":"WebPage","@id":"https:\/\/aeronoticias.com.pe\/noticiero\/mundo\/polemica-a-bordo-de-avion-joven-se-niega-a-ceder-sus-asientos-a-2-ancianos-a-pesar-de-haber-pagado-por-espacio-adicional\/","url":"https:\/\/aeronoticias.com.pe\/noticiero\/mundo\/polemica-a-bordo-de-avion-joven-se-niega-a-ceder-sus-asientos-a-2-ancianos-a-pesar-de-haber-pagado-por-espacio-adicional\/","name":"Pol\u00e9mica a bordo de avi\u00f3n: Joven se niega a ceder sus asientos a 2 ancianos, a pesar de haber pagado por espacio adicional","isPartOf":{"@id":"https:\/\/aeronoticias.com.pe\/noticiero\/#website"},"primaryImageOfPage":{"@id":"https:\/\/aeronoticias.com.pe\/noticiero\/mundo\/polemica-a-bordo-de-avion-joven-se-niega-a-ceder-sus-asientos-a-2-ancianos-a-pesar-de-haber-pagado-por-espacio-adicional\/#primaryimage"},"image":{"@id":"https:\/\/aeronoticias.com.pe\/noticiero\/mundo\/polemica-a-bordo-de-avion-joven-se-niega-a-ceder-sus-asientos-a-2-ancianos-a-pesar-de-haber-pagado-por-espacio-adicional\/#primaryimage"},"thumbnailUrl":"https:\/\/aeronoticias.com.pe\/noticiero\/wp-content\/uploads\/2023\/07\/asientosavion.jpg","datePublished":"2023-07-19T15:00:34+00:00","dateModified":"2023-07-20T15:14:14+00:00","author":{"@id":"https:\/\/aeronoticias.com.pe\/noticiero\/#\/schema\/person\/16212a617c73f78916b13194154243bd"},"description":"En un vuelo reciente, se desat\u00f3 una pol\u00e9mica a bordo cuando un joven se neg\u00f3 rotundamente a ceder sus asientos a dos ancianos, a pesar de que estos se encontraban en busca de asientos contiguos para mayor comodidad.","breadcrumb":{"@id":"https:\/\/aeronoticias.com.pe\/noticiero\/mundo\/polemica-a-bordo-de-avion-joven-se-niega-a-ceder-sus-asientos-a-2-ancianos-a-pesar-de-haber-pagado-por-espacio-adicional\/#breadcrumb"},"inLanguage":"es","potentialAction":[{"@type":"ReadAction","target":["https:\/\/aeronoticias.com.pe\/noticiero\/mundo\/polemica-a-bordo-de-avion-joven-se-niega-a-ceder-sus-asientos-a-2-ancianos-a-pesar-de-haber-pagado-por-espacio-adicional\/"]}]},{"@type":"ImageObject","inLanguage":"es","@id":"https:\/\/aeronoticias.com.pe\/noticiero\/mundo\/polemica-a-bordo-de-avion-joven-se-niega-a-ceder-sus-asientos-a-2-ancianos-a-pesar-de-haber-pagado-por-espacio-adicional\/#primaryimage","url":"https:\/\/aeronoticias.com.pe\/noticiero\/wp-content\/uploads\/2023\/07\/asientosavion.jpg","contentUrl":"https:\/\/aeronoticias.com.pe\/noticiero\/wp-content\/uploads\/2023\/07\/asientosavion.jpg","width":300,"height":168},{"@type":"BreadcrumbList","@id":"https:\/\/aeronoticias.com.pe\/noticiero\/mundo\/polemica-a-bordo-de-avion-joven-se-niega-a-ceder-sus-asientos-a-2-ancianos-a-pesar-de-haber-pagado-por-espacio-adicional\/#breadcrumb","itemListElement":[{"@type":"ListItem","position":1,"name":"Portada","item":"https:\/\/aeronoticias.com.pe\/noticiero\/"},{"@type":"ListItem","position":2,"name":"Pol\u00e9mica a bordo de avi\u00f3n: Joven se niega a ceder sus asientos a 2 ancianos, a pesar de haber pagado por espacio adicional"}]},{"@type":"WebSite","@id":"https:\/\/aeronoticias.com.pe\/noticiero\/#website","url":"https:\/\/aeronoticias.com.pe\/noticiero\/","name":"Aeronoticias.com.pe","description":"Noticias de tranporte aereo, turismo, hoteles, gastronomia, actualidad, internacional","potentialAction":[{"@type":"SearchAction","target":{"@type":"EntryPoint","urlTemplate":"https:\/\/aeronoticias.com.pe\/noticiero\/?s={search_term_string}"},"query-input":{"@type":"PropertyValueSpecification","valueRequired":true,"valueName":"search_term_string"}}],"inLanguage":"es"},{"@type":"Person","@id":"https:\/\/aeronoticias.com.pe\/noticiero\/#\/schema\/person\/16212a617c73f78916b13194154243bd","name":"Redacci\u00f3n","sameAs":["http:\/\/Redacci\u00f3n"],"url":"https:\/\/aeronoticias.com.pe\/noticiero\/author\/celeste\/"}]}},"_links":{"self":[{"href":"https:\/\/aeronoticias.com.pe\/noticiero\/wp-json\/wp\/v2\/posts\/84664","targetHints":{"allow":["GET"]}}],"collection":[{"href":"https:\/\/aeronoticias.com.pe\/noticiero\/wp-json\/wp\/v2\/posts"}],"about":[{"href":"https:\/\/aeronoticias.com.pe\/noticiero\/wp-json\/wp\/v2\/types\/post"}],"author":[{"embeddable":true,"href":"https:\/\/aeronoticias.com.pe\/noticiero\/wp-json\/wp\/v2\/users\/3"}],"replies":[{"embeddable":true,"href":"https:\/\/aeronoticias.com.pe\/noticiero\/wp-json\/wp\/v2\/comments?post=84664"}],"version-history":[{"count":0,"href":"https:\/\/aeronoticias.com.pe\/noticiero\/wp-json\/wp\/v2\/posts\/84664\/revisions"}],"wp:featuredmedia":[{"embeddable":true,"href":"https:\/\/aeronoticias.com.pe\/noticiero\/wp-json\/wp\/v2\/media\/84671"}],"wp:attachment":[{"href":"https:\/\/aeronoticias.com.pe\/noticiero\/wp-json\/wp\/v2\/media?parent=84664"}],"wp:term":[{"taxonomy":"category","embeddable":true,"href":"https:\/\/aeronoticias.com.pe\/noticiero\/wp-json\/wp\/v2\/categories?post=84664"},{"taxonomy":"post_tag","embeddable":true,"href":"https:\/\/aeronoticias.com.pe\/noticiero\/wp-json\/wp\/v2\/tags?post=84664"}],"curies":[{"name":"wp","href":"https:\/\/api.w.org\/{rel}","templated":true}]}}