{"id":84708,"date":"2023-07-24T09:15:53","date_gmt":"2023-07-24T14:15:53","guid":{"rendered":"https:\/\/aeronoticias.com.pe\/noticiero\/?p=84708"},"modified":"2023-07-24T09:15:59","modified_gmt":"2023-07-24T14:15:59","slug":"vacaciones-de-invierno-aerolineas-argentinas-marca-un-nuevo-record-de-pasajeros-transportados","status":"publish","type":"post","link":"https:\/\/aeronoticias.com.pe\/noticiero\/transporte-aereo\/internacional\/vacaciones-de-invierno-aerolineas-argentinas-marca-un-nuevo-record-de-pasajeros-transportados\/","title":{"rendered":"Vacaciones de Invierno: Aerol\u00edneas Argentinas marca un nuevo r\u00e9cord de pasajeros transportados"},"content":{"rendered":"\n<p><strong>(Aeronoticias)<\/strong>: Buenos Aires, Argentina | En el marco de la\u00a0<strong>primera semana de las vacaciones de invierno<\/strong>, Aerol\u00edneas Argentinas alcanz\u00f3 este s\u00e1bado un\u00a0<strong>hito hist\u00f3rico al transportar a un total de 45.893 pasajeros en un solo d\u00eda<\/strong>, estableciendo as\u00ed un\u00a0<strong>nuevo r\u00e9cord para la compa\u00f1\u00eda durante la temporada invernal<\/strong>.<\/p>\n\n\n\n<p>De acuerdo a datos de la compa\u00f1\u00eda,&nbsp;<strong>esta cifra supera significativamente los 45.769 pasajeros que volaron el 9 de noviembre de 2018<\/strong>, cuando una medida de fuerza provoc\u00f3 la acumulaci\u00f3n de vuelos y pasajeros de dos d\u00edas de operaci\u00f3n.<\/p>\n\n\n\n<h3 class=\"wp-block-heading\"><a href=\"https:\/\/www.hangarx.com.ar\/2023\/07\/aerolineas-argentinas-suma-una-nueva-ruta-sin-pasar-por-buenos-aires-07-2023\/\" target=\"_blank\" rel=\"noreferrer noopener\"><strong>Aerol\u00edneas Argentinas suma una nueva ruta sin pasar por Buenos Aires<\/strong><\/a><\/h3>\n\n\n\n<p><strong><em>\u00abAerol\u00edneas Argentinas se encuentra en un momento de crecimiento sostenido, y para el periodo que abarca del 13 al 31 de julio, se proyecta que transportar\u00e1, en promedio, m\u00e1s de 42.000 pasajeros cada d\u00eda, totalizando aproximadamente 800.000 viajeros durante estas dos semanas de vacaciones de invierno. De esta manera, se espera superar ampliamente lo alcanzado en julio de 2019\u00bb<\/em><\/strong>, detallaron desde la compa\u00f1\u00eda.<\/p>\n\n\n\n<p>Por parte, Pablo Ceriani, presidente de Aerol\u00edneas Argentinas, atribuye este \u00e9xito a un arduo trabajo enfocado en la expansi\u00f3n de la red y la mejora de la oferta de vuelos.<\/p>\n\n\n\n<p><strong><em>\u00abHoy tenemos una l\u00ednea a\u00e9rea que vuela m\u00e1s, mejor y de manera m\u00e1s eficiente. Esto se ve reflejado en los n\u00fameros de pasajeros, la cantidad de frecuencias y destinos, as\u00ed como en los resultados econ\u00f3micos y financieros\u00bb<\/em><\/strong>, explic\u00f3 Ceriani.<\/p>\n\n\n\n<p>Para satisfacer la alta demanda durante las vacaciones de invierno, la empresa ha dispuesto una&nbsp;<strong>oferta ampliada con hasta un 16% m\u00e1s de asientos disponibles en comparaci\u00f3n con el a\u00f1o 2019<\/strong>. Adem\u00e1s, se llevar\u00e1n a cabo&nbsp;<strong>m\u00e1s de 320 despegues en promedio cada d\u00eda<\/strong>.<\/p>\n\n\n\n<p>Entre los destinos m\u00e1s elegidos por los pasajeros para disfrutar de la temporada invernal se encuentran:&nbsp;<strong>Bariloche, C\u00f3rdoba, Mendoza, Ushuaia, Iguaz\u00fa, Salta, San Pablo, Neuqu\u00e9n, Tucum\u00e1n y Comodoro Rivadavia<\/strong>. Tambi\u00e9n destacan destinos como&nbsp;<strong>El Calafate, Mar del Plata, San Mart\u00edn de Los Andes y Santiago de Chile<\/strong>.<\/p>\n\n\n\n<p>La apuesta de Aerol\u00edneas Argentinas por el crecimiento y la mejora de sus servicios ha permitido que la compa\u00f1\u00eda se posicione como\u00a0<strong>una opci\u00f3n preferente para quienes buscan disfrutar de las vacaciones de invierno<\/strong>.<\/p>\n\n\n\n<p><strong><em>\u00abEl r\u00e9cord establecido en el transporte de pasajeros durante este per\u00edodo resalta el impacto positivo de estas estrategias y consolida a la aerol\u00ednea como un referente en la industria a\u00e9rea de la regi\u00f3n\u00bb<\/em><\/strong>, agregaron desde Aerol\u00edneas Argentinas en un comunicado.<\/p>\n\n\n\n<p><strong>Fuente: hangarx.com.ar<\/strong><\/p>\n","protected":false},"excerpt":{"rendered":"<p>(Aeronoticias): Buenos Aires, Argentina | En el marco de la\u00a0primera semana de las vacaciones de invierno, Aerol\u00edneas Argentinas alcanz\u00f3 este s\u00e1bado un\u00a0hito hist\u00f3rico al transportar a un total de 45.893 pasajeros en un solo d\u00eda, estableciendo as\u00ed un\u00a0nuevo r\u00e9cord para la compa\u00f1\u00eda durante la temporada invernal. De acuerdo a datos de la compa\u00f1\u00eda,&nbsp;esta cifra supera [&hellip;]<\/p>\n","protected":false},"author":3,"featured_media":84709,"comment_status":"open","ping_status":"open","sticky":false,"template":"","format":"standard","meta":{"tdm_status":"","tdm_grid_status":"","footnotes":""},"categories":[32,34],"tags":[340,2446,3282],"class_list":{"0":"post-84708","1":"post","2":"type-post","3":"status-publish","4":"format-standard","5":"has-post-thumbnail","7":"category-internacional","8":"category-internacionales","9":"tag-aerolineas-argentinas","10":"tag-industria-aerea-2","11":"tag-vacaciones-de-invierno"},"yoast_head":"<!-- This site is optimized with the Yoast SEO plugin v25.1 - https:\/\/yoast.com\/wordpress\/plugins\/seo\/ -->\n<title>Vacaciones de Invierno: Aerol\u00edneas Argentinas marca un nuevo r\u00e9cord de pasajeros transportados<\/title>\n<meta name=\"description\" content=\"Portal de noticias del Per\u00fa sobre el transporte a\u00e9reo, aviaci\u00f3n, turismo, hoteleria, actualidad.\" \/>\n<meta name=\"robots\" content=\"index, follow, max-snippet:-1, max-image-preview:large, max-video-preview:-1\" \/>\n<link rel=\"canonical\" href=\"https:\/\/aeronoticias.com.pe\/noticiero\/transporte-aereo\/internacional\/vacaciones-de-invierno-aerolineas-argentinas-marca-un-nuevo-record-de-pasajeros-transportados\/\" \/>\n<meta property=\"og:locale\" content=\"es_ES\" \/>\n<meta property=\"og:type\" content=\"article\" \/>\n<meta property=\"og:title\" content=\"Vacaciones de Invierno: Aerol\u00edneas Argentinas marca un nuevo r\u00e9cord de pasajeros transportados\" \/>\n<meta property=\"og:description\" content=\"Portal de noticias del Per\u00fa sobre el transporte a\u00e9reo, aviaci\u00f3n, turismo, hoteleria, actualidad.\" \/>\n<meta property=\"og:url\" content=\"https:\/\/aeronoticias.com.pe\/noticiero\/transporte-aereo\/internacional\/vacaciones-de-invierno-aerolineas-argentinas-marca-un-nuevo-record-de-pasajeros-transportados\/\" \/>\n<meta property=\"og:site_name\" content=\"Aeronoticias.com.pe\" \/>\n<meta property=\"article:publisher\" content=\"https:\/\/www.facebook.com\/Aeronoticias.com.pe\/\" \/>\n<meta property=\"article:published_time\" content=\"2023-07-24T14:15:53+00:00\" \/>\n<meta property=\"article:modified_time\" content=\"2023-07-24T14:15:59+00:00\" \/>\n<meta property=\"og:image\" content=\"https:\/\/aeronoticias.com.pe\/noticiero\/wp-content\/uploads\/2023\/07\/argen.jpg\" \/>\n\t<meta property=\"og:image:width\" content=\"1024\" \/>\n\t<meta property=\"og:image:height\" content=\"575\" \/>\n\t<meta property=\"og:image:type\" content=\"image\/jpeg\" \/>\n<meta name=\"author\" content=\"Redacci\u00f3n\" \/>\n<meta name=\"twitter:card\" content=\"summary_large_image\" \/>\n<meta name=\"twitter:creator\" content=\"@aeronoticias\" \/>\n<meta name=\"twitter:site\" content=\"@aeronoticias\" \/>\n<meta name=\"twitter:label1\" content=\"Escrito por\" \/>\n\t<meta name=\"twitter:data1\" content=\"Redacci\u00f3n\" \/>\n\t<meta name=\"twitter:label2\" content=\"Tiempo de lectura\" \/>\n\t<meta name=\"twitter:data2\" content=\"2 minutos\" \/>\n<script type=\"application\/ld+json\" class=\"yoast-schema-graph\">{\"@context\":\"https:\/\/schema.org\",\"@graph\":[{\"@type\":\"WebPage\",\"@id\":\"https:\/\/aeronoticias.com.pe\/noticiero\/transporte-aereo\/internacional\/vacaciones-de-invierno-aerolineas-argentinas-marca-un-nuevo-record-de-pasajeros-transportados\/\",\"url\":\"https:\/\/aeronoticias.com.pe\/noticiero\/transporte-aereo\/internacional\/vacaciones-de-invierno-aerolineas-argentinas-marca-un-nuevo-record-de-pasajeros-transportados\/\",\"name\":\"Vacaciones de Invierno: Aerol\u00edneas Argentinas marca un nuevo r\u00e9cord de pasajeros transportados\",\"isPartOf\":{\"@id\":\"https:\/\/aeronoticias.com.pe\/noticiero\/#website\"},\"primaryImageOfPage\":{\"@id\":\"https:\/\/aeronoticias.com.pe\/noticiero\/transporte-aereo\/internacional\/vacaciones-de-invierno-aerolineas-argentinas-marca-un-nuevo-record-de-pasajeros-transportados\/#primaryimage\"},\"image\":{\"@id\":\"https:\/\/aeronoticias.com.pe\/noticiero\/transporte-aereo\/internacional\/vacaciones-de-invierno-aerolineas-argentinas-marca-un-nuevo-record-de-pasajeros-transportados\/#primaryimage\"},\"thumbnailUrl\":\"https:\/\/aeronoticias.com.pe\/noticiero\/wp-content\/uploads\/2023\/07\/argen.jpg\",\"datePublished\":\"2023-07-24T14:15:53+00:00\",\"dateModified\":\"2023-07-24T14:15:59+00:00\",\"author\":{\"@id\":\"https:\/\/aeronoticias.com.pe\/noticiero\/#\/schema\/person\/16212a617c73f78916b13194154243bd\"},\"description\":\"Portal de noticias del Per\u00fa sobre el transporte a\u00e9reo, aviaci\u00f3n, turismo, hoteleria, actualidad.\",\"breadcrumb\":{\"@id\":\"https:\/\/aeronoticias.com.pe\/noticiero\/transporte-aereo\/internacional\/vacaciones-de-invierno-aerolineas-argentinas-marca-un-nuevo-record-de-pasajeros-transportados\/#breadcrumb\"},\"inLanguage\":\"es\",\"potentialAction\":[{\"@type\":\"ReadAction\",\"target\":[\"https:\/\/aeronoticias.com.pe\/noticiero\/transporte-aereo\/internacional\/vacaciones-de-invierno-aerolineas-argentinas-marca-un-nuevo-record-de-pasajeros-transportados\/\"]}]},{\"@type\":\"ImageObject\",\"inLanguage\":\"es\",\"@id\":\"https:\/\/aeronoticias.com.pe\/noticiero\/transporte-aereo\/internacional\/vacaciones-de-invierno-aerolineas-argentinas-marca-un-nuevo-record-de-pasajeros-transportados\/#primaryimage\",\"url\":\"https:\/\/aeronoticias.com.pe\/noticiero\/wp-content\/uploads\/2023\/07\/argen.jpg\",\"contentUrl\":\"https:\/\/aeronoticias.com.pe\/noticiero\/wp-content\/uploads\/2023\/07\/argen.jpg\",\"width\":1024,\"height\":575},{\"@type\":\"BreadcrumbList\",\"@id\":\"https:\/\/aeronoticias.com.pe\/noticiero\/transporte-aereo\/internacional\/vacaciones-de-invierno-aerolineas-argentinas-marca-un-nuevo-record-de-pasajeros-transportados\/#breadcrumb\",\"itemListElement\":[{\"@type\":\"ListItem\",\"position\":1,\"name\":\"Portada\",\"item\":\"https:\/\/aeronoticias.com.pe\/noticiero\/\"},{\"@type\":\"ListItem\",\"position\":2,\"name\":\"Vacaciones de Invierno: Aerol\u00edneas Argentinas marca un nuevo r\u00e9cord de pasajeros transportados\"}]},{\"@type\":\"WebSite\",\"@id\":\"https:\/\/aeronoticias.com.pe\/noticiero\/#website\",\"url\":\"https:\/\/aeronoticias.com.pe\/noticiero\/\",\"name\":\"Aeronoticias.com.pe\",\"description\":\"Noticias de tranporte aereo, turismo, hoteles, gastronomia, actualidad, internacional\",\"potentialAction\":[{\"@type\":\"SearchAction\",\"target\":{\"@type\":\"EntryPoint\",\"urlTemplate\":\"https:\/\/aeronoticias.com.pe\/noticiero\/?s={search_term_string}\"},\"query-input\":{\"@type\":\"PropertyValueSpecification\",\"valueRequired\":true,\"valueName\":\"search_term_string\"}}],\"inLanguage\":\"es\"},{\"@type\":\"Person\",\"@id\":\"https:\/\/aeronoticias.com.pe\/noticiero\/#\/schema\/person\/16212a617c73f78916b13194154243bd\",\"name\":\"Redacci\u00f3n\",\"sameAs\":[\"http:\/\/Redacci\u00f3n\"],\"url\":\"https:\/\/aeronoticias.com.pe\/noticiero\/author\/celeste\/\"}]}<\/script>\n<!-- \/ Yoast SEO plugin. -->","yoast_head_json":{"title":"Vacaciones de Invierno: Aerol\u00edneas Argentinas marca un nuevo r\u00e9cord de pasajeros transportados","description":"Portal de noticias del Per\u00fa sobre el transporte a\u00e9reo, aviaci\u00f3n, turismo, hoteleria, actualidad.","robots":{"index":"index","follow":"follow","max-snippet":"max-snippet:-1","max-image-preview":"max-image-preview:large","max-video-preview":"max-video-preview:-1"},"canonical":"https:\/\/aeronoticias.com.pe\/noticiero\/transporte-aereo\/internacional\/vacaciones-de-invierno-aerolineas-argentinas-marca-un-nuevo-record-de-pasajeros-transportados\/","og_locale":"es_ES","og_type":"article","og_title":"Vacaciones de Invierno: Aerol\u00edneas Argentinas marca un nuevo r\u00e9cord de pasajeros transportados","og_description":"Portal de noticias del Per\u00fa sobre el transporte a\u00e9reo, aviaci\u00f3n, turismo, hoteleria, actualidad.","og_url":"https:\/\/aeronoticias.com.pe\/noticiero\/transporte-aereo\/internacional\/vacaciones-de-invierno-aerolineas-argentinas-marca-un-nuevo-record-de-pasajeros-transportados\/","og_site_name":"Aeronoticias.com.pe","article_publisher":"https:\/\/www.facebook.com\/Aeronoticias.com.pe\/","article_published_time":"2023-07-24T14:15:53+00:00","article_modified_time":"2023-07-24T14:15:59+00:00","og_image":[{"width":1024,"height":575,"url":"https:\/\/aeronoticias.com.pe\/noticiero\/wp-content\/uploads\/2023\/07\/argen.jpg","type":"image\/jpeg"}],"author":"Redacci\u00f3n","twitter_card":"summary_large_image","twitter_creator":"@aeronoticias","twitter_site":"@aeronoticias","twitter_misc":{"Escrito por":"Redacci\u00f3n","Tiempo de lectura":"2 minutos"},"schema":{"@context":"https:\/\/schema.org","@graph":[{"@type":"WebPage","@id":"https:\/\/aeronoticias.com.pe\/noticiero\/transporte-aereo\/internacional\/vacaciones-de-invierno-aerolineas-argentinas-marca-un-nuevo-record-de-pasajeros-transportados\/","url":"https:\/\/aeronoticias.com.pe\/noticiero\/transporte-aereo\/internacional\/vacaciones-de-invierno-aerolineas-argentinas-marca-un-nuevo-record-de-pasajeros-transportados\/","name":"Vacaciones de Invierno: Aerol\u00edneas Argentinas marca un nuevo r\u00e9cord de pasajeros transportados","isPartOf":{"@id":"https:\/\/aeronoticias.com.pe\/noticiero\/#website"},"primaryImageOfPage":{"@id":"https:\/\/aeronoticias.com.pe\/noticiero\/transporte-aereo\/internacional\/vacaciones-de-invierno-aerolineas-argentinas-marca-un-nuevo-record-de-pasajeros-transportados\/#primaryimage"},"image":{"@id":"https:\/\/aeronoticias.com.pe\/noticiero\/transporte-aereo\/internacional\/vacaciones-de-invierno-aerolineas-argentinas-marca-un-nuevo-record-de-pasajeros-transportados\/#primaryimage"},"thumbnailUrl":"https:\/\/aeronoticias.com.pe\/noticiero\/wp-content\/uploads\/2023\/07\/argen.jpg","datePublished":"2023-07-24T14:15:53+00:00","dateModified":"2023-07-24T14:15:59+00:00","author":{"@id":"https:\/\/aeronoticias.com.pe\/noticiero\/#\/schema\/person\/16212a617c73f78916b13194154243bd"},"description":"Portal de noticias del Per\u00fa sobre el transporte a\u00e9reo, aviaci\u00f3n, turismo, hoteleria, actualidad.","breadcrumb":{"@id":"https:\/\/aeronoticias.com.pe\/noticiero\/transporte-aereo\/internacional\/vacaciones-de-invierno-aerolineas-argentinas-marca-un-nuevo-record-de-pasajeros-transportados\/#breadcrumb"},"inLanguage":"es","potentialAction":[{"@type":"ReadAction","target":["https:\/\/aeronoticias.com.pe\/noticiero\/transporte-aereo\/internacional\/vacaciones-de-invierno-aerolineas-argentinas-marca-un-nuevo-record-de-pasajeros-transportados\/"]}]},{"@type":"ImageObject","inLanguage":"es","@id":"https:\/\/aeronoticias.com.pe\/noticiero\/transporte-aereo\/internacional\/vacaciones-de-invierno-aerolineas-argentinas-marca-un-nuevo-record-de-pasajeros-transportados\/#primaryimage","url":"https:\/\/aeronoticias.com.pe\/noticiero\/wp-content\/uploads\/2023\/07\/argen.jpg","contentUrl":"https:\/\/aeronoticias.com.pe\/noticiero\/wp-content\/uploads\/2023\/07\/argen.jpg","width":1024,"height":575},{"@type":"BreadcrumbList","@id":"https:\/\/aeronoticias.com.pe\/noticiero\/transporte-aereo\/internacional\/vacaciones-de-invierno-aerolineas-argentinas-marca-un-nuevo-record-de-pasajeros-transportados\/#breadcrumb","itemListElement":[{"@type":"ListItem","position":1,"name":"Portada","item":"https:\/\/aeronoticias.com.pe\/noticiero\/"},{"@type":"ListItem","position":2,"name":"Vacaciones de Invierno: Aerol\u00edneas Argentinas marca un nuevo r\u00e9cord de pasajeros transportados"}]},{"@type":"WebSite","@id":"https:\/\/aeronoticias.com.pe\/noticiero\/#website","url":"https:\/\/aeronoticias.com.pe\/noticiero\/","name":"Aeronoticias.com.pe","description":"Noticias de tranporte aereo, turismo, hoteles, gastronomia, actualidad, internacional","potentialAction":[{"@type":"SearchAction","target":{"@type":"EntryPoint","urlTemplate":"https:\/\/aeronoticias.com.pe\/noticiero\/?s={search_term_string}"},"query-input":{"@type":"PropertyValueSpecification","valueRequired":true,"valueName":"search_term_string"}}],"inLanguage":"es"},{"@type":"Person","@id":"https:\/\/aeronoticias.com.pe\/noticiero\/#\/schema\/person\/16212a617c73f78916b13194154243bd","name":"Redacci\u00f3n","sameAs":["http:\/\/Redacci\u00f3n"],"url":"https:\/\/aeronoticias.com.pe\/noticiero\/author\/celeste\/"}]}},"_links":{"self":[{"href":"https:\/\/aeronoticias.com.pe\/noticiero\/wp-json\/wp\/v2\/posts\/84708","targetHints":{"allow":["GET"]}}],"collection":[{"href":"https:\/\/aeronoticias.com.pe\/noticiero\/wp-json\/wp\/v2\/posts"}],"about":[{"href":"https:\/\/aeronoticias.com.pe\/noticiero\/wp-json\/wp\/v2\/types\/post"}],"author":[{"embeddable":true,"href":"https:\/\/aeronoticias.com.pe\/noticiero\/wp-json\/wp\/v2\/users\/3"}],"replies":[{"embeddable":true,"href":"https:\/\/aeronoticias.com.pe\/noticiero\/wp-json\/wp\/v2\/comments?post=84708"}],"version-history":[{"count":0,"href":"https:\/\/aeronoticias.com.pe\/noticiero\/wp-json\/wp\/v2\/posts\/84708\/revisions"}],"wp:featuredmedia":[{"embeddable":true,"href":"https:\/\/aeronoticias.com.pe\/noticiero\/wp-json\/wp\/v2\/media\/84709"}],"wp:attachment":[{"href":"https:\/\/aeronoticias.com.pe\/noticiero\/wp-json\/wp\/v2\/media?parent=84708"}],"wp:term":[{"taxonomy":"category","embeddable":true,"href":"https:\/\/aeronoticias.com.pe\/noticiero\/wp-json\/wp\/v2\/categories?post=84708"},{"taxonomy":"post_tag","embeddable":true,"href":"https:\/\/aeronoticias.com.pe\/noticiero\/wp-json\/wp\/v2\/tags?post=84708"}],"curies":[{"name":"wp","href":"https:\/\/api.w.org\/{rel}","templated":true}]}}