{"id":84720,"date":"2023-07-24T14:57:33","date_gmt":"2023-07-24T19:57:33","guid":{"rendered":"https:\/\/aeronoticias.com.pe\/noticiero\/?p=84720"},"modified":"2023-07-24T14:57:40","modified_gmt":"2023-07-24T19:57:40","slug":"aeropuerto-de-santiago-alista-nuevas-rutas-y-frecuencias-internacionales-para-el-segundo-semestre","status":"publish","type":"post","link":"https:\/\/aeronoticias.com.pe\/noticiero\/ultimas\/1\/aeropuerto-de-santiago-alista-nuevas-rutas-y-frecuencias-internacionales-para-el-segundo-semestre\/","title":{"rendered":"Aeropuerto de Santiago alista nuevas rutas y frecuencias internacionales para el segundo semestre"},"content":{"rendered":"\n<p><strong>(Aeronoticias)<\/strong>: Un refuerzo general de la oferta de vuelos internacionales se desplegar\u00e1 en el Aeropuerto Arturo Merino Ben\u00edtez de Santiago, operado por Nuevo Pudahuel, durante el segundo semestre de este a\u00f1o.<\/p>\n\n\n\n<p>A la incorporaci\u00f3n de Estelar, que ofrece dos vuelos directos cada semana entre Santiago y Caracas, a partir del 29 de octubre se sumar\u00e1 una nueva l\u00ednea a\u00e9rea, la dominicana Arajet, que traer\u00e1 su modelo de bajos precios con una ruta directa entre Santiago y Santo Domingo.<\/p>\n\n\n\n<p><strong>M\u00e1s frecuencias<\/strong><\/p>\n\n\n\n<p>Adem\u00e1s de esta nueva l\u00ednea a\u00e9rea, el segundo semestre traer\u00e1 otras novedades en conectividad internacional: LATAM retomar\u00e1 su vuelo directo entre Santiago y Melbourne (Australia) desde el 1 de septiembre, y tambi\u00e9n abrir\u00e1 una nueva ruta directa entre Santiago y Belo Horizonte (Brasil) desde el 1 de noviembre.<\/p>\n\n\n\n<p>Asimismo, Aerom\u00e9xico ha previsto reiniciar sus operaciones entre Santiago y Ciudad de M\u00e9xico desde el 29 de octubre.<\/p>\n\n\n\n<p>Tambi\u00e9n en la segunda mitad de 2023 se observar\u00e1n refuerzos en la frecuencia de vuelos: Espa\u00f1a reforzar\u00e1 su posici\u00f3n como puerta de entrada a Europa, tanto con el aumento anunciado por Iberia y LATAM de 7 a 10 vuelos semanales entre Santiago y Madrid; como con las cinco frecuencias con las que operar\u00e1 LEVEL a Barcelona, desde noviembre.<\/p>\n\n\n\n<p>Adem\u00e1s, a partir de octubre, American Airlines ha programado incrementar de tres a siete sus frecuencias semanales entre Santiago y Dallas.<\/p>\n\n\n\n<p>Hacia diciembre, tambi\u00e9n habr\u00e1 aumentos de frecuencias de Air Canada, que pasar\u00e1 de cuatro a cinco con su vuelo directo Santiago-Toronto; y de Qantas que incrementar\u00e1 de cuatro a siete frecuencias en su ruta Santiago-S\u00eddney.<\/p>\n\n\n\n<p>Con esta oferta internacional reforzada, el Aeropuerto de Santiago proyecta avanzar en el proceso de recuperaci\u00f3n de pasajeros: durante el primer semestre cerr\u00f3 con 11.133.883 pasajeros transportados, de acuerdo a los reportes de tr\u00e1fico informados por los accionistas Groupe ADP y VINCI Airports, tanto en el Terminal Nacional (T1) como en el Internacional (T2). Esta cifra representa 27% m\u00e1s que en el mismo periodo de 2022.<\/p>\n\n\n\n<p>A partir de ese ritmo de recuperaci\u00f3n, Nuevo Pudahuel espera completar este a\u00f1o con m\u00e1s de 20 millones de viajeros, lo que permitir\u00e1 acercar la cifra a los 25 millones anuales que se registraron en 2019, previo a la pandemia.<\/p>\n\n\n\n<p><strong>Fuente: aerolatinnews.com<\/strong><\/p>\n","protected":false},"excerpt":{"rendered":"<p>(Aeronoticias): Un refuerzo general de la oferta de vuelos internacionales se desplegar\u00e1 en el Aeropuerto Arturo Merino Ben\u00edtez de Santiago, operado por Nuevo Pudahuel, durante el segundo semestre de este a\u00f1o. A la incorporaci\u00f3n de Estelar, que ofrece dos vuelos directos cada semana entre Santiago y Caracas, a partir del 29 de octubre se sumar\u00e1 [&hellip;]<\/p>\n","protected":false},"author":3,"featured_media":84721,"comment_status":"open","ping_status":"open","sticky":false,"template":"","format":"standard","meta":{"tdm_status":"","tdm_grid_status":"","footnotes":""},"categories":[30,8],"tags":[1833,3288],"class_list":{"0":"post-84720","1":"post","2":"type-post","3":"status-publish","4":"format-standard","5":"has-post-thumbnail","7":"category-30","8":"category-ultimas","9":"tag-adp","10":"tag-aeropuerto-arturo-merino-benitez-de-santiago"},"yoast_head":"<!-- This site is optimized with the Yoast SEO plugin v25.1 - https:\/\/yoast.com\/wordpress\/plugins\/seo\/ -->\n<title>Aeropuerto de Santiago alista nuevas rutas y frecuencias internacionales para el segundo semestre<\/title>\n<meta name=\"description\" content=\"Portal de noticias del Per\u00fa sobre el transporte a\u00e9reo, aviaci\u00f3n, turismo, hoteleria, actualidad.\" \/>\n<meta name=\"robots\" content=\"index, follow, max-snippet:-1, max-image-preview:large, max-video-preview:-1\" \/>\n<link rel=\"canonical\" href=\"https:\/\/aeronoticias.com.pe\/noticiero\/ultimas\/1\/aeropuerto-de-santiago-alista-nuevas-rutas-y-frecuencias-internacionales-para-el-segundo-semestre\/\" \/>\n<meta property=\"og:locale\" content=\"es_ES\" \/>\n<meta property=\"og:type\" content=\"article\" \/>\n<meta property=\"og:title\" content=\"Aeropuerto de Santiago alista nuevas rutas y frecuencias internacionales para el segundo semestre\" \/>\n<meta property=\"og:description\" content=\"Portal de noticias del Per\u00fa sobre el transporte a\u00e9reo, aviaci\u00f3n, turismo, hoteleria, actualidad.\" \/>\n<meta property=\"og:url\" content=\"https:\/\/aeronoticias.com.pe\/noticiero\/ultimas\/1\/aeropuerto-de-santiago-alista-nuevas-rutas-y-frecuencias-internacionales-para-el-segundo-semestre\/\" \/>\n<meta property=\"og:site_name\" content=\"Aeronoticias.com.pe\" \/>\n<meta property=\"article:publisher\" content=\"https:\/\/www.facebook.com\/Aeronoticias.com.pe\/\" \/>\n<meta property=\"article:published_time\" content=\"2023-07-24T19:57:33+00:00\" \/>\n<meta property=\"article:modified_time\" content=\"2023-07-24T19:57:40+00:00\" \/>\n<meta property=\"og:image\" content=\"https:\/\/aeronoticias.com.pe\/noticiero\/wp-content\/uploads\/2023\/07\/ae7.jpg\" \/>\n\t<meta property=\"og:image:width\" content=\"741\" \/>\n\t<meta property=\"og:image:height\" content=\"524\" \/>\n\t<meta property=\"og:image:type\" content=\"image\/jpeg\" \/>\n<meta name=\"author\" content=\"Redacci\u00f3n\" \/>\n<meta name=\"twitter:card\" content=\"summary_large_image\" \/>\n<meta name=\"twitter:creator\" content=\"@aeronoticias\" \/>\n<meta name=\"twitter:site\" content=\"@aeronoticias\" \/>\n<meta name=\"twitter:label1\" content=\"Escrito por\" \/>\n\t<meta name=\"twitter:data1\" content=\"Redacci\u00f3n\" \/>\n\t<meta name=\"twitter:label2\" content=\"Tiempo de lectura\" \/>\n\t<meta name=\"twitter:data2\" content=\"2 minutos\" \/>\n<script type=\"application\/ld+json\" class=\"yoast-schema-graph\">{\"@context\":\"https:\/\/schema.org\",\"@graph\":[{\"@type\":\"WebPage\",\"@id\":\"https:\/\/aeronoticias.com.pe\/noticiero\/ultimas\/1\/aeropuerto-de-santiago-alista-nuevas-rutas-y-frecuencias-internacionales-para-el-segundo-semestre\/\",\"url\":\"https:\/\/aeronoticias.com.pe\/noticiero\/ultimas\/1\/aeropuerto-de-santiago-alista-nuevas-rutas-y-frecuencias-internacionales-para-el-segundo-semestre\/\",\"name\":\"Aeropuerto de Santiago alista nuevas rutas y frecuencias internacionales para el segundo semestre\",\"isPartOf\":{\"@id\":\"https:\/\/aeronoticias.com.pe\/noticiero\/#website\"},\"primaryImageOfPage\":{\"@id\":\"https:\/\/aeronoticias.com.pe\/noticiero\/ultimas\/1\/aeropuerto-de-santiago-alista-nuevas-rutas-y-frecuencias-internacionales-para-el-segundo-semestre\/#primaryimage\"},\"image\":{\"@id\":\"https:\/\/aeronoticias.com.pe\/noticiero\/ultimas\/1\/aeropuerto-de-santiago-alista-nuevas-rutas-y-frecuencias-internacionales-para-el-segundo-semestre\/#primaryimage\"},\"thumbnailUrl\":\"https:\/\/aeronoticias.com.pe\/noticiero\/wp-content\/uploads\/2023\/07\/ae7.jpg\",\"datePublished\":\"2023-07-24T19:57:33+00:00\",\"dateModified\":\"2023-07-24T19:57:40+00:00\",\"author\":{\"@id\":\"https:\/\/aeronoticias.com.pe\/noticiero\/#\/schema\/person\/16212a617c73f78916b13194154243bd\"},\"description\":\"Portal de noticias del Per\u00fa sobre el transporte a\u00e9reo, aviaci\u00f3n, turismo, hoteleria, actualidad.\",\"breadcrumb\":{\"@id\":\"https:\/\/aeronoticias.com.pe\/noticiero\/ultimas\/1\/aeropuerto-de-santiago-alista-nuevas-rutas-y-frecuencias-internacionales-para-el-segundo-semestre\/#breadcrumb\"},\"inLanguage\":\"es\",\"potentialAction\":[{\"@type\":\"ReadAction\",\"target\":[\"https:\/\/aeronoticias.com.pe\/noticiero\/ultimas\/1\/aeropuerto-de-santiago-alista-nuevas-rutas-y-frecuencias-internacionales-para-el-segundo-semestre\/\"]}]},{\"@type\":\"ImageObject\",\"inLanguage\":\"es\",\"@id\":\"https:\/\/aeronoticias.com.pe\/noticiero\/ultimas\/1\/aeropuerto-de-santiago-alista-nuevas-rutas-y-frecuencias-internacionales-para-el-segundo-semestre\/#primaryimage\",\"url\":\"https:\/\/aeronoticias.com.pe\/noticiero\/wp-content\/uploads\/2023\/07\/ae7.jpg\",\"contentUrl\":\"https:\/\/aeronoticias.com.pe\/noticiero\/wp-content\/uploads\/2023\/07\/ae7.jpg\",\"width\":741,\"height\":524},{\"@type\":\"BreadcrumbList\",\"@id\":\"https:\/\/aeronoticias.com.pe\/noticiero\/ultimas\/1\/aeropuerto-de-santiago-alista-nuevas-rutas-y-frecuencias-internacionales-para-el-segundo-semestre\/#breadcrumb\",\"itemListElement\":[{\"@type\":\"ListItem\",\"position\":1,\"name\":\"Portada\",\"item\":\"https:\/\/aeronoticias.com.pe\/noticiero\/\"},{\"@type\":\"ListItem\",\"position\":2,\"name\":\"Aeropuerto de Santiago alista nuevas rutas y frecuencias internacionales para el segundo semestre\"}]},{\"@type\":\"WebSite\",\"@id\":\"https:\/\/aeronoticias.com.pe\/noticiero\/#website\",\"url\":\"https:\/\/aeronoticias.com.pe\/noticiero\/\",\"name\":\"Aeronoticias.com.pe\",\"description\":\"Noticias de tranporte aereo, turismo, hoteles, gastronomia, actualidad, internacional\",\"potentialAction\":[{\"@type\":\"SearchAction\",\"target\":{\"@type\":\"EntryPoint\",\"urlTemplate\":\"https:\/\/aeronoticias.com.pe\/noticiero\/?s={search_term_string}\"},\"query-input\":{\"@type\":\"PropertyValueSpecification\",\"valueRequired\":true,\"valueName\":\"search_term_string\"}}],\"inLanguage\":\"es\"},{\"@type\":\"Person\",\"@id\":\"https:\/\/aeronoticias.com.pe\/noticiero\/#\/schema\/person\/16212a617c73f78916b13194154243bd\",\"name\":\"Redacci\u00f3n\",\"sameAs\":[\"http:\/\/Redacci\u00f3n\"],\"url\":\"https:\/\/aeronoticias.com.pe\/noticiero\/author\/celeste\/\"}]}<\/script>\n<!-- \/ Yoast SEO plugin. -->","yoast_head_json":{"title":"Aeropuerto de Santiago alista nuevas rutas y frecuencias internacionales para el segundo semestre","description":"Portal de noticias del Per\u00fa sobre el transporte a\u00e9reo, aviaci\u00f3n, turismo, hoteleria, actualidad.","robots":{"index":"index","follow":"follow","max-snippet":"max-snippet:-1","max-image-preview":"max-image-preview:large","max-video-preview":"max-video-preview:-1"},"canonical":"https:\/\/aeronoticias.com.pe\/noticiero\/ultimas\/1\/aeropuerto-de-santiago-alista-nuevas-rutas-y-frecuencias-internacionales-para-el-segundo-semestre\/","og_locale":"es_ES","og_type":"article","og_title":"Aeropuerto de Santiago alista nuevas rutas y frecuencias internacionales para el segundo semestre","og_description":"Portal de noticias del Per\u00fa sobre el transporte a\u00e9reo, aviaci\u00f3n, turismo, hoteleria, actualidad.","og_url":"https:\/\/aeronoticias.com.pe\/noticiero\/ultimas\/1\/aeropuerto-de-santiago-alista-nuevas-rutas-y-frecuencias-internacionales-para-el-segundo-semestre\/","og_site_name":"Aeronoticias.com.pe","article_publisher":"https:\/\/www.facebook.com\/Aeronoticias.com.pe\/","article_published_time":"2023-07-24T19:57:33+00:00","article_modified_time":"2023-07-24T19:57:40+00:00","og_image":[{"width":741,"height":524,"url":"https:\/\/aeronoticias.com.pe\/noticiero\/wp-content\/uploads\/2023\/07\/ae7.jpg","type":"image\/jpeg"}],"author":"Redacci\u00f3n","twitter_card":"summary_large_image","twitter_creator":"@aeronoticias","twitter_site":"@aeronoticias","twitter_misc":{"Escrito por":"Redacci\u00f3n","Tiempo de lectura":"2 minutos"},"schema":{"@context":"https:\/\/schema.org","@graph":[{"@type":"WebPage","@id":"https:\/\/aeronoticias.com.pe\/noticiero\/ultimas\/1\/aeropuerto-de-santiago-alista-nuevas-rutas-y-frecuencias-internacionales-para-el-segundo-semestre\/","url":"https:\/\/aeronoticias.com.pe\/noticiero\/ultimas\/1\/aeropuerto-de-santiago-alista-nuevas-rutas-y-frecuencias-internacionales-para-el-segundo-semestre\/","name":"Aeropuerto de Santiago alista nuevas rutas y frecuencias internacionales para el segundo semestre","isPartOf":{"@id":"https:\/\/aeronoticias.com.pe\/noticiero\/#website"},"primaryImageOfPage":{"@id":"https:\/\/aeronoticias.com.pe\/noticiero\/ultimas\/1\/aeropuerto-de-santiago-alista-nuevas-rutas-y-frecuencias-internacionales-para-el-segundo-semestre\/#primaryimage"},"image":{"@id":"https:\/\/aeronoticias.com.pe\/noticiero\/ultimas\/1\/aeropuerto-de-santiago-alista-nuevas-rutas-y-frecuencias-internacionales-para-el-segundo-semestre\/#primaryimage"},"thumbnailUrl":"https:\/\/aeronoticias.com.pe\/noticiero\/wp-content\/uploads\/2023\/07\/ae7.jpg","datePublished":"2023-07-24T19:57:33+00:00","dateModified":"2023-07-24T19:57:40+00:00","author":{"@id":"https:\/\/aeronoticias.com.pe\/noticiero\/#\/schema\/person\/16212a617c73f78916b13194154243bd"},"description":"Portal de noticias del Per\u00fa sobre el transporte a\u00e9reo, aviaci\u00f3n, turismo, hoteleria, actualidad.","breadcrumb":{"@id":"https:\/\/aeronoticias.com.pe\/noticiero\/ultimas\/1\/aeropuerto-de-santiago-alista-nuevas-rutas-y-frecuencias-internacionales-para-el-segundo-semestre\/#breadcrumb"},"inLanguage":"es","potentialAction":[{"@type":"ReadAction","target":["https:\/\/aeronoticias.com.pe\/noticiero\/ultimas\/1\/aeropuerto-de-santiago-alista-nuevas-rutas-y-frecuencias-internacionales-para-el-segundo-semestre\/"]}]},{"@type":"ImageObject","inLanguage":"es","@id":"https:\/\/aeronoticias.com.pe\/noticiero\/ultimas\/1\/aeropuerto-de-santiago-alista-nuevas-rutas-y-frecuencias-internacionales-para-el-segundo-semestre\/#primaryimage","url":"https:\/\/aeronoticias.com.pe\/noticiero\/wp-content\/uploads\/2023\/07\/ae7.jpg","contentUrl":"https:\/\/aeronoticias.com.pe\/noticiero\/wp-content\/uploads\/2023\/07\/ae7.jpg","width":741,"height":524},{"@type":"BreadcrumbList","@id":"https:\/\/aeronoticias.com.pe\/noticiero\/ultimas\/1\/aeropuerto-de-santiago-alista-nuevas-rutas-y-frecuencias-internacionales-para-el-segundo-semestre\/#breadcrumb","itemListElement":[{"@type":"ListItem","position":1,"name":"Portada","item":"https:\/\/aeronoticias.com.pe\/noticiero\/"},{"@type":"ListItem","position":2,"name":"Aeropuerto de Santiago alista nuevas rutas y frecuencias internacionales para el segundo semestre"}]},{"@type":"WebSite","@id":"https:\/\/aeronoticias.com.pe\/noticiero\/#website","url":"https:\/\/aeronoticias.com.pe\/noticiero\/","name":"Aeronoticias.com.pe","description":"Noticias de tranporte aereo, turismo, hoteles, gastronomia, actualidad, internacional","potentialAction":[{"@type":"SearchAction","target":{"@type":"EntryPoint","urlTemplate":"https:\/\/aeronoticias.com.pe\/noticiero\/?s={search_term_string}"},"query-input":{"@type":"PropertyValueSpecification","valueRequired":true,"valueName":"search_term_string"}}],"inLanguage":"es"},{"@type":"Person","@id":"https:\/\/aeronoticias.com.pe\/noticiero\/#\/schema\/person\/16212a617c73f78916b13194154243bd","name":"Redacci\u00f3n","sameAs":["http:\/\/Redacci\u00f3n"],"url":"https:\/\/aeronoticias.com.pe\/noticiero\/author\/celeste\/"}]}},"_links":{"self":[{"href":"https:\/\/aeronoticias.com.pe\/noticiero\/wp-json\/wp\/v2\/posts\/84720","targetHints":{"allow":["GET"]}}],"collection":[{"href":"https:\/\/aeronoticias.com.pe\/noticiero\/wp-json\/wp\/v2\/posts"}],"about":[{"href":"https:\/\/aeronoticias.com.pe\/noticiero\/wp-json\/wp\/v2\/types\/post"}],"author":[{"embeddable":true,"href":"https:\/\/aeronoticias.com.pe\/noticiero\/wp-json\/wp\/v2\/users\/3"}],"replies":[{"embeddable":true,"href":"https:\/\/aeronoticias.com.pe\/noticiero\/wp-json\/wp\/v2\/comments?post=84720"}],"version-history":[{"count":0,"href":"https:\/\/aeronoticias.com.pe\/noticiero\/wp-json\/wp\/v2\/posts\/84720\/revisions"}],"wp:featuredmedia":[{"embeddable":true,"href":"https:\/\/aeronoticias.com.pe\/noticiero\/wp-json\/wp\/v2\/media\/84721"}],"wp:attachment":[{"href":"https:\/\/aeronoticias.com.pe\/noticiero\/wp-json\/wp\/v2\/media?parent=84720"}],"wp:term":[{"taxonomy":"category","embeddable":true,"href":"https:\/\/aeronoticias.com.pe\/noticiero\/wp-json\/wp\/v2\/categories?post=84720"},{"taxonomy":"post_tag","embeddable":true,"href":"https:\/\/aeronoticias.com.pe\/noticiero\/wp-json\/wp\/v2\/tags?post=84720"}],"curies":[{"name":"wp","href":"https:\/\/api.w.org\/{rel}","templated":true}]}}