{"id":84825,"date":"2023-07-31T09:20:43","date_gmt":"2023-07-31T14:20:43","guid":{"rendered":"https:\/\/aeronoticias.com.pe\/noticiero\/?p=84825"},"modified":"2023-07-31T09:20:48","modified_gmt":"2023-07-31T14:20:48","slug":"se-recupera-casi-al-100-la-conectividad-mundial-iata","status":"publish","type":"post","link":"https:\/\/aeronoticias.com.pe\/noticiero\/ultimas\/1\/se-recupera-casi-al-100-la-conectividad-mundial-iata\/","title":{"rendered":"Se recupera casi al 100% la conectividad mundial: IATA"},"content":{"rendered":"\n<p><strong>(Aeronoticias)<\/strong>: <strong>De acuerdo al \u00faltimo an\u00e1lisis trimestral de conectividad a\u00e9rea de la\u00a0Asociaci\u00f3n de Transporte A\u00e9reo Internacional (IATA)\u00a0la mayor\u00eda de los pa\u00edses del mundo alcanzaron o\u00a0ya superaron sus niveles de conectividad previos a la pandemia.<\/strong><\/p>\n\n\n\n<p><strong>La evaluaci\u00f3n recopila la cantidad de asientos disponibles para cada destino, que luego se pondera seg\u00fan el tama\u00f1o del aeropuerto de destino.&nbsp;De esta manera, se obtiene un indicador de la importancia econ\u00f3mica del aeropuerto de destino y el n\u00famero de conexiones posteriores que puede proporcionar.<\/strong><\/p>\n\n\n\n<p><strong>La medida de conectividad es, por lo tanto, un indicador de la facilidad con la que se puede llegar a un pa\u00eds, lo que a su vez se traduce en la propensi\u00f3n a vincular negocios, tener acceso a la educaci\u00f3n y proporcionar una plataforma s\u00f3lida para el turismo.<\/strong><\/p>\n\n\n\n<p><strong>Comparando&nbsp;los niveles de conectividad entre el segundo trimestre de 2019 y el mismo periodo de 2023&nbsp;se muestra cu\u00e1n cerca ha estado la industria de la aviaci\u00f3n mundial de la recuperaci\u00f3n total.<\/strong><\/p>\n\n\n\n<p><strong>Varios pa\u00edses de Am\u00e9rica Central, Asia y \u00c1frica ya han alcanzado los niveles de conectividad del segundo trimestre de 2019.<\/strong><\/p>\n\n\n\n<p><strong>La recuperaci\u00f3n en Europa ha sido mixta, con pa\u00edses como Alemania, Finlandia y Suecia que se mantienen por debajo del nivel de conectividad en un 80% respecto a 2019. Esto puede estar relacionado con algunos cambios en los patrones de viaje de corta distancia y tambi\u00e9n con el cierre del espacio a\u00e9reo ruso a las aerol\u00edneas europeas.<\/strong><\/p>\n\n\n\n<p><strong>En tanto,\u00a0algunos pa\u00edses del sudeste asi\u00e1tico, como Indonesia y Filipinas, se est\u00e1n acercando a la marca de recuperaci\u00f3n de la conectividad del 90%,\u00a0un retraso resultante de la reapertura relativamente reciente del importante mercado de China en el primer trimestre de 2023. El organismo internacional prev\u00e9 una mejora adicional en la conectividad hacia y dentro de esta regi\u00f3n en los pr\u00f3ximos meses.<\/strong><\/p>\n\n\n\n<p>\u201cSe ha visto un desempe\u00f1o particularmente s\u00f3lido en \u00c1frica, donde la conectividad de varios pa\u00edses ahora supera la de 2019. Si bien el nivel de conectividad se mantiene por debajo del de muchas econom\u00edas &#8216;desarrolladas&#8217;, la fuerte y r\u00e1pida recuperaci\u00f3n de la conectividad genera un impacto positivo, mensaje de la creciente importancia de la regi\u00f3n y de unas perspectivas favorables de crecimiento econ\u00f3mico y desarrollo en los pr\u00f3ximos a\u00f1os\u201d, afirm\u00f3 IATA.<\/p>\n\n\n\n<p><strong>Fuente: A21mx<\/strong><\/p>\n","protected":false},"excerpt":{"rendered":"<p>(Aeronoticias): De acuerdo al \u00faltimo an\u00e1lisis trimestral de conectividad a\u00e9rea de la\u00a0Asociaci\u00f3n de Transporte A\u00e9reo Internacional (IATA)\u00a0la mayor\u00eda de los pa\u00edses del mundo alcanzaron o\u00a0ya superaron sus niveles de conectividad previos a la pandemia. La evaluaci\u00f3n recopila la cantidad de asientos disponibles para cada destino, que luego se pondera seg\u00fan el tama\u00f1o del aeropuerto de [&hellip;]<\/p>\n","protected":false},"author":3,"featured_media":84826,"comment_status":"open","ping_status":"open","sticky":false,"template":"","format":"standard","meta":{"tdm_status":"","tdm_grid_status":"","footnotes":""},"categories":[8,30],"tags":[3301],"class_list":{"0":"post-84825","1":"post","2":"type-post","3":"status-publish","4":"format-standard","5":"has-post-thumbnail","7":"category-ultimas","8":"category-30","9":"tag-conectividad-mundial"},"yoast_head":"<!-- This site is optimized with the Yoast SEO plugin v25.1 - https:\/\/yoast.com\/wordpress\/plugins\/seo\/ -->\n<title>Se recupera casi al 100% la conectividad mundial: IATA<\/title>\n<meta name=\"description\" content=\"LAS REGIONES QUE PERMANEC\u00cdAN REZAGADAS HAN REGISTRADO IMPORTANTES AVANCES COMO AM\u00c9RICA CENTRAL, ASIA Y \u00c1FRICA\" \/>\n<meta name=\"robots\" content=\"index, follow, max-snippet:-1, max-image-preview:large, max-video-preview:-1\" \/>\n<link rel=\"canonical\" href=\"https:\/\/aeronoticias.com.pe\/noticiero\/ultimas\/1\/se-recupera-casi-al-100-la-conectividad-mundial-iata\/\" \/>\n<meta property=\"og:locale\" content=\"es_ES\" \/>\n<meta property=\"og:type\" content=\"article\" \/>\n<meta property=\"og:title\" content=\"Se recupera casi al 100% la conectividad mundial: IATA\" \/>\n<meta property=\"og:description\" content=\"LAS REGIONES QUE PERMANEC\u00cdAN REZAGADAS HAN REGISTRADO IMPORTANTES AVANCES COMO AM\u00c9RICA CENTRAL, ASIA Y \u00c1FRICA\" \/>\n<meta property=\"og:url\" content=\"https:\/\/aeronoticias.com.pe\/noticiero\/ultimas\/1\/se-recupera-casi-al-100-la-conectividad-mundial-iata\/\" \/>\n<meta property=\"og:site_name\" content=\"Aeronoticias.com.pe\" \/>\n<meta property=\"article:publisher\" content=\"https:\/\/www.facebook.com\/Aeronoticias.com.pe\/\" \/>\n<meta property=\"article:published_time\" content=\"2023-07-31T14:20:43+00:00\" \/>\n<meta property=\"article:modified_time\" content=\"2023-07-31T14:20:48+00:00\" \/>\n<meta property=\"og:image\" content=\"https:\/\/aeronoticias.com.pe\/noticiero\/wp-content\/uploads\/2023\/07\/iata.jpg\" \/>\n\t<meta property=\"og:image:width\" content=\"1200\" \/>\n\t<meta property=\"og:image:height\" content=\"667\" \/>\n\t<meta property=\"og:image:type\" content=\"image\/jpeg\" \/>\n<meta name=\"author\" content=\"Redacci\u00f3n\" \/>\n<meta name=\"twitter:card\" content=\"summary_large_image\" \/>\n<meta name=\"twitter:creator\" content=\"@aeronoticias\" \/>\n<meta name=\"twitter:site\" content=\"@aeronoticias\" \/>\n<meta name=\"twitter:label1\" content=\"Escrito por\" \/>\n\t<meta name=\"twitter:data1\" content=\"Redacci\u00f3n\" \/>\n\t<meta name=\"twitter:label2\" content=\"Tiempo de lectura\" \/>\n\t<meta name=\"twitter:data2\" content=\"2 minutos\" \/>\n<script type=\"application\/ld+json\" class=\"yoast-schema-graph\">{\"@context\":\"https:\/\/schema.org\",\"@graph\":[{\"@type\":\"WebPage\",\"@id\":\"https:\/\/aeronoticias.com.pe\/noticiero\/ultimas\/1\/se-recupera-casi-al-100-la-conectividad-mundial-iata\/\",\"url\":\"https:\/\/aeronoticias.com.pe\/noticiero\/ultimas\/1\/se-recupera-casi-al-100-la-conectividad-mundial-iata\/\",\"name\":\"Se recupera casi al 100% la conectividad mundial: IATA\",\"isPartOf\":{\"@id\":\"https:\/\/aeronoticias.com.pe\/noticiero\/#website\"},\"primaryImageOfPage\":{\"@id\":\"https:\/\/aeronoticias.com.pe\/noticiero\/ultimas\/1\/se-recupera-casi-al-100-la-conectividad-mundial-iata\/#primaryimage\"},\"image\":{\"@id\":\"https:\/\/aeronoticias.com.pe\/noticiero\/ultimas\/1\/se-recupera-casi-al-100-la-conectividad-mundial-iata\/#primaryimage\"},\"thumbnailUrl\":\"https:\/\/aeronoticias.com.pe\/noticiero\/wp-content\/uploads\/2023\/07\/iata.jpg\",\"datePublished\":\"2023-07-31T14:20:43+00:00\",\"dateModified\":\"2023-07-31T14:20:48+00:00\",\"author\":{\"@id\":\"https:\/\/aeronoticias.com.pe\/noticiero\/#\/schema\/person\/16212a617c73f78916b13194154243bd\"},\"description\":\"LAS REGIONES QUE PERMANEC\u00cdAN REZAGADAS HAN REGISTRADO IMPORTANTES AVANCES COMO AM\u00c9RICA CENTRAL, ASIA Y \u00c1FRICA\",\"breadcrumb\":{\"@id\":\"https:\/\/aeronoticias.com.pe\/noticiero\/ultimas\/1\/se-recupera-casi-al-100-la-conectividad-mundial-iata\/#breadcrumb\"},\"inLanguage\":\"es\",\"potentialAction\":[{\"@type\":\"ReadAction\",\"target\":[\"https:\/\/aeronoticias.com.pe\/noticiero\/ultimas\/1\/se-recupera-casi-al-100-la-conectividad-mundial-iata\/\"]}]},{\"@type\":\"ImageObject\",\"inLanguage\":\"es\",\"@id\":\"https:\/\/aeronoticias.com.pe\/noticiero\/ultimas\/1\/se-recupera-casi-al-100-la-conectividad-mundial-iata\/#primaryimage\",\"url\":\"https:\/\/aeronoticias.com.pe\/noticiero\/wp-content\/uploads\/2023\/07\/iata.jpg\",\"contentUrl\":\"https:\/\/aeronoticias.com.pe\/noticiero\/wp-content\/uploads\/2023\/07\/iata.jpg\",\"width\":1200,\"height\":667},{\"@type\":\"BreadcrumbList\",\"@id\":\"https:\/\/aeronoticias.com.pe\/noticiero\/ultimas\/1\/se-recupera-casi-al-100-la-conectividad-mundial-iata\/#breadcrumb\",\"itemListElement\":[{\"@type\":\"ListItem\",\"position\":1,\"name\":\"Portada\",\"item\":\"https:\/\/aeronoticias.com.pe\/noticiero\/\"},{\"@type\":\"ListItem\",\"position\":2,\"name\":\"Se recupera casi al 100% la conectividad mundial: IATA\"}]},{\"@type\":\"WebSite\",\"@id\":\"https:\/\/aeronoticias.com.pe\/noticiero\/#website\",\"url\":\"https:\/\/aeronoticias.com.pe\/noticiero\/\",\"name\":\"Aeronoticias.com.pe\",\"description\":\"Noticias de tranporte aereo, turismo, hoteles, gastronomia, actualidad, internacional\",\"potentialAction\":[{\"@type\":\"SearchAction\",\"target\":{\"@type\":\"EntryPoint\",\"urlTemplate\":\"https:\/\/aeronoticias.com.pe\/noticiero\/?s={search_term_string}\"},\"query-input\":{\"@type\":\"PropertyValueSpecification\",\"valueRequired\":true,\"valueName\":\"search_term_string\"}}],\"inLanguage\":\"es\"},{\"@type\":\"Person\",\"@id\":\"https:\/\/aeronoticias.com.pe\/noticiero\/#\/schema\/person\/16212a617c73f78916b13194154243bd\",\"name\":\"Redacci\u00f3n\",\"sameAs\":[\"http:\/\/Redacci\u00f3n\"],\"url\":\"https:\/\/aeronoticias.com.pe\/noticiero\/author\/celeste\/\"}]}<\/script>\n<!-- \/ Yoast SEO plugin. -->","yoast_head_json":{"title":"Se recupera casi al 100% la conectividad mundial: IATA","description":"LAS REGIONES QUE PERMANEC\u00cdAN REZAGADAS HAN REGISTRADO IMPORTANTES AVANCES COMO AM\u00c9RICA CENTRAL, ASIA Y \u00c1FRICA","robots":{"index":"index","follow":"follow","max-snippet":"max-snippet:-1","max-image-preview":"max-image-preview:large","max-video-preview":"max-video-preview:-1"},"canonical":"https:\/\/aeronoticias.com.pe\/noticiero\/ultimas\/1\/se-recupera-casi-al-100-la-conectividad-mundial-iata\/","og_locale":"es_ES","og_type":"article","og_title":"Se recupera casi al 100% la conectividad mundial: IATA","og_description":"LAS REGIONES QUE PERMANEC\u00cdAN REZAGADAS HAN REGISTRADO IMPORTANTES AVANCES COMO AM\u00c9RICA CENTRAL, ASIA Y \u00c1FRICA","og_url":"https:\/\/aeronoticias.com.pe\/noticiero\/ultimas\/1\/se-recupera-casi-al-100-la-conectividad-mundial-iata\/","og_site_name":"Aeronoticias.com.pe","article_publisher":"https:\/\/www.facebook.com\/Aeronoticias.com.pe\/","article_published_time":"2023-07-31T14:20:43+00:00","article_modified_time":"2023-07-31T14:20:48+00:00","og_image":[{"width":1200,"height":667,"url":"https:\/\/aeronoticias.com.pe\/noticiero\/wp-content\/uploads\/2023\/07\/iata.jpg","type":"image\/jpeg"}],"author":"Redacci\u00f3n","twitter_card":"summary_large_image","twitter_creator":"@aeronoticias","twitter_site":"@aeronoticias","twitter_misc":{"Escrito por":"Redacci\u00f3n","Tiempo de lectura":"2 minutos"},"schema":{"@context":"https:\/\/schema.org","@graph":[{"@type":"WebPage","@id":"https:\/\/aeronoticias.com.pe\/noticiero\/ultimas\/1\/se-recupera-casi-al-100-la-conectividad-mundial-iata\/","url":"https:\/\/aeronoticias.com.pe\/noticiero\/ultimas\/1\/se-recupera-casi-al-100-la-conectividad-mundial-iata\/","name":"Se recupera casi al 100% la conectividad mundial: IATA","isPartOf":{"@id":"https:\/\/aeronoticias.com.pe\/noticiero\/#website"},"primaryImageOfPage":{"@id":"https:\/\/aeronoticias.com.pe\/noticiero\/ultimas\/1\/se-recupera-casi-al-100-la-conectividad-mundial-iata\/#primaryimage"},"image":{"@id":"https:\/\/aeronoticias.com.pe\/noticiero\/ultimas\/1\/se-recupera-casi-al-100-la-conectividad-mundial-iata\/#primaryimage"},"thumbnailUrl":"https:\/\/aeronoticias.com.pe\/noticiero\/wp-content\/uploads\/2023\/07\/iata.jpg","datePublished":"2023-07-31T14:20:43+00:00","dateModified":"2023-07-31T14:20:48+00:00","author":{"@id":"https:\/\/aeronoticias.com.pe\/noticiero\/#\/schema\/person\/16212a617c73f78916b13194154243bd"},"description":"LAS REGIONES QUE PERMANEC\u00cdAN REZAGADAS HAN REGISTRADO IMPORTANTES AVANCES COMO AM\u00c9RICA CENTRAL, ASIA Y \u00c1FRICA","breadcrumb":{"@id":"https:\/\/aeronoticias.com.pe\/noticiero\/ultimas\/1\/se-recupera-casi-al-100-la-conectividad-mundial-iata\/#breadcrumb"},"inLanguage":"es","potentialAction":[{"@type":"ReadAction","target":["https:\/\/aeronoticias.com.pe\/noticiero\/ultimas\/1\/se-recupera-casi-al-100-la-conectividad-mundial-iata\/"]}]},{"@type":"ImageObject","inLanguage":"es","@id":"https:\/\/aeronoticias.com.pe\/noticiero\/ultimas\/1\/se-recupera-casi-al-100-la-conectividad-mundial-iata\/#primaryimage","url":"https:\/\/aeronoticias.com.pe\/noticiero\/wp-content\/uploads\/2023\/07\/iata.jpg","contentUrl":"https:\/\/aeronoticias.com.pe\/noticiero\/wp-content\/uploads\/2023\/07\/iata.jpg","width":1200,"height":667},{"@type":"BreadcrumbList","@id":"https:\/\/aeronoticias.com.pe\/noticiero\/ultimas\/1\/se-recupera-casi-al-100-la-conectividad-mundial-iata\/#breadcrumb","itemListElement":[{"@type":"ListItem","position":1,"name":"Portada","item":"https:\/\/aeronoticias.com.pe\/noticiero\/"},{"@type":"ListItem","position":2,"name":"Se recupera casi al 100% la conectividad mundial: IATA"}]},{"@type":"WebSite","@id":"https:\/\/aeronoticias.com.pe\/noticiero\/#website","url":"https:\/\/aeronoticias.com.pe\/noticiero\/","name":"Aeronoticias.com.pe","description":"Noticias de tranporte aereo, turismo, hoteles, gastronomia, actualidad, internacional","potentialAction":[{"@type":"SearchAction","target":{"@type":"EntryPoint","urlTemplate":"https:\/\/aeronoticias.com.pe\/noticiero\/?s={search_term_string}"},"query-input":{"@type":"PropertyValueSpecification","valueRequired":true,"valueName":"search_term_string"}}],"inLanguage":"es"},{"@type":"Person","@id":"https:\/\/aeronoticias.com.pe\/noticiero\/#\/schema\/person\/16212a617c73f78916b13194154243bd","name":"Redacci\u00f3n","sameAs":["http:\/\/Redacci\u00f3n"],"url":"https:\/\/aeronoticias.com.pe\/noticiero\/author\/celeste\/"}]}},"_links":{"self":[{"href":"https:\/\/aeronoticias.com.pe\/noticiero\/wp-json\/wp\/v2\/posts\/84825","targetHints":{"allow":["GET"]}}],"collection":[{"href":"https:\/\/aeronoticias.com.pe\/noticiero\/wp-json\/wp\/v2\/posts"}],"about":[{"href":"https:\/\/aeronoticias.com.pe\/noticiero\/wp-json\/wp\/v2\/types\/post"}],"author":[{"embeddable":true,"href":"https:\/\/aeronoticias.com.pe\/noticiero\/wp-json\/wp\/v2\/users\/3"}],"replies":[{"embeddable":true,"href":"https:\/\/aeronoticias.com.pe\/noticiero\/wp-json\/wp\/v2\/comments?post=84825"}],"version-history":[{"count":0,"href":"https:\/\/aeronoticias.com.pe\/noticiero\/wp-json\/wp\/v2\/posts\/84825\/revisions"}],"wp:featuredmedia":[{"embeddable":true,"href":"https:\/\/aeronoticias.com.pe\/noticiero\/wp-json\/wp\/v2\/media\/84826"}],"wp:attachment":[{"href":"https:\/\/aeronoticias.com.pe\/noticiero\/wp-json\/wp\/v2\/media?parent=84825"}],"wp:term":[{"taxonomy":"category","embeddable":true,"href":"https:\/\/aeronoticias.com.pe\/noticiero\/wp-json\/wp\/v2\/categories?post=84825"},{"taxonomy":"post_tag","embeddable":true,"href":"https:\/\/aeronoticias.com.pe\/noticiero\/wp-json\/wp\/v2\/tags?post=84825"}],"curies":[{"name":"wp","href":"https:\/\/api.w.org\/{rel}","templated":true}]}}