{"id":84849,"date":"2023-07-29T06:00:11","date_gmt":"2023-07-29T11:00:11","guid":{"rendered":"https:\/\/aeronoticias.com.pe\/noticiero\/?p=84849"},"modified":"2023-07-31T10:13:40","modified_gmt":"2023-07-31T15:13:40","slug":"peru-se-posiciona-como-destino-turistico-de-primer-nivel","status":"publish","type":"post","link":"https:\/\/aeronoticias.com.pe\/noticiero\/turismo\/peru-se-posiciona-como-destino-turistico-de-primer-nivel\/","title":{"rendered":"\u00abPer\u00fa se posiciona como destino tur\u00edstico de primer nivel\u00bb"},"content":{"rendered":"\n<p>(Aeronoticias) Per\u00fa ha experimentado un notable aumento en el turismo en los \u00faltimos a\u00f1os, consolid\u00e1ndose como uno de los destinos m\u00e1s atractivos de Am\u00e9rica Latina. Sus impresionantes paisajes, como Machu Picchu y el Ca\u00f1\u00f3n del Colca, junto con su rica historia y cultura, han cautivado a visitantes de todo el mundo. Esta noticia resalta el potencial tur\u00edstico de Per\u00fa y el impacto positivo que tiene en la econom\u00eda local.<br><br>\u00bfPor qu\u00e9?<br>Per\u00fa se posiciona como destino tur\u00edstico de primer nivel debido a una combinaci\u00f3n de factores \u00fanicos y atractivos. En primer lugar, el pa\u00eds cuenta con una rica historia y cultura, representada por antiguas civilizaciones como los Incas y una gran variedad de sitios arqueol\u00f3gicos, como Machu Picchu. Estos lugares hist\u00f3ricos son considerados maravillas del mundo y atraen a turistas de todo el mundo.<\/p>\n\n\n\n<p>Adem\u00e1s, Per\u00fa ofrece una diversidad de paisajes impresionantes, desde la costa des\u00e9rtica hasta la selva amaz\u00f3nica y las altas monta\u00f1as de los Andes. Esta variedad permite a los visitantes disfrutar de una amplia gama de actividades, como hacer senderismo, explorar la flora y fauna en la Amazon\u00eda, practicar deportes acu\u00e1ticos en la costa y disfrutar de la belleza natural de los paisajes monta\u00f1osos.<\/p>\n\n\n\n<p>La gastronom\u00eda peruana tambi\u00e9n ha ganado reconocimiento internacional, siendo considerada una de las m\u00e1s diversas y deliciosas del mundo. Los platos peruanos, como el ceviche, el lomo saltado y el aj\u00ed de gallina, son muy apreciados por los turistas que buscan experimentar nuevos sabores y disfrutar de una experiencia culinaria \u00fanica.<\/p>\n\n\n\n<p>Adem\u00e1s, Per\u00fa ha invertido en infraestructura tur\u00edstica, mejorando la accesibilidad a los destinos tur\u00edsticos y ofreciendo una amplia gama de opciones de alojamiento, desde hoteles de lujo hasta hostales y casas de familia.<\/p>\n\n\n\n<p>Estos factores combinados han contribuido a que Per\u00fa se posicione como un destino tur\u00edstico de primer nivel, atrayendo a visitantes de todo el mundo que buscan explorar su rica historia, disfrutar de su impresionante belleza natural y deleitarse con su exquisita gastronom\u00eda.<br><br><em>Fuente: Comexperu.org<br><\/em><br><strong><em>Por: Sebasti\u00e1n Palacin<\/em><\/strong><\/p>\n","protected":false},"excerpt":{"rendered":"<p>(Aeronoticias) Per\u00fa ha experimentado un notable aumento en el turismo en los \u00faltimos a\u00f1os, consolid\u00e1ndose como uno de los destinos m\u00e1s atractivos de Am\u00e9rica Latina. Sus impresionantes paisajes, como Machu Picchu y el Ca\u00f1\u00f3n del Colca, junto con su rica historia y cultura, han cautivado a visitantes de todo el mundo. Esta noticia resalta el [&hellip;]<\/p>\n","protected":false},"author":3,"featured_media":84854,"comment_status":"open","ping_status":"open","sticky":false,"template":"","format":"standard","meta":{"tdm_status":"","tdm_grid_status":"","footnotes":""},"categories":[31,9],"tags":[],"class_list":{"0":"post-84849","1":"post","2":"type-post","3":"status-publish","4":"format-standard","5":"has-post-thumbnail","7":"category-31","8":"category-turismo"},"yoast_head":"<!-- This site is optimized with the Yoast SEO plugin v25.1 - https:\/\/yoast.com\/wordpress\/plugins\/seo\/ -->\n<title>&quot;Per\u00fa se posiciona como destino tur\u00edstico de primer nivel&quot;<\/title>\n<meta name=\"description\" content=\"Per\u00fa ha experimentado un notable aumento en el turismo en los \u00faltimos a\u00f1os, consolid\u00e1ndose como uno de los destinos m\u00e1s atractivos de Am\u00e9rica Latina.\" \/>\n<meta name=\"robots\" content=\"index, follow, max-snippet:-1, max-image-preview:large, max-video-preview:-1\" \/>\n<link rel=\"canonical\" href=\"https:\/\/aeronoticias.com.pe\/noticiero\/turismo\/peru-se-posiciona-como-destino-turistico-de-primer-nivel\/\" \/>\n<meta property=\"og:locale\" content=\"es_ES\" \/>\n<meta property=\"og:type\" content=\"article\" \/>\n<meta property=\"og:title\" content=\"&quot;Per\u00fa se posiciona como destino tur\u00edstico de primer nivel&quot;\" \/>\n<meta property=\"og:description\" content=\"Per\u00fa ha experimentado un notable aumento en el turismo en los \u00faltimos a\u00f1os, consolid\u00e1ndose como uno de los destinos m\u00e1s atractivos de Am\u00e9rica Latina.\" \/>\n<meta property=\"og:url\" content=\"https:\/\/aeronoticias.com.pe\/noticiero\/turismo\/peru-se-posiciona-como-destino-turistico-de-primer-nivel\/\" \/>\n<meta property=\"og:site_name\" content=\"Aeronoticias.com.pe\" \/>\n<meta property=\"article:publisher\" content=\"https:\/\/www.facebook.com\/Aeronoticias.com.pe\/\" \/>\n<meta property=\"article:published_time\" content=\"2023-07-29T11:00:11+00:00\" \/>\n<meta property=\"article:modified_time\" content=\"2023-07-31T15:13:40+00:00\" \/>\n<meta property=\"og:image\" content=\"https:\/\/aeronoticias.com.pe\/noticiero\/wp-content\/uploads\/2023\/07\/mpicchu-1.jpg\" \/>\n\t<meta property=\"og:image:width\" content=\"800\" \/>\n\t<meta property=\"og:image:height\" content=\"533\" \/>\n\t<meta property=\"og:image:type\" content=\"image\/jpeg\" \/>\n<meta name=\"author\" content=\"Redacci\u00f3n\" \/>\n<meta name=\"twitter:card\" content=\"summary_large_image\" \/>\n<meta name=\"twitter:creator\" content=\"@aeronoticias\" \/>\n<meta name=\"twitter:site\" content=\"@aeronoticias\" \/>\n<meta name=\"twitter:label1\" content=\"Escrito por\" \/>\n\t<meta name=\"twitter:data1\" content=\"Redacci\u00f3n\" \/>\n\t<meta name=\"twitter:label2\" content=\"Tiempo de lectura\" \/>\n\t<meta name=\"twitter:data2\" content=\"2 minutos\" \/>\n<script type=\"application\/ld+json\" class=\"yoast-schema-graph\">{\"@context\":\"https:\/\/schema.org\",\"@graph\":[{\"@type\":\"WebPage\",\"@id\":\"https:\/\/aeronoticias.com.pe\/noticiero\/turismo\/peru-se-posiciona-como-destino-turistico-de-primer-nivel\/\",\"url\":\"https:\/\/aeronoticias.com.pe\/noticiero\/turismo\/peru-se-posiciona-como-destino-turistico-de-primer-nivel\/\",\"name\":\"\\\"Per\u00fa se posiciona como destino tur\u00edstico de primer nivel\\\"\",\"isPartOf\":{\"@id\":\"https:\/\/aeronoticias.com.pe\/noticiero\/#website\"},\"primaryImageOfPage\":{\"@id\":\"https:\/\/aeronoticias.com.pe\/noticiero\/turismo\/peru-se-posiciona-como-destino-turistico-de-primer-nivel\/#primaryimage\"},\"image\":{\"@id\":\"https:\/\/aeronoticias.com.pe\/noticiero\/turismo\/peru-se-posiciona-como-destino-turistico-de-primer-nivel\/#primaryimage\"},\"thumbnailUrl\":\"https:\/\/aeronoticias.com.pe\/noticiero\/wp-content\/uploads\/2023\/07\/mpicchu-1.jpg\",\"datePublished\":\"2023-07-29T11:00:11+00:00\",\"dateModified\":\"2023-07-31T15:13:40+00:00\",\"author\":{\"@id\":\"https:\/\/aeronoticias.com.pe\/noticiero\/#\/schema\/person\/16212a617c73f78916b13194154243bd\"},\"description\":\"Per\u00fa ha experimentado un notable aumento en el turismo en los \u00faltimos a\u00f1os, consolid\u00e1ndose como uno de los destinos m\u00e1s atractivos de Am\u00e9rica Latina.\",\"breadcrumb\":{\"@id\":\"https:\/\/aeronoticias.com.pe\/noticiero\/turismo\/peru-se-posiciona-como-destino-turistico-de-primer-nivel\/#breadcrumb\"},\"inLanguage\":\"es\",\"potentialAction\":[{\"@type\":\"ReadAction\",\"target\":[\"https:\/\/aeronoticias.com.pe\/noticiero\/turismo\/peru-se-posiciona-como-destino-turistico-de-primer-nivel\/\"]}]},{\"@type\":\"ImageObject\",\"inLanguage\":\"es\",\"@id\":\"https:\/\/aeronoticias.com.pe\/noticiero\/turismo\/peru-se-posiciona-como-destino-turistico-de-primer-nivel\/#primaryimage\",\"url\":\"https:\/\/aeronoticias.com.pe\/noticiero\/wp-content\/uploads\/2023\/07\/mpicchu-1.jpg\",\"contentUrl\":\"https:\/\/aeronoticias.com.pe\/noticiero\/wp-content\/uploads\/2023\/07\/mpicchu-1.jpg\",\"width\":800,\"height\":533},{\"@type\":\"BreadcrumbList\",\"@id\":\"https:\/\/aeronoticias.com.pe\/noticiero\/turismo\/peru-se-posiciona-como-destino-turistico-de-primer-nivel\/#breadcrumb\",\"itemListElement\":[{\"@type\":\"ListItem\",\"position\":1,\"name\":\"Portada\",\"item\":\"https:\/\/aeronoticias.com.pe\/noticiero\/\"},{\"@type\":\"ListItem\",\"position\":2,\"name\":\"\u00abPer\u00fa se posiciona como destino tur\u00edstico de primer nivel\u00bb\"}]},{\"@type\":\"WebSite\",\"@id\":\"https:\/\/aeronoticias.com.pe\/noticiero\/#website\",\"url\":\"https:\/\/aeronoticias.com.pe\/noticiero\/\",\"name\":\"Aeronoticias.com.pe\",\"description\":\"Noticias de tranporte aereo, turismo, hoteles, gastronomia, actualidad, internacional\",\"potentialAction\":[{\"@type\":\"SearchAction\",\"target\":{\"@type\":\"EntryPoint\",\"urlTemplate\":\"https:\/\/aeronoticias.com.pe\/noticiero\/?s={search_term_string}\"},\"query-input\":{\"@type\":\"PropertyValueSpecification\",\"valueRequired\":true,\"valueName\":\"search_term_string\"}}],\"inLanguage\":\"es\"},{\"@type\":\"Person\",\"@id\":\"https:\/\/aeronoticias.com.pe\/noticiero\/#\/schema\/person\/16212a617c73f78916b13194154243bd\",\"name\":\"Redacci\u00f3n\",\"sameAs\":[\"http:\/\/Redacci\u00f3n\"],\"url\":\"https:\/\/aeronoticias.com.pe\/noticiero\/author\/celeste\/\"}]}<\/script>\n<!-- \/ Yoast SEO plugin. -->","yoast_head_json":{"title":"\"Per\u00fa se posiciona como destino tur\u00edstico de primer nivel\"","description":"Per\u00fa ha experimentado un notable aumento en el turismo en los \u00faltimos a\u00f1os, consolid\u00e1ndose como uno de los destinos m\u00e1s atractivos de Am\u00e9rica Latina.","robots":{"index":"index","follow":"follow","max-snippet":"max-snippet:-1","max-image-preview":"max-image-preview:large","max-video-preview":"max-video-preview:-1"},"canonical":"https:\/\/aeronoticias.com.pe\/noticiero\/turismo\/peru-se-posiciona-como-destino-turistico-de-primer-nivel\/","og_locale":"es_ES","og_type":"article","og_title":"\"Per\u00fa se posiciona como destino tur\u00edstico de primer nivel\"","og_description":"Per\u00fa ha experimentado un notable aumento en el turismo en los \u00faltimos a\u00f1os, consolid\u00e1ndose como uno de los destinos m\u00e1s atractivos de Am\u00e9rica Latina.","og_url":"https:\/\/aeronoticias.com.pe\/noticiero\/turismo\/peru-se-posiciona-como-destino-turistico-de-primer-nivel\/","og_site_name":"Aeronoticias.com.pe","article_publisher":"https:\/\/www.facebook.com\/Aeronoticias.com.pe\/","article_published_time":"2023-07-29T11:00:11+00:00","article_modified_time":"2023-07-31T15:13:40+00:00","og_image":[{"width":800,"height":533,"url":"https:\/\/aeronoticias.com.pe\/noticiero\/wp-content\/uploads\/2023\/07\/mpicchu-1.jpg","type":"image\/jpeg"}],"author":"Redacci\u00f3n","twitter_card":"summary_large_image","twitter_creator":"@aeronoticias","twitter_site":"@aeronoticias","twitter_misc":{"Escrito por":"Redacci\u00f3n","Tiempo de lectura":"2 minutos"},"schema":{"@context":"https:\/\/schema.org","@graph":[{"@type":"WebPage","@id":"https:\/\/aeronoticias.com.pe\/noticiero\/turismo\/peru-se-posiciona-como-destino-turistico-de-primer-nivel\/","url":"https:\/\/aeronoticias.com.pe\/noticiero\/turismo\/peru-se-posiciona-como-destino-turistico-de-primer-nivel\/","name":"\"Per\u00fa se posiciona como destino tur\u00edstico de primer nivel\"","isPartOf":{"@id":"https:\/\/aeronoticias.com.pe\/noticiero\/#website"},"primaryImageOfPage":{"@id":"https:\/\/aeronoticias.com.pe\/noticiero\/turismo\/peru-se-posiciona-como-destino-turistico-de-primer-nivel\/#primaryimage"},"image":{"@id":"https:\/\/aeronoticias.com.pe\/noticiero\/turismo\/peru-se-posiciona-como-destino-turistico-de-primer-nivel\/#primaryimage"},"thumbnailUrl":"https:\/\/aeronoticias.com.pe\/noticiero\/wp-content\/uploads\/2023\/07\/mpicchu-1.jpg","datePublished":"2023-07-29T11:00:11+00:00","dateModified":"2023-07-31T15:13:40+00:00","author":{"@id":"https:\/\/aeronoticias.com.pe\/noticiero\/#\/schema\/person\/16212a617c73f78916b13194154243bd"},"description":"Per\u00fa ha experimentado un notable aumento en el turismo en los \u00faltimos a\u00f1os, consolid\u00e1ndose como uno de los destinos m\u00e1s atractivos de Am\u00e9rica Latina.","breadcrumb":{"@id":"https:\/\/aeronoticias.com.pe\/noticiero\/turismo\/peru-se-posiciona-como-destino-turistico-de-primer-nivel\/#breadcrumb"},"inLanguage":"es","potentialAction":[{"@type":"ReadAction","target":["https:\/\/aeronoticias.com.pe\/noticiero\/turismo\/peru-se-posiciona-como-destino-turistico-de-primer-nivel\/"]}]},{"@type":"ImageObject","inLanguage":"es","@id":"https:\/\/aeronoticias.com.pe\/noticiero\/turismo\/peru-se-posiciona-como-destino-turistico-de-primer-nivel\/#primaryimage","url":"https:\/\/aeronoticias.com.pe\/noticiero\/wp-content\/uploads\/2023\/07\/mpicchu-1.jpg","contentUrl":"https:\/\/aeronoticias.com.pe\/noticiero\/wp-content\/uploads\/2023\/07\/mpicchu-1.jpg","width":800,"height":533},{"@type":"BreadcrumbList","@id":"https:\/\/aeronoticias.com.pe\/noticiero\/turismo\/peru-se-posiciona-como-destino-turistico-de-primer-nivel\/#breadcrumb","itemListElement":[{"@type":"ListItem","position":1,"name":"Portada","item":"https:\/\/aeronoticias.com.pe\/noticiero\/"},{"@type":"ListItem","position":2,"name":"\u00abPer\u00fa se posiciona como destino tur\u00edstico de primer nivel\u00bb"}]},{"@type":"WebSite","@id":"https:\/\/aeronoticias.com.pe\/noticiero\/#website","url":"https:\/\/aeronoticias.com.pe\/noticiero\/","name":"Aeronoticias.com.pe","description":"Noticias de tranporte aereo, turismo, hoteles, gastronomia, actualidad, internacional","potentialAction":[{"@type":"SearchAction","target":{"@type":"EntryPoint","urlTemplate":"https:\/\/aeronoticias.com.pe\/noticiero\/?s={search_term_string}"},"query-input":{"@type":"PropertyValueSpecification","valueRequired":true,"valueName":"search_term_string"}}],"inLanguage":"es"},{"@type":"Person","@id":"https:\/\/aeronoticias.com.pe\/noticiero\/#\/schema\/person\/16212a617c73f78916b13194154243bd","name":"Redacci\u00f3n","sameAs":["http:\/\/Redacci\u00f3n"],"url":"https:\/\/aeronoticias.com.pe\/noticiero\/author\/celeste\/"}]}},"_links":{"self":[{"href":"https:\/\/aeronoticias.com.pe\/noticiero\/wp-json\/wp\/v2\/posts\/84849","targetHints":{"allow":["GET"]}}],"collection":[{"href":"https:\/\/aeronoticias.com.pe\/noticiero\/wp-json\/wp\/v2\/posts"}],"about":[{"href":"https:\/\/aeronoticias.com.pe\/noticiero\/wp-json\/wp\/v2\/types\/post"}],"author":[{"embeddable":true,"href":"https:\/\/aeronoticias.com.pe\/noticiero\/wp-json\/wp\/v2\/users\/3"}],"replies":[{"embeddable":true,"href":"https:\/\/aeronoticias.com.pe\/noticiero\/wp-json\/wp\/v2\/comments?post=84849"}],"version-history":[{"count":0,"href":"https:\/\/aeronoticias.com.pe\/noticiero\/wp-json\/wp\/v2\/posts\/84849\/revisions"}],"wp:featuredmedia":[{"embeddable":true,"href":"https:\/\/aeronoticias.com.pe\/noticiero\/wp-json\/wp\/v2\/media\/84854"}],"wp:attachment":[{"href":"https:\/\/aeronoticias.com.pe\/noticiero\/wp-json\/wp\/v2\/media?parent=84849"}],"wp:term":[{"taxonomy":"category","embeddable":true,"href":"https:\/\/aeronoticias.com.pe\/noticiero\/wp-json\/wp\/v2\/categories?post=84849"},{"taxonomy":"post_tag","embeddable":true,"href":"https:\/\/aeronoticias.com.pe\/noticiero\/wp-json\/wp\/v2\/tags?post=84849"}],"curies":[{"name":"wp","href":"https:\/\/api.w.org\/{rel}","templated":true}]}}