{"id":84857,"date":"2023-07-31T10:27:18","date_gmt":"2023-07-31T15:27:18","guid":{"rendered":"https:\/\/aeronoticias.com.pe\/noticiero\/?p=84857"},"modified":"2023-07-31T10:27:25","modified_gmt":"2023-07-31T15:27:25","slug":"construccion-de-la-torre-de-control-y-pista-de-aterrizaje-del-aeropuerto-de-chinchero-empezara-en-setiembre","status":"publish","type":"post","link":"https:\/\/aeronoticias.com.pe\/noticiero\/transporte-aereo\/nacional\/construccion-de-la-torre-de-control-y-pista-de-aterrizaje-del-aeropuerto-de-chinchero-empezara-en-setiembre\/","title":{"rendered":"Construcci\u00f3n de la torre de control y pista de aterrizaje del aeropuerto de Chinchero empezar\u00e1 en setiembre"},"content":{"rendered":"\n<p><strong>(Aeronoticias)<\/strong>: En setiembre de este a\u00f1o, se empezar\u00e1 la construcci\u00f3n de la torre de control, la pista de aterrizaje y el cerco perim\u00e9trico del Aeropuerto Internacional de Chinchero, en Cusco.<\/p>\n\n\n\n<p>As\u00ed lo inform\u00f3 el viceministro de Transportes, Ismael Sutta, durante la reuni\u00f3n que sostuvo con el gobernador regional de Cusco, Werner Salcedo, representantes de la PMO de Corea del Sur, y un equipo t\u00e9cnico de la Direcci\u00f3n General de Aeron\u00e1utica Civil para acelerar los trabajos y verificar el cumplimiento del cronograma.&nbsp;<\/p>\n\n\n\n<p>Sutta explic\u00f3 que el complejo Torre de Control tendr\u00e1 dos edificios: la torre de control, que tendr\u00e1 ocho posiciones para el control aeron\u00e1utico, y el edificio anexo para el \u00e1rea de navegaci\u00f3n a\u00e9rea y el servicio complementario como \u00e1reas administrativas. &nbsp;<\/p>\n\n\n\n<p>En la mesa de trabajo, el gobernado del Cusco, Werner Salcedo, mostr\u00f3 su total respaldo al proyecto a\u00e9reo. Se acord\u00f3 inspeccionar con un equipo del MTC las obras del terminal a\u00e9reo que tienen un avance del 6% en la tercera semana de agosto.<\/p>\n\n\n\n<p>La zona del aeropuerto destinada a los vuelos internacionales tendr\u00e1 4 salas de embarque en un espacio de 10 800 m2. Contar\u00e1 con vest\u00edbulos de salida y llegada, \u00e1reas para los procesos de control de seguridad de salidas, migraciones y controles de pasaporte. El terminal de pasajeros para los vuelos nacionales tendr\u00e1 8 salas de embarque en un espacio de 25 000 m2.&nbsp;<\/p>\n\n\n\n<p>En la reuni\u00f3n se inform\u00f3 que el movimiento de tierras ya culmin\u00f3. La pista de aterrizaje tendr\u00e1 4000 metros de largo y 45 metros de ancho. \u00a0<\/p>\n\n\n\n<p><strong>Fuente: notitransportes.com<\/strong><\/p>\n","protected":false},"excerpt":{"rendered":"<p>(Aeronoticias): En setiembre de este a\u00f1o, se empezar\u00e1 la construcci\u00f3n de la torre de control, la pista de aterrizaje y el cerco perim\u00e9trico del Aeropuerto Internacional de Chinchero, en Cusco. As\u00ed lo inform\u00f3 el viceministro de Transportes, Ismael Sutta, durante la reuni\u00f3n que sostuvo con el gobernador regional de Cusco, Werner Salcedo, representantes de la [&hellip;]<\/p>\n","protected":false},"author":3,"featured_media":84862,"comment_status":"open","ping_status":"open","sticky":false,"template":"","format":"standard","meta":{"tdm_status":"","tdm_grid_status":"","footnotes":""},"categories":[51,38],"tags":[372,373,2355,2480],"class_list":{"0":"post-84857","1":"post","2":"type-post","3":"status-publish","4":"format-standard","5":"has-post-thumbnail","7":"category-nacional","8":"category-nacionales","9":"tag-aeropuerto-de-chinchero","10":"tag-cusco","11":"tag-pmo","12":"tag-torre-de-control"},"yoast_head":"<!-- This site is optimized with the Yoast SEO plugin v25.1 - https:\/\/yoast.com\/wordpress\/plugins\/seo\/ -->\n<title>Construcci\u00f3n de la torre de control y pista de aterrizaje del aeropuerto de Chinchero empezar\u00e1 en setiembre<\/title>\n<meta name=\"description\" content=\"Viceministro de Transportes se reuni\u00f3 con el gobernador regional del Cusco y representantes de la PMO para acelerar las obras.\" \/>\n<meta name=\"robots\" content=\"index, follow, max-snippet:-1, max-image-preview:large, max-video-preview:-1\" \/>\n<link rel=\"canonical\" href=\"https:\/\/aeronoticias.com.pe\/noticiero\/transporte-aereo\/nacional\/construccion-de-la-torre-de-control-y-pista-de-aterrizaje-del-aeropuerto-de-chinchero-empezara-en-setiembre\/\" \/>\n<meta property=\"og:locale\" content=\"es_ES\" \/>\n<meta property=\"og:type\" content=\"article\" \/>\n<meta property=\"og:title\" content=\"Construcci\u00f3n de la torre de control y pista de aterrizaje del aeropuerto de Chinchero empezar\u00e1 en setiembre\" \/>\n<meta property=\"og:description\" content=\"Viceministro de Transportes se reuni\u00f3 con el gobernador regional del Cusco y representantes de la PMO para acelerar las obras.\" \/>\n<meta property=\"og:url\" content=\"https:\/\/aeronoticias.com.pe\/noticiero\/transporte-aereo\/nacional\/construccion-de-la-torre-de-control-y-pista-de-aterrizaje-del-aeropuerto-de-chinchero-empezara-en-setiembre\/\" \/>\n<meta property=\"og:site_name\" content=\"Aeronoticias.com.pe\" \/>\n<meta property=\"article:publisher\" content=\"https:\/\/www.facebook.com\/Aeronoticias.com.pe\/\" \/>\n<meta property=\"article:published_time\" content=\"2023-07-31T15:27:18+00:00\" \/>\n<meta property=\"article:modified_time\" content=\"2023-07-31T15:27:25+00:00\" \/>\n<meta property=\"og:image\" content=\"https:\/\/aeronoticias.com.pe\/noticiero\/wp-content\/uploads\/2023\/07\/CHINCHERO-1.jpg\" \/>\n\t<meta property=\"og:image:width\" content=\"960\" \/>\n\t<meta property=\"og:image:height\" content=\"540\" \/>\n\t<meta property=\"og:image:type\" content=\"image\/jpeg\" \/>\n<meta name=\"author\" content=\"Redacci\u00f3n\" \/>\n<meta name=\"twitter:card\" content=\"summary_large_image\" \/>\n<meta name=\"twitter:creator\" content=\"@aeronoticias\" \/>\n<meta name=\"twitter:site\" content=\"@aeronoticias\" \/>\n<meta name=\"twitter:label1\" content=\"Escrito por\" \/>\n\t<meta name=\"twitter:data1\" content=\"Redacci\u00f3n\" \/>\n\t<meta name=\"twitter:label2\" content=\"Tiempo de lectura\" \/>\n\t<meta name=\"twitter:data2\" content=\"1 minuto\" \/>\n<script type=\"application\/ld+json\" class=\"yoast-schema-graph\">{\"@context\":\"https:\/\/schema.org\",\"@graph\":[{\"@type\":\"WebPage\",\"@id\":\"https:\/\/aeronoticias.com.pe\/noticiero\/transporte-aereo\/nacional\/construccion-de-la-torre-de-control-y-pista-de-aterrizaje-del-aeropuerto-de-chinchero-empezara-en-setiembre\/\",\"url\":\"https:\/\/aeronoticias.com.pe\/noticiero\/transporte-aereo\/nacional\/construccion-de-la-torre-de-control-y-pista-de-aterrizaje-del-aeropuerto-de-chinchero-empezara-en-setiembre\/\",\"name\":\"Construcci\u00f3n de la torre de control y pista de aterrizaje del aeropuerto de Chinchero empezar\u00e1 en setiembre\",\"isPartOf\":{\"@id\":\"https:\/\/aeronoticias.com.pe\/noticiero\/#website\"},\"primaryImageOfPage\":{\"@id\":\"https:\/\/aeronoticias.com.pe\/noticiero\/transporte-aereo\/nacional\/construccion-de-la-torre-de-control-y-pista-de-aterrizaje-del-aeropuerto-de-chinchero-empezara-en-setiembre\/#primaryimage\"},\"image\":{\"@id\":\"https:\/\/aeronoticias.com.pe\/noticiero\/transporte-aereo\/nacional\/construccion-de-la-torre-de-control-y-pista-de-aterrizaje-del-aeropuerto-de-chinchero-empezara-en-setiembre\/#primaryimage\"},\"thumbnailUrl\":\"https:\/\/aeronoticias.com.pe\/noticiero\/wp-content\/uploads\/2023\/07\/CHINCHERO-1.jpg\",\"datePublished\":\"2023-07-31T15:27:18+00:00\",\"dateModified\":\"2023-07-31T15:27:25+00:00\",\"author\":{\"@id\":\"https:\/\/aeronoticias.com.pe\/noticiero\/#\/schema\/person\/16212a617c73f78916b13194154243bd\"},\"description\":\"Viceministro de Transportes se reuni\u00f3 con el gobernador regional del Cusco y representantes de la PMO para acelerar las obras.\",\"breadcrumb\":{\"@id\":\"https:\/\/aeronoticias.com.pe\/noticiero\/transporte-aereo\/nacional\/construccion-de-la-torre-de-control-y-pista-de-aterrizaje-del-aeropuerto-de-chinchero-empezara-en-setiembre\/#breadcrumb\"},\"inLanguage\":\"es\",\"potentialAction\":[{\"@type\":\"ReadAction\",\"target\":[\"https:\/\/aeronoticias.com.pe\/noticiero\/transporte-aereo\/nacional\/construccion-de-la-torre-de-control-y-pista-de-aterrizaje-del-aeropuerto-de-chinchero-empezara-en-setiembre\/\"]}]},{\"@type\":\"ImageObject\",\"inLanguage\":\"es\",\"@id\":\"https:\/\/aeronoticias.com.pe\/noticiero\/transporte-aereo\/nacional\/construccion-de-la-torre-de-control-y-pista-de-aterrizaje-del-aeropuerto-de-chinchero-empezara-en-setiembre\/#primaryimage\",\"url\":\"https:\/\/aeronoticias.com.pe\/noticiero\/wp-content\/uploads\/2023\/07\/CHINCHERO-1.jpg\",\"contentUrl\":\"https:\/\/aeronoticias.com.pe\/noticiero\/wp-content\/uploads\/2023\/07\/CHINCHERO-1.jpg\",\"width\":960,\"height\":540},{\"@type\":\"BreadcrumbList\",\"@id\":\"https:\/\/aeronoticias.com.pe\/noticiero\/transporte-aereo\/nacional\/construccion-de-la-torre-de-control-y-pista-de-aterrizaje-del-aeropuerto-de-chinchero-empezara-en-setiembre\/#breadcrumb\",\"itemListElement\":[{\"@type\":\"ListItem\",\"position\":1,\"name\":\"Portada\",\"item\":\"https:\/\/aeronoticias.com.pe\/noticiero\/\"},{\"@type\":\"ListItem\",\"position\":2,\"name\":\"Construcci\u00f3n de la torre de control y pista de aterrizaje del aeropuerto de Chinchero empezar\u00e1 en setiembre\"}]},{\"@type\":\"WebSite\",\"@id\":\"https:\/\/aeronoticias.com.pe\/noticiero\/#website\",\"url\":\"https:\/\/aeronoticias.com.pe\/noticiero\/\",\"name\":\"Aeronoticias.com.pe\",\"description\":\"Noticias de tranporte aereo, turismo, hoteles, gastronomia, actualidad, internacional\",\"potentialAction\":[{\"@type\":\"SearchAction\",\"target\":{\"@type\":\"EntryPoint\",\"urlTemplate\":\"https:\/\/aeronoticias.com.pe\/noticiero\/?s={search_term_string}\"},\"query-input\":{\"@type\":\"PropertyValueSpecification\",\"valueRequired\":true,\"valueName\":\"search_term_string\"}}],\"inLanguage\":\"es\"},{\"@type\":\"Person\",\"@id\":\"https:\/\/aeronoticias.com.pe\/noticiero\/#\/schema\/person\/16212a617c73f78916b13194154243bd\",\"name\":\"Redacci\u00f3n\",\"sameAs\":[\"http:\/\/Redacci\u00f3n\"],\"url\":\"https:\/\/aeronoticias.com.pe\/noticiero\/author\/celeste\/\"}]}<\/script>\n<!-- \/ Yoast SEO plugin. -->","yoast_head_json":{"title":"Construcci\u00f3n de la torre de control y pista de aterrizaje del aeropuerto de Chinchero empezar\u00e1 en setiembre","description":"Viceministro de Transportes se reuni\u00f3 con el gobernador regional del Cusco y representantes de la PMO para acelerar las obras.","robots":{"index":"index","follow":"follow","max-snippet":"max-snippet:-1","max-image-preview":"max-image-preview:large","max-video-preview":"max-video-preview:-1"},"canonical":"https:\/\/aeronoticias.com.pe\/noticiero\/transporte-aereo\/nacional\/construccion-de-la-torre-de-control-y-pista-de-aterrizaje-del-aeropuerto-de-chinchero-empezara-en-setiembre\/","og_locale":"es_ES","og_type":"article","og_title":"Construcci\u00f3n de la torre de control y pista de aterrizaje del aeropuerto de Chinchero empezar\u00e1 en setiembre","og_description":"Viceministro de Transportes se reuni\u00f3 con el gobernador regional del Cusco y representantes de la PMO para acelerar las obras.","og_url":"https:\/\/aeronoticias.com.pe\/noticiero\/transporte-aereo\/nacional\/construccion-de-la-torre-de-control-y-pista-de-aterrizaje-del-aeropuerto-de-chinchero-empezara-en-setiembre\/","og_site_name":"Aeronoticias.com.pe","article_publisher":"https:\/\/www.facebook.com\/Aeronoticias.com.pe\/","article_published_time":"2023-07-31T15:27:18+00:00","article_modified_time":"2023-07-31T15:27:25+00:00","og_image":[{"width":960,"height":540,"url":"https:\/\/aeronoticias.com.pe\/noticiero\/wp-content\/uploads\/2023\/07\/CHINCHERO-1.jpg","type":"image\/jpeg"}],"author":"Redacci\u00f3n","twitter_card":"summary_large_image","twitter_creator":"@aeronoticias","twitter_site":"@aeronoticias","twitter_misc":{"Escrito por":"Redacci\u00f3n","Tiempo de lectura":"1 minuto"},"schema":{"@context":"https:\/\/schema.org","@graph":[{"@type":"WebPage","@id":"https:\/\/aeronoticias.com.pe\/noticiero\/transporte-aereo\/nacional\/construccion-de-la-torre-de-control-y-pista-de-aterrizaje-del-aeropuerto-de-chinchero-empezara-en-setiembre\/","url":"https:\/\/aeronoticias.com.pe\/noticiero\/transporte-aereo\/nacional\/construccion-de-la-torre-de-control-y-pista-de-aterrizaje-del-aeropuerto-de-chinchero-empezara-en-setiembre\/","name":"Construcci\u00f3n de la torre de control y pista de aterrizaje del aeropuerto de Chinchero empezar\u00e1 en setiembre","isPartOf":{"@id":"https:\/\/aeronoticias.com.pe\/noticiero\/#website"},"primaryImageOfPage":{"@id":"https:\/\/aeronoticias.com.pe\/noticiero\/transporte-aereo\/nacional\/construccion-de-la-torre-de-control-y-pista-de-aterrizaje-del-aeropuerto-de-chinchero-empezara-en-setiembre\/#primaryimage"},"image":{"@id":"https:\/\/aeronoticias.com.pe\/noticiero\/transporte-aereo\/nacional\/construccion-de-la-torre-de-control-y-pista-de-aterrizaje-del-aeropuerto-de-chinchero-empezara-en-setiembre\/#primaryimage"},"thumbnailUrl":"https:\/\/aeronoticias.com.pe\/noticiero\/wp-content\/uploads\/2023\/07\/CHINCHERO-1.jpg","datePublished":"2023-07-31T15:27:18+00:00","dateModified":"2023-07-31T15:27:25+00:00","author":{"@id":"https:\/\/aeronoticias.com.pe\/noticiero\/#\/schema\/person\/16212a617c73f78916b13194154243bd"},"description":"Viceministro de Transportes se reuni\u00f3 con el gobernador regional del Cusco y representantes de la PMO para acelerar las obras.","breadcrumb":{"@id":"https:\/\/aeronoticias.com.pe\/noticiero\/transporte-aereo\/nacional\/construccion-de-la-torre-de-control-y-pista-de-aterrizaje-del-aeropuerto-de-chinchero-empezara-en-setiembre\/#breadcrumb"},"inLanguage":"es","potentialAction":[{"@type":"ReadAction","target":["https:\/\/aeronoticias.com.pe\/noticiero\/transporte-aereo\/nacional\/construccion-de-la-torre-de-control-y-pista-de-aterrizaje-del-aeropuerto-de-chinchero-empezara-en-setiembre\/"]}]},{"@type":"ImageObject","inLanguage":"es","@id":"https:\/\/aeronoticias.com.pe\/noticiero\/transporte-aereo\/nacional\/construccion-de-la-torre-de-control-y-pista-de-aterrizaje-del-aeropuerto-de-chinchero-empezara-en-setiembre\/#primaryimage","url":"https:\/\/aeronoticias.com.pe\/noticiero\/wp-content\/uploads\/2023\/07\/CHINCHERO-1.jpg","contentUrl":"https:\/\/aeronoticias.com.pe\/noticiero\/wp-content\/uploads\/2023\/07\/CHINCHERO-1.jpg","width":960,"height":540},{"@type":"BreadcrumbList","@id":"https:\/\/aeronoticias.com.pe\/noticiero\/transporte-aereo\/nacional\/construccion-de-la-torre-de-control-y-pista-de-aterrizaje-del-aeropuerto-de-chinchero-empezara-en-setiembre\/#breadcrumb","itemListElement":[{"@type":"ListItem","position":1,"name":"Portada","item":"https:\/\/aeronoticias.com.pe\/noticiero\/"},{"@type":"ListItem","position":2,"name":"Construcci\u00f3n de la torre de control y pista de aterrizaje del aeropuerto de Chinchero empezar\u00e1 en setiembre"}]},{"@type":"WebSite","@id":"https:\/\/aeronoticias.com.pe\/noticiero\/#website","url":"https:\/\/aeronoticias.com.pe\/noticiero\/","name":"Aeronoticias.com.pe","description":"Noticias de tranporte aereo, turismo, hoteles, gastronomia, actualidad, internacional","potentialAction":[{"@type":"SearchAction","target":{"@type":"EntryPoint","urlTemplate":"https:\/\/aeronoticias.com.pe\/noticiero\/?s={search_term_string}"},"query-input":{"@type":"PropertyValueSpecification","valueRequired":true,"valueName":"search_term_string"}}],"inLanguage":"es"},{"@type":"Person","@id":"https:\/\/aeronoticias.com.pe\/noticiero\/#\/schema\/person\/16212a617c73f78916b13194154243bd","name":"Redacci\u00f3n","sameAs":["http:\/\/Redacci\u00f3n"],"url":"https:\/\/aeronoticias.com.pe\/noticiero\/author\/celeste\/"}]}},"_links":{"self":[{"href":"https:\/\/aeronoticias.com.pe\/noticiero\/wp-json\/wp\/v2\/posts\/84857","targetHints":{"allow":["GET"]}}],"collection":[{"href":"https:\/\/aeronoticias.com.pe\/noticiero\/wp-json\/wp\/v2\/posts"}],"about":[{"href":"https:\/\/aeronoticias.com.pe\/noticiero\/wp-json\/wp\/v2\/types\/post"}],"author":[{"embeddable":true,"href":"https:\/\/aeronoticias.com.pe\/noticiero\/wp-json\/wp\/v2\/users\/3"}],"replies":[{"embeddable":true,"href":"https:\/\/aeronoticias.com.pe\/noticiero\/wp-json\/wp\/v2\/comments?post=84857"}],"version-history":[{"count":0,"href":"https:\/\/aeronoticias.com.pe\/noticiero\/wp-json\/wp\/v2\/posts\/84857\/revisions"}],"wp:featuredmedia":[{"embeddable":true,"href":"https:\/\/aeronoticias.com.pe\/noticiero\/wp-json\/wp\/v2\/media\/84862"}],"wp:attachment":[{"href":"https:\/\/aeronoticias.com.pe\/noticiero\/wp-json\/wp\/v2\/media?parent=84857"}],"wp:term":[{"taxonomy":"category","embeddable":true,"href":"https:\/\/aeronoticias.com.pe\/noticiero\/wp-json\/wp\/v2\/categories?post=84857"},{"taxonomy":"post_tag","embeddable":true,"href":"https:\/\/aeronoticias.com.pe\/noticiero\/wp-json\/wp\/v2\/tags?post=84857"}],"curies":[{"name":"wp","href":"https:\/\/api.w.org\/{rel}","templated":true}]}}