{"id":84864,"date":"2023-07-29T06:15:12","date_gmt":"2023-07-29T11:15:12","guid":{"rendered":"https:\/\/aeronoticias.com.pe\/noticiero\/?p=84864"},"modified":"2023-07-31T10:33:38","modified_gmt":"2023-07-31T15:33:38","slug":"peru-avanza-en-la-proteccion-del-medio-ambiente","status":"publish","type":"post","link":"https:\/\/aeronoticias.com.pe\/noticiero\/ultimas\/peru-avanza-en-la-proteccion-del-medio-ambiente\/","title":{"rendered":"\u00abPer\u00fa avanza en la protecci\u00f3n del medio ambiente\u00bb"},"content":{"rendered":"\n<p>(Aeronoticias) El gobierno peruano ha implementado diversas medidas para proteger el medio ambiente y combatir el cambio clim\u00e1tico. Recientemente, se han establecido \u00e1reas protegidas adicionales y se han promovido pol\u00edticas de conservaci\u00f3n de la biodiversidad. Estos esfuerzos demuestran el compromiso de Per\u00fa con la preservaci\u00f3n de sus recursos naturales y la promoci\u00f3n de un desarrollo sostenible.<br><br>\u00bfPor qu\u00e9?<br>Per\u00fa avanza en la protecci\u00f3n del medio ambiente debido a la creciente conciencia sobre la importancia de preservar los recursos naturales y combatir el cambio clim\u00e1tico. El gobierno peruano ha implementado diversas medidas para promover la conservaci\u00f3n de la biodiversidad y la sostenibilidad ambiental.<\/p>\n\n\n\n<p>Estas acciones incluyen la creaci\u00f3n de \u00e1reas protegidas adicionales, la promoci\u00f3n de pr\u00e1cticas de manejo forestal sostenible, la implementaci\u00f3n de pol\u00edticas de conservaci\u00f3n del agua y la promoci\u00f3n de energ\u00edas renovables. Adem\u00e1s, se han establecido programas de educaci\u00f3n ambiental para concienciar a la poblaci\u00f3n sobre la importancia de cuidar el entorno natural.<\/p>\n\n\n\n<p>El compromiso de Per\u00fa con la protecci\u00f3n del medio ambiente tambi\u00e9n se refleja en su participaci\u00f3n en acuerdos internacionales, como el Acuerdo de Par\u00eds sobre el cambio clim\u00e1tico. A trav\u00e9s de estas acciones, Per\u00fa busca garantizar un desarrollo sostenible que beneficie tanto a las generaciones presentes como futuras.<\/p>\n\n\n\n<p>Es importante destacar que la protecci\u00f3n del medio ambiente no solo tiene beneficios ambientales, sino tambi\u00e9n econ\u00f3micos y sociales. La conservaci\u00f3n de los recursos naturales contribuye a la generaci\u00f3n de empleo, el turismo sostenible y la mejora de la calidad de vida de las comunidades locales.<\/p>\n\n\n\n<p>En resumen, Per\u00fa avanza en la protecci\u00f3n del medio ambiente debido a la creciente conciencia sobre su importancia, la implementaci\u00f3n de medidas gubernamentales y la participaci\u00f3n en acuerdos internacionales. Estos esfuerzos buscan garantizar un desarrollo sostenible y preservar los valiosos recursos naturales del pa\u00eds.<br><br><em>Fuente: Andina.pe<br><\/em><br><strong><em>Por: Sebasti\u00e1n Palacin<\/em><\/strong><\/p>\n","protected":false},"excerpt":{"rendered":"<p>(Aeronoticias) El gobierno peruano ha implementado diversas medidas para proteger el medio ambiente y combatir el cambio clim\u00e1tico. Recientemente, se han establecido \u00e1reas protegidas adicionales y se han promovido pol\u00edticas de conservaci\u00f3n de la biodiversidad. Estos esfuerzos demuestran el compromiso de Per\u00fa con la preservaci\u00f3n de sus recursos naturales y la promoci\u00f3n de un desarrollo [&hellip;]<\/p>\n","protected":false},"author":3,"featured_media":84869,"comment_status":"open","ping_status":"open","sticky":false,"template":"","format":"standard","meta":{"tdm_status":"","tdm_grid_status":"","footnotes":""},"categories":[8,30],"tags":[],"class_list":{"0":"post-84864","1":"post","2":"type-post","3":"status-publish","4":"format-standard","5":"has-post-thumbnail","7":"category-ultimas","8":"category-30"},"yoast_head":"<!-- This site is optimized with the Yoast SEO plugin v25.1 - https:\/\/yoast.com\/wordpress\/plugins\/seo\/ -->\n<title>&quot;Per\u00fa avanza en la protecci\u00f3n del medio ambiente&quot;<\/title>\n<meta name=\"description\" content=\"El gobierno peruano ha implementado diversas medidas para proteger el medio ambiente y combatir el cambio clim\u00e1tico.\" \/>\n<meta name=\"robots\" content=\"index, follow, max-snippet:-1, max-image-preview:large, max-video-preview:-1\" \/>\n<link rel=\"canonical\" href=\"https:\/\/aeronoticias.com.pe\/noticiero\/ultimas\/peru-avanza-en-la-proteccion-del-medio-ambiente\/\" \/>\n<meta property=\"og:locale\" content=\"es_ES\" \/>\n<meta property=\"og:type\" content=\"article\" \/>\n<meta property=\"og:title\" content=\"&quot;Per\u00fa avanza en la protecci\u00f3n del medio ambiente&quot;\" \/>\n<meta property=\"og:description\" content=\"El gobierno peruano ha implementado diversas medidas para proteger el medio ambiente y combatir el cambio clim\u00e1tico.\" \/>\n<meta property=\"og:url\" content=\"https:\/\/aeronoticias.com.pe\/noticiero\/ultimas\/peru-avanza-en-la-proteccion-del-medio-ambiente\/\" \/>\n<meta property=\"og:site_name\" content=\"Aeronoticias.com.pe\" \/>\n<meta property=\"article:publisher\" content=\"https:\/\/www.facebook.com\/Aeronoticias.com.pe\/\" \/>\n<meta property=\"article:published_time\" content=\"2023-07-29T11:15:12+00:00\" \/>\n<meta property=\"article:modified_time\" content=\"2023-07-31T15:33:38+00:00\" \/>\n<meta property=\"og:image\" content=\"https:\/\/aeronoticias.com.pe\/noticiero\/wp-content\/uploads\/2023\/07\/mambiente.jpg\" \/>\n\t<meta property=\"og:image:width\" content=\"760\" \/>\n\t<meta property=\"og:image:height\" content=\"507\" \/>\n\t<meta property=\"og:image:type\" content=\"image\/jpeg\" \/>\n<meta name=\"author\" content=\"Redacci\u00f3n\" \/>\n<meta name=\"twitter:card\" content=\"summary_large_image\" \/>\n<meta name=\"twitter:creator\" content=\"@aeronoticias\" \/>\n<meta name=\"twitter:site\" content=\"@aeronoticias\" \/>\n<meta name=\"twitter:label1\" content=\"Escrito por\" \/>\n\t<meta name=\"twitter:data1\" content=\"Redacci\u00f3n\" \/>\n\t<meta name=\"twitter:label2\" content=\"Tiempo de lectura\" \/>\n\t<meta name=\"twitter:data2\" content=\"2 minutos\" \/>\n<script type=\"application\/ld+json\" class=\"yoast-schema-graph\">{\"@context\":\"https:\/\/schema.org\",\"@graph\":[{\"@type\":\"WebPage\",\"@id\":\"https:\/\/aeronoticias.com.pe\/noticiero\/ultimas\/peru-avanza-en-la-proteccion-del-medio-ambiente\/\",\"url\":\"https:\/\/aeronoticias.com.pe\/noticiero\/ultimas\/peru-avanza-en-la-proteccion-del-medio-ambiente\/\",\"name\":\"\\\"Per\u00fa avanza en la protecci\u00f3n del medio ambiente\\\"\",\"isPartOf\":{\"@id\":\"https:\/\/aeronoticias.com.pe\/noticiero\/#website\"},\"primaryImageOfPage\":{\"@id\":\"https:\/\/aeronoticias.com.pe\/noticiero\/ultimas\/peru-avanza-en-la-proteccion-del-medio-ambiente\/#primaryimage\"},\"image\":{\"@id\":\"https:\/\/aeronoticias.com.pe\/noticiero\/ultimas\/peru-avanza-en-la-proteccion-del-medio-ambiente\/#primaryimage\"},\"thumbnailUrl\":\"https:\/\/aeronoticias.com.pe\/noticiero\/wp-content\/uploads\/2023\/07\/mambiente.jpg\",\"datePublished\":\"2023-07-29T11:15:12+00:00\",\"dateModified\":\"2023-07-31T15:33:38+00:00\",\"author\":{\"@id\":\"https:\/\/aeronoticias.com.pe\/noticiero\/#\/schema\/person\/16212a617c73f78916b13194154243bd\"},\"description\":\"El gobierno peruano ha implementado diversas medidas para proteger el medio ambiente y combatir el cambio clim\u00e1tico.\",\"breadcrumb\":{\"@id\":\"https:\/\/aeronoticias.com.pe\/noticiero\/ultimas\/peru-avanza-en-la-proteccion-del-medio-ambiente\/#breadcrumb\"},\"inLanguage\":\"es\",\"potentialAction\":[{\"@type\":\"ReadAction\",\"target\":[\"https:\/\/aeronoticias.com.pe\/noticiero\/ultimas\/peru-avanza-en-la-proteccion-del-medio-ambiente\/\"]}]},{\"@type\":\"ImageObject\",\"inLanguage\":\"es\",\"@id\":\"https:\/\/aeronoticias.com.pe\/noticiero\/ultimas\/peru-avanza-en-la-proteccion-del-medio-ambiente\/#primaryimage\",\"url\":\"https:\/\/aeronoticias.com.pe\/noticiero\/wp-content\/uploads\/2023\/07\/mambiente.jpg\",\"contentUrl\":\"https:\/\/aeronoticias.com.pe\/noticiero\/wp-content\/uploads\/2023\/07\/mambiente.jpg\",\"width\":760,\"height\":507},{\"@type\":\"BreadcrumbList\",\"@id\":\"https:\/\/aeronoticias.com.pe\/noticiero\/ultimas\/peru-avanza-en-la-proteccion-del-medio-ambiente\/#breadcrumb\",\"itemListElement\":[{\"@type\":\"ListItem\",\"position\":1,\"name\":\"Portada\",\"item\":\"https:\/\/aeronoticias.com.pe\/noticiero\/\"},{\"@type\":\"ListItem\",\"position\":2,\"name\":\"\u00abPer\u00fa avanza en la protecci\u00f3n del medio ambiente\u00bb\"}]},{\"@type\":\"WebSite\",\"@id\":\"https:\/\/aeronoticias.com.pe\/noticiero\/#website\",\"url\":\"https:\/\/aeronoticias.com.pe\/noticiero\/\",\"name\":\"Aeronoticias.com.pe\",\"description\":\"Noticias de tranporte aereo, turismo, hoteles, gastronomia, actualidad, internacional\",\"potentialAction\":[{\"@type\":\"SearchAction\",\"target\":{\"@type\":\"EntryPoint\",\"urlTemplate\":\"https:\/\/aeronoticias.com.pe\/noticiero\/?s={search_term_string}\"},\"query-input\":{\"@type\":\"PropertyValueSpecification\",\"valueRequired\":true,\"valueName\":\"search_term_string\"}}],\"inLanguage\":\"es\"},{\"@type\":\"Person\",\"@id\":\"https:\/\/aeronoticias.com.pe\/noticiero\/#\/schema\/person\/16212a617c73f78916b13194154243bd\",\"name\":\"Redacci\u00f3n\",\"sameAs\":[\"http:\/\/Redacci\u00f3n\"],\"url\":\"https:\/\/aeronoticias.com.pe\/noticiero\/author\/celeste\/\"}]}<\/script>\n<!-- \/ Yoast SEO plugin. -->","yoast_head_json":{"title":"\"Per\u00fa avanza en la protecci\u00f3n del medio ambiente\"","description":"El gobierno peruano ha implementado diversas medidas para proteger el medio ambiente y combatir el cambio clim\u00e1tico.","robots":{"index":"index","follow":"follow","max-snippet":"max-snippet:-1","max-image-preview":"max-image-preview:large","max-video-preview":"max-video-preview:-1"},"canonical":"https:\/\/aeronoticias.com.pe\/noticiero\/ultimas\/peru-avanza-en-la-proteccion-del-medio-ambiente\/","og_locale":"es_ES","og_type":"article","og_title":"\"Per\u00fa avanza en la protecci\u00f3n del medio ambiente\"","og_description":"El gobierno peruano ha implementado diversas medidas para proteger el medio ambiente y combatir el cambio clim\u00e1tico.","og_url":"https:\/\/aeronoticias.com.pe\/noticiero\/ultimas\/peru-avanza-en-la-proteccion-del-medio-ambiente\/","og_site_name":"Aeronoticias.com.pe","article_publisher":"https:\/\/www.facebook.com\/Aeronoticias.com.pe\/","article_published_time":"2023-07-29T11:15:12+00:00","article_modified_time":"2023-07-31T15:33:38+00:00","og_image":[{"width":760,"height":507,"url":"https:\/\/aeronoticias.com.pe\/noticiero\/wp-content\/uploads\/2023\/07\/mambiente.jpg","type":"image\/jpeg"}],"author":"Redacci\u00f3n","twitter_card":"summary_large_image","twitter_creator":"@aeronoticias","twitter_site":"@aeronoticias","twitter_misc":{"Escrito por":"Redacci\u00f3n","Tiempo de lectura":"2 minutos"},"schema":{"@context":"https:\/\/schema.org","@graph":[{"@type":"WebPage","@id":"https:\/\/aeronoticias.com.pe\/noticiero\/ultimas\/peru-avanza-en-la-proteccion-del-medio-ambiente\/","url":"https:\/\/aeronoticias.com.pe\/noticiero\/ultimas\/peru-avanza-en-la-proteccion-del-medio-ambiente\/","name":"\"Per\u00fa avanza en la protecci\u00f3n del medio ambiente\"","isPartOf":{"@id":"https:\/\/aeronoticias.com.pe\/noticiero\/#website"},"primaryImageOfPage":{"@id":"https:\/\/aeronoticias.com.pe\/noticiero\/ultimas\/peru-avanza-en-la-proteccion-del-medio-ambiente\/#primaryimage"},"image":{"@id":"https:\/\/aeronoticias.com.pe\/noticiero\/ultimas\/peru-avanza-en-la-proteccion-del-medio-ambiente\/#primaryimage"},"thumbnailUrl":"https:\/\/aeronoticias.com.pe\/noticiero\/wp-content\/uploads\/2023\/07\/mambiente.jpg","datePublished":"2023-07-29T11:15:12+00:00","dateModified":"2023-07-31T15:33:38+00:00","author":{"@id":"https:\/\/aeronoticias.com.pe\/noticiero\/#\/schema\/person\/16212a617c73f78916b13194154243bd"},"description":"El gobierno peruano ha implementado diversas medidas para proteger el medio ambiente y combatir el cambio clim\u00e1tico.","breadcrumb":{"@id":"https:\/\/aeronoticias.com.pe\/noticiero\/ultimas\/peru-avanza-en-la-proteccion-del-medio-ambiente\/#breadcrumb"},"inLanguage":"es","potentialAction":[{"@type":"ReadAction","target":["https:\/\/aeronoticias.com.pe\/noticiero\/ultimas\/peru-avanza-en-la-proteccion-del-medio-ambiente\/"]}]},{"@type":"ImageObject","inLanguage":"es","@id":"https:\/\/aeronoticias.com.pe\/noticiero\/ultimas\/peru-avanza-en-la-proteccion-del-medio-ambiente\/#primaryimage","url":"https:\/\/aeronoticias.com.pe\/noticiero\/wp-content\/uploads\/2023\/07\/mambiente.jpg","contentUrl":"https:\/\/aeronoticias.com.pe\/noticiero\/wp-content\/uploads\/2023\/07\/mambiente.jpg","width":760,"height":507},{"@type":"BreadcrumbList","@id":"https:\/\/aeronoticias.com.pe\/noticiero\/ultimas\/peru-avanza-en-la-proteccion-del-medio-ambiente\/#breadcrumb","itemListElement":[{"@type":"ListItem","position":1,"name":"Portada","item":"https:\/\/aeronoticias.com.pe\/noticiero\/"},{"@type":"ListItem","position":2,"name":"\u00abPer\u00fa avanza en la protecci\u00f3n del medio ambiente\u00bb"}]},{"@type":"WebSite","@id":"https:\/\/aeronoticias.com.pe\/noticiero\/#website","url":"https:\/\/aeronoticias.com.pe\/noticiero\/","name":"Aeronoticias.com.pe","description":"Noticias de tranporte aereo, turismo, hoteles, gastronomia, actualidad, internacional","potentialAction":[{"@type":"SearchAction","target":{"@type":"EntryPoint","urlTemplate":"https:\/\/aeronoticias.com.pe\/noticiero\/?s={search_term_string}"},"query-input":{"@type":"PropertyValueSpecification","valueRequired":true,"valueName":"search_term_string"}}],"inLanguage":"es"},{"@type":"Person","@id":"https:\/\/aeronoticias.com.pe\/noticiero\/#\/schema\/person\/16212a617c73f78916b13194154243bd","name":"Redacci\u00f3n","sameAs":["http:\/\/Redacci\u00f3n"],"url":"https:\/\/aeronoticias.com.pe\/noticiero\/author\/celeste\/"}]}},"_links":{"self":[{"href":"https:\/\/aeronoticias.com.pe\/noticiero\/wp-json\/wp\/v2\/posts\/84864","targetHints":{"allow":["GET"]}}],"collection":[{"href":"https:\/\/aeronoticias.com.pe\/noticiero\/wp-json\/wp\/v2\/posts"}],"about":[{"href":"https:\/\/aeronoticias.com.pe\/noticiero\/wp-json\/wp\/v2\/types\/post"}],"author":[{"embeddable":true,"href":"https:\/\/aeronoticias.com.pe\/noticiero\/wp-json\/wp\/v2\/users\/3"}],"replies":[{"embeddable":true,"href":"https:\/\/aeronoticias.com.pe\/noticiero\/wp-json\/wp\/v2\/comments?post=84864"}],"version-history":[{"count":0,"href":"https:\/\/aeronoticias.com.pe\/noticiero\/wp-json\/wp\/v2\/posts\/84864\/revisions"}],"wp:featuredmedia":[{"embeddable":true,"href":"https:\/\/aeronoticias.com.pe\/noticiero\/wp-json\/wp\/v2\/media\/84869"}],"wp:attachment":[{"href":"https:\/\/aeronoticias.com.pe\/noticiero\/wp-json\/wp\/v2\/media?parent=84864"}],"wp:term":[{"taxonomy":"category","embeddable":true,"href":"https:\/\/aeronoticias.com.pe\/noticiero\/wp-json\/wp\/v2\/categories?post=84864"},{"taxonomy":"post_tag","embeddable":true,"href":"https:\/\/aeronoticias.com.pe\/noticiero\/wp-json\/wp\/v2\/tags?post=84864"}],"curies":[{"name":"wp","href":"https:\/\/api.w.org\/{rel}","templated":true}]}}