{"id":84870,"date":"2023-07-31T11:29:43","date_gmt":"2023-07-31T16:29:43","guid":{"rendered":"https:\/\/aeronoticias.com.pe\/noticiero\/?p=84870"},"modified":"2023-07-31T11:29:47","modified_gmt":"2023-07-31T16:29:47","slug":"trujillo-continua-la-busqueda-de-tripulantes-de-avioneta-que-cayo-al-mar-de-huanchaco","status":"publish","type":"post","link":"https:\/\/aeronoticias.com.pe\/noticiero\/ultimas\/trujillo-continua-la-busqueda-de-tripulantes-de-avioneta-que-cayo-al-mar-de-huanchaco\/","title":{"rendered":"Trujillo:  contin\u00faa la b\u00fasqueda de tripulantes de avioneta que cay\u00f3 al mar de Huanchaco"},"content":{"rendered":"\n<p><strong>(Aeronoticias)<\/strong>: <strong>Personal de rescate de la Marina de Guerra del Per\u00fa contin\u00faa la b\u00fasqueda de los tripulantes desaparecidos tras el accidente de la avioneta Cessna 172 en el mar de Huanchaco, ciudad de\u00a0<\/strong><a href=\"https:\/\/elcomercio.pe\/noticias\/trujillo\/?ref=ecr\/\" target=\"_blank\" rel=\"noreferrer noopener\"><strong>Trujillo<\/strong><\/a><strong>\u00a0(La Libertad). El tr\u00e1gico hecho ocurri\u00f3 la noche del viernes 28 de julio.<\/strong><\/p>\n\n\n\n<p>Familiares de los desaparecidos indicaron al medio local&nbsp;<strong>Sol Tvper\u00fa&nbsp;<\/strong>que solo se ha trasladado en helic\u00f3ptero el cad\u00e1ver de la estudiante trujillana Fabiana Hern\u00e1ndez (18). As\u00ed lo confirmaron tambi\u00e9n representantes de la Marina de Guerra.<\/p>\n\n\n\n<p>Tambi\u00e9n se sum\u00f3 a la b\u00fasqueda un equipo de la<strong>\u00a0Fuerza A\u00e9rea del Per\u00fa.\u00a0<\/strong>En el operativo de\u00a0<strong>rescate<\/strong>\u00a0participan activamente los bomberos de Huanchaco y el equipo de emergencias del Gobierno Regional de La Libertad.<\/p>\n\n\n\n<p>El jefe de la Capitan\u00eda del Puerto de Salaverry,&nbsp;<strong>Richard Fuchs<\/strong>, indic\u00f3 que la b\u00fasqueda se reanud\u00f3 en la madrugada de este domingo, 30 de julio, con tres patrulleras de costa, una patrullera mar\u00edtima y un helic\u00f3ptero equipado para b\u00fasqueda y rescate.<\/p>\n\n\n\n<p>A\u00f1adi\u00f3 que unas 60 personas, entre tripulaci\u00f3n y personal de b\u00fasqueda, estar\u00edan replegadas para realizar esta importante labor.<\/p>\n\n\n\n<p>\u201c<em>Es un tema muy delicado, son pocas las probabilidades (de encontrar a los tripulantes de la avioneta con vida) dado el tiempo transcurrido,<strong>\u00a0pero no perdemos la esperanza y vamos a continuar con las labores de b\u00fasqueda\u201d,<\/strong><\/em>indic\u00f3 Fuchs a\u00a0<strong>Sol tvper\u00fa.<\/strong><\/p>\n\n\n\n<h2 class=\"wp-block-heading\"><strong>El Caso<\/strong><\/h2>\n\n\n\n<p>La avioneta Cessna 172 sali\u00f3 desde&nbsp;<a href=\"https:\/\/soltvperu.com\/orlando-chiclayo-busca-cirugia-extranjero\/\"><strong>Chiclayo<\/strong><\/a>&nbsp;y alrededor a las 6:50 p.m. se declar\u00f3 en emergencia mientras se encontraba a diez kil\u00f3metros de la&nbsp;<strong>costa<\/strong>, con la aparente intenci\u00f3n de amerizar en el mar de Huanchaco.<\/p>\n\n\n\n<p>Tras perder la comunicaci\u00f3n, el equipo de Rescate de la\u00a0<strong>Marina de Guerra del Per\u00fa<\/strong>\u00a0ingres\u00f3 al mar a realizar la b\u00fasqueda de la aeronave que pertenece a la escuela privada Juan Bielovucic Cavalier.<\/p>\n\n\n\n<p>Las v\u00edctimas son Mayt Franklin Jim\u00e9nez Barreto (19), Fabiana Esther Hern\u00e1ndez Barba (18), Santiago Francisco Aldaz Garc\u00eda (30) y Boris Corrales.<\/p>\n\n\n\n<div class=\"wp-block-image\"><figure class=\"aligncenter is-resized\"><img loading=\"lazy\" decoding=\"async\" src=\"https:\/\/scontent.flim16-2.fna.fbcdn.net\/v\/t39.30808-6\/364133659_333330395684635_5655069379951059087_n.jpg?stp=dst-jpg_p526x296&amp;_nc_cat=104&amp;cb=99be929b-3346023f&amp;ccb=1-7&amp;_nc_sid=8024bb&amp;_nc_eui2=AeETXfYx3VUOtipf3KdxxU1t1jR8SqL4oLfWNHxKovigtyg3XvYtoJNjT4PMq1SmtUR7aO3i0laayn7aaXVhteyI&amp;_nc_ohc=ceJCUCYhOEAAX_rP96c&amp;_nc_ht=scontent.flim16-2.fna&amp;edm=AN6CN6oEAAAA&amp;oh=00_AfB_x5uISm37BHsp4Vm3B4YiFQ_rkDRbFLCUJhz56nbphw&amp;oe=64CC4203\" alt=\"\" width=\"588\" height=\"588\"\/><\/figure><\/div>\n\n\n\n<p>En tanto, el MTC inform\u00f3 que viene realizando las acciones necesarias en coordinaci\u00f3n con las autoridades competentes para atender el incidente de manera r\u00e1pida, a fin de ubicar a las personas que iban a bordo de la\u00a0<strong>avioneta<\/strong>.<\/p>\n\n\n\n<p><strong>Fuente: elcomercio.pe<\/strong><\/p>\n","protected":false},"excerpt":{"rendered":"<p>(Aeronoticias): Personal de rescate de la Marina de Guerra del Per\u00fa contin\u00faa la b\u00fasqueda de los tripulantes desaparecidos tras el accidente de la avioneta Cessna 172 en el mar de Huanchaco, ciudad de\u00a0Trujillo\u00a0(La Libertad). El tr\u00e1gico hecho ocurri\u00f3 la noche del viernes 28 de julio. Familiares de los desaparecidos indicaron al medio local&nbsp;Sol Tvper\u00fa&nbsp;que solo [&hellip;]<\/p>\n","protected":false},"author":3,"featured_media":84871,"comment_status":"open","ping_status":"open","sticky":false,"template":"","format":"standard","meta":{"tdm_status":"","tdm_grid_status":"","footnotes":""},"categories":[8,30],"tags":[3306,184,2421],"class_list":{"0":"post-84870","1":"post","2":"type-post","3":"status-publish","4":"format-standard","5":"has-post-thumbnail","7":"category-ultimas","8":"category-30","9":"tag-fuerza-aerea-del-peru","10":"tag-mtc","11":"tag-trujillo"},"yoast_head":"<!-- This site is optimized with the Yoast SEO plugin v25.1 - https:\/\/yoast.com\/wordpress\/plugins\/seo\/ -->\n<title>Trujillo: contin\u00faa la b\u00fasqueda de tripulantes de avioneta que cay\u00f3 al mar de Huanchaco<\/title>\n<meta name=\"description\" content=\"La nave cay\u00f3 mar adentro a 10 kil\u00f3metros del aeropuerto Carlos Mart\u00ednez de Pinillos. Por el momento solo se ha recuperado el cuerpo de la estudiante trujillana Fabiana Hern\u00e1ndez (18). B\u00fasqueda se reanud\u00f3 a las 4:00 a.m. del domingo 30.\" \/>\n<meta name=\"robots\" content=\"index, follow, max-snippet:-1, max-image-preview:large, max-video-preview:-1\" \/>\n<link rel=\"canonical\" href=\"https:\/\/aeronoticias.com.pe\/noticiero\/ultimas\/trujillo-continua-la-busqueda-de-tripulantes-de-avioneta-que-cayo-al-mar-de-huanchaco\/\" \/>\n<meta property=\"og:locale\" content=\"es_ES\" \/>\n<meta property=\"og:type\" content=\"article\" \/>\n<meta property=\"og:title\" content=\"Trujillo: contin\u00faa la b\u00fasqueda de tripulantes de avioneta que cay\u00f3 al mar de Huanchaco\" \/>\n<meta property=\"og:description\" content=\"La nave cay\u00f3 mar adentro a 10 kil\u00f3metros del aeropuerto Carlos Mart\u00ednez de Pinillos. Por el momento solo se ha recuperado el cuerpo de la estudiante trujillana Fabiana Hern\u00e1ndez (18). B\u00fasqueda se reanud\u00f3 a las 4:00 a.m. del domingo 30.\" \/>\n<meta property=\"og:url\" content=\"https:\/\/aeronoticias.com.pe\/noticiero\/ultimas\/trujillo-continua-la-busqueda-de-tripulantes-de-avioneta-que-cayo-al-mar-de-huanchaco\/\" \/>\n<meta property=\"og:site_name\" content=\"Aeronoticias.com.pe\" \/>\n<meta property=\"article:publisher\" content=\"https:\/\/www.facebook.com\/Aeronoticias.com.pe\/\" \/>\n<meta property=\"article:published_time\" content=\"2023-07-31T16:29:43+00:00\" \/>\n<meta property=\"article:modified_time\" content=\"2023-07-31T16:29:47+00:00\" \/>\n<meta property=\"og:image\" content=\"https:\/\/aeronoticias.com.pe\/noticiero\/wp-content\/uploads\/2023\/07\/huanchaco2.jpg\" \/>\n\t<meta property=\"og:image:width\" content=\"622\" \/>\n\t<meta property=\"og:image:height\" content=\"348\" \/>\n\t<meta property=\"og:image:type\" content=\"image\/jpeg\" \/>\n<meta name=\"author\" content=\"Redacci\u00f3n\" \/>\n<meta name=\"twitter:card\" content=\"summary_large_image\" \/>\n<meta name=\"twitter:creator\" content=\"@aeronoticias\" \/>\n<meta name=\"twitter:site\" content=\"@aeronoticias\" \/>\n<meta name=\"twitter:label1\" content=\"Escrito por\" \/>\n\t<meta name=\"twitter:data1\" content=\"Redacci\u00f3n\" \/>\n\t<meta name=\"twitter:label2\" content=\"Tiempo de lectura\" \/>\n\t<meta name=\"twitter:data2\" content=\"2 minutos\" \/>\n<script type=\"application\/ld+json\" class=\"yoast-schema-graph\">{\"@context\":\"https:\/\/schema.org\",\"@graph\":[{\"@type\":\"WebPage\",\"@id\":\"https:\/\/aeronoticias.com.pe\/noticiero\/ultimas\/trujillo-continua-la-busqueda-de-tripulantes-de-avioneta-que-cayo-al-mar-de-huanchaco\/\",\"url\":\"https:\/\/aeronoticias.com.pe\/noticiero\/ultimas\/trujillo-continua-la-busqueda-de-tripulantes-de-avioneta-que-cayo-al-mar-de-huanchaco\/\",\"name\":\"Trujillo: contin\u00faa la b\u00fasqueda de tripulantes de avioneta que cay\u00f3 al mar de Huanchaco\",\"isPartOf\":{\"@id\":\"https:\/\/aeronoticias.com.pe\/noticiero\/#website\"},\"primaryImageOfPage\":{\"@id\":\"https:\/\/aeronoticias.com.pe\/noticiero\/ultimas\/trujillo-continua-la-busqueda-de-tripulantes-de-avioneta-que-cayo-al-mar-de-huanchaco\/#primaryimage\"},\"image\":{\"@id\":\"https:\/\/aeronoticias.com.pe\/noticiero\/ultimas\/trujillo-continua-la-busqueda-de-tripulantes-de-avioneta-que-cayo-al-mar-de-huanchaco\/#primaryimage\"},\"thumbnailUrl\":\"https:\/\/aeronoticias.com.pe\/noticiero\/wp-content\/uploads\/2023\/07\/huanchaco2.jpg\",\"datePublished\":\"2023-07-31T16:29:43+00:00\",\"dateModified\":\"2023-07-31T16:29:47+00:00\",\"author\":{\"@id\":\"https:\/\/aeronoticias.com.pe\/noticiero\/#\/schema\/person\/16212a617c73f78916b13194154243bd\"},\"description\":\"La nave cay\u00f3 mar adentro a 10 kil\u00f3metros del aeropuerto Carlos Mart\u00ednez de Pinillos. Por el momento solo se ha recuperado el cuerpo de la estudiante trujillana Fabiana Hern\u00e1ndez (18). B\u00fasqueda se reanud\u00f3 a las 4:00 a.m. del domingo 30.\",\"breadcrumb\":{\"@id\":\"https:\/\/aeronoticias.com.pe\/noticiero\/ultimas\/trujillo-continua-la-busqueda-de-tripulantes-de-avioneta-que-cayo-al-mar-de-huanchaco\/#breadcrumb\"},\"inLanguage\":\"es\",\"potentialAction\":[{\"@type\":\"ReadAction\",\"target\":[\"https:\/\/aeronoticias.com.pe\/noticiero\/ultimas\/trujillo-continua-la-busqueda-de-tripulantes-de-avioneta-que-cayo-al-mar-de-huanchaco\/\"]}]},{\"@type\":\"ImageObject\",\"inLanguage\":\"es\",\"@id\":\"https:\/\/aeronoticias.com.pe\/noticiero\/ultimas\/trujillo-continua-la-busqueda-de-tripulantes-de-avioneta-que-cayo-al-mar-de-huanchaco\/#primaryimage\",\"url\":\"https:\/\/aeronoticias.com.pe\/noticiero\/wp-content\/uploads\/2023\/07\/huanchaco2.jpg\",\"contentUrl\":\"https:\/\/aeronoticias.com.pe\/noticiero\/wp-content\/uploads\/2023\/07\/huanchaco2.jpg\",\"width\":622,\"height\":348},{\"@type\":\"BreadcrumbList\",\"@id\":\"https:\/\/aeronoticias.com.pe\/noticiero\/ultimas\/trujillo-continua-la-busqueda-de-tripulantes-de-avioneta-que-cayo-al-mar-de-huanchaco\/#breadcrumb\",\"itemListElement\":[{\"@type\":\"ListItem\",\"position\":1,\"name\":\"Portada\",\"item\":\"https:\/\/aeronoticias.com.pe\/noticiero\/\"},{\"@type\":\"ListItem\",\"position\":2,\"name\":\"Trujillo: contin\u00faa la b\u00fasqueda de tripulantes de avioneta que cay\u00f3 al mar de Huanchaco\"}]},{\"@type\":\"WebSite\",\"@id\":\"https:\/\/aeronoticias.com.pe\/noticiero\/#website\",\"url\":\"https:\/\/aeronoticias.com.pe\/noticiero\/\",\"name\":\"Aeronoticias.com.pe\",\"description\":\"Noticias de tranporte aereo, turismo, hoteles, gastronomia, actualidad, internacional\",\"potentialAction\":[{\"@type\":\"SearchAction\",\"target\":{\"@type\":\"EntryPoint\",\"urlTemplate\":\"https:\/\/aeronoticias.com.pe\/noticiero\/?s={search_term_string}\"},\"query-input\":{\"@type\":\"PropertyValueSpecification\",\"valueRequired\":true,\"valueName\":\"search_term_string\"}}],\"inLanguage\":\"es\"},{\"@type\":\"Person\",\"@id\":\"https:\/\/aeronoticias.com.pe\/noticiero\/#\/schema\/person\/16212a617c73f78916b13194154243bd\",\"name\":\"Redacci\u00f3n\",\"sameAs\":[\"http:\/\/Redacci\u00f3n\"],\"url\":\"https:\/\/aeronoticias.com.pe\/noticiero\/author\/celeste\/\"}]}<\/script>\n<!-- \/ Yoast SEO plugin. -->","yoast_head_json":{"title":"Trujillo: contin\u00faa la b\u00fasqueda de tripulantes de avioneta que cay\u00f3 al mar de Huanchaco","description":"La nave cay\u00f3 mar adentro a 10 kil\u00f3metros del aeropuerto Carlos Mart\u00ednez de Pinillos. Por el momento solo se ha recuperado el cuerpo de la estudiante trujillana Fabiana Hern\u00e1ndez (18). B\u00fasqueda se reanud\u00f3 a las 4:00 a.m. del domingo 30.","robots":{"index":"index","follow":"follow","max-snippet":"max-snippet:-1","max-image-preview":"max-image-preview:large","max-video-preview":"max-video-preview:-1"},"canonical":"https:\/\/aeronoticias.com.pe\/noticiero\/ultimas\/trujillo-continua-la-busqueda-de-tripulantes-de-avioneta-que-cayo-al-mar-de-huanchaco\/","og_locale":"es_ES","og_type":"article","og_title":"Trujillo: contin\u00faa la b\u00fasqueda de tripulantes de avioneta que cay\u00f3 al mar de Huanchaco","og_description":"La nave cay\u00f3 mar adentro a 10 kil\u00f3metros del aeropuerto Carlos Mart\u00ednez de Pinillos. Por el momento solo se ha recuperado el cuerpo de la estudiante trujillana Fabiana Hern\u00e1ndez (18). B\u00fasqueda se reanud\u00f3 a las 4:00 a.m. del domingo 30.","og_url":"https:\/\/aeronoticias.com.pe\/noticiero\/ultimas\/trujillo-continua-la-busqueda-de-tripulantes-de-avioneta-que-cayo-al-mar-de-huanchaco\/","og_site_name":"Aeronoticias.com.pe","article_publisher":"https:\/\/www.facebook.com\/Aeronoticias.com.pe\/","article_published_time":"2023-07-31T16:29:43+00:00","article_modified_time":"2023-07-31T16:29:47+00:00","og_image":[{"width":622,"height":348,"url":"https:\/\/aeronoticias.com.pe\/noticiero\/wp-content\/uploads\/2023\/07\/huanchaco2.jpg","type":"image\/jpeg"}],"author":"Redacci\u00f3n","twitter_card":"summary_large_image","twitter_creator":"@aeronoticias","twitter_site":"@aeronoticias","twitter_misc":{"Escrito por":"Redacci\u00f3n","Tiempo de lectura":"2 minutos"},"schema":{"@context":"https:\/\/schema.org","@graph":[{"@type":"WebPage","@id":"https:\/\/aeronoticias.com.pe\/noticiero\/ultimas\/trujillo-continua-la-busqueda-de-tripulantes-de-avioneta-que-cayo-al-mar-de-huanchaco\/","url":"https:\/\/aeronoticias.com.pe\/noticiero\/ultimas\/trujillo-continua-la-busqueda-de-tripulantes-de-avioneta-que-cayo-al-mar-de-huanchaco\/","name":"Trujillo: contin\u00faa la b\u00fasqueda de tripulantes de avioneta que cay\u00f3 al mar de Huanchaco","isPartOf":{"@id":"https:\/\/aeronoticias.com.pe\/noticiero\/#website"},"primaryImageOfPage":{"@id":"https:\/\/aeronoticias.com.pe\/noticiero\/ultimas\/trujillo-continua-la-busqueda-de-tripulantes-de-avioneta-que-cayo-al-mar-de-huanchaco\/#primaryimage"},"image":{"@id":"https:\/\/aeronoticias.com.pe\/noticiero\/ultimas\/trujillo-continua-la-busqueda-de-tripulantes-de-avioneta-que-cayo-al-mar-de-huanchaco\/#primaryimage"},"thumbnailUrl":"https:\/\/aeronoticias.com.pe\/noticiero\/wp-content\/uploads\/2023\/07\/huanchaco2.jpg","datePublished":"2023-07-31T16:29:43+00:00","dateModified":"2023-07-31T16:29:47+00:00","author":{"@id":"https:\/\/aeronoticias.com.pe\/noticiero\/#\/schema\/person\/16212a617c73f78916b13194154243bd"},"description":"La nave cay\u00f3 mar adentro a 10 kil\u00f3metros del aeropuerto Carlos Mart\u00ednez de Pinillos. Por el momento solo se ha recuperado el cuerpo de la estudiante trujillana Fabiana Hern\u00e1ndez (18). B\u00fasqueda se reanud\u00f3 a las 4:00 a.m. del domingo 30.","breadcrumb":{"@id":"https:\/\/aeronoticias.com.pe\/noticiero\/ultimas\/trujillo-continua-la-busqueda-de-tripulantes-de-avioneta-que-cayo-al-mar-de-huanchaco\/#breadcrumb"},"inLanguage":"es","potentialAction":[{"@type":"ReadAction","target":["https:\/\/aeronoticias.com.pe\/noticiero\/ultimas\/trujillo-continua-la-busqueda-de-tripulantes-de-avioneta-que-cayo-al-mar-de-huanchaco\/"]}]},{"@type":"ImageObject","inLanguage":"es","@id":"https:\/\/aeronoticias.com.pe\/noticiero\/ultimas\/trujillo-continua-la-busqueda-de-tripulantes-de-avioneta-que-cayo-al-mar-de-huanchaco\/#primaryimage","url":"https:\/\/aeronoticias.com.pe\/noticiero\/wp-content\/uploads\/2023\/07\/huanchaco2.jpg","contentUrl":"https:\/\/aeronoticias.com.pe\/noticiero\/wp-content\/uploads\/2023\/07\/huanchaco2.jpg","width":622,"height":348},{"@type":"BreadcrumbList","@id":"https:\/\/aeronoticias.com.pe\/noticiero\/ultimas\/trujillo-continua-la-busqueda-de-tripulantes-de-avioneta-que-cayo-al-mar-de-huanchaco\/#breadcrumb","itemListElement":[{"@type":"ListItem","position":1,"name":"Portada","item":"https:\/\/aeronoticias.com.pe\/noticiero\/"},{"@type":"ListItem","position":2,"name":"Trujillo: contin\u00faa la b\u00fasqueda de tripulantes de avioneta que cay\u00f3 al mar de Huanchaco"}]},{"@type":"WebSite","@id":"https:\/\/aeronoticias.com.pe\/noticiero\/#website","url":"https:\/\/aeronoticias.com.pe\/noticiero\/","name":"Aeronoticias.com.pe","description":"Noticias de tranporte aereo, turismo, hoteles, gastronomia, actualidad, internacional","potentialAction":[{"@type":"SearchAction","target":{"@type":"EntryPoint","urlTemplate":"https:\/\/aeronoticias.com.pe\/noticiero\/?s={search_term_string}"},"query-input":{"@type":"PropertyValueSpecification","valueRequired":true,"valueName":"search_term_string"}}],"inLanguage":"es"},{"@type":"Person","@id":"https:\/\/aeronoticias.com.pe\/noticiero\/#\/schema\/person\/16212a617c73f78916b13194154243bd","name":"Redacci\u00f3n","sameAs":["http:\/\/Redacci\u00f3n"],"url":"https:\/\/aeronoticias.com.pe\/noticiero\/author\/celeste\/"}]}},"_links":{"self":[{"href":"https:\/\/aeronoticias.com.pe\/noticiero\/wp-json\/wp\/v2\/posts\/84870","targetHints":{"allow":["GET"]}}],"collection":[{"href":"https:\/\/aeronoticias.com.pe\/noticiero\/wp-json\/wp\/v2\/posts"}],"about":[{"href":"https:\/\/aeronoticias.com.pe\/noticiero\/wp-json\/wp\/v2\/types\/post"}],"author":[{"embeddable":true,"href":"https:\/\/aeronoticias.com.pe\/noticiero\/wp-json\/wp\/v2\/users\/3"}],"replies":[{"embeddable":true,"href":"https:\/\/aeronoticias.com.pe\/noticiero\/wp-json\/wp\/v2\/comments?post=84870"}],"version-history":[{"count":0,"href":"https:\/\/aeronoticias.com.pe\/noticiero\/wp-json\/wp\/v2\/posts\/84870\/revisions"}],"wp:featuredmedia":[{"embeddable":true,"href":"https:\/\/aeronoticias.com.pe\/noticiero\/wp-json\/wp\/v2\/media\/84871"}],"wp:attachment":[{"href":"https:\/\/aeronoticias.com.pe\/noticiero\/wp-json\/wp\/v2\/media?parent=84870"}],"wp:term":[{"taxonomy":"category","embeddable":true,"href":"https:\/\/aeronoticias.com.pe\/noticiero\/wp-json\/wp\/v2\/categories?post=84870"},{"taxonomy":"post_tag","embeddable":true,"href":"https:\/\/aeronoticias.com.pe\/noticiero\/wp-json\/wp\/v2\/tags?post=84870"}],"curies":[{"name":"wp","href":"https:\/\/api.w.org\/{rel}","templated":true}]}}