{"id":84873,"date":"2023-07-31T11:40:31","date_gmt":"2023-07-31T16:40:31","guid":{"rendered":"https:\/\/aeronoticias.com.pe\/noticiero\/?p=84873"},"modified":"2023-07-31T11:40:47","modified_gmt":"2023-07-31T16:40:47","slug":"nueva-torre-de-control-del-aeropuerto-jorge-chavez-operara-de-noche","status":"publish","type":"post","link":"https:\/\/aeronoticias.com.pe\/noticiero\/transporte-aereo\/nacional\/nueva-torre-de-control-del-aeropuerto-jorge-chavez-operara-de-noche\/","title":{"rendered":"Nueva torre de control del aeropuerto Jorge Ch\u00e1vez operar\u00e1 de noche"},"content":{"rendered":"\n<p><strong>(Aeronoticias):<\/strong> El Ministerio de Transportes y Comunicaciones (<a href=\"https:\/\/www.gob.pe\/mtc\">MTC<\/a>), a trav\u00e9s de la Direcci\u00f3n General de Aeron\u00e1utica Civil (DGAC), autoriz\u00f3 el inicio de las operaciones de la nueva torre de control y segunda pista de aterrizaje entregadas por\u00a0<a href=\"https:\/\/www.lima-airport.com\/\">LAP<\/a>\u00a0al Estado peruano, desde el 1 de abril del presente a\u00f1o. Desde entonces, la nueva infraestructura ha estado funcionando de manera \u00f3ptima, tras un proceso de familiarizaci\u00f3n que involucr\u00f3 a aerol\u00edneas, CORPAC y LAP.<\/p>\n\n\n\n<p>Gradualmente, se han ampliado las franjas horarias de operaci\u00f3n, y hasta la fecha, se han gestionado con \u00e9xito m\u00e1s de 6,000 vuelos, incluyendo salidas y llegadas, con un total de m\u00e1s de 800 mil pasajeros transportados.<\/p>\n\n\n\n<p>Mediante el proceso de familiarizaci\u00f3n de CORPAC, en LAP recibimos la observaci\u00f3n respecto al avistamiento de una distorsi\u00f3n \u00f3ptica a trav\u00e9s de los vidrios de la nueva torre de control, que seg\u00fan se\u00f1alaron los controladores de tr\u00e1nsito a\u00e9reo de CORPAC, imposibilitaba las operaciones nocturnas.<\/p>\n\n\n\n<p>Durante el proceso de familiarizaci\u00f3n de CORPAC, LAP recibi\u00f3 una importante observaci\u00f3n relacionada con el avistamiento de una distorsi\u00f3n \u00f3ptica a trav\u00e9s de los vidrios de la nueva torre de control. Seg\u00fan informaron los controladores de tr\u00e1nsito a\u00e9reo de CORPAC, esta distorsi\u00f3n estaba causando problemas que afectaban las operaciones nocturnas.<\/p>\n\n\n\n<p>En atenci\u00f3n a ello, LAP encarg\u00f3 a\u00a0<strong><em>Advanced Logistics Group (ALG)<\/em><\/strong>, consultora internacional experta en proyectos aeron\u00e1uticos, una evaluaci\u00f3n exhaustiva de las caracter\u00edsticas de dise\u00f1o y construcci\u00f3n de la torre de control.<\/p>\n\n\n\n<h2 class=\"wp-block-heading\"><strong>\u00bfQu\u00e9 concluy\u00f3 la consultora en su estudio?<\/strong><\/h2>\n\n\n\n<p>La consultora Advanced Logistics Group concluy\u00f3 lo siguiente:<\/p>\n\n\n\n<ul class=\"wp-block-list\"><li>Si bien existe un reflejo menor en los vidrios al observar el campo a\u00e9reo, este no representa un riesgo alguno para dicha operaci\u00f3n nocturna y se puede operar con normalidad.<\/li><li>Este efecto de luz se debe al sistema de vidrios insulados que protegen a los operadores de la torre de control del clima, el viento, el ruido y el deslumbramiento. Dicho sistema cumple con las especificaciones t\u00e9cnicas exigidas en la regulaci\u00f3n aplicable.<\/li><li>En visitas a otras torres de control de la regi\u00f3n realizadas por LAP, se pudo apreciaren algunas de ellas situaciones similares que no conllevan a un problema para la operaci\u00f3n nocturna, pues esto fue superado en la fase de familiarizaci\u00f3n, operando con normalidad.<\/li><li>Las torres de control deben contar con equipos de apoyo complementarios, necesarios para que los controladores puedan operar sin contratiempos.<\/li><\/ul>\n\n\n\n<p>De acuerdo con la informaci\u00f3n dada en varias ocasiones, para poder ampliar el horario de operaci\u00f3n de la nueva torre de control y que pueda en el futuro atender las dos pistas de aterrizaje en simult\u00e1neo, es importante que CORPAC, como responsable de los servicios de aeronavegaci\u00f3n, implemente un plan de transici\u00f3n operativa que incluya la capacitaci\u00f3n y familiarizaci\u00f3n de esta nueva infraestructura con todos los operadores, as\u00ed como la instalaci\u00f3n de sistemas de navegaci\u00f3n homologados por las autoridades y reguladores competentes.\u00a0<\/p>\n\n\n\n<p>LAP afronta un desaf\u00edo significativo al operar esta nueva infraestructura, lo que ha motivado la realizaci\u00f3n exhaustiva de estudios para asegurar operaciones seguras en el Aeropuerto Internacional\u00a0<a href=\"https:\/\/www.peru-retail.com\/aeropuerto-jorge-chavez-nominado-como-el-mejor-de-sudamerica-contra-quienes-compite\/\">Jorge Ch\u00e1vez<\/a>, en beneficio de todos los usuarios y pasajeros.<\/p>\n\n\n\n<p><strong>Fuente: peru-retail.com<\/strong><\/p>\n","protected":false},"excerpt":{"rendered":"<p>(Aeronoticias): El Ministerio de Transportes y Comunicaciones (MTC), a trav\u00e9s de la Direcci\u00f3n General de Aeron\u00e1utica Civil (DGAC), autoriz\u00f3 el inicio de las operaciones de la nueva torre de control y segunda pista de aterrizaje entregadas por\u00a0LAP\u00a0al Estado peruano, desde el 1 de abril del presente a\u00f1o. Desde entonces, la nueva infraestructura ha estado funcionando [&hellip;]<\/p>\n","protected":false},"author":3,"featured_media":84874,"comment_status":"open","ping_status":"open","sticky":false,"template":"","format":"standard","meta":{"tdm_status":"","tdm_grid_status":"","footnotes":""},"categories":[51,38],"tags":[394,201,2480],"class_list":{"0":"post-84873","1":"post","2":"type-post","3":"status-publish","4":"format-standard","5":"has-post-thumbnail","7":"category-nacional","8":"category-nacionales","9":"tag-aeropuerto-jorge-chavez-2","10":"tag-corpac","11":"tag-torre-de-control"},"yoast_head":"<!-- This site is optimized with the Yoast SEO plugin v25.1 - https:\/\/yoast.com\/wordpress\/plugins\/seo\/ -->\n<title>Nueva torre de control del aeropuerto Jorge Ch\u00e1vez operar\u00e1 de noche<\/title>\n<meta name=\"description\" content=\"La nueva torre de control entregada a CORPAC, cuyo dise\u00f1o fue aprobado por el supervisor del aeropuerto OSITRAN, cumple con las especificaciones t\u00e9cnicas exigidas en el Contrato de Concesi\u00f3n y con est\u00e1ndares nacionales e internacionales.\" \/>\n<meta name=\"robots\" content=\"index, follow, max-snippet:-1, max-image-preview:large, max-video-preview:-1\" \/>\n<link rel=\"canonical\" href=\"https:\/\/aeronoticias.com.pe\/noticiero\/transporte-aereo\/nacional\/nueva-torre-de-control-del-aeropuerto-jorge-chavez-operara-de-noche\/\" \/>\n<meta property=\"og:locale\" content=\"es_ES\" \/>\n<meta property=\"og:type\" content=\"article\" \/>\n<meta property=\"og:title\" content=\"Nueva torre de control del aeropuerto Jorge Ch\u00e1vez operar\u00e1 de noche\" \/>\n<meta property=\"og:description\" content=\"La nueva torre de control entregada a CORPAC, cuyo dise\u00f1o fue aprobado por el supervisor del aeropuerto OSITRAN, cumple con las especificaciones t\u00e9cnicas exigidas en el Contrato de Concesi\u00f3n y con est\u00e1ndares nacionales e internacionales.\" \/>\n<meta property=\"og:url\" content=\"https:\/\/aeronoticias.com.pe\/noticiero\/transporte-aereo\/nacional\/nueva-torre-de-control-del-aeropuerto-jorge-chavez-operara-de-noche\/\" \/>\n<meta property=\"og:site_name\" content=\"Aeronoticias.com.pe\" \/>\n<meta property=\"article:publisher\" content=\"https:\/\/www.facebook.com\/Aeronoticias.com.pe\/\" \/>\n<meta property=\"article:published_time\" content=\"2023-07-31T16:40:31+00:00\" \/>\n<meta property=\"article:modified_time\" content=\"2023-07-31T16:40:47+00:00\" \/>\n<meta property=\"og:image\" content=\"https:\/\/aeronoticias.com.pe\/noticiero\/wp-content\/uploads\/2023\/07\/torre.jpg\" \/>\n\t<meta property=\"og:image:width\" content=\"645\" \/>\n\t<meta property=\"og:image:height\" content=\"363\" \/>\n\t<meta property=\"og:image:type\" content=\"image\/jpeg\" \/>\n<meta name=\"author\" content=\"Redacci\u00f3n\" \/>\n<meta name=\"twitter:card\" content=\"summary_large_image\" \/>\n<meta name=\"twitter:creator\" content=\"@aeronoticias\" \/>\n<meta name=\"twitter:site\" content=\"@aeronoticias\" \/>\n<meta name=\"twitter:label1\" content=\"Escrito por\" \/>\n\t<meta name=\"twitter:data1\" content=\"Redacci\u00f3n\" \/>\n\t<meta name=\"twitter:label2\" content=\"Tiempo de lectura\" \/>\n\t<meta name=\"twitter:data2\" content=\"3 minutos\" \/>\n<script type=\"application\/ld+json\" class=\"yoast-schema-graph\">{\"@context\":\"https:\/\/schema.org\",\"@graph\":[{\"@type\":\"WebPage\",\"@id\":\"https:\/\/aeronoticias.com.pe\/noticiero\/transporte-aereo\/nacional\/nueva-torre-de-control-del-aeropuerto-jorge-chavez-operara-de-noche\/\",\"url\":\"https:\/\/aeronoticias.com.pe\/noticiero\/transporte-aereo\/nacional\/nueva-torre-de-control-del-aeropuerto-jorge-chavez-operara-de-noche\/\",\"name\":\"Nueva torre de control del aeropuerto Jorge Ch\u00e1vez operar\u00e1 de noche\",\"isPartOf\":{\"@id\":\"https:\/\/aeronoticias.com.pe\/noticiero\/#website\"},\"primaryImageOfPage\":{\"@id\":\"https:\/\/aeronoticias.com.pe\/noticiero\/transporte-aereo\/nacional\/nueva-torre-de-control-del-aeropuerto-jorge-chavez-operara-de-noche\/#primaryimage\"},\"image\":{\"@id\":\"https:\/\/aeronoticias.com.pe\/noticiero\/transporte-aereo\/nacional\/nueva-torre-de-control-del-aeropuerto-jorge-chavez-operara-de-noche\/#primaryimage\"},\"thumbnailUrl\":\"https:\/\/aeronoticias.com.pe\/noticiero\/wp-content\/uploads\/2023\/07\/torre.jpg\",\"datePublished\":\"2023-07-31T16:40:31+00:00\",\"dateModified\":\"2023-07-31T16:40:47+00:00\",\"author\":{\"@id\":\"https:\/\/aeronoticias.com.pe\/noticiero\/#\/schema\/person\/16212a617c73f78916b13194154243bd\"},\"description\":\"La nueva torre de control entregada a CORPAC, cuyo dise\u00f1o fue aprobado por el supervisor del aeropuerto OSITRAN, cumple con las especificaciones t\u00e9cnicas exigidas en el Contrato de Concesi\u00f3n y con est\u00e1ndares nacionales e internacionales.\",\"breadcrumb\":{\"@id\":\"https:\/\/aeronoticias.com.pe\/noticiero\/transporte-aereo\/nacional\/nueva-torre-de-control-del-aeropuerto-jorge-chavez-operara-de-noche\/#breadcrumb\"},\"inLanguage\":\"es\",\"potentialAction\":[{\"@type\":\"ReadAction\",\"target\":[\"https:\/\/aeronoticias.com.pe\/noticiero\/transporte-aereo\/nacional\/nueva-torre-de-control-del-aeropuerto-jorge-chavez-operara-de-noche\/\"]}]},{\"@type\":\"ImageObject\",\"inLanguage\":\"es\",\"@id\":\"https:\/\/aeronoticias.com.pe\/noticiero\/transporte-aereo\/nacional\/nueva-torre-de-control-del-aeropuerto-jorge-chavez-operara-de-noche\/#primaryimage\",\"url\":\"https:\/\/aeronoticias.com.pe\/noticiero\/wp-content\/uploads\/2023\/07\/torre.jpg\",\"contentUrl\":\"https:\/\/aeronoticias.com.pe\/noticiero\/wp-content\/uploads\/2023\/07\/torre.jpg\",\"width\":645,\"height\":363},{\"@type\":\"BreadcrumbList\",\"@id\":\"https:\/\/aeronoticias.com.pe\/noticiero\/transporte-aereo\/nacional\/nueva-torre-de-control-del-aeropuerto-jorge-chavez-operara-de-noche\/#breadcrumb\",\"itemListElement\":[{\"@type\":\"ListItem\",\"position\":1,\"name\":\"Portada\",\"item\":\"https:\/\/aeronoticias.com.pe\/noticiero\/\"},{\"@type\":\"ListItem\",\"position\":2,\"name\":\"Nueva torre de control del aeropuerto Jorge Ch\u00e1vez operar\u00e1 de noche\"}]},{\"@type\":\"WebSite\",\"@id\":\"https:\/\/aeronoticias.com.pe\/noticiero\/#website\",\"url\":\"https:\/\/aeronoticias.com.pe\/noticiero\/\",\"name\":\"Aeronoticias.com.pe\",\"description\":\"Noticias de tranporte aereo, turismo, hoteles, gastronomia, actualidad, internacional\",\"potentialAction\":[{\"@type\":\"SearchAction\",\"target\":{\"@type\":\"EntryPoint\",\"urlTemplate\":\"https:\/\/aeronoticias.com.pe\/noticiero\/?s={search_term_string}\"},\"query-input\":{\"@type\":\"PropertyValueSpecification\",\"valueRequired\":true,\"valueName\":\"search_term_string\"}}],\"inLanguage\":\"es\"},{\"@type\":\"Person\",\"@id\":\"https:\/\/aeronoticias.com.pe\/noticiero\/#\/schema\/person\/16212a617c73f78916b13194154243bd\",\"name\":\"Redacci\u00f3n\",\"sameAs\":[\"http:\/\/Redacci\u00f3n\"],\"url\":\"https:\/\/aeronoticias.com.pe\/noticiero\/author\/celeste\/\"}]}<\/script>\n<!-- \/ Yoast SEO plugin. -->","yoast_head_json":{"title":"Nueva torre de control del aeropuerto Jorge Ch\u00e1vez operar\u00e1 de noche","description":"La nueva torre de control entregada a CORPAC, cuyo dise\u00f1o fue aprobado por el supervisor del aeropuerto OSITRAN, cumple con las especificaciones t\u00e9cnicas exigidas en el Contrato de Concesi\u00f3n y con est\u00e1ndares nacionales e internacionales.","robots":{"index":"index","follow":"follow","max-snippet":"max-snippet:-1","max-image-preview":"max-image-preview:large","max-video-preview":"max-video-preview:-1"},"canonical":"https:\/\/aeronoticias.com.pe\/noticiero\/transporte-aereo\/nacional\/nueva-torre-de-control-del-aeropuerto-jorge-chavez-operara-de-noche\/","og_locale":"es_ES","og_type":"article","og_title":"Nueva torre de control del aeropuerto Jorge Ch\u00e1vez operar\u00e1 de noche","og_description":"La nueva torre de control entregada a CORPAC, cuyo dise\u00f1o fue aprobado por el supervisor del aeropuerto OSITRAN, cumple con las especificaciones t\u00e9cnicas exigidas en el Contrato de Concesi\u00f3n y con est\u00e1ndares nacionales e internacionales.","og_url":"https:\/\/aeronoticias.com.pe\/noticiero\/transporte-aereo\/nacional\/nueva-torre-de-control-del-aeropuerto-jorge-chavez-operara-de-noche\/","og_site_name":"Aeronoticias.com.pe","article_publisher":"https:\/\/www.facebook.com\/Aeronoticias.com.pe\/","article_published_time":"2023-07-31T16:40:31+00:00","article_modified_time":"2023-07-31T16:40:47+00:00","og_image":[{"width":645,"height":363,"url":"https:\/\/aeronoticias.com.pe\/noticiero\/wp-content\/uploads\/2023\/07\/torre.jpg","type":"image\/jpeg"}],"author":"Redacci\u00f3n","twitter_card":"summary_large_image","twitter_creator":"@aeronoticias","twitter_site":"@aeronoticias","twitter_misc":{"Escrito por":"Redacci\u00f3n","Tiempo de lectura":"3 minutos"},"schema":{"@context":"https:\/\/schema.org","@graph":[{"@type":"WebPage","@id":"https:\/\/aeronoticias.com.pe\/noticiero\/transporte-aereo\/nacional\/nueva-torre-de-control-del-aeropuerto-jorge-chavez-operara-de-noche\/","url":"https:\/\/aeronoticias.com.pe\/noticiero\/transporte-aereo\/nacional\/nueva-torre-de-control-del-aeropuerto-jorge-chavez-operara-de-noche\/","name":"Nueva torre de control del aeropuerto Jorge Ch\u00e1vez operar\u00e1 de noche","isPartOf":{"@id":"https:\/\/aeronoticias.com.pe\/noticiero\/#website"},"primaryImageOfPage":{"@id":"https:\/\/aeronoticias.com.pe\/noticiero\/transporte-aereo\/nacional\/nueva-torre-de-control-del-aeropuerto-jorge-chavez-operara-de-noche\/#primaryimage"},"image":{"@id":"https:\/\/aeronoticias.com.pe\/noticiero\/transporte-aereo\/nacional\/nueva-torre-de-control-del-aeropuerto-jorge-chavez-operara-de-noche\/#primaryimage"},"thumbnailUrl":"https:\/\/aeronoticias.com.pe\/noticiero\/wp-content\/uploads\/2023\/07\/torre.jpg","datePublished":"2023-07-31T16:40:31+00:00","dateModified":"2023-07-31T16:40:47+00:00","author":{"@id":"https:\/\/aeronoticias.com.pe\/noticiero\/#\/schema\/person\/16212a617c73f78916b13194154243bd"},"description":"La nueva torre de control entregada a CORPAC, cuyo dise\u00f1o fue aprobado por el supervisor del aeropuerto OSITRAN, cumple con las especificaciones t\u00e9cnicas exigidas en el Contrato de Concesi\u00f3n y con est\u00e1ndares nacionales e internacionales.","breadcrumb":{"@id":"https:\/\/aeronoticias.com.pe\/noticiero\/transporte-aereo\/nacional\/nueva-torre-de-control-del-aeropuerto-jorge-chavez-operara-de-noche\/#breadcrumb"},"inLanguage":"es","potentialAction":[{"@type":"ReadAction","target":["https:\/\/aeronoticias.com.pe\/noticiero\/transporte-aereo\/nacional\/nueva-torre-de-control-del-aeropuerto-jorge-chavez-operara-de-noche\/"]}]},{"@type":"ImageObject","inLanguage":"es","@id":"https:\/\/aeronoticias.com.pe\/noticiero\/transporte-aereo\/nacional\/nueva-torre-de-control-del-aeropuerto-jorge-chavez-operara-de-noche\/#primaryimage","url":"https:\/\/aeronoticias.com.pe\/noticiero\/wp-content\/uploads\/2023\/07\/torre.jpg","contentUrl":"https:\/\/aeronoticias.com.pe\/noticiero\/wp-content\/uploads\/2023\/07\/torre.jpg","width":645,"height":363},{"@type":"BreadcrumbList","@id":"https:\/\/aeronoticias.com.pe\/noticiero\/transporte-aereo\/nacional\/nueva-torre-de-control-del-aeropuerto-jorge-chavez-operara-de-noche\/#breadcrumb","itemListElement":[{"@type":"ListItem","position":1,"name":"Portada","item":"https:\/\/aeronoticias.com.pe\/noticiero\/"},{"@type":"ListItem","position":2,"name":"Nueva torre de control del aeropuerto Jorge Ch\u00e1vez operar\u00e1 de noche"}]},{"@type":"WebSite","@id":"https:\/\/aeronoticias.com.pe\/noticiero\/#website","url":"https:\/\/aeronoticias.com.pe\/noticiero\/","name":"Aeronoticias.com.pe","description":"Noticias de tranporte aereo, turismo, hoteles, gastronomia, actualidad, internacional","potentialAction":[{"@type":"SearchAction","target":{"@type":"EntryPoint","urlTemplate":"https:\/\/aeronoticias.com.pe\/noticiero\/?s={search_term_string}"},"query-input":{"@type":"PropertyValueSpecification","valueRequired":true,"valueName":"search_term_string"}}],"inLanguage":"es"},{"@type":"Person","@id":"https:\/\/aeronoticias.com.pe\/noticiero\/#\/schema\/person\/16212a617c73f78916b13194154243bd","name":"Redacci\u00f3n","sameAs":["http:\/\/Redacci\u00f3n"],"url":"https:\/\/aeronoticias.com.pe\/noticiero\/author\/celeste\/"}]}},"_links":{"self":[{"href":"https:\/\/aeronoticias.com.pe\/noticiero\/wp-json\/wp\/v2\/posts\/84873","targetHints":{"allow":["GET"]}}],"collection":[{"href":"https:\/\/aeronoticias.com.pe\/noticiero\/wp-json\/wp\/v2\/posts"}],"about":[{"href":"https:\/\/aeronoticias.com.pe\/noticiero\/wp-json\/wp\/v2\/types\/post"}],"author":[{"embeddable":true,"href":"https:\/\/aeronoticias.com.pe\/noticiero\/wp-json\/wp\/v2\/users\/3"}],"replies":[{"embeddable":true,"href":"https:\/\/aeronoticias.com.pe\/noticiero\/wp-json\/wp\/v2\/comments?post=84873"}],"version-history":[{"count":0,"href":"https:\/\/aeronoticias.com.pe\/noticiero\/wp-json\/wp\/v2\/posts\/84873\/revisions"}],"wp:featuredmedia":[{"embeddable":true,"href":"https:\/\/aeronoticias.com.pe\/noticiero\/wp-json\/wp\/v2\/media\/84874"}],"wp:attachment":[{"href":"https:\/\/aeronoticias.com.pe\/noticiero\/wp-json\/wp\/v2\/media?parent=84873"}],"wp:term":[{"taxonomy":"category","embeddable":true,"href":"https:\/\/aeronoticias.com.pe\/noticiero\/wp-json\/wp\/v2\/categories?post=84873"},{"taxonomy":"post_tag","embeddable":true,"href":"https:\/\/aeronoticias.com.pe\/noticiero\/wp-json\/wp\/v2\/tags?post=84873"}],"curies":[{"name":"wp","href":"https:\/\/api.w.org\/{rel}","templated":true}]}}