{"id":84879,"date":"2023-07-31T14:50:34","date_gmt":"2023-07-31T19:50:34","guid":{"rendered":"https:\/\/aeronoticias.com.pe\/noticiero\/?p=84879"},"modified":"2023-07-31T14:50:45","modified_gmt":"2023-07-31T19:50:45","slug":"el-aeropuerto-de-sidney-inaugura-la-nueva-area-de-llegadas-de-la-t1","status":"publish","type":"post","link":"https:\/\/aeronoticias.com.pe\/noticiero\/ultimas\/el-aeropuerto-de-sidney-inaugura-la-nueva-area-de-llegadas-de-la-t1\/","title":{"rendered":"El Aeropuerto de S\u00eddney inaugura la nueva \u00e1rea de llegadas de la T1"},"content":{"rendered":"\n<p><strong>(Aeronoticias)<\/strong>: El\u00a0<strong>Aeropuerto de S\u00eddney<\/strong>\u00a0ha inaugurado este viernes oficialmente la nueva \u00e1rea de llegadas internacionales de la T1.<\/p>\n\n\n\n<p>El proyecto forma parte del Plan Maestro 2039 del Aeropuerto, centrado en ofrecer una mejor experiencia a los viajeros.<\/p>\n\n\n\n<p>La construcci\u00f3n de la nueva \u00e1rea comenz\u00f3 en noviembre de 2021, con la utilizaci\u00f3n de materiales sostenibles y la selecci\u00f3n de \u00e1rboles, plantas, cubiertas vegetales y c\u00e9spedes aut\u00f3ctonos, con muchas especies end\u00e9micas de la zona.<\/p>\n\n\n\n<p><strong><em><a href=\"https:\/\/aviacionaldia.com\/2023\/07\/estos-fueron-los-20-aeropuertos-mas-transitados-del-mundo-en-2022.html\">Estos fueron los 20 aeropuertos m\u00e1s transitados del mundo en 2022<\/a><\/em><\/strong><\/p>\n\n\n\n<h3 class=\"wp-block-heading\">El \u00e1rea de llegadas internacionales de la T1 en cifras<\/h3>\n\n\n\n<ul class=\"wp-block-list\"><li>M\u00e1s de 12.200 plantas aut\u00f3ctonas (45 especies diferentes)<\/li><li>M\u00e1s de 3.000 m2 de nuevas zonas verdes<\/li><li>10.000 m2 de nuevo pavimento<\/li><li>8.500 m2 de nueva cubierta<\/li><li>M\u00e1s de 160 nuevas luces LED<\/li><li>31 nuevos bancos, 8 mesas y 32 sillas<\/li><\/ul>\n\n\n\n<p>\u00abLos pasajeros internacionales son recibidos ahora con una nueva y vibrante \u00e1rea de llegadas que muestra la belleza natural por la que es conocida S\u00eddney\u00bb, dijo el Director General del Aeropuerto de S\u00eddney, Geoff Culbert.<\/p>\n\n\n\n<p>\u00abCuando empez\u00f3 la construcci\u00f3n en 2021, la frontera australiana segu\u00eda firmemente cerrada y nuestra terminal internacional era una ciudad fantasma, pero seguimos adelante sabiendo que llegar\u00eda la recuperaci\u00f3n\u00bb.<\/p>\n\n\n\n<p>\u00abLos viajes internacionales vuelven a estar en auge y es probable que solo este a\u00f1o pasen por nuestra nueva zona de llegadas m\u00e1s de 7 millones de pasajeros, y que en los pr\u00f3ximos a\u00f1os lo hagan millones m\u00e1s\u00bb, a\u00f1adi\u00f3 Culbert.<\/p>\n\n\n\n<p>La nueva \u00e1rea es s\u00f3lo uno de los muchos grandes proyectos que se est\u00e1n llevando a cabo para aumentar la capacidad y mejorar la experiencia de los pasajeros. En los pr\u00f3ximos cinco a\u00f1os, el aeropuerto de S\u00eddney invertir\u00e1 casi 3.000 millones de d\u00f3lares en proyectos en todo el recinto.<\/p>\n\n\n\n<p><strong>Fuente: aviaci\u00f3naldia.com<\/strong><\/p>\n","protected":false},"excerpt":{"rendered":"<p>(Aeronoticias): El\u00a0Aeropuerto de S\u00eddney\u00a0ha inaugurado este viernes oficialmente la nueva \u00e1rea de llegadas internacionales de la T1. El proyecto forma parte del Plan Maestro 2039 del Aeropuerto, centrado en ofrecer una mejor experiencia a los viajeros. La construcci\u00f3n de la nueva \u00e1rea comenz\u00f3 en noviembre de 2021, con la utilizaci\u00f3n de materiales sostenibles y la [&hellip;]<\/p>\n","protected":false},"author":3,"featured_media":84880,"comment_status":"open","ping_status":"open","sticky":false,"template":"","format":"standard","meta":{"tdm_status":"","tdm_grid_status":"","footnotes":""},"categories":[8,30],"tags":[3308],"class_list":{"0":"post-84879","1":"post","2":"type-post","3":"status-publish","4":"format-standard","5":"has-post-thumbnail","7":"category-ultimas","8":"category-30","9":"tag-aeropuerto-de-sidney"},"yoast_head":"<!-- This site is optimized with the Yoast SEO plugin v25.1 - https:\/\/yoast.com\/wordpress\/plugins\/seo\/ -->\n<title>El Aeropuerto de S\u00eddney inaugura la nueva \u00e1rea de llegadas de la T1<\/title>\n<meta name=\"description\" content=\"Portal de noticias del Per\u00fa sobre el transporte a\u00e9reo, aviaci\u00f3n, turismo, hoteleria, actualidad.\" \/>\n<meta name=\"robots\" content=\"index, follow, max-snippet:-1, max-image-preview:large, max-video-preview:-1\" \/>\n<link rel=\"canonical\" href=\"https:\/\/aeronoticias.com.pe\/noticiero\/ultimas\/el-aeropuerto-de-sidney-inaugura-la-nueva-area-de-llegadas-de-la-t1\/\" \/>\n<meta property=\"og:locale\" content=\"es_ES\" \/>\n<meta property=\"og:type\" content=\"article\" \/>\n<meta property=\"og:title\" content=\"El Aeropuerto de S\u00eddney inaugura la nueva \u00e1rea de llegadas de la T1\" \/>\n<meta property=\"og:description\" content=\"Portal de noticias del Per\u00fa sobre el transporte a\u00e9reo, aviaci\u00f3n, turismo, hoteleria, actualidad.\" \/>\n<meta property=\"og:url\" content=\"https:\/\/aeronoticias.com.pe\/noticiero\/ultimas\/el-aeropuerto-de-sidney-inaugura-la-nueva-area-de-llegadas-de-la-t1\/\" \/>\n<meta property=\"og:site_name\" content=\"Aeronoticias.com.pe\" \/>\n<meta property=\"article:publisher\" content=\"https:\/\/www.facebook.com\/Aeronoticias.com.pe\/\" \/>\n<meta property=\"article:published_time\" content=\"2023-07-31T19:50:34+00:00\" \/>\n<meta property=\"article:modified_time\" content=\"2023-07-31T19:50:45+00:00\" \/>\n<meta property=\"og:image\" content=\"https:\/\/aeronoticias.com.pe\/noticiero\/wp-content\/uploads\/2023\/07\/a1.jpg\" \/>\n\t<meta property=\"og:image:width\" content=\"800\" \/>\n\t<meta property=\"og:image:height\" content=\"400\" \/>\n\t<meta property=\"og:image:type\" content=\"image\/jpeg\" \/>\n<meta name=\"author\" content=\"Redacci\u00f3n\" \/>\n<meta name=\"twitter:card\" content=\"summary_large_image\" \/>\n<meta name=\"twitter:creator\" content=\"@aeronoticias\" \/>\n<meta name=\"twitter:site\" content=\"@aeronoticias\" \/>\n<meta name=\"twitter:label1\" content=\"Escrito por\" \/>\n\t<meta name=\"twitter:data1\" content=\"Redacci\u00f3n\" \/>\n\t<meta name=\"twitter:label2\" content=\"Tiempo de lectura\" \/>\n\t<meta name=\"twitter:data2\" content=\"2 minutos\" \/>\n<script type=\"application\/ld+json\" class=\"yoast-schema-graph\">{\"@context\":\"https:\/\/schema.org\",\"@graph\":[{\"@type\":\"WebPage\",\"@id\":\"https:\/\/aeronoticias.com.pe\/noticiero\/ultimas\/el-aeropuerto-de-sidney-inaugura-la-nueva-area-de-llegadas-de-la-t1\/\",\"url\":\"https:\/\/aeronoticias.com.pe\/noticiero\/ultimas\/el-aeropuerto-de-sidney-inaugura-la-nueva-area-de-llegadas-de-la-t1\/\",\"name\":\"El Aeropuerto de S\u00eddney inaugura la nueva \u00e1rea de llegadas de la T1\",\"isPartOf\":{\"@id\":\"https:\/\/aeronoticias.com.pe\/noticiero\/#website\"},\"primaryImageOfPage\":{\"@id\":\"https:\/\/aeronoticias.com.pe\/noticiero\/ultimas\/el-aeropuerto-de-sidney-inaugura-la-nueva-area-de-llegadas-de-la-t1\/#primaryimage\"},\"image\":{\"@id\":\"https:\/\/aeronoticias.com.pe\/noticiero\/ultimas\/el-aeropuerto-de-sidney-inaugura-la-nueva-area-de-llegadas-de-la-t1\/#primaryimage\"},\"thumbnailUrl\":\"https:\/\/aeronoticias.com.pe\/noticiero\/wp-content\/uploads\/2023\/07\/a1.jpg\",\"datePublished\":\"2023-07-31T19:50:34+00:00\",\"dateModified\":\"2023-07-31T19:50:45+00:00\",\"author\":{\"@id\":\"https:\/\/aeronoticias.com.pe\/noticiero\/#\/schema\/person\/16212a617c73f78916b13194154243bd\"},\"description\":\"Portal de noticias del Per\u00fa sobre el transporte a\u00e9reo, aviaci\u00f3n, turismo, hoteleria, actualidad.\",\"breadcrumb\":{\"@id\":\"https:\/\/aeronoticias.com.pe\/noticiero\/ultimas\/el-aeropuerto-de-sidney-inaugura-la-nueva-area-de-llegadas-de-la-t1\/#breadcrumb\"},\"inLanguage\":\"es\",\"potentialAction\":[{\"@type\":\"ReadAction\",\"target\":[\"https:\/\/aeronoticias.com.pe\/noticiero\/ultimas\/el-aeropuerto-de-sidney-inaugura-la-nueva-area-de-llegadas-de-la-t1\/\"]}]},{\"@type\":\"ImageObject\",\"inLanguage\":\"es\",\"@id\":\"https:\/\/aeronoticias.com.pe\/noticiero\/ultimas\/el-aeropuerto-de-sidney-inaugura-la-nueva-area-de-llegadas-de-la-t1\/#primaryimage\",\"url\":\"https:\/\/aeronoticias.com.pe\/noticiero\/wp-content\/uploads\/2023\/07\/a1.jpg\",\"contentUrl\":\"https:\/\/aeronoticias.com.pe\/noticiero\/wp-content\/uploads\/2023\/07\/a1.jpg\",\"width\":800,\"height\":400},{\"@type\":\"BreadcrumbList\",\"@id\":\"https:\/\/aeronoticias.com.pe\/noticiero\/ultimas\/el-aeropuerto-de-sidney-inaugura-la-nueva-area-de-llegadas-de-la-t1\/#breadcrumb\",\"itemListElement\":[{\"@type\":\"ListItem\",\"position\":1,\"name\":\"Portada\",\"item\":\"https:\/\/aeronoticias.com.pe\/noticiero\/\"},{\"@type\":\"ListItem\",\"position\":2,\"name\":\"El Aeropuerto de S\u00eddney inaugura la nueva \u00e1rea de llegadas de la T1\"}]},{\"@type\":\"WebSite\",\"@id\":\"https:\/\/aeronoticias.com.pe\/noticiero\/#website\",\"url\":\"https:\/\/aeronoticias.com.pe\/noticiero\/\",\"name\":\"Aeronoticias.com.pe\",\"description\":\"Noticias de tranporte aereo, turismo, hoteles, gastronomia, actualidad, internacional\",\"potentialAction\":[{\"@type\":\"SearchAction\",\"target\":{\"@type\":\"EntryPoint\",\"urlTemplate\":\"https:\/\/aeronoticias.com.pe\/noticiero\/?s={search_term_string}\"},\"query-input\":{\"@type\":\"PropertyValueSpecification\",\"valueRequired\":true,\"valueName\":\"search_term_string\"}}],\"inLanguage\":\"es\"},{\"@type\":\"Person\",\"@id\":\"https:\/\/aeronoticias.com.pe\/noticiero\/#\/schema\/person\/16212a617c73f78916b13194154243bd\",\"name\":\"Redacci\u00f3n\",\"sameAs\":[\"http:\/\/Redacci\u00f3n\"],\"url\":\"https:\/\/aeronoticias.com.pe\/noticiero\/author\/celeste\/\"}]}<\/script>\n<!-- \/ Yoast SEO plugin. -->","yoast_head_json":{"title":"El Aeropuerto de S\u00eddney inaugura la nueva \u00e1rea de llegadas de la T1","description":"Portal de noticias del Per\u00fa sobre el transporte a\u00e9reo, aviaci\u00f3n, turismo, hoteleria, actualidad.","robots":{"index":"index","follow":"follow","max-snippet":"max-snippet:-1","max-image-preview":"max-image-preview:large","max-video-preview":"max-video-preview:-1"},"canonical":"https:\/\/aeronoticias.com.pe\/noticiero\/ultimas\/el-aeropuerto-de-sidney-inaugura-la-nueva-area-de-llegadas-de-la-t1\/","og_locale":"es_ES","og_type":"article","og_title":"El Aeropuerto de S\u00eddney inaugura la nueva \u00e1rea de llegadas de la T1","og_description":"Portal de noticias del Per\u00fa sobre el transporte a\u00e9reo, aviaci\u00f3n, turismo, hoteleria, actualidad.","og_url":"https:\/\/aeronoticias.com.pe\/noticiero\/ultimas\/el-aeropuerto-de-sidney-inaugura-la-nueva-area-de-llegadas-de-la-t1\/","og_site_name":"Aeronoticias.com.pe","article_publisher":"https:\/\/www.facebook.com\/Aeronoticias.com.pe\/","article_published_time":"2023-07-31T19:50:34+00:00","article_modified_time":"2023-07-31T19:50:45+00:00","og_image":[{"width":800,"height":400,"url":"https:\/\/aeronoticias.com.pe\/noticiero\/wp-content\/uploads\/2023\/07\/a1.jpg","type":"image\/jpeg"}],"author":"Redacci\u00f3n","twitter_card":"summary_large_image","twitter_creator":"@aeronoticias","twitter_site":"@aeronoticias","twitter_misc":{"Escrito por":"Redacci\u00f3n","Tiempo de lectura":"2 minutos"},"schema":{"@context":"https:\/\/schema.org","@graph":[{"@type":"WebPage","@id":"https:\/\/aeronoticias.com.pe\/noticiero\/ultimas\/el-aeropuerto-de-sidney-inaugura-la-nueva-area-de-llegadas-de-la-t1\/","url":"https:\/\/aeronoticias.com.pe\/noticiero\/ultimas\/el-aeropuerto-de-sidney-inaugura-la-nueva-area-de-llegadas-de-la-t1\/","name":"El Aeropuerto de S\u00eddney inaugura la nueva \u00e1rea de llegadas de la T1","isPartOf":{"@id":"https:\/\/aeronoticias.com.pe\/noticiero\/#website"},"primaryImageOfPage":{"@id":"https:\/\/aeronoticias.com.pe\/noticiero\/ultimas\/el-aeropuerto-de-sidney-inaugura-la-nueva-area-de-llegadas-de-la-t1\/#primaryimage"},"image":{"@id":"https:\/\/aeronoticias.com.pe\/noticiero\/ultimas\/el-aeropuerto-de-sidney-inaugura-la-nueva-area-de-llegadas-de-la-t1\/#primaryimage"},"thumbnailUrl":"https:\/\/aeronoticias.com.pe\/noticiero\/wp-content\/uploads\/2023\/07\/a1.jpg","datePublished":"2023-07-31T19:50:34+00:00","dateModified":"2023-07-31T19:50:45+00:00","author":{"@id":"https:\/\/aeronoticias.com.pe\/noticiero\/#\/schema\/person\/16212a617c73f78916b13194154243bd"},"description":"Portal de noticias del Per\u00fa sobre el transporte a\u00e9reo, aviaci\u00f3n, turismo, hoteleria, actualidad.","breadcrumb":{"@id":"https:\/\/aeronoticias.com.pe\/noticiero\/ultimas\/el-aeropuerto-de-sidney-inaugura-la-nueva-area-de-llegadas-de-la-t1\/#breadcrumb"},"inLanguage":"es","potentialAction":[{"@type":"ReadAction","target":["https:\/\/aeronoticias.com.pe\/noticiero\/ultimas\/el-aeropuerto-de-sidney-inaugura-la-nueva-area-de-llegadas-de-la-t1\/"]}]},{"@type":"ImageObject","inLanguage":"es","@id":"https:\/\/aeronoticias.com.pe\/noticiero\/ultimas\/el-aeropuerto-de-sidney-inaugura-la-nueva-area-de-llegadas-de-la-t1\/#primaryimage","url":"https:\/\/aeronoticias.com.pe\/noticiero\/wp-content\/uploads\/2023\/07\/a1.jpg","contentUrl":"https:\/\/aeronoticias.com.pe\/noticiero\/wp-content\/uploads\/2023\/07\/a1.jpg","width":800,"height":400},{"@type":"BreadcrumbList","@id":"https:\/\/aeronoticias.com.pe\/noticiero\/ultimas\/el-aeropuerto-de-sidney-inaugura-la-nueva-area-de-llegadas-de-la-t1\/#breadcrumb","itemListElement":[{"@type":"ListItem","position":1,"name":"Portada","item":"https:\/\/aeronoticias.com.pe\/noticiero\/"},{"@type":"ListItem","position":2,"name":"El Aeropuerto de S\u00eddney inaugura la nueva \u00e1rea de llegadas de la T1"}]},{"@type":"WebSite","@id":"https:\/\/aeronoticias.com.pe\/noticiero\/#website","url":"https:\/\/aeronoticias.com.pe\/noticiero\/","name":"Aeronoticias.com.pe","description":"Noticias de tranporte aereo, turismo, hoteles, gastronomia, actualidad, internacional","potentialAction":[{"@type":"SearchAction","target":{"@type":"EntryPoint","urlTemplate":"https:\/\/aeronoticias.com.pe\/noticiero\/?s={search_term_string}"},"query-input":{"@type":"PropertyValueSpecification","valueRequired":true,"valueName":"search_term_string"}}],"inLanguage":"es"},{"@type":"Person","@id":"https:\/\/aeronoticias.com.pe\/noticiero\/#\/schema\/person\/16212a617c73f78916b13194154243bd","name":"Redacci\u00f3n","sameAs":["http:\/\/Redacci\u00f3n"],"url":"https:\/\/aeronoticias.com.pe\/noticiero\/author\/celeste\/"}]}},"_links":{"self":[{"href":"https:\/\/aeronoticias.com.pe\/noticiero\/wp-json\/wp\/v2\/posts\/84879","targetHints":{"allow":["GET"]}}],"collection":[{"href":"https:\/\/aeronoticias.com.pe\/noticiero\/wp-json\/wp\/v2\/posts"}],"about":[{"href":"https:\/\/aeronoticias.com.pe\/noticiero\/wp-json\/wp\/v2\/types\/post"}],"author":[{"embeddable":true,"href":"https:\/\/aeronoticias.com.pe\/noticiero\/wp-json\/wp\/v2\/users\/3"}],"replies":[{"embeddable":true,"href":"https:\/\/aeronoticias.com.pe\/noticiero\/wp-json\/wp\/v2\/comments?post=84879"}],"version-history":[{"count":0,"href":"https:\/\/aeronoticias.com.pe\/noticiero\/wp-json\/wp\/v2\/posts\/84879\/revisions"}],"wp:featuredmedia":[{"embeddable":true,"href":"https:\/\/aeronoticias.com.pe\/noticiero\/wp-json\/wp\/v2\/media\/84880"}],"wp:attachment":[{"href":"https:\/\/aeronoticias.com.pe\/noticiero\/wp-json\/wp\/v2\/media?parent=84879"}],"wp:term":[{"taxonomy":"category","embeddable":true,"href":"https:\/\/aeronoticias.com.pe\/noticiero\/wp-json\/wp\/v2\/categories?post=84879"},{"taxonomy":"post_tag","embeddable":true,"href":"https:\/\/aeronoticias.com.pe\/noticiero\/wp-json\/wp\/v2\/tags?post=84879"}],"curies":[{"name":"wp","href":"https:\/\/api.w.org\/{rel}","templated":true}]}}