{"id":84882,"date":"2023-08-01T09:47:44","date_gmt":"2023-08-01T14:47:44","guid":{"rendered":"https:\/\/aeronoticias.com.pe\/noticiero\/?p=84882"},"modified":"2023-08-01T09:47:50","modified_gmt":"2023-08-01T14:47:50","slug":"establece-oaci-nuevas-directrices-para-combatir-la-trata-de-personas","status":"publish","type":"post","link":"https:\/\/aeronoticias.com.pe\/noticiero\/ultimas\/1\/establece-oaci-nuevas-directrices-para-combatir-la-trata-de-personas\/","title":{"rendered":"Establece OACI nuevas directrices para combatir la trata de personas"},"content":{"rendered":"\n<p><strong>(Aeronoticias)<\/strong>: <strong>La Organizaci\u00f3n de Aviaci\u00f3n Civil Internacional (OACI) est\u00e1 dando un paso adelante en su compromiso de combatir la trata de personas, mediante la instauraci\u00f3n de nuevas directrices para reportar casos de trata en la red de aviaci\u00f3n civil internacional, en el marco de la conmemoraci\u00f3n del D\u00eda Mundial contra la Trata de Personas, este 30 de julio.<\/strong><\/p>\n\n\n\n<p><strong>Adicionalmente, la OACI implement\u00f3 un curso gratuito de aprendizaje electr\u00f3nico para promover la capacitaci\u00f3n con el que se han dotado a los sobrecargos de las herramientas necesarias para identificar y responder eficazmente a los casos de trata.<\/strong><\/p>\n\n\n\n<p><strong>En un mundo afectado por crisis globales, conflictos y emergencias clim\u00e1ticas, los riesgos de la trata est\u00e1n en aumento pues los desplazamientos y las desigualdades socioecon\u00f3micas dejan a innumerables personas vulnerables a la explotaci\u00f3n por parte de traficantes.<\/strong><\/p>\n\n\n\n<p><strong>Es aqu\u00ed donde la red internacional de aviaci\u00f3n civil juega un papel fundamental, en colaboraci\u00f3n con la Oficina del Alto Comisionado de las Naciones Unidas para los Derechos Humanos (ACNUDH).<\/strong><\/p>\n\n\n\n<p><strong>La organizaci\u00f3n reconoce la importancia de la aviaci\u00f3n como sector y enfatiza que toda la comunidad debe unirse para prevenir la trata de personas y, en \u00faltima instancia, poner fin al abuso del transporte a\u00e9reo internacional por parte de traficantes.<\/strong><\/p>\n\n\n\n<p><strong>El lema del D\u00eda Mundial contra la Trata de Personas 2023 es \u00abLlegar a todas las v\u00edctimas de la trata, no dejar a nadie atr\u00e1s\u00bb. Esta campa\u00f1a busca crear conciencia sobre los eventos y tendencias identificados por la Oficina de las Naciones Unidas contra la Droga y el Delito (ONUDD).<\/strong><\/p>\n\n\n\n<p><strong>Cada 30 de julio se conmemora el D\u00eda Mundial contra la Trata de Personas, para instar a los gobiernos, fuerzas del orden, servicios p\u00fablicos y sociedad civil a evaluar y fortalecer sus esfuerzos en la prevenci\u00f3n de la trata, identificaci\u00f3n y apoyo a las v\u00edctimas, as\u00ed como poner fin a la impunidad.<\/strong><\/p>\n\n\n\n<p><strong>Asimismo, la Alta Comisionada de las Naciones Unidas para los Derechos Humanos, Michelle Bachelet, elogi\u00f3 la expansi\u00f3n de la formaci\u00f3n para los sobrecargos y el sector de viajes en general, como un elemento crucial para proteger los derechos humanos de algunas de las personas m\u00e1s vulnerables.<\/strong><\/p>\n\n\n\n<p><strong>As\u00ed, al integrar los materiales de formaci\u00f3n de la OACI y el ACNUDH, las compa\u00f1\u00edas a\u00e9reas pueden mejorar sus esfuerzos para prevenir la trata, llegar a todas las v\u00edctimas y no dejar a nadie atr\u00e1s.<\/strong><\/p>\n\n\n\n<p><strong>Los sobrecargos deben complementar esta formaci\u00f3n con otros programas espec\u00edficos sobre procedimientos y pr\u00e1cticas internas de las aerol\u00edneas y, junto con otros profesionales de la aviaci\u00f3n, acceder a la formaci\u00f3n y orientaci\u00f3n a trav\u00e9s del sitio web de la OACI.<\/strong><\/p>\n\n\n\n<p><strong>Fuente: A21mx<\/strong><\/p>\n","protected":false},"excerpt":{"rendered":"<p>(Aeronoticias): La Organizaci\u00f3n de Aviaci\u00f3n Civil Internacional (OACI) est\u00e1 dando un paso adelante en su compromiso de combatir la trata de personas, mediante la instauraci\u00f3n de nuevas directrices para reportar casos de trata en la red de aviaci\u00f3n civil internacional, en el marco de la conmemoraci\u00f3n del D\u00eda Mundial contra la Trata de Personas, este [&hellip;]<\/p>\n","protected":false},"author":3,"featured_media":84883,"comment_status":"open","ping_status":"open","sticky":false,"template":"","format":"standard","meta":{"tdm_status":"","tdm_grid_status":"","footnotes":""},"categories":[8,30],"tags":[230,3309,2393],"class_list":{"0":"post-84882","1":"post","2":"type-post","3":"status-publish","4":"format-standard","5":"has-post-thumbnail","7":"category-ultimas","8":"category-30","9":"tag-oaci","10":"tag-onudd","11":"tag-trata-de-personas"},"yoast_head":"<!-- This site is optimized with the Yoast SEO plugin v25.1 - https:\/\/yoast.com\/wordpress\/plugins\/seo\/ -->\n<title>Establece OACI nuevas directrices para combatir la trata de personas<\/title>\n<meta name=\"description\" content=\"EL ORGANISMO LLAM\u00d3 A LA COMUNIDAD MUNDIAL DE LA AVIACI\u00d3N A UNIRSE PARA PREVENIR ESTOS IL\u00cdCITOS Y PONER FIN AL ABUSO EN EL TRANSPORTE A\u00c9REO INTERNACIONAL.\" \/>\n<meta name=\"robots\" content=\"index, follow, max-snippet:-1, max-image-preview:large, max-video-preview:-1\" \/>\n<link rel=\"canonical\" href=\"https:\/\/aeronoticias.com.pe\/noticiero\/ultimas\/1\/establece-oaci-nuevas-directrices-para-combatir-la-trata-de-personas\/\" \/>\n<meta property=\"og:locale\" content=\"es_ES\" \/>\n<meta property=\"og:type\" content=\"article\" \/>\n<meta property=\"og:title\" content=\"Establece OACI nuevas directrices para combatir la trata de personas\" \/>\n<meta property=\"og:description\" content=\"EL ORGANISMO LLAM\u00d3 A LA COMUNIDAD MUNDIAL DE LA AVIACI\u00d3N A UNIRSE PARA PREVENIR ESTOS IL\u00cdCITOS Y PONER FIN AL ABUSO EN EL TRANSPORTE A\u00c9REO INTERNACIONAL.\" \/>\n<meta property=\"og:url\" content=\"https:\/\/aeronoticias.com.pe\/noticiero\/ultimas\/1\/establece-oaci-nuevas-directrices-para-combatir-la-trata-de-personas\/\" \/>\n<meta property=\"og:site_name\" content=\"Aeronoticias.com.pe\" \/>\n<meta property=\"article:publisher\" content=\"https:\/\/www.facebook.com\/Aeronoticias.com.pe\/\" \/>\n<meta property=\"article:published_time\" content=\"2023-08-01T14:47:44+00:00\" \/>\n<meta property=\"article:modified_time\" content=\"2023-08-01T14:47:50+00:00\" \/>\n<meta property=\"og:image\" content=\"https:\/\/aeronoticias.com.pe\/noticiero\/wp-content\/uploads\/2023\/08\/A21.jpg\" \/>\n\t<meta property=\"og:image:width\" content=\"1200\" \/>\n\t<meta property=\"og:image:height\" content=\"790\" \/>\n\t<meta property=\"og:image:type\" content=\"image\/jpeg\" \/>\n<meta name=\"author\" content=\"Redacci\u00f3n\" \/>\n<meta name=\"twitter:card\" content=\"summary_large_image\" \/>\n<meta name=\"twitter:creator\" content=\"@aeronoticias\" \/>\n<meta name=\"twitter:site\" content=\"@aeronoticias\" \/>\n<meta name=\"twitter:label1\" content=\"Escrito por\" \/>\n\t<meta name=\"twitter:data1\" content=\"Redacci\u00f3n\" \/>\n\t<meta name=\"twitter:label2\" content=\"Tiempo de lectura\" \/>\n\t<meta name=\"twitter:data2\" content=\"2 minutos\" \/>\n<script type=\"application\/ld+json\" class=\"yoast-schema-graph\">{\"@context\":\"https:\/\/schema.org\",\"@graph\":[{\"@type\":\"WebPage\",\"@id\":\"https:\/\/aeronoticias.com.pe\/noticiero\/ultimas\/1\/establece-oaci-nuevas-directrices-para-combatir-la-trata-de-personas\/\",\"url\":\"https:\/\/aeronoticias.com.pe\/noticiero\/ultimas\/1\/establece-oaci-nuevas-directrices-para-combatir-la-trata-de-personas\/\",\"name\":\"Establece OACI nuevas directrices para combatir la trata de personas\",\"isPartOf\":{\"@id\":\"https:\/\/aeronoticias.com.pe\/noticiero\/#website\"},\"primaryImageOfPage\":{\"@id\":\"https:\/\/aeronoticias.com.pe\/noticiero\/ultimas\/1\/establece-oaci-nuevas-directrices-para-combatir-la-trata-de-personas\/#primaryimage\"},\"image\":{\"@id\":\"https:\/\/aeronoticias.com.pe\/noticiero\/ultimas\/1\/establece-oaci-nuevas-directrices-para-combatir-la-trata-de-personas\/#primaryimage\"},\"thumbnailUrl\":\"https:\/\/aeronoticias.com.pe\/noticiero\/wp-content\/uploads\/2023\/08\/A21.jpg\",\"datePublished\":\"2023-08-01T14:47:44+00:00\",\"dateModified\":\"2023-08-01T14:47:50+00:00\",\"author\":{\"@id\":\"https:\/\/aeronoticias.com.pe\/noticiero\/#\/schema\/person\/16212a617c73f78916b13194154243bd\"},\"description\":\"EL ORGANISMO LLAM\u00d3 A LA COMUNIDAD MUNDIAL DE LA AVIACI\u00d3N A UNIRSE PARA PREVENIR ESTOS IL\u00cdCITOS Y PONER FIN AL ABUSO EN EL TRANSPORTE A\u00c9REO INTERNACIONAL.\",\"breadcrumb\":{\"@id\":\"https:\/\/aeronoticias.com.pe\/noticiero\/ultimas\/1\/establece-oaci-nuevas-directrices-para-combatir-la-trata-de-personas\/#breadcrumb\"},\"inLanguage\":\"es\",\"potentialAction\":[{\"@type\":\"ReadAction\",\"target\":[\"https:\/\/aeronoticias.com.pe\/noticiero\/ultimas\/1\/establece-oaci-nuevas-directrices-para-combatir-la-trata-de-personas\/\"]}]},{\"@type\":\"ImageObject\",\"inLanguage\":\"es\",\"@id\":\"https:\/\/aeronoticias.com.pe\/noticiero\/ultimas\/1\/establece-oaci-nuevas-directrices-para-combatir-la-trata-de-personas\/#primaryimage\",\"url\":\"https:\/\/aeronoticias.com.pe\/noticiero\/wp-content\/uploads\/2023\/08\/A21.jpg\",\"contentUrl\":\"https:\/\/aeronoticias.com.pe\/noticiero\/wp-content\/uploads\/2023\/08\/A21.jpg\",\"width\":1200,\"height\":790},{\"@type\":\"BreadcrumbList\",\"@id\":\"https:\/\/aeronoticias.com.pe\/noticiero\/ultimas\/1\/establece-oaci-nuevas-directrices-para-combatir-la-trata-de-personas\/#breadcrumb\",\"itemListElement\":[{\"@type\":\"ListItem\",\"position\":1,\"name\":\"Portada\",\"item\":\"https:\/\/aeronoticias.com.pe\/noticiero\/\"},{\"@type\":\"ListItem\",\"position\":2,\"name\":\"Establece OACI nuevas directrices para combatir la trata de personas\"}]},{\"@type\":\"WebSite\",\"@id\":\"https:\/\/aeronoticias.com.pe\/noticiero\/#website\",\"url\":\"https:\/\/aeronoticias.com.pe\/noticiero\/\",\"name\":\"Aeronoticias.com.pe\",\"description\":\"Noticias de tranporte aereo, turismo, hoteles, gastronomia, actualidad, internacional\",\"potentialAction\":[{\"@type\":\"SearchAction\",\"target\":{\"@type\":\"EntryPoint\",\"urlTemplate\":\"https:\/\/aeronoticias.com.pe\/noticiero\/?s={search_term_string}\"},\"query-input\":{\"@type\":\"PropertyValueSpecification\",\"valueRequired\":true,\"valueName\":\"search_term_string\"}}],\"inLanguage\":\"es\"},{\"@type\":\"Person\",\"@id\":\"https:\/\/aeronoticias.com.pe\/noticiero\/#\/schema\/person\/16212a617c73f78916b13194154243bd\",\"name\":\"Redacci\u00f3n\",\"sameAs\":[\"http:\/\/Redacci\u00f3n\"],\"url\":\"https:\/\/aeronoticias.com.pe\/noticiero\/author\/celeste\/\"}]}<\/script>\n<!-- \/ Yoast SEO plugin. -->","yoast_head_json":{"title":"Establece OACI nuevas directrices para combatir la trata de personas","description":"EL ORGANISMO LLAM\u00d3 A LA COMUNIDAD MUNDIAL DE LA AVIACI\u00d3N A UNIRSE PARA PREVENIR ESTOS IL\u00cdCITOS Y PONER FIN AL ABUSO EN EL TRANSPORTE A\u00c9REO INTERNACIONAL.","robots":{"index":"index","follow":"follow","max-snippet":"max-snippet:-1","max-image-preview":"max-image-preview:large","max-video-preview":"max-video-preview:-1"},"canonical":"https:\/\/aeronoticias.com.pe\/noticiero\/ultimas\/1\/establece-oaci-nuevas-directrices-para-combatir-la-trata-de-personas\/","og_locale":"es_ES","og_type":"article","og_title":"Establece OACI nuevas directrices para combatir la trata de personas","og_description":"EL ORGANISMO LLAM\u00d3 A LA COMUNIDAD MUNDIAL DE LA AVIACI\u00d3N A UNIRSE PARA PREVENIR ESTOS IL\u00cdCITOS Y PONER FIN AL ABUSO EN EL TRANSPORTE A\u00c9REO INTERNACIONAL.","og_url":"https:\/\/aeronoticias.com.pe\/noticiero\/ultimas\/1\/establece-oaci-nuevas-directrices-para-combatir-la-trata-de-personas\/","og_site_name":"Aeronoticias.com.pe","article_publisher":"https:\/\/www.facebook.com\/Aeronoticias.com.pe\/","article_published_time":"2023-08-01T14:47:44+00:00","article_modified_time":"2023-08-01T14:47:50+00:00","og_image":[{"width":1200,"height":790,"url":"https:\/\/aeronoticias.com.pe\/noticiero\/wp-content\/uploads\/2023\/08\/A21.jpg","type":"image\/jpeg"}],"author":"Redacci\u00f3n","twitter_card":"summary_large_image","twitter_creator":"@aeronoticias","twitter_site":"@aeronoticias","twitter_misc":{"Escrito por":"Redacci\u00f3n","Tiempo de lectura":"2 minutos"},"schema":{"@context":"https:\/\/schema.org","@graph":[{"@type":"WebPage","@id":"https:\/\/aeronoticias.com.pe\/noticiero\/ultimas\/1\/establece-oaci-nuevas-directrices-para-combatir-la-trata-de-personas\/","url":"https:\/\/aeronoticias.com.pe\/noticiero\/ultimas\/1\/establece-oaci-nuevas-directrices-para-combatir-la-trata-de-personas\/","name":"Establece OACI nuevas directrices para combatir la trata de personas","isPartOf":{"@id":"https:\/\/aeronoticias.com.pe\/noticiero\/#website"},"primaryImageOfPage":{"@id":"https:\/\/aeronoticias.com.pe\/noticiero\/ultimas\/1\/establece-oaci-nuevas-directrices-para-combatir-la-trata-de-personas\/#primaryimage"},"image":{"@id":"https:\/\/aeronoticias.com.pe\/noticiero\/ultimas\/1\/establece-oaci-nuevas-directrices-para-combatir-la-trata-de-personas\/#primaryimage"},"thumbnailUrl":"https:\/\/aeronoticias.com.pe\/noticiero\/wp-content\/uploads\/2023\/08\/A21.jpg","datePublished":"2023-08-01T14:47:44+00:00","dateModified":"2023-08-01T14:47:50+00:00","author":{"@id":"https:\/\/aeronoticias.com.pe\/noticiero\/#\/schema\/person\/16212a617c73f78916b13194154243bd"},"description":"EL ORGANISMO LLAM\u00d3 A LA COMUNIDAD MUNDIAL DE LA AVIACI\u00d3N A UNIRSE PARA PREVENIR ESTOS IL\u00cdCITOS Y PONER FIN AL ABUSO EN EL TRANSPORTE A\u00c9REO INTERNACIONAL.","breadcrumb":{"@id":"https:\/\/aeronoticias.com.pe\/noticiero\/ultimas\/1\/establece-oaci-nuevas-directrices-para-combatir-la-trata-de-personas\/#breadcrumb"},"inLanguage":"es","potentialAction":[{"@type":"ReadAction","target":["https:\/\/aeronoticias.com.pe\/noticiero\/ultimas\/1\/establece-oaci-nuevas-directrices-para-combatir-la-trata-de-personas\/"]}]},{"@type":"ImageObject","inLanguage":"es","@id":"https:\/\/aeronoticias.com.pe\/noticiero\/ultimas\/1\/establece-oaci-nuevas-directrices-para-combatir-la-trata-de-personas\/#primaryimage","url":"https:\/\/aeronoticias.com.pe\/noticiero\/wp-content\/uploads\/2023\/08\/A21.jpg","contentUrl":"https:\/\/aeronoticias.com.pe\/noticiero\/wp-content\/uploads\/2023\/08\/A21.jpg","width":1200,"height":790},{"@type":"BreadcrumbList","@id":"https:\/\/aeronoticias.com.pe\/noticiero\/ultimas\/1\/establece-oaci-nuevas-directrices-para-combatir-la-trata-de-personas\/#breadcrumb","itemListElement":[{"@type":"ListItem","position":1,"name":"Portada","item":"https:\/\/aeronoticias.com.pe\/noticiero\/"},{"@type":"ListItem","position":2,"name":"Establece OACI nuevas directrices para combatir la trata de personas"}]},{"@type":"WebSite","@id":"https:\/\/aeronoticias.com.pe\/noticiero\/#website","url":"https:\/\/aeronoticias.com.pe\/noticiero\/","name":"Aeronoticias.com.pe","description":"Noticias de tranporte aereo, turismo, hoteles, gastronomia, actualidad, internacional","potentialAction":[{"@type":"SearchAction","target":{"@type":"EntryPoint","urlTemplate":"https:\/\/aeronoticias.com.pe\/noticiero\/?s={search_term_string}"},"query-input":{"@type":"PropertyValueSpecification","valueRequired":true,"valueName":"search_term_string"}}],"inLanguage":"es"},{"@type":"Person","@id":"https:\/\/aeronoticias.com.pe\/noticiero\/#\/schema\/person\/16212a617c73f78916b13194154243bd","name":"Redacci\u00f3n","sameAs":["http:\/\/Redacci\u00f3n"],"url":"https:\/\/aeronoticias.com.pe\/noticiero\/author\/celeste\/"}]}},"_links":{"self":[{"href":"https:\/\/aeronoticias.com.pe\/noticiero\/wp-json\/wp\/v2\/posts\/84882","targetHints":{"allow":["GET"]}}],"collection":[{"href":"https:\/\/aeronoticias.com.pe\/noticiero\/wp-json\/wp\/v2\/posts"}],"about":[{"href":"https:\/\/aeronoticias.com.pe\/noticiero\/wp-json\/wp\/v2\/types\/post"}],"author":[{"embeddable":true,"href":"https:\/\/aeronoticias.com.pe\/noticiero\/wp-json\/wp\/v2\/users\/3"}],"replies":[{"embeddable":true,"href":"https:\/\/aeronoticias.com.pe\/noticiero\/wp-json\/wp\/v2\/comments?post=84882"}],"version-history":[{"count":0,"href":"https:\/\/aeronoticias.com.pe\/noticiero\/wp-json\/wp\/v2\/posts\/84882\/revisions"}],"wp:featuredmedia":[{"embeddable":true,"href":"https:\/\/aeronoticias.com.pe\/noticiero\/wp-json\/wp\/v2\/media\/84883"}],"wp:attachment":[{"href":"https:\/\/aeronoticias.com.pe\/noticiero\/wp-json\/wp\/v2\/media?parent=84882"}],"wp:term":[{"taxonomy":"category","embeddable":true,"href":"https:\/\/aeronoticias.com.pe\/noticiero\/wp-json\/wp\/v2\/categories?post=84882"},{"taxonomy":"post_tag","embeddable":true,"href":"https:\/\/aeronoticias.com.pe\/noticiero\/wp-json\/wp\/v2\/tags?post=84882"}],"curies":[{"name":"wp","href":"https:\/\/api.w.org\/{rel}","templated":true}]}}