{"id":84900,"date":"2023-08-01T11:13:03","date_gmt":"2023-08-01T16:13:03","guid":{"rendered":"https:\/\/aeronoticias.com.pe\/noticiero\/?p=84900"},"modified":"2023-08-01T11:13:11","modified_gmt":"2023-08-01T16:13:11","slug":"brasilia-cierra-primera-mitad-del-2023-con-7-millones-de-pasajeros","status":"publish","type":"post","link":"https:\/\/aeronoticias.com.pe\/noticiero\/ultimas\/1\/brasilia-cierra-primera-mitad-del-2023-con-7-millones-de-pasajeros\/","title":{"rendered":"Brasilia cierra primera mitad del 2023 con 7 millones de pasajeros"},"content":{"rendered":"\n<p><strong>(Aeronoticias)<\/strong>: Cerca de 7,2 millones de personas embarcaron, desembarcaron o se conectaron a trav\u00e9s de la terminal a\u00e9rea de la capital federal. El flujo a\u00fan est\u00e1 por debajo de 2019, antes de la pandemia, pero la reanudaci\u00f3n se ha producido gradualmente. Si se compara con 2019, el movimiento registrado fue un 10,8% menor, pero si se compara con el mismo per\u00edodo del a\u00f1o pasado, el crecimiento fue del 19,5%. De enero a junio de 2023, el Aeropuerto de Bras\u00edlia oper\u00f3 70.000 aterrizajes y despegues.<\/p>\n\n\n\n<p>El tr\u00e1fico internacional tambi\u00e9n mejor\u00f3 en los seis primeros meses del a\u00f1o. Fueron 258.000 pasajeros en 1.700 vuelos. Este aumento del movimiento refleja la reanudaci\u00f3n del vuelo a Lima, en Per\u00fa, los vuelos adicionales a Orlando y Miami y el aumento de la frecuencia de los vuelos a Panam\u00e1 y Lisboa. Hoy el pasajero puede volar desde Brasilia a seis destinos en el extranjero.<\/p>\n\n\n\n<p>\u00abLa recuperaci\u00f3n viene ocurriendo gradualmente, pero ya notamos un aumento en el flujo de pasajeros. En 2019 conect\u00e1bamos el DF con 10 destinos internacionales, hoy estamos con seis. Todav\u00eda es un proceso de reajuste de la red y de la demanda\u00bb, explica Rog\u00e9rio Coimbra, director de Asuntos Corporativos de Inframerica.<\/p>\n\n\n\n<p>El aeropuerto de Brasilia es uno de los m\u00e1s transitados del pa\u00eds, el tercero en flujo de pasajeros y el cuarto m\u00e1s puntual del mundo en la categor\u00eda de tama\u00f1o medio. Con una infraestructura moderna y diversos servicios para los pasajeros, el aeropuerto ofrece una amplia gama de destinos y conexiones para los viajeros a 39 ciudades brasile\u00f1as y seis destinos en el extranjero.<\/p>\n\n\n\n<p><strong>Fuente: avionrevue.com<\/strong><\/p>\n","protected":false},"excerpt":{"rendered":"<p>(Aeronoticias): Cerca de 7,2 millones de personas embarcaron, desembarcaron o se conectaron a trav\u00e9s de la terminal a\u00e9rea de la capital federal. El flujo a\u00fan est\u00e1 por debajo de 2019, antes de la pandemia, pero la reanudaci\u00f3n se ha producido gradualmente. Si se compara con 2019, el movimiento registrado fue un 10,8% menor, pero si [&hellip;]<\/p>\n","protected":false},"author":3,"featured_media":84901,"comment_status":"open","ping_status":"open","sticky":false,"template":"","format":"standard","meta":{"tdm_status":"","tdm_grid_status":"","footnotes":""},"categories":[30,8],"tags":[991],"class_list":{"0":"post-84900","1":"post","2":"type-post","3":"status-publish","4":"format-standard","5":"has-post-thumbnail","7":"category-30","8":"category-ultimas","9":"tag-brasilia"},"yoast_head":"<!-- This site is optimized with the Yoast SEO plugin v25.1 - https:\/\/yoast.com\/wordpress\/plugins\/seo\/ -->\n<title>Brasilia cierra primera mitad del 2023 con 7 millones de pasajeros<\/title>\n<meta name=\"description\" content=\"El Aeropuerto de Brasilia, una de las principales terminales a\u00e9reas de Brasil, registr\u00f3 un buen movimiento de pasajeros y operaciones a\u00e9reas durante el primer semestre de este a\u00f1o.\" \/>\n<meta name=\"robots\" content=\"index, follow, max-snippet:-1, max-image-preview:large, max-video-preview:-1\" \/>\n<link rel=\"canonical\" href=\"https:\/\/aeronoticias.com.pe\/noticiero\/ultimas\/1\/brasilia-cierra-primera-mitad-del-2023-con-7-millones-de-pasajeros\/\" \/>\n<meta property=\"og:locale\" content=\"es_ES\" \/>\n<meta property=\"og:type\" content=\"article\" \/>\n<meta property=\"og:title\" content=\"Brasilia cierra primera mitad del 2023 con 7 millones de pasajeros\" \/>\n<meta property=\"og:description\" content=\"El Aeropuerto de Brasilia, una de las principales terminales a\u00e9reas de Brasil, registr\u00f3 un buen movimiento de pasajeros y operaciones a\u00e9reas durante el primer semestre de este a\u00f1o.\" \/>\n<meta property=\"og:url\" content=\"https:\/\/aeronoticias.com.pe\/noticiero\/ultimas\/1\/brasilia-cierra-primera-mitad-del-2023-con-7-millones-de-pasajeros\/\" \/>\n<meta property=\"og:site_name\" content=\"Aeronoticias.com.pe\" \/>\n<meta property=\"article:publisher\" content=\"https:\/\/www.facebook.com\/Aeronoticias.com.pe\/\" \/>\n<meta property=\"article:published_time\" content=\"2023-08-01T16:13:03+00:00\" \/>\n<meta property=\"article:modified_time\" content=\"2023-08-01T16:13:11+00:00\" \/>\n<meta property=\"og:image\" content=\"https:\/\/aeronoticias.com.pe\/noticiero\/wp-content\/uploads\/2023\/08\/ala.jpg\" \/>\n\t<meta property=\"og:image:width\" content=\"1024\" \/>\n\t<meta property=\"og:image:height\" content=\"683\" \/>\n\t<meta property=\"og:image:type\" content=\"image\/jpeg\" \/>\n<meta name=\"author\" content=\"Redacci\u00f3n\" \/>\n<meta name=\"twitter:card\" content=\"summary_large_image\" \/>\n<meta name=\"twitter:creator\" content=\"@aeronoticias\" \/>\n<meta name=\"twitter:site\" content=\"@aeronoticias\" \/>\n<meta name=\"twitter:label1\" content=\"Escrito por\" \/>\n\t<meta name=\"twitter:data1\" content=\"Redacci\u00f3n\" \/>\n\t<meta name=\"twitter:label2\" content=\"Tiempo de lectura\" \/>\n\t<meta name=\"twitter:data2\" content=\"1 minuto\" \/>\n<script type=\"application\/ld+json\" class=\"yoast-schema-graph\">{\"@context\":\"https:\/\/schema.org\",\"@graph\":[{\"@type\":\"WebPage\",\"@id\":\"https:\/\/aeronoticias.com.pe\/noticiero\/ultimas\/1\/brasilia-cierra-primera-mitad-del-2023-con-7-millones-de-pasajeros\/\",\"url\":\"https:\/\/aeronoticias.com.pe\/noticiero\/ultimas\/1\/brasilia-cierra-primera-mitad-del-2023-con-7-millones-de-pasajeros\/\",\"name\":\"Brasilia cierra primera mitad del 2023 con 7 millones de pasajeros\",\"isPartOf\":{\"@id\":\"https:\/\/aeronoticias.com.pe\/noticiero\/#website\"},\"primaryImageOfPage\":{\"@id\":\"https:\/\/aeronoticias.com.pe\/noticiero\/ultimas\/1\/brasilia-cierra-primera-mitad-del-2023-con-7-millones-de-pasajeros\/#primaryimage\"},\"image\":{\"@id\":\"https:\/\/aeronoticias.com.pe\/noticiero\/ultimas\/1\/brasilia-cierra-primera-mitad-del-2023-con-7-millones-de-pasajeros\/#primaryimage\"},\"thumbnailUrl\":\"https:\/\/aeronoticias.com.pe\/noticiero\/wp-content\/uploads\/2023\/08\/ala.jpg\",\"datePublished\":\"2023-08-01T16:13:03+00:00\",\"dateModified\":\"2023-08-01T16:13:11+00:00\",\"author\":{\"@id\":\"https:\/\/aeronoticias.com.pe\/noticiero\/#\/schema\/person\/16212a617c73f78916b13194154243bd\"},\"description\":\"El Aeropuerto de Brasilia, una de las principales terminales a\u00e9reas de Brasil, registr\u00f3 un buen movimiento de pasajeros y operaciones a\u00e9reas durante el primer semestre de este a\u00f1o.\",\"breadcrumb\":{\"@id\":\"https:\/\/aeronoticias.com.pe\/noticiero\/ultimas\/1\/brasilia-cierra-primera-mitad-del-2023-con-7-millones-de-pasajeros\/#breadcrumb\"},\"inLanguage\":\"es\",\"potentialAction\":[{\"@type\":\"ReadAction\",\"target\":[\"https:\/\/aeronoticias.com.pe\/noticiero\/ultimas\/1\/brasilia-cierra-primera-mitad-del-2023-con-7-millones-de-pasajeros\/\"]}]},{\"@type\":\"ImageObject\",\"inLanguage\":\"es\",\"@id\":\"https:\/\/aeronoticias.com.pe\/noticiero\/ultimas\/1\/brasilia-cierra-primera-mitad-del-2023-con-7-millones-de-pasajeros\/#primaryimage\",\"url\":\"https:\/\/aeronoticias.com.pe\/noticiero\/wp-content\/uploads\/2023\/08\/ala.jpg\",\"contentUrl\":\"https:\/\/aeronoticias.com.pe\/noticiero\/wp-content\/uploads\/2023\/08\/ala.jpg\",\"width\":1024,\"height\":683},{\"@type\":\"BreadcrumbList\",\"@id\":\"https:\/\/aeronoticias.com.pe\/noticiero\/ultimas\/1\/brasilia-cierra-primera-mitad-del-2023-con-7-millones-de-pasajeros\/#breadcrumb\",\"itemListElement\":[{\"@type\":\"ListItem\",\"position\":1,\"name\":\"Portada\",\"item\":\"https:\/\/aeronoticias.com.pe\/noticiero\/\"},{\"@type\":\"ListItem\",\"position\":2,\"name\":\"Brasilia cierra primera mitad del 2023 con 7 millones de pasajeros\"}]},{\"@type\":\"WebSite\",\"@id\":\"https:\/\/aeronoticias.com.pe\/noticiero\/#website\",\"url\":\"https:\/\/aeronoticias.com.pe\/noticiero\/\",\"name\":\"Aeronoticias.com.pe\",\"description\":\"Noticias de tranporte aereo, turismo, hoteles, gastronomia, actualidad, internacional\",\"potentialAction\":[{\"@type\":\"SearchAction\",\"target\":{\"@type\":\"EntryPoint\",\"urlTemplate\":\"https:\/\/aeronoticias.com.pe\/noticiero\/?s={search_term_string}\"},\"query-input\":{\"@type\":\"PropertyValueSpecification\",\"valueRequired\":true,\"valueName\":\"search_term_string\"}}],\"inLanguage\":\"es\"},{\"@type\":\"Person\",\"@id\":\"https:\/\/aeronoticias.com.pe\/noticiero\/#\/schema\/person\/16212a617c73f78916b13194154243bd\",\"name\":\"Redacci\u00f3n\",\"sameAs\":[\"http:\/\/Redacci\u00f3n\"],\"url\":\"https:\/\/aeronoticias.com.pe\/noticiero\/author\/celeste\/\"}]}<\/script>\n<!-- \/ Yoast SEO plugin. -->","yoast_head_json":{"title":"Brasilia cierra primera mitad del 2023 con 7 millones de pasajeros","description":"El Aeropuerto de Brasilia, una de las principales terminales a\u00e9reas de Brasil, registr\u00f3 un buen movimiento de pasajeros y operaciones a\u00e9reas durante el primer semestre de este a\u00f1o.","robots":{"index":"index","follow":"follow","max-snippet":"max-snippet:-1","max-image-preview":"max-image-preview:large","max-video-preview":"max-video-preview:-1"},"canonical":"https:\/\/aeronoticias.com.pe\/noticiero\/ultimas\/1\/brasilia-cierra-primera-mitad-del-2023-con-7-millones-de-pasajeros\/","og_locale":"es_ES","og_type":"article","og_title":"Brasilia cierra primera mitad del 2023 con 7 millones de pasajeros","og_description":"El Aeropuerto de Brasilia, una de las principales terminales a\u00e9reas de Brasil, registr\u00f3 un buen movimiento de pasajeros y operaciones a\u00e9reas durante el primer semestre de este a\u00f1o.","og_url":"https:\/\/aeronoticias.com.pe\/noticiero\/ultimas\/1\/brasilia-cierra-primera-mitad-del-2023-con-7-millones-de-pasajeros\/","og_site_name":"Aeronoticias.com.pe","article_publisher":"https:\/\/www.facebook.com\/Aeronoticias.com.pe\/","article_published_time":"2023-08-01T16:13:03+00:00","article_modified_time":"2023-08-01T16:13:11+00:00","og_image":[{"width":1024,"height":683,"url":"https:\/\/aeronoticias.com.pe\/noticiero\/wp-content\/uploads\/2023\/08\/ala.jpg","type":"image\/jpeg"}],"author":"Redacci\u00f3n","twitter_card":"summary_large_image","twitter_creator":"@aeronoticias","twitter_site":"@aeronoticias","twitter_misc":{"Escrito por":"Redacci\u00f3n","Tiempo de lectura":"1 minuto"},"schema":{"@context":"https:\/\/schema.org","@graph":[{"@type":"WebPage","@id":"https:\/\/aeronoticias.com.pe\/noticiero\/ultimas\/1\/brasilia-cierra-primera-mitad-del-2023-con-7-millones-de-pasajeros\/","url":"https:\/\/aeronoticias.com.pe\/noticiero\/ultimas\/1\/brasilia-cierra-primera-mitad-del-2023-con-7-millones-de-pasajeros\/","name":"Brasilia cierra primera mitad del 2023 con 7 millones de pasajeros","isPartOf":{"@id":"https:\/\/aeronoticias.com.pe\/noticiero\/#website"},"primaryImageOfPage":{"@id":"https:\/\/aeronoticias.com.pe\/noticiero\/ultimas\/1\/brasilia-cierra-primera-mitad-del-2023-con-7-millones-de-pasajeros\/#primaryimage"},"image":{"@id":"https:\/\/aeronoticias.com.pe\/noticiero\/ultimas\/1\/brasilia-cierra-primera-mitad-del-2023-con-7-millones-de-pasajeros\/#primaryimage"},"thumbnailUrl":"https:\/\/aeronoticias.com.pe\/noticiero\/wp-content\/uploads\/2023\/08\/ala.jpg","datePublished":"2023-08-01T16:13:03+00:00","dateModified":"2023-08-01T16:13:11+00:00","author":{"@id":"https:\/\/aeronoticias.com.pe\/noticiero\/#\/schema\/person\/16212a617c73f78916b13194154243bd"},"description":"El Aeropuerto de Brasilia, una de las principales terminales a\u00e9reas de Brasil, registr\u00f3 un buen movimiento de pasajeros y operaciones a\u00e9reas durante el primer semestre de este a\u00f1o.","breadcrumb":{"@id":"https:\/\/aeronoticias.com.pe\/noticiero\/ultimas\/1\/brasilia-cierra-primera-mitad-del-2023-con-7-millones-de-pasajeros\/#breadcrumb"},"inLanguage":"es","potentialAction":[{"@type":"ReadAction","target":["https:\/\/aeronoticias.com.pe\/noticiero\/ultimas\/1\/brasilia-cierra-primera-mitad-del-2023-con-7-millones-de-pasajeros\/"]}]},{"@type":"ImageObject","inLanguage":"es","@id":"https:\/\/aeronoticias.com.pe\/noticiero\/ultimas\/1\/brasilia-cierra-primera-mitad-del-2023-con-7-millones-de-pasajeros\/#primaryimage","url":"https:\/\/aeronoticias.com.pe\/noticiero\/wp-content\/uploads\/2023\/08\/ala.jpg","contentUrl":"https:\/\/aeronoticias.com.pe\/noticiero\/wp-content\/uploads\/2023\/08\/ala.jpg","width":1024,"height":683},{"@type":"BreadcrumbList","@id":"https:\/\/aeronoticias.com.pe\/noticiero\/ultimas\/1\/brasilia-cierra-primera-mitad-del-2023-con-7-millones-de-pasajeros\/#breadcrumb","itemListElement":[{"@type":"ListItem","position":1,"name":"Portada","item":"https:\/\/aeronoticias.com.pe\/noticiero\/"},{"@type":"ListItem","position":2,"name":"Brasilia cierra primera mitad del 2023 con 7 millones de pasajeros"}]},{"@type":"WebSite","@id":"https:\/\/aeronoticias.com.pe\/noticiero\/#website","url":"https:\/\/aeronoticias.com.pe\/noticiero\/","name":"Aeronoticias.com.pe","description":"Noticias de tranporte aereo, turismo, hoteles, gastronomia, actualidad, internacional","potentialAction":[{"@type":"SearchAction","target":{"@type":"EntryPoint","urlTemplate":"https:\/\/aeronoticias.com.pe\/noticiero\/?s={search_term_string}"},"query-input":{"@type":"PropertyValueSpecification","valueRequired":true,"valueName":"search_term_string"}}],"inLanguage":"es"},{"@type":"Person","@id":"https:\/\/aeronoticias.com.pe\/noticiero\/#\/schema\/person\/16212a617c73f78916b13194154243bd","name":"Redacci\u00f3n","sameAs":["http:\/\/Redacci\u00f3n"],"url":"https:\/\/aeronoticias.com.pe\/noticiero\/author\/celeste\/"}]}},"_links":{"self":[{"href":"https:\/\/aeronoticias.com.pe\/noticiero\/wp-json\/wp\/v2\/posts\/84900","targetHints":{"allow":["GET"]}}],"collection":[{"href":"https:\/\/aeronoticias.com.pe\/noticiero\/wp-json\/wp\/v2\/posts"}],"about":[{"href":"https:\/\/aeronoticias.com.pe\/noticiero\/wp-json\/wp\/v2\/types\/post"}],"author":[{"embeddable":true,"href":"https:\/\/aeronoticias.com.pe\/noticiero\/wp-json\/wp\/v2\/users\/3"}],"replies":[{"embeddable":true,"href":"https:\/\/aeronoticias.com.pe\/noticiero\/wp-json\/wp\/v2\/comments?post=84900"}],"version-history":[{"count":0,"href":"https:\/\/aeronoticias.com.pe\/noticiero\/wp-json\/wp\/v2\/posts\/84900\/revisions"}],"wp:featuredmedia":[{"embeddable":true,"href":"https:\/\/aeronoticias.com.pe\/noticiero\/wp-json\/wp\/v2\/media\/84901"}],"wp:attachment":[{"href":"https:\/\/aeronoticias.com.pe\/noticiero\/wp-json\/wp\/v2\/media?parent=84900"}],"wp:term":[{"taxonomy":"category","embeddable":true,"href":"https:\/\/aeronoticias.com.pe\/noticiero\/wp-json\/wp\/v2\/categories?post=84900"},{"taxonomy":"post_tag","embeddable":true,"href":"https:\/\/aeronoticias.com.pe\/noticiero\/wp-json\/wp\/v2\/tags?post=84900"}],"curies":[{"name":"wp","href":"https:\/\/api.w.org\/{rel}","templated":true}]}}