{"id":84903,"date":"2023-08-01T11:36:47","date_gmt":"2023-08-01T16:36:47","guid":{"rendered":"https:\/\/aeronoticias.com.pe\/noticiero\/?p=84903"},"modified":"2023-08-01T11:36:55","modified_gmt":"2023-08-01T16:36:55","slug":"se-posiciona-cancun-como-principal-acceso-de-viajeros-internacionales","status":"publish","type":"post","link":"https:\/\/aeronoticias.com.pe\/noticiero\/internacionales\/se-posiciona-cancun-como-principal-acceso-de-viajeros-internacionales\/","title":{"rendered":"Se posiciona Canc\u00fan como principal acceso de viajeros internacionales"},"content":{"rendered":"\n<p><strong>(Aeronoticias)<\/strong>: El\u00a0<strong>Aeropuerto Internacional de Canc\u00fan\u00a0<\/strong>se coloca como la principal puerta de entrada de pasajeros internacionales a M\u00e9xico, al recibir a\u00a0<strong>11 millones 35,500 pasajeros internacionales en los seis primeros meses del a\u00f1o<\/strong>, lo que deja al Aeropuerto Internacional de la Ciudad de M\u00e9xico (AICM) en segundo sitio con 7 millones 667,200 viajeros internacionales, de acuerdo con datos de la\u00a0<strong>Agencia Federal de Aviaci\u00f3n Civil (AFAC).<\/strong><\/p>\n\n\n\n<p>Seg\u00fan informaci\u00f3n de esta agencia, de los 10 aeropuertos que m\u00e1s visitantes extranjeros recibieron cuatro son destinos de playa:&nbsp;<strong>Canc\u00fan, San Jos\u00e9 del Cabo, Puerto Vallarta y Cozumel;<\/strong>&nbsp;el resto fueron terminales a\u00e9reas ubicadas en zonas metropolitanas como la Ciudad de M\u00e9xico, Guadalajara, Monterrey, Baj\u00edo, Morelia y Quer\u00e9taro.<\/p>\n\n\n\n<p>La cifra de 11 millones 35,500 pasajeros internacionales del primer semestre del a\u00f1o registrados en el Aeropuerto Internacional de Canc\u00fan, signific\u00f3 un incremento de 10.6% respecto al mismo periodo de 2022, cuando la entrada fue de nueve millones 974,100 usuarios.<\/p>\n\n\n\n<p>En tanto,\u00a0<strong>los siete millones 667,200 viajeros extranjeros que llegaron al AICM representaron un aumento de 18.8%<\/strong>\u00a0con respecto al primer semestre del 2022, cuando entraron seis millones 451,500 pasajeros internacionales.<\/p>\n\n\n\n<p>En tercer lugar se ubic\u00f3 el Aeropuerto Internacional de Guadalajara, con dos millones 504 mil viajeros internacionales que, comparados con los dos millones 63,600 del primer semestre de 2022, significaron un crecimiento de 21.3%.<\/p>\n\n\n\n<p>Por otra parte,&nbsp;<strong>San Jos\u00e9 del Cabo report\u00f3 un aumento del 18.2% al pasar de un mill\u00f3n 899 mil en el primer semestre de 2022<\/strong>&nbsp;a dos millones 244,500 en los primeros seis meses de 2023.<\/p>\n\n\n\n<p>Por su parte, los aeropuertos de Monterrey, Baj\u00edo, Morelia, Cozumel y Quer\u00e9taro registraron incrementos de 44.3%; 17.1%;&nbsp; 26.2%; 4.4% y 33.7%, respectivamente, mientras que en el resto de los aeropuertos reportaron, en conjunto, un mill\u00f3n 597,300 pasajeros de enero a junio de este a\u00f1o que, comparados con el mill\u00f3n 310,100 de enero a junio de 2022, significaron un aumento de 21.9%.<\/p>\n\n\n\n<p>En total, de enero a junio de este a\u00f1o,&nbsp;<strong>los aeropuertos del pa\u00eds movilizaron 29 millones 449 mil viajeros internacionales,<\/strong>&nbsp;que comparados con los 25 millones 495 mil del mismo periodo pero de 2022, implic\u00f3 un aumento de 15.7%.<\/p>\n\n\n\n<p><strong>Viajeros dom\u00e9sticos<\/strong><\/p>\n\n\n\n<p>En tanto, durante ese mismo periodo, el n\u00famero de viajeros dom\u00e9sticos movilizados en el pa\u00eds ascendi\u00f3 a 61 millones 593 mil, de los cuales 15 millones 839,700 pasaron por el AICM.<\/p>\n\n\n\n<p><strong>De acuerdo con la AFAC, el AICM tuvo un incremento del 7.7% en el movimiento de pasajeros nacionales en los primeros seis meses del a\u00f1o<\/strong>, pues en 2022 la cifra fue por 14 millones 703,400.<\/p>\n\n\n\n<p>El Aeropuerto Internacional de Tijuana se ubic\u00f3 en segundo sitio con seis millones 440,200 en el per\u00edodo enero junio de 2023, que comparados con los cinco millones 750,900 del mismo periodo del a\u00f1o pasado, signific\u00f3 un aumento de 12%.<\/p>\n\n\n\n<p><strong>Guadalajara qued\u00f3 en tercer lugar en tr\u00e1fico de pasajeros locales con seis millones 121,200; seguido por Canc\u00fan, con cinco millones 603,100 y Monterrey, con cinco millones 250,400<\/strong>, en el primer semestre de este a\u00f1o.<\/p>\n\n\n\n<p>Las terminales a\u00e9reas de Puerto Vallarta, M\u00e9rida, San Jos\u00e9 del Cabo, Culiac\u00e1n y Ciudad Ju\u00e1rez, reportaron crecimientos de 17.8%; 32.5%; 23.5%; 9.9% y 9.7%, respectivamente.<\/p>\n\n\n\n<p>Finalmente, el resto de los aeropuertos del pa\u00eds movilizaron a 15 millones 631,300 mexicanos, que implican un crecimiento de 29.4% comparado con los 12 millones 82,800 de enero a junio de 2022.<\/p>\n\n\n\n<p><strong>Fuente: A21mx<\/strong><\/p>\n","protected":false},"excerpt":{"rendered":"<p>(Aeronoticias): El\u00a0Aeropuerto Internacional de Canc\u00fan\u00a0se coloca como la principal puerta de entrada de pasajeros internacionales a M\u00e9xico, al recibir a\u00a011 millones 35,500 pasajeros internacionales en los seis primeros meses del a\u00f1o, lo que deja al Aeropuerto Internacional de la Ciudad de M\u00e9xico (AICM) en segundo sitio con 7 millones 667,200 viajeros internacionales, de acuerdo con [&hellip;]<\/p>\n","protected":false},"author":3,"featured_media":84904,"comment_status":"open","ping_status":"open","sticky":false,"template":"","format":"standard","meta":{"tdm_status":"","tdm_grid_status":"","footnotes":""},"categories":[32,34],"tags":[3310,255],"class_list":{"0":"post-84903","1":"post","2":"type-post","3":"status-publish","4":"format-standard","5":"has-post-thumbnail","7":"category-internacional","8":"category-internacionales","9":"tag-aeropuerto-internacional-de-cancun","10":"tag-aicm-2"},"yoast_head":"<!-- This site is optimized with the Yoast SEO plugin v25.1 - https:\/\/yoast.com\/wordpress\/plugins\/seo\/ -->\n<title>Se posiciona Canc\u00fan como principal acceso de viajeros internacionales<\/title>\n<meta name=\"description\" content=\"CRECE UN 15.7% EL TR\u00c1FICO DE PASAJEROS DESDE Y HACIA M\u00c9XICO\" \/>\n<meta name=\"robots\" content=\"index, follow, max-snippet:-1, max-image-preview:large, max-video-preview:-1\" \/>\n<link rel=\"canonical\" href=\"https:\/\/aeronoticias.com.pe\/noticiero\/internacionales\/se-posiciona-cancun-como-principal-acceso-de-viajeros-internacionales\/\" \/>\n<meta property=\"og:locale\" content=\"es_ES\" \/>\n<meta property=\"og:type\" content=\"article\" \/>\n<meta property=\"og:title\" content=\"Se posiciona Canc\u00fan como principal acceso de viajeros internacionales\" \/>\n<meta property=\"og:description\" content=\"CRECE UN 15.7% EL TR\u00c1FICO DE PASAJEROS DESDE Y HACIA M\u00c9XICO\" \/>\n<meta property=\"og:url\" content=\"https:\/\/aeronoticias.com.pe\/noticiero\/internacionales\/se-posiciona-cancun-como-principal-acceso-de-viajeros-internacionales\/\" \/>\n<meta property=\"og:site_name\" content=\"Aeronoticias.com.pe\" \/>\n<meta property=\"article:publisher\" content=\"https:\/\/www.facebook.com\/Aeronoticias.com.pe\/\" \/>\n<meta property=\"article:published_time\" content=\"2023-08-01T16:36:47+00:00\" \/>\n<meta property=\"article:modified_time\" content=\"2023-08-01T16:36:55+00:00\" \/>\n<meta property=\"og:image\" content=\"https:\/\/aeronoticias.com.pe\/noticiero\/wp-content\/uploads\/2023\/08\/IMAG.jpg\" \/>\n\t<meta property=\"og:image:width\" content=\"1920\" \/>\n\t<meta property=\"og:image:height\" content=\"768\" \/>\n\t<meta property=\"og:image:type\" content=\"image\/jpeg\" \/>\n<meta name=\"author\" content=\"Redacci\u00f3n\" \/>\n<meta name=\"twitter:card\" content=\"summary_large_image\" \/>\n<meta name=\"twitter:creator\" content=\"@aeronoticias\" \/>\n<meta name=\"twitter:site\" content=\"@aeronoticias\" \/>\n<meta name=\"twitter:label1\" content=\"Escrito por\" \/>\n\t<meta name=\"twitter:data1\" content=\"Redacci\u00f3n\" \/>\n\t<meta name=\"twitter:label2\" content=\"Tiempo de lectura\" \/>\n\t<meta name=\"twitter:data2\" content=\"3 minutos\" \/>\n<script type=\"application\/ld+json\" class=\"yoast-schema-graph\">{\"@context\":\"https:\/\/schema.org\",\"@graph\":[{\"@type\":\"WebPage\",\"@id\":\"https:\/\/aeronoticias.com.pe\/noticiero\/internacionales\/se-posiciona-cancun-como-principal-acceso-de-viajeros-internacionales\/\",\"url\":\"https:\/\/aeronoticias.com.pe\/noticiero\/internacionales\/se-posiciona-cancun-como-principal-acceso-de-viajeros-internacionales\/\",\"name\":\"Se posiciona Canc\u00fan como principal acceso de viajeros internacionales\",\"isPartOf\":{\"@id\":\"https:\/\/aeronoticias.com.pe\/noticiero\/#website\"},\"primaryImageOfPage\":{\"@id\":\"https:\/\/aeronoticias.com.pe\/noticiero\/internacionales\/se-posiciona-cancun-como-principal-acceso-de-viajeros-internacionales\/#primaryimage\"},\"image\":{\"@id\":\"https:\/\/aeronoticias.com.pe\/noticiero\/internacionales\/se-posiciona-cancun-como-principal-acceso-de-viajeros-internacionales\/#primaryimage\"},\"thumbnailUrl\":\"https:\/\/aeronoticias.com.pe\/noticiero\/wp-content\/uploads\/2023\/08\/IMAG.jpg\",\"datePublished\":\"2023-08-01T16:36:47+00:00\",\"dateModified\":\"2023-08-01T16:36:55+00:00\",\"author\":{\"@id\":\"https:\/\/aeronoticias.com.pe\/noticiero\/#\/schema\/person\/16212a617c73f78916b13194154243bd\"},\"description\":\"CRECE UN 15.7% EL TR\u00c1FICO DE PASAJEROS DESDE Y HACIA M\u00c9XICO\",\"breadcrumb\":{\"@id\":\"https:\/\/aeronoticias.com.pe\/noticiero\/internacionales\/se-posiciona-cancun-como-principal-acceso-de-viajeros-internacionales\/#breadcrumb\"},\"inLanguage\":\"es\",\"potentialAction\":[{\"@type\":\"ReadAction\",\"target\":[\"https:\/\/aeronoticias.com.pe\/noticiero\/internacionales\/se-posiciona-cancun-como-principal-acceso-de-viajeros-internacionales\/\"]}]},{\"@type\":\"ImageObject\",\"inLanguage\":\"es\",\"@id\":\"https:\/\/aeronoticias.com.pe\/noticiero\/internacionales\/se-posiciona-cancun-como-principal-acceso-de-viajeros-internacionales\/#primaryimage\",\"url\":\"https:\/\/aeronoticias.com.pe\/noticiero\/wp-content\/uploads\/2023\/08\/IMAG.jpg\",\"contentUrl\":\"https:\/\/aeronoticias.com.pe\/noticiero\/wp-content\/uploads\/2023\/08\/IMAG.jpg\",\"width\":1920,\"height\":768},{\"@type\":\"BreadcrumbList\",\"@id\":\"https:\/\/aeronoticias.com.pe\/noticiero\/internacionales\/se-posiciona-cancun-como-principal-acceso-de-viajeros-internacionales\/#breadcrumb\",\"itemListElement\":[{\"@type\":\"ListItem\",\"position\":1,\"name\":\"Portada\",\"item\":\"https:\/\/aeronoticias.com.pe\/noticiero\/\"},{\"@type\":\"ListItem\",\"position\":2,\"name\":\"Se posiciona Canc\u00fan como principal acceso de viajeros internacionales\"}]},{\"@type\":\"WebSite\",\"@id\":\"https:\/\/aeronoticias.com.pe\/noticiero\/#website\",\"url\":\"https:\/\/aeronoticias.com.pe\/noticiero\/\",\"name\":\"Aeronoticias.com.pe\",\"description\":\"Noticias de tranporte aereo, turismo, hoteles, gastronomia, actualidad, internacional\",\"potentialAction\":[{\"@type\":\"SearchAction\",\"target\":{\"@type\":\"EntryPoint\",\"urlTemplate\":\"https:\/\/aeronoticias.com.pe\/noticiero\/?s={search_term_string}\"},\"query-input\":{\"@type\":\"PropertyValueSpecification\",\"valueRequired\":true,\"valueName\":\"search_term_string\"}}],\"inLanguage\":\"es\"},{\"@type\":\"Person\",\"@id\":\"https:\/\/aeronoticias.com.pe\/noticiero\/#\/schema\/person\/16212a617c73f78916b13194154243bd\",\"name\":\"Redacci\u00f3n\",\"sameAs\":[\"http:\/\/Redacci\u00f3n\"],\"url\":\"https:\/\/aeronoticias.com.pe\/noticiero\/author\/celeste\/\"}]}<\/script>\n<!-- \/ Yoast SEO plugin. -->","yoast_head_json":{"title":"Se posiciona Canc\u00fan como principal acceso de viajeros internacionales","description":"CRECE UN 15.7% EL TR\u00c1FICO DE PASAJEROS DESDE Y HACIA M\u00c9XICO","robots":{"index":"index","follow":"follow","max-snippet":"max-snippet:-1","max-image-preview":"max-image-preview:large","max-video-preview":"max-video-preview:-1"},"canonical":"https:\/\/aeronoticias.com.pe\/noticiero\/internacionales\/se-posiciona-cancun-como-principal-acceso-de-viajeros-internacionales\/","og_locale":"es_ES","og_type":"article","og_title":"Se posiciona Canc\u00fan como principal acceso de viajeros internacionales","og_description":"CRECE UN 15.7% EL TR\u00c1FICO DE PASAJEROS DESDE Y HACIA M\u00c9XICO","og_url":"https:\/\/aeronoticias.com.pe\/noticiero\/internacionales\/se-posiciona-cancun-como-principal-acceso-de-viajeros-internacionales\/","og_site_name":"Aeronoticias.com.pe","article_publisher":"https:\/\/www.facebook.com\/Aeronoticias.com.pe\/","article_published_time":"2023-08-01T16:36:47+00:00","article_modified_time":"2023-08-01T16:36:55+00:00","og_image":[{"width":1920,"height":768,"url":"https:\/\/aeronoticias.com.pe\/noticiero\/wp-content\/uploads\/2023\/08\/IMAG.jpg","type":"image\/jpeg"}],"author":"Redacci\u00f3n","twitter_card":"summary_large_image","twitter_creator":"@aeronoticias","twitter_site":"@aeronoticias","twitter_misc":{"Escrito por":"Redacci\u00f3n","Tiempo de lectura":"3 minutos"},"schema":{"@context":"https:\/\/schema.org","@graph":[{"@type":"WebPage","@id":"https:\/\/aeronoticias.com.pe\/noticiero\/internacionales\/se-posiciona-cancun-como-principal-acceso-de-viajeros-internacionales\/","url":"https:\/\/aeronoticias.com.pe\/noticiero\/internacionales\/se-posiciona-cancun-como-principal-acceso-de-viajeros-internacionales\/","name":"Se posiciona Canc\u00fan como principal acceso de viajeros internacionales","isPartOf":{"@id":"https:\/\/aeronoticias.com.pe\/noticiero\/#website"},"primaryImageOfPage":{"@id":"https:\/\/aeronoticias.com.pe\/noticiero\/internacionales\/se-posiciona-cancun-como-principal-acceso-de-viajeros-internacionales\/#primaryimage"},"image":{"@id":"https:\/\/aeronoticias.com.pe\/noticiero\/internacionales\/se-posiciona-cancun-como-principal-acceso-de-viajeros-internacionales\/#primaryimage"},"thumbnailUrl":"https:\/\/aeronoticias.com.pe\/noticiero\/wp-content\/uploads\/2023\/08\/IMAG.jpg","datePublished":"2023-08-01T16:36:47+00:00","dateModified":"2023-08-01T16:36:55+00:00","author":{"@id":"https:\/\/aeronoticias.com.pe\/noticiero\/#\/schema\/person\/16212a617c73f78916b13194154243bd"},"description":"CRECE UN 15.7% EL TR\u00c1FICO DE PASAJEROS DESDE Y HACIA M\u00c9XICO","breadcrumb":{"@id":"https:\/\/aeronoticias.com.pe\/noticiero\/internacionales\/se-posiciona-cancun-como-principal-acceso-de-viajeros-internacionales\/#breadcrumb"},"inLanguage":"es","potentialAction":[{"@type":"ReadAction","target":["https:\/\/aeronoticias.com.pe\/noticiero\/internacionales\/se-posiciona-cancun-como-principal-acceso-de-viajeros-internacionales\/"]}]},{"@type":"ImageObject","inLanguage":"es","@id":"https:\/\/aeronoticias.com.pe\/noticiero\/internacionales\/se-posiciona-cancun-como-principal-acceso-de-viajeros-internacionales\/#primaryimage","url":"https:\/\/aeronoticias.com.pe\/noticiero\/wp-content\/uploads\/2023\/08\/IMAG.jpg","contentUrl":"https:\/\/aeronoticias.com.pe\/noticiero\/wp-content\/uploads\/2023\/08\/IMAG.jpg","width":1920,"height":768},{"@type":"BreadcrumbList","@id":"https:\/\/aeronoticias.com.pe\/noticiero\/internacionales\/se-posiciona-cancun-como-principal-acceso-de-viajeros-internacionales\/#breadcrumb","itemListElement":[{"@type":"ListItem","position":1,"name":"Portada","item":"https:\/\/aeronoticias.com.pe\/noticiero\/"},{"@type":"ListItem","position":2,"name":"Se posiciona Canc\u00fan como principal acceso de viajeros internacionales"}]},{"@type":"WebSite","@id":"https:\/\/aeronoticias.com.pe\/noticiero\/#website","url":"https:\/\/aeronoticias.com.pe\/noticiero\/","name":"Aeronoticias.com.pe","description":"Noticias de tranporte aereo, turismo, hoteles, gastronomia, actualidad, internacional","potentialAction":[{"@type":"SearchAction","target":{"@type":"EntryPoint","urlTemplate":"https:\/\/aeronoticias.com.pe\/noticiero\/?s={search_term_string}"},"query-input":{"@type":"PropertyValueSpecification","valueRequired":true,"valueName":"search_term_string"}}],"inLanguage":"es"},{"@type":"Person","@id":"https:\/\/aeronoticias.com.pe\/noticiero\/#\/schema\/person\/16212a617c73f78916b13194154243bd","name":"Redacci\u00f3n","sameAs":["http:\/\/Redacci\u00f3n"],"url":"https:\/\/aeronoticias.com.pe\/noticiero\/author\/celeste\/"}]}},"_links":{"self":[{"href":"https:\/\/aeronoticias.com.pe\/noticiero\/wp-json\/wp\/v2\/posts\/84903","targetHints":{"allow":["GET"]}}],"collection":[{"href":"https:\/\/aeronoticias.com.pe\/noticiero\/wp-json\/wp\/v2\/posts"}],"about":[{"href":"https:\/\/aeronoticias.com.pe\/noticiero\/wp-json\/wp\/v2\/types\/post"}],"author":[{"embeddable":true,"href":"https:\/\/aeronoticias.com.pe\/noticiero\/wp-json\/wp\/v2\/users\/3"}],"replies":[{"embeddable":true,"href":"https:\/\/aeronoticias.com.pe\/noticiero\/wp-json\/wp\/v2\/comments?post=84903"}],"version-history":[{"count":0,"href":"https:\/\/aeronoticias.com.pe\/noticiero\/wp-json\/wp\/v2\/posts\/84903\/revisions"}],"wp:featuredmedia":[{"embeddable":true,"href":"https:\/\/aeronoticias.com.pe\/noticiero\/wp-json\/wp\/v2\/media\/84904"}],"wp:attachment":[{"href":"https:\/\/aeronoticias.com.pe\/noticiero\/wp-json\/wp\/v2\/media?parent=84903"}],"wp:term":[{"taxonomy":"category","embeddable":true,"href":"https:\/\/aeronoticias.com.pe\/noticiero\/wp-json\/wp\/v2\/categories?post=84903"},{"taxonomy":"post_tag","embeddable":true,"href":"https:\/\/aeronoticias.com.pe\/noticiero\/wp-json\/wp\/v2\/tags?post=84903"}],"curies":[{"name":"wp","href":"https:\/\/api.w.org\/{rel}","templated":true}]}}