{"id":84910,"date":"2023-08-02T10:27:32","date_gmt":"2023-08-02T15:27:32","guid":{"rendered":"https:\/\/aeronoticias.com.pe\/noticiero\/?p=84910"},"modified":"2023-08-02T10:27:39","modified_gmt":"2023-08-02T15:27:39","slug":"asi-sera-el-nuevo-jorge-chavez-ciudad-aeropuerto-conectara-a-peru-con-el-mundo","status":"publish","type":"post","link":"https:\/\/aeronoticias.com.pe\/noticiero\/mundo\/mundo-mundo-2\/asi-sera-el-nuevo-jorge-chavez-ciudad-aeropuerto-conectara-a-peru-con-el-mundo\/","title":{"rendered":"As\u00ed ser\u00e1 el nuevo Jorge Ch\u00e1vez: ciudad aeropuerto conectar\u00e1 a Per\u00fa con el mundo"},"content":{"rendered":"\n<p><strong>(Aeronoticias)<\/strong>: El Aeropuerto Internacional Jorge Ch\u00e1vez inicia el conteo regresivo y est\u00e1 pr\u00f3ximo a convertirse en una ciudad aeropuerto. El nuevo terminal a\u00e9reo, a inaugurarse en enero del 2025, ser\u00e1 una ciudad moderna, con pistas de aterrizaje y despegue a su alrededor.<\/p>\n\n\n\n<figure class=\"wp-block-embed-youtube wp-block-embed is-type-video is-provider-youtube wp-embed-aspect-16-9 wp-has-aspect-ratio\"><div class=\"wp-block-embed__wrapper\">\n<iframe loading=\"lazy\" title=\"Aeropuerto Jorge Ch\u00e1vez: as\u00ed construyen este megaproyecto\" width=\"696\" height=\"392\" src=\"https:\/\/www.youtube.com\/embed\/XJ4ZKiu840M?feature=oembed&#038;enablejsapi=1\" frameborder=\"0\" allow=\"accelerometer; autoplay; clipboard-write; encrypted-media; gyroscope; picture-in-picture; web-share\" allowfullscreen><\/iframe>\n<\/div><\/figure>\n\n\n\n<p>El nuevo aeropuerto comprender\u00e1 numerosas instalaciones destinadas a actividades<strong>\u00a0aeron\u00e1uticas y no aeron\u00e1uticas, como \u00e1reas log\u00edsticas y de carga, hangares, oficinas, almacenes, estacionamientos, hoteles, tiendas,<\/strong>\u00a0entre otros. Si bien su operaci\u00f3n iniciar\u00e1 en el 2025, se tiene previsto que toda la ciudad aeropuerto seguir\u00e1 moderniz\u00e1ndose hasta el 2051.<\/p>\n\n\n\n<div class=\"wp-block-image\"><figure class=\"aligncenter is-resized\"><img loading=\"lazy\" decoding=\"async\" src=\"https:\/\/portal.andina.pe\/EDPFotografia3\/thumbnail\/2023\/05\/24\/000960831M.jpg\" alt=\"\" width=\"629\" height=\"419\"\/><\/figure><\/div>\n\n\n\n<p>El nuevo aeropuerto operar\u00e1 un \u00e1rea total aproximada de 900 hect\u00e1reas de terreno (equivalente al distrito de Miraflores) con dos pistas de aterrizaje y despegue, una nueva torre de control y un terminal \u00fanico de pasajeros acompa\u00f1ado por diversas zonas de servicios y comerciales.<\/p>\n\n\n\n<p><em>\u201cNuestra inversi\u00f3n en las obras del proyecto de ampliaci\u00f3n asciende a m\u00e1s de 2,000 millones de d\u00f3lares. Anhelamos un futuro Jorge Ch\u00e1vez convertido en una plataforma de intercambio comercial que estar\u00e1 perfectamente integrada con la ciudad\u201d<\/em>, manifiesta a la\u00a0<strong>Agencia\u00a0<em>Andina<\/em><\/strong>la representante de Lima Airport Partners (LAP), Lorena Trelles.<\/p>\n\n\n\n<p>Trelles nos recuerda que en abril \u00faltimo entraron en operaci\u00f3n la nueva torre de control y la segunda pista de aterrizaje.<\/p>\n\n\n\n<p>La nueva torre de control tiene 65 metros de altura y la segunda pista de aterrizaje y despegue, 3,480 metros de longitud; se dispone tambi\u00e9n de una red de m\u00e1s de 10 kil\u00f3metros de nuevas calles de rodaje, luces de aproximaci\u00f3n, sistemas de balizamiento.<\/p>\n\n\n\n<p>La segunda pista de aterrizaje cuenta, asimismo, con moderno asfalto y tendr\u00e1 un uso progresivo, seg\u00fan lo establecido por las autoridades correspondientes.<\/p>\n\n\n\n<p>\u201cEl nuevo Aeropuerto Internacional Jorge Ch\u00e1vez se prepara para ser un espacio seguro, amigable y sostenible con todos sus pasajeros. Esta nueva infraestructura, de 900 hect\u00e1reas, tendr\u00e1 un nuevo sistema de localizaci\u00f3n, que incluye an\u00e1lisis de contenido de video y sensores de detecci\u00f3n en torno al per\u00edmetro de todo el aeropuerto\u201d, destaca la vocera.<\/p>\n\n\n\n<p>Revela que el ingreso de veh\u00edculos externos en el estacionamiento\u00a0<strong>ser\u00e1 controlado y se monitorizar\u00e1 el movimiento y el tiempo de permanencia.<\/strong>\u00a0El sistema mediante la lectura de la matr\u00edcula generar\u00e1 alerta si detecta alg\u00fan problema, en coordinaci\u00f3n con la Polic\u00eda Nacional del Per\u00fa.<\/p>\n\n\n\n<div class=\"wp-block-image\"><figure class=\"aligncenter is-resized\"><img loading=\"lazy\" decoding=\"async\" src=\"https:\/\/portal.andina.pe\/EDPFotografia3\/thumbnail\/2023\/05\/25\/000960938M.jpg\" alt=\"\" width=\"636\" height=\"424\"\/><\/figure><\/div>\n\n\n\n<p>Indica que toda la infraestructura aeroportuaria ser\u00e1 \u201cinteligente\u201d, ya que tendr\u00e1 un sistema de control centralizado de los diferentes edificios del aeropuerto para convertirlos en verdaderos \u201cedificios inteligentes\u201d.\u00a0<br><\/p>\n\n\n\n<p>\u201cEsta plataforma permitir\u00e1 al aeropuerto controlar y administrar, mediante un sistema \u00fanico, variables tan diversas como: iluminaci\u00f3n, alarmas, clima, energ\u00eda, seguridad, entre otros. Adem\u00e1s, el sistema entrega la informaci\u00f3n energ\u00e9tica que requiere la organizaci\u00f3n para identificar los posibles focos de mejora y as\u00ed recuperar costos de energ\u00eda, mediante el uso eficiente de los recursos\u201d, anota.<\/p>\n\n\n\n<p><br>En el nuevo terminal de pasajeros habr\u00e1 c\u00e1maras de seguridad conectadas a un sistema de videovigilancia, donde se gestionar\u00e1 el recorrido de los usuarios y tendr\u00e1 alarmas para reportar incidencias. Tambi\u00e9n permitir\u00e1n la grabaci\u00f3n en l\u00ednea.<\/p>\n\n\n\n<p><br>Adem\u00e1s, el aeropuerto\u00a0<strong>contar\u00e1 con un gran Centro de Control de Operaciones<\/strong>\u00a0(CCO), desde el cual se gestionar\u00e1n y monitorizar\u00e1n en tiempo real los recursos y operaciones necesarios para el correcto funcionamiento del aeropuerto.<\/p>\n\n\n\n<p>Las pantallas para la informaci\u00f3n de vuelos ser\u00e1n m\u00e1s grandes y ofrecer\u00e1n informaci\u00f3n adicional sobre los vuelos, como la ruta, tiempo estimado en el destino final, hora de salida.<\/p>\n\n\n\n<p>\u201cEl aeropuerto ser\u00e1 dotado de un Sistema de Alerta Temprana de Sismos y Tsunamis, mediante la instalaci\u00f3n de sensores (aceler\u00f3metros) en el terminal y la permanente comunicaci\u00f3n con el Instituto Nacional de Defensa Civil (Indeci)\u201d, acota.<\/p>\n\n\n\n<h2 class=\"wp-block-heading\"><strong>Nuevo terminal \u00fanico de pasajeros<\/strong><\/h2>\n\n\n\n<p>Trelles precisa que el terminal \u00fanico de pasajeros hoy presenta 36 % de avance en su construcci\u00f3n y un 71 % en infraestructura. El nuevo terminal \u00fanico de pasajeros contar\u00e1 con cinco pisos (un s\u00f3tano y cuatro pisos) y tres espigones para el embarque y desembarque de pasajeros: uno exclusivo nacional, otro internacional y el central que ser\u00e1 mixto.\u00a0<\/p>\n\n\n\n<p><br>\u201cSu dise\u00f1o es moderno,\u00a0<strong>inspirado en la cultura Nasca (tiene la forma del colibr\u00ed),<\/strong>\u00a0y atender\u00e1 a pasajeros en vuelos nacionales e internacionales. Ser\u00e1 el primer terminal a\u00e9reo de Sudam\u00e9rica que cuente con dispositivos de aislamiento s\u00edsmico, tecnolog\u00eda que a\u00edsla el movimiento s\u00edsmico de la estructura\u201d, destaca.<\/p>\n\n\n\n<p><br>Cabe indicar que, seg\u00fan los cronogramas, a finales del a\u00f1o el terminal a\u00e9reo presentar\u00e1 un avance del 68 %.<br>\u201cA la fecha, la construcci\u00f3n de toda la obra genera m\u00e1s de 15,000 puestos de trabajo, contratando al 20 % de mano de obra no calificada a los vecinos del AID (\u00e1rea de influencia directa) y priorizamos la contrataci\u00f3n de mano de obra calificada de la regi\u00f3n Callao\u201d, remarca.\u00a0<\/p>\n\n\n\n<div class=\"wp-block-image\"><figure class=\"aligncenter is-resized\"><img loading=\"lazy\" decoding=\"async\" src=\"https:\/\/portal.andina.pe\/EDPFotografia3\/thumbnail\/2023\/05\/24\/000960818M.jpg\" alt=\"\" width=\"621\" height=\"414\"\/><\/figure><\/div>\n\n\n\n<p>El nuevo terminal \u00fanico de pasajeros entrar\u00e1 en operaci\u00f3n en enero del 2025, cumpliendo los niveles de servicio \u00d3ptimo del Manual IATA (International Air Transport Association)\u00a0<strong>con una capacidad aproximada de 30 millones de pasajeros anuales y una superficie construida de 210,000 metros cuadrados.<\/strong><\/p>\n\n\n\n<p>\u00a0La capacidad del actual Jorge Ch\u00e1vez es de 15 millones de pasajeros anuales, pero el 2022 recibi\u00f3 18 millones.<br>\u201cQuince meses despu\u00e9s de su inauguraci\u00f3n, LAP pondr\u00e1 en servicio \u00e1reas adicionales, alcanzando una capacidad aproximada de 40 millones de pasajeros anuales\u201d, afirma.<\/p>\n\n\n\n<p><strong>Fuente: Andina Agencia Peruana de Noticias<\/strong><\/p>\n","protected":false},"excerpt":{"rendered":"<p>(Aeronoticias): El Aeropuerto Internacional Jorge Ch\u00e1vez inicia el conteo regresivo y est\u00e1 pr\u00f3ximo a convertirse en una ciudad aeropuerto. El nuevo terminal a\u00e9reo, a inaugurarse en enero del 2025, ser\u00e1 una ciudad moderna, con pistas de aterrizaje y despegue a su alrededor. El nuevo aeropuerto comprender\u00e1 numerosas instalaciones destinadas a actividades\u00a0aeron\u00e1uticas y no aeron\u00e1uticas, como [&hellip;]<\/p>\n","protected":false},"author":3,"featured_media":84911,"comment_status":"open","ping_status":"open","sticky":false,"template":"","format":"standard","meta":{"tdm_status":"","tdm_grid_status":"","footnotes":""},"categories":[65,64],"tags":[399,2376,169],"class_list":{"0":"post-84910","1":"post","2":"type-post","3":"status-publish","4":"format-standard","5":"has-post-thumbnail","7":"category-mundo-mundo-2","8":"category-mundo-mundo","9":"tag-aeropuerto-internacional-jorge-chavez","10":"tag-indeci","11":"tag-lap"},"yoast_head":"<!-- This site is optimized with the Yoast SEO plugin v25.1 - https:\/\/yoast.com\/wordpress\/plugins\/seo\/ -->\n<title>As\u00ed ser\u00e1 el nuevo Jorge Ch\u00e1vez: ciudad aeropuerto conectar\u00e1 a Per\u00fa con el mundo<\/title>\n<meta name=\"description\" content=\"Se inaugurar\u00e1 en enero del 2025 y su infraestructura aeroportuaria ser\u00e1 \u201cinteligente\u201d.\" \/>\n<meta name=\"robots\" content=\"index, follow, max-snippet:-1, max-image-preview:large, max-video-preview:-1\" \/>\n<link rel=\"canonical\" href=\"https:\/\/aeronoticias.com.pe\/noticiero\/mundo\/mundo-mundo-2\/asi-sera-el-nuevo-jorge-chavez-ciudad-aeropuerto-conectara-a-peru-con-el-mundo\/\" \/>\n<meta property=\"og:locale\" content=\"es_ES\" \/>\n<meta property=\"og:type\" content=\"article\" \/>\n<meta property=\"og:title\" content=\"As\u00ed ser\u00e1 el nuevo Jorge Ch\u00e1vez: ciudad aeropuerto conectar\u00e1 a Per\u00fa con el mundo\" \/>\n<meta property=\"og:description\" content=\"Se inaugurar\u00e1 en enero del 2025 y su infraestructura aeroportuaria ser\u00e1 \u201cinteligente\u201d.\" \/>\n<meta property=\"og:url\" content=\"https:\/\/aeronoticias.com.pe\/noticiero\/mundo\/mundo-mundo-2\/asi-sera-el-nuevo-jorge-chavez-ciudad-aeropuerto-conectara-a-peru-con-el-mundo\/\" \/>\n<meta property=\"og:site_name\" content=\"Aeronoticias.com.pe\" \/>\n<meta property=\"article:publisher\" content=\"https:\/\/www.facebook.com\/Aeronoticias.com.pe\/\" \/>\n<meta property=\"article:published_time\" content=\"2023-08-02T15:27:32+00:00\" \/>\n<meta property=\"article:modified_time\" content=\"2023-08-02T15:27:39+00:00\" \/>\n<meta property=\"og:image\" content=\"https:\/\/aeronoticias.com.pe\/noticiero\/wp-content\/uploads\/2023\/08\/aero.jpg\" \/>\n\t<meta property=\"og:image:width\" content=\"1800\" \/>\n\t<meta property=\"og:image:height\" content=\"1200\" \/>\n\t<meta property=\"og:image:type\" content=\"image\/jpeg\" \/>\n<meta name=\"author\" content=\"Redacci\u00f3n\" \/>\n<meta name=\"twitter:card\" content=\"summary_large_image\" \/>\n<meta name=\"twitter:creator\" content=\"@aeronoticias\" \/>\n<meta name=\"twitter:site\" content=\"@aeronoticias\" \/>\n<meta name=\"twitter:label1\" content=\"Escrito por\" \/>\n\t<meta name=\"twitter:data1\" content=\"Redacci\u00f3n\" \/>\n\t<meta name=\"twitter:label2\" content=\"Tiempo de lectura\" \/>\n\t<meta name=\"twitter:data2\" content=\"5 minutos\" \/>\n<script type=\"application\/ld+json\" class=\"yoast-schema-graph\">{\"@context\":\"https:\/\/schema.org\",\"@graph\":[{\"@type\":\"WebPage\",\"@id\":\"https:\/\/aeronoticias.com.pe\/noticiero\/mundo\/mundo-mundo-2\/asi-sera-el-nuevo-jorge-chavez-ciudad-aeropuerto-conectara-a-peru-con-el-mundo\/\",\"url\":\"https:\/\/aeronoticias.com.pe\/noticiero\/mundo\/mundo-mundo-2\/asi-sera-el-nuevo-jorge-chavez-ciudad-aeropuerto-conectara-a-peru-con-el-mundo\/\",\"name\":\"As\u00ed ser\u00e1 el nuevo Jorge Ch\u00e1vez: ciudad aeropuerto conectar\u00e1 a Per\u00fa con el mundo\",\"isPartOf\":{\"@id\":\"https:\/\/aeronoticias.com.pe\/noticiero\/#website\"},\"primaryImageOfPage\":{\"@id\":\"https:\/\/aeronoticias.com.pe\/noticiero\/mundo\/mundo-mundo-2\/asi-sera-el-nuevo-jorge-chavez-ciudad-aeropuerto-conectara-a-peru-con-el-mundo\/#primaryimage\"},\"image\":{\"@id\":\"https:\/\/aeronoticias.com.pe\/noticiero\/mundo\/mundo-mundo-2\/asi-sera-el-nuevo-jorge-chavez-ciudad-aeropuerto-conectara-a-peru-con-el-mundo\/#primaryimage\"},\"thumbnailUrl\":\"https:\/\/aeronoticias.com.pe\/noticiero\/wp-content\/uploads\/2023\/08\/aero.jpg\",\"datePublished\":\"2023-08-02T15:27:32+00:00\",\"dateModified\":\"2023-08-02T15:27:39+00:00\",\"author\":{\"@id\":\"https:\/\/aeronoticias.com.pe\/noticiero\/#\/schema\/person\/16212a617c73f78916b13194154243bd\"},\"description\":\"Se inaugurar\u00e1 en enero del 2025 y su infraestructura aeroportuaria ser\u00e1 \u201cinteligente\u201d.\",\"breadcrumb\":{\"@id\":\"https:\/\/aeronoticias.com.pe\/noticiero\/mundo\/mundo-mundo-2\/asi-sera-el-nuevo-jorge-chavez-ciudad-aeropuerto-conectara-a-peru-con-el-mundo\/#breadcrumb\"},\"inLanguage\":\"es\",\"potentialAction\":[{\"@type\":\"ReadAction\",\"target\":[\"https:\/\/aeronoticias.com.pe\/noticiero\/mundo\/mundo-mundo-2\/asi-sera-el-nuevo-jorge-chavez-ciudad-aeropuerto-conectara-a-peru-con-el-mundo\/\"]}]},{\"@type\":\"ImageObject\",\"inLanguage\":\"es\",\"@id\":\"https:\/\/aeronoticias.com.pe\/noticiero\/mundo\/mundo-mundo-2\/asi-sera-el-nuevo-jorge-chavez-ciudad-aeropuerto-conectara-a-peru-con-el-mundo\/#primaryimage\",\"url\":\"https:\/\/aeronoticias.com.pe\/noticiero\/wp-content\/uploads\/2023\/08\/aero.jpg\",\"contentUrl\":\"https:\/\/aeronoticias.com.pe\/noticiero\/wp-content\/uploads\/2023\/08\/aero.jpg\",\"width\":1800,\"height\":1200},{\"@type\":\"BreadcrumbList\",\"@id\":\"https:\/\/aeronoticias.com.pe\/noticiero\/mundo\/mundo-mundo-2\/asi-sera-el-nuevo-jorge-chavez-ciudad-aeropuerto-conectara-a-peru-con-el-mundo\/#breadcrumb\",\"itemListElement\":[{\"@type\":\"ListItem\",\"position\":1,\"name\":\"Portada\",\"item\":\"https:\/\/aeronoticias.com.pe\/noticiero\/\"},{\"@type\":\"ListItem\",\"position\":2,\"name\":\"As\u00ed ser\u00e1 el nuevo Jorge Ch\u00e1vez: ciudad aeropuerto conectar\u00e1 a Per\u00fa con el mundo\"}]},{\"@type\":\"WebSite\",\"@id\":\"https:\/\/aeronoticias.com.pe\/noticiero\/#website\",\"url\":\"https:\/\/aeronoticias.com.pe\/noticiero\/\",\"name\":\"Aeronoticias.com.pe\",\"description\":\"Noticias de tranporte aereo, turismo, hoteles, gastronomia, actualidad, internacional\",\"potentialAction\":[{\"@type\":\"SearchAction\",\"target\":{\"@type\":\"EntryPoint\",\"urlTemplate\":\"https:\/\/aeronoticias.com.pe\/noticiero\/?s={search_term_string}\"},\"query-input\":{\"@type\":\"PropertyValueSpecification\",\"valueRequired\":true,\"valueName\":\"search_term_string\"}}],\"inLanguage\":\"es\"},{\"@type\":\"Person\",\"@id\":\"https:\/\/aeronoticias.com.pe\/noticiero\/#\/schema\/person\/16212a617c73f78916b13194154243bd\",\"name\":\"Redacci\u00f3n\",\"sameAs\":[\"http:\/\/Redacci\u00f3n\"],\"url\":\"https:\/\/aeronoticias.com.pe\/noticiero\/author\/celeste\/\"}]}<\/script>\n<!-- \/ Yoast SEO plugin. -->","yoast_head_json":{"title":"As\u00ed ser\u00e1 el nuevo Jorge Ch\u00e1vez: ciudad aeropuerto conectar\u00e1 a Per\u00fa con el mundo","description":"Se inaugurar\u00e1 en enero del 2025 y su infraestructura aeroportuaria ser\u00e1 \u201cinteligente\u201d.","robots":{"index":"index","follow":"follow","max-snippet":"max-snippet:-1","max-image-preview":"max-image-preview:large","max-video-preview":"max-video-preview:-1"},"canonical":"https:\/\/aeronoticias.com.pe\/noticiero\/mundo\/mundo-mundo-2\/asi-sera-el-nuevo-jorge-chavez-ciudad-aeropuerto-conectara-a-peru-con-el-mundo\/","og_locale":"es_ES","og_type":"article","og_title":"As\u00ed ser\u00e1 el nuevo Jorge Ch\u00e1vez: ciudad aeropuerto conectar\u00e1 a Per\u00fa con el mundo","og_description":"Se inaugurar\u00e1 en enero del 2025 y su infraestructura aeroportuaria ser\u00e1 \u201cinteligente\u201d.","og_url":"https:\/\/aeronoticias.com.pe\/noticiero\/mundo\/mundo-mundo-2\/asi-sera-el-nuevo-jorge-chavez-ciudad-aeropuerto-conectara-a-peru-con-el-mundo\/","og_site_name":"Aeronoticias.com.pe","article_publisher":"https:\/\/www.facebook.com\/Aeronoticias.com.pe\/","article_published_time":"2023-08-02T15:27:32+00:00","article_modified_time":"2023-08-02T15:27:39+00:00","og_image":[{"width":1800,"height":1200,"url":"https:\/\/aeronoticias.com.pe\/noticiero\/wp-content\/uploads\/2023\/08\/aero.jpg","type":"image\/jpeg"}],"author":"Redacci\u00f3n","twitter_card":"summary_large_image","twitter_creator":"@aeronoticias","twitter_site":"@aeronoticias","twitter_misc":{"Escrito por":"Redacci\u00f3n","Tiempo de lectura":"5 minutos"},"schema":{"@context":"https:\/\/schema.org","@graph":[{"@type":"WebPage","@id":"https:\/\/aeronoticias.com.pe\/noticiero\/mundo\/mundo-mundo-2\/asi-sera-el-nuevo-jorge-chavez-ciudad-aeropuerto-conectara-a-peru-con-el-mundo\/","url":"https:\/\/aeronoticias.com.pe\/noticiero\/mundo\/mundo-mundo-2\/asi-sera-el-nuevo-jorge-chavez-ciudad-aeropuerto-conectara-a-peru-con-el-mundo\/","name":"As\u00ed ser\u00e1 el nuevo Jorge Ch\u00e1vez: ciudad aeropuerto conectar\u00e1 a Per\u00fa con el mundo","isPartOf":{"@id":"https:\/\/aeronoticias.com.pe\/noticiero\/#website"},"primaryImageOfPage":{"@id":"https:\/\/aeronoticias.com.pe\/noticiero\/mundo\/mundo-mundo-2\/asi-sera-el-nuevo-jorge-chavez-ciudad-aeropuerto-conectara-a-peru-con-el-mundo\/#primaryimage"},"image":{"@id":"https:\/\/aeronoticias.com.pe\/noticiero\/mundo\/mundo-mundo-2\/asi-sera-el-nuevo-jorge-chavez-ciudad-aeropuerto-conectara-a-peru-con-el-mundo\/#primaryimage"},"thumbnailUrl":"https:\/\/aeronoticias.com.pe\/noticiero\/wp-content\/uploads\/2023\/08\/aero.jpg","datePublished":"2023-08-02T15:27:32+00:00","dateModified":"2023-08-02T15:27:39+00:00","author":{"@id":"https:\/\/aeronoticias.com.pe\/noticiero\/#\/schema\/person\/16212a617c73f78916b13194154243bd"},"description":"Se inaugurar\u00e1 en enero del 2025 y su infraestructura aeroportuaria ser\u00e1 \u201cinteligente\u201d.","breadcrumb":{"@id":"https:\/\/aeronoticias.com.pe\/noticiero\/mundo\/mundo-mundo-2\/asi-sera-el-nuevo-jorge-chavez-ciudad-aeropuerto-conectara-a-peru-con-el-mundo\/#breadcrumb"},"inLanguage":"es","potentialAction":[{"@type":"ReadAction","target":["https:\/\/aeronoticias.com.pe\/noticiero\/mundo\/mundo-mundo-2\/asi-sera-el-nuevo-jorge-chavez-ciudad-aeropuerto-conectara-a-peru-con-el-mundo\/"]}]},{"@type":"ImageObject","inLanguage":"es","@id":"https:\/\/aeronoticias.com.pe\/noticiero\/mundo\/mundo-mundo-2\/asi-sera-el-nuevo-jorge-chavez-ciudad-aeropuerto-conectara-a-peru-con-el-mundo\/#primaryimage","url":"https:\/\/aeronoticias.com.pe\/noticiero\/wp-content\/uploads\/2023\/08\/aero.jpg","contentUrl":"https:\/\/aeronoticias.com.pe\/noticiero\/wp-content\/uploads\/2023\/08\/aero.jpg","width":1800,"height":1200},{"@type":"BreadcrumbList","@id":"https:\/\/aeronoticias.com.pe\/noticiero\/mundo\/mundo-mundo-2\/asi-sera-el-nuevo-jorge-chavez-ciudad-aeropuerto-conectara-a-peru-con-el-mundo\/#breadcrumb","itemListElement":[{"@type":"ListItem","position":1,"name":"Portada","item":"https:\/\/aeronoticias.com.pe\/noticiero\/"},{"@type":"ListItem","position":2,"name":"As\u00ed ser\u00e1 el nuevo Jorge Ch\u00e1vez: ciudad aeropuerto conectar\u00e1 a Per\u00fa con el mundo"}]},{"@type":"WebSite","@id":"https:\/\/aeronoticias.com.pe\/noticiero\/#website","url":"https:\/\/aeronoticias.com.pe\/noticiero\/","name":"Aeronoticias.com.pe","description":"Noticias de tranporte aereo, turismo, hoteles, gastronomia, actualidad, internacional","potentialAction":[{"@type":"SearchAction","target":{"@type":"EntryPoint","urlTemplate":"https:\/\/aeronoticias.com.pe\/noticiero\/?s={search_term_string}"},"query-input":{"@type":"PropertyValueSpecification","valueRequired":true,"valueName":"search_term_string"}}],"inLanguage":"es"},{"@type":"Person","@id":"https:\/\/aeronoticias.com.pe\/noticiero\/#\/schema\/person\/16212a617c73f78916b13194154243bd","name":"Redacci\u00f3n","sameAs":["http:\/\/Redacci\u00f3n"],"url":"https:\/\/aeronoticias.com.pe\/noticiero\/author\/celeste\/"}]}},"_links":{"self":[{"href":"https:\/\/aeronoticias.com.pe\/noticiero\/wp-json\/wp\/v2\/posts\/84910","targetHints":{"allow":["GET"]}}],"collection":[{"href":"https:\/\/aeronoticias.com.pe\/noticiero\/wp-json\/wp\/v2\/posts"}],"about":[{"href":"https:\/\/aeronoticias.com.pe\/noticiero\/wp-json\/wp\/v2\/types\/post"}],"author":[{"embeddable":true,"href":"https:\/\/aeronoticias.com.pe\/noticiero\/wp-json\/wp\/v2\/users\/3"}],"replies":[{"embeddable":true,"href":"https:\/\/aeronoticias.com.pe\/noticiero\/wp-json\/wp\/v2\/comments?post=84910"}],"version-history":[{"count":0,"href":"https:\/\/aeronoticias.com.pe\/noticiero\/wp-json\/wp\/v2\/posts\/84910\/revisions"}],"wp:featuredmedia":[{"embeddable":true,"href":"https:\/\/aeronoticias.com.pe\/noticiero\/wp-json\/wp\/v2\/media\/84911"}],"wp:attachment":[{"href":"https:\/\/aeronoticias.com.pe\/noticiero\/wp-json\/wp\/v2\/media?parent=84910"}],"wp:term":[{"taxonomy":"category","embeddable":true,"href":"https:\/\/aeronoticias.com.pe\/noticiero\/wp-json\/wp\/v2\/categories?post=84910"},{"taxonomy":"post_tag","embeddable":true,"href":"https:\/\/aeronoticias.com.pe\/noticiero\/wp-json\/wp\/v2\/tags?post=84910"}],"curies":[{"name":"wp","href":"https:\/\/api.w.org\/{rel}","templated":true}]}}